{"id":17629,"date":"2025-04-01T21:30:00","date_gmt":"2025-04-02T00:30:00","guid":{"rendered":"https:\/\/www.correiobraziliense.com.br\/cbradar\/?p=17629"},"modified":"2025-03-31T20:11:32","modified_gmt":"2025-03-31T23:11:32","slug":"conheca-a-cidade-onde-as-ruas-foram-projetadas-por-criancas","status":"publish","type":"post","link":"https:\/\/www.correiobraziliense.com.br\/cbradar\/conheca-a-cidade-onde-as-ruas-foram-projetadas-por-criancas\/","title":{"rendered":"Conhe\u00e7a a cidade onde as ruas foram projetadas por crian\u00e7as"},"content":{"rendered":"\n<p>Na inovadora <strong>Fukuoka<\/strong>, no sul do <strong>Jap\u00e3o<\/strong>, o futuro da cidade come\u00e7ou a ser desenhado por <strong>m\u00e3os pequenas, mas cheias de grandes ideias<\/strong>. Em uma iniciativa pioneira de <strong>urbanismo participativo escolar<\/strong>, crian\u00e7as foram convidadas a <strong>projetar ruas, pra\u00e7as e espa\u00e7os p\u00fablicos<\/strong> com base naquilo que elas realmente queriam ver e viver em sua cidade.<\/p>\n\n\n\n<p>O resultado? Um ambiente urbano mais l\u00fadico, acess\u00edvel, seguro e, principalmente, <strong>feito para as pessoas \u2014 de todas as idades<\/strong>.<\/p>\n\n\n\n<h2 class=\"wp-block-heading\"><strong>Como funcionou o projeto de ruas feitas por crian\u00e7as em Fukuoka?<\/strong><\/h2>\n\n\n\n<p>A prefeitura de Fukuoka, em parceria com urbanistas, escolas e organiza\u00e7\u00f5es sociais, desenvolveu um programa que envolveu:<\/p>\n\n\n\n<ul class=\"wp-block-list\">\n<li><strong>Oficinas com alunos do ensino fundamental<\/strong> para debater mobilidade, seguran\u00e7a e lazer<\/li>\n\n\n\n<li>Atividades onde as crian\u00e7as <strong>desenhavam suas ideias de ruas ideais<\/strong><\/li>\n\n\n\n<li><strong>Modelos f\u00edsicos e digitais criados a partir dos desenhos<\/strong><\/li>\n\n\n\n<li>A implanta\u00e7\u00e3o real de algumas propostas em <strong>ruas-piloto ao redor das escolas<\/strong><\/li>\n<\/ul>\n\n\n\n<p>As mudan\u00e7as inclu\u00edram:<\/p>\n\n\n\n<ul class=\"wp-block-list\">\n<li><strong>Ruas com mais cor, espa\u00e7os verdes e sinaliza\u00e7\u00e3o visual l\u00fadica<\/strong><\/li>\n\n\n\n<li><strong>Travessias seguras e ampliadas para pedestres<\/strong><\/li>\n\n\n\n<li><strong>Brinquedos urbanos e locais de descanso integrados \u00e0s cal\u00e7adas<\/strong><\/li>\n\n\n\n<li><strong>Pain\u00e9is com desenhos e sugest\u00f5es feitos pelas pr\u00f3prias crian\u00e7as<\/strong><\/li>\n<\/ul>\n\n\n\n<figure class=\"wp-block-image size-large\"><img decoding=\"async\" width=\"1024\" height=\"576\" src=\"https:\/\/www.correiobraziliense.com.br\/cbradar\/wp-content\/uploads\/2025\/03\/Fukuoka_1743458372046-1024x576.jpg\" alt=\"Conhe\u00e7a a cidade onde as ruas foram projetadas por crian\u00e7as\" class=\"wp-image-17631\" srcset=\"https:\/\/www.correiobraziliense.com.br\/cbradar\/wp-content\/uploads\/2025\/03\/Fukuoka_1743458372046-1024x576.jpg 1024w, https:\/\/www.correiobraziliense.com.br\/cbradar\/wp-content\/uploads\/2025\/03\/Fukuoka_1743458372046-300x169.jpg 300w, https:\/\/www.correiobraziliense.com.br\/cbradar\/wp-content\/uploads\/2025\/03\/Fukuoka_1743458372046-768x432.jpg 768w, https:\/\/www.correiobraziliense.com.br\/cbradar\/wp-content\/uploads\/2025\/03\/Fukuoka_1743458372046-750x422.jpg 750w, https:\/\/www.correiobraziliense.com.br\/cbradar\/wp-content\/uploads\/2025\/03\/Fukuoka_1743458372046-1140x641.jpg 1140w, https:\/\/www.correiobraziliense.com.br\/cbradar\/wp-content\/uploads\/2025\/03\/Fukuoka_1743458372046.jpg 1280w\" sizes=\"(max-width: 1024px) 100vw, 1024px\" \/><figcaption class=\"wp-element-caption\">Fukuoka. Cr\u00e9ditos: depositphotos.com \/ ixuskmitl@hotmail.com<\/figcaption><\/figure>\n\n\n\n<h2 class=\"wp-block-heading\"><strong>Por que Fukuoka decidiu ouvir as crian\u00e7as?<\/strong><\/h2>\n\n\n\n<p>A iniciativa partiu da ideia de que <strong>as cidades devem ser pensadas tamb\u00e9m para os mais jovens<\/strong>, que s\u00e3o cidad\u00e3os com voz e vis\u00e3o \u00fanicas. O projeto buscava:<\/p>\n\n\n\n<ul class=\"wp-block-list\">\n<li><strong>Tornar o ambiente urbano mais acolhedor e inclusivo<\/strong><\/li>\n\n\n\n<li><strong>Reduzir acidentes e melhorar a mobilidade escolar<\/strong><\/li>\n\n\n\n<li><strong>Estimular o senso de pertencimento e cidadania desde cedo<\/strong><\/li>\n\n\n\n<li><strong>Refor\u00e7ar que o espa\u00e7o p\u00fablico \u00e9 constru\u00eddo com participa\u00e7\u00e3o ativa<\/strong><\/li>\n<\/ul>\n\n\n\n<p>Al\u00e9m disso, as crian\u00e7as revelaram solu\u00e7\u00f5es criativas que adultos muitas vezes ignoram \u2014 como mais espa\u00e7o para brincar, lugares para esperar os amigos e caminhos mais interessantes at\u00e9 a escola.<\/p>\n\n\n\n<h2 class=\"wp-block-heading\"><strong>Curiosidades sobre Fukuoka e o urbanismo infantil<\/strong><\/h2>\n\n\n\n<ul class=\"wp-block-list\">\n<li><strong>Alguns trechos foram pintados com jogos e desenhos feitos pelas pr\u00f3prias crian\u00e7as<\/strong><\/li>\n\n\n\n<li><strong>As ideias foram incorporadas ao plano diretor da cidade como refer\u00eancia futura<\/strong><\/li>\n\n\n\n<li><strong>Outras cidades japonesas, como Yokohama e Kobe, adotaram projetos semelhantes ap\u00f3s o sucesso em Fukuoka<\/strong><\/li>\n\n\n\n<li><strong>O projeto foi premiado por inova\u00e7\u00e3o em educa\u00e7\u00e3o e cidadania urbana<\/strong><\/li>\n\n\n\n<li><strong>Pais, professores e vizinhos tamb\u00e9m participaram da execu\u00e7\u00e3o das mudan\u00e7as<\/strong><\/li>\n<\/ul>\n\n\n\n<p>Fukuoka mostra que <strong>quando a cidade ouve suas crian\u00e7as, ela se torna mais humana, criativa e acolhedora<\/strong> \u2014 e que talvez os melhores urbanistas estejam ainda aprendendo a somar.<\/p>\n","protected":false},"excerpt":{"rendered":"<p>Em Fukuoka, Jap\u00e3o, ruas foram redesenhadas por crian\u00e7as. Conhe\u00e7a o projeto que transformou ideias infantis em solu\u00e7\u00f5es reais de urbanismo participativo.<\/p>\n","protected":false},"author":3,"featured_media":17630,"comment_status":"open","ping_status":"open","sticky":false,"template":"","format":"standard","meta":{"_yoast_wpseo_focuskw":"cidade ruas crian\u00e7as","_yoast_wpseo_title":"%%title%%","_yoast_wpseo_metadesc":"Em Fukuoka, Jap\u00e3o, ruas foram redesenhadas por crian\u00e7as. Conhe\u00e7a o projeto que transformou ideias infantis em solu\u00e7\u00f5es reais de urbanismo participativo.","jnews-multi-image_gallery":[],"jnews_single_post":{"format":"standard"},"jnews_primary_category":[],"jnews_social_meta":[],"jnews_override_counter":[],"footnotes":""},"categories":[108],"tags":[109],"class_list":["post-17629","post","type-post","status-publish","format-standard","has-post-thumbnail","hentry","category-cidades","tag-cidades"],"yoast_head":"<!-- This site is optimized with the Yoast SEO plugin v24.6 - https:\/\/yoast.com\/wordpress\/plugins\/seo\/ -->\n<title>Conhe\u00e7a a cidade onde as ruas foram projetadas por crian\u00e7as<\/title>\n<meta name=\"description\" content=\"Em Fukuoka, Jap\u00e3o, ruas foram redesenhadas por crian\u00e7as. Conhe\u00e7a o projeto que transformou ideias infantis em solu\u00e7\u00f5es reais de urbanismo participativo.\" \/>\n<meta name=\"robots\" content=\"index, follow, max-snippet:-1, max-image-preview:large, max-video-preview:-1\" \/>\n<link rel=\"canonical\" href=\"https:\/\/www.correiobraziliense.com.br\/cbradar\/conheca-a-cidade-onde-as-ruas-foram-projetadas-por-criancas\/\" \/>\n<meta property=\"og:locale\" content=\"pt_BR\" \/>\n<meta property=\"og:type\" content=\"article\" \/>\n<meta property=\"og:title\" content=\"Conhe\u00e7a a cidade onde as ruas foram projetadas por crian\u00e7as\" \/>\n<meta property=\"og:description\" content=\"Em Fukuoka, Jap\u00e3o, ruas foram redesenhadas por crian\u00e7as. Conhe\u00e7a o projeto que transformou ideias infantis em solu\u00e7\u00f5es reais de urbanismo participativo.\" \/>\n<meta property=\"og:url\" content=\"https:\/\/www.correiobraziliense.com.br\/cbradar\/conheca-a-cidade-onde-as-ruas-foram-projetadas-por-criancas\/\" \/>\n<meta property=\"og:site_name\" content=\"Correio Braziliense - Radar\" \/>\n<meta property=\"article:published_time\" content=\"2025-04-02T00:30:00+00:00\" \/>\n<meta property=\"og:image\" content=\"https:\/\/www.correiobraziliense.com.br\/cbradar\/wp-content\/uploads\/2025\/03\/Fukuoka_1743458308937.jpg\" \/>\n\t<meta property=\"og:image:width\" content=\"1280\" \/>\n\t<meta property=\"og:image:height\" content=\"720\" \/>\n\t<meta property=\"og:image:type\" content=\"image\/jpeg\" \/>\n<meta name=\"author\" content=\"Larissa Carvalho\" \/>\n<meta name=\"twitter:card\" content=\"summary_large_image\" \/>\n<meta name=\"twitter:label1\" content=\"Escrito por\" \/>\n\t<meta name=\"twitter:data1\" content=\"Larissa Carvalho\" \/>\n\t<meta name=\"twitter:label2\" content=\"Est. tempo de leitura\" \/>\n\t<meta name=\"twitter:data2\" content=\"3 minutos\" \/>\n<!-- \/ Yoast SEO plugin. -->","yoast_head_json":{"title":"Conhe\u00e7a a cidade onde as ruas foram projetadas por crian\u00e7as","description":"Em Fukuoka, Jap\u00e3o, ruas foram redesenhadas por crian\u00e7as. Conhe\u00e7a o projeto que transformou ideias infantis em solu\u00e7\u00f5es reais de urbanismo participativo.","robots":{"index":"index","follow":"follow","max-snippet":"max-snippet:-1","max-image-preview":"max-image-preview:large","max-video-preview":"max-video-preview:-1"},"canonical":"https:\/\/www.correiobraziliense.com.br\/cbradar\/conheca-a-cidade-onde-as-ruas-foram-projetadas-por-criancas\/","og_locale":"pt_BR","og_type":"article","og_title":"Conhe\u00e7a a cidade onde as ruas foram projetadas por crian\u00e7as","og_description":"Em Fukuoka, Jap\u00e3o, ruas foram redesenhadas por crian\u00e7as. Conhe\u00e7a o projeto que transformou ideias infantis em solu\u00e7\u00f5es reais de urbanismo participativo.","og_url":"https:\/\/www.correiobraziliense.com.br\/cbradar\/conheca-a-cidade-onde-as-ruas-foram-projetadas-por-criancas\/","og_site_name":"Correio Braziliense - Radar","article_published_time":"2025-04-02T00:30:00+00:00","og_image":[{"width":1280,"height":720,"url":"https:\/\/www.correiobraziliense.com.br\/cbradar\/wp-content\/uploads\/2025\/03\/Fukuoka_1743458308937.jpg","type":"image\/jpeg"}],"author":"Larissa Carvalho","twitter_card":"summary_large_image","twitter_misc":{"Escrito por":"Larissa Carvalho","Est. tempo de leitura":"3 minutos"},"schema":{"@context":"https:\/\/schema.org","@graph":[{"@type":"WebPage","@id":"https:\/\/www.correiobraziliense.com.br\/cbradar\/conheca-a-cidade-onde-as-ruas-foram-projetadas-por-criancas\/","url":"https:\/\/www.correiobraziliense.com.br\/cbradar\/conheca-a-cidade-onde-as-ruas-foram-projetadas-por-criancas\/","name":"Conhe\u00e7a a cidade onde as ruas foram projetadas por crian\u00e7as","isPartOf":{"@id":"https:\/\/www.correiobraziliense.com.br\/cbradar\/#website"},"primaryImageOfPage":{"@id":"https:\/\/www.correiobraziliense.com.br\/cbradar\/conheca-a-cidade-onde-as-ruas-foram-projetadas-por-criancas\/#primaryimage"},"image":{"@id":"https:\/\/www.correiobraziliense.com.br\/cbradar\/conheca-a-cidade-onde-as-ruas-foram-projetadas-por-criancas\/#primaryimage"},"thumbnailUrl":"https:\/\/www.correiobraziliense.com.br\/cbradar\/wp-content\/uploads\/2025\/03\/Fukuoka_1743458308937.jpg","datePublished":"2025-04-02T00:30:00+00:00","author":{"@id":"https:\/\/www.correiobraziliense.com.br\/cbradar\/#\/schema\/person\/58422787644df994b53a19d3e56c1513"},"description":"Em Fukuoka, Jap\u00e3o, ruas foram redesenhadas por crian\u00e7as. Conhe\u00e7a o projeto que transformou ideias infantis em solu\u00e7\u00f5es reais de urbanismo participativo.","breadcrumb":{"@id":"https:\/\/www.correiobraziliense.com.br\/cbradar\/conheca-a-cidade-onde-as-ruas-foram-projetadas-por-criancas\/#breadcrumb"},"inLanguage":"pt-BR","potentialAction":[{"@type":"ReadAction","target":["https:\/\/www.correiobraziliense.com.br\/cbradar\/conheca-a-cidade-onde-as-ruas-foram-projetadas-por-criancas\/"]}]},{"@type":"ImageObject","inLanguage":"pt-BR","@id":"https:\/\/www.correiobraziliense.com.br\/cbradar\/conheca-a-cidade-onde-as-ruas-foram-projetadas-por-criancas\/#primaryimage","url":"https:\/\/www.correiobraziliense.com.br\/cbradar\/wp-content\/uploads\/2025\/03\/Fukuoka_1743458308937.jpg","contentUrl":"https:\/\/www.correiobraziliense.com.br\/cbradar\/wp-content\/uploads\/2025\/03\/Fukuoka_1743458308937.jpg","width":1280,"height":720,"caption":"Fukuoka. Cr\u00e9ditos: depositphotos.com \/ ixuskmitl@hotmail.com"},{"@type":"BreadcrumbList","@id":"https:\/\/www.correiobraziliense.com.br\/cbradar\/conheca-a-cidade-onde-as-ruas-foram-projetadas-por-criancas\/#breadcrumb","itemListElement":[{"@type":"ListItem","position":1,"name":"In\u00edcio","item":"https:\/\/www.correiobraziliense.com.br\/cbradar\/"},{"@type":"ListItem","position":2,"name":"Conhe\u00e7a a cidade onde as ruas foram projetadas por crian\u00e7as"}]},{"@type":"WebSite","@id":"https:\/\/www.correiobraziliense.com.br\/cbradar\/#website","url":"https:\/\/www.correiobraziliense.com.br\/cbradar\/","name":"Correio Braziliense - Radar","description":"Acompanhe as \u00faltimas not\u00edcias e fique bem informado sobre tudo o que acontece no Brasil e no mundo.","potentialAction":[{"@type":"SearchAction","target":{"@type":"EntryPoint","urlTemplate":"https:\/\/www.correiobraziliense.com.br\/cbradar\/?s={search_term_string}"},"query-input":{"@type":"PropertyValueSpecification","valueRequired":true,"valueName":"search_term_string"}}],"inLanguage":"pt-BR"},{"@type":"Person","@id":"https:\/\/www.correiobraziliense.com.br\/cbradar\/#\/schema\/person\/58422787644df994b53a19d3e56c1513","name":"Larissa Carvalho","image":{"@type":"ImageObject","inLanguage":"pt-BR","@id":"https:\/\/www.correiobraziliense.com.br\/cbradar\/#\/schema\/person\/image\/","url":"https:\/\/secure.gravatar.com\/avatar\/fe4f91a0de32b52a838d0d612abdc1aa?s=96&d=mm&r=g","contentUrl":"https:\/\/secure.gravatar.com\/avatar\/fe4f91a0de32b52a838d0d612abdc1aa?s=96&d=mm&r=g","caption":"Larissa Carvalho"},"url":"https:\/\/www.correiobraziliense.com.br\/cbradar\/author\/larissamyth\/"}]}},"_links":{"self":[{"href":"https:\/\/www.correiobraziliense.com.br\/cbradar\/wp-json\/wp\/v2\/posts\/17629","targetHints":{"allow":["GET"]}}],"collection":[{"href":"https:\/\/www.correiobraziliense.com.br\/cbradar\/wp-json\/wp\/v2\/posts"}],"about":[{"href":"https:\/\/www.correiobraziliense.com.br\/cbradar\/wp-json\/wp\/v2\/types\/post"}],"author":[{"embeddable":true,"href":"https:\/\/www.correiobraziliense.com.br\/cbradar\/wp-json\/wp\/v2\/users\/3"}],"replies":[{"embeddable":true,"href":"https:\/\/www.correiobraziliense.com.br\/cbradar\/wp-json\/wp\/v2\/comments?post=17629"}],"version-history":[{"count":1,"href":"https:\/\/www.correiobraziliense.com.br\/cbradar\/wp-json\/wp\/v2\/posts\/17629\/revisions"}],"predecessor-version":[{"id":17632,"href":"https:\/\/www.correiobraziliense.com.br\/cbradar\/wp-json\/wp\/v2\/posts\/17629\/revisions\/17632"}],"wp:featuredmedia":[{"embeddable":true,"href":"https:\/\/www.correiobraziliense.com.br\/cbradar\/wp-json\/wp\/v2\/media\/17630"}],"wp:attachment":[{"href":"https:\/\/www.correiobraziliense.com.br\/cbradar\/wp-json\/wp\/v2\/media?parent=17629"}],"wp:term":[{"taxonomy":"category","embeddable":true,"href":"https:\/\/www.correiobraziliense.com.br\/cbradar\/wp-json\/wp\/v2\/categories?post=17629"},{"taxonomy":"post_tag","embeddable":true,"href":"https:\/\/www.correiobraziliense.com.br\/cbradar\/wp-json\/wp\/v2\/tags?post=17629"}],"curies":[{"name":"wp","href":"https:\/\/api.w.org\/{rel}","templated":true}]}}