{"id":17633,"date":"2025-04-01T22:50:00","date_gmt":"2025-04-02T01:50:00","guid":{"rendered":"https:\/\/www.correiobraziliense.com.br\/cbradar\/?p=17633"},"modified":"2025-03-31T20:10:58","modified_gmt":"2025-03-31T23:10:58","slug":"conheca-a-cidade-onde-arvores-tem-endereco-proprio-e-podem-ser-adotadas","status":"publish","type":"post","link":"https:\/\/www.correiobraziliense.com.br\/cbradar\/conheca-a-cidade-onde-arvores-tem-endereco-proprio-e-podem-ser-adotadas\/","title":{"rendered":"Conhe\u00e7a a cidade onde \u00e1rvores t\u00eam endere\u00e7o pr\u00f3prio e podem ser \u201cadotadas\u201d"},"content":{"rendered":"\n<p>Na verde e inovadora <strong>Melbourne<\/strong>, na <strong>Austr\u00e1lia<\/strong>, as \u00e1rvores s\u00e3o tratadas como cidad\u00e3s: <strong>cada uma tem um n\u00famero de identifica\u00e7\u00e3o, endere\u00e7o pr\u00f3prio e pode ser adotada pelos moradores<\/strong>. Isso mesmo \u2014 \u00e9 poss\u00edvel \u201cescrever\u201d para uma \u00e1rvore, receber resposta (\u00e0s vezes at\u00e9 com humor) e acompanhar sua sa\u00fade pela internet.<\/p>\n\n\n\n<p>Essa ideia criativa e ecol\u00f3gica faz parte do <strong>Urban Forest Project<\/strong>, um programa de conserva\u00e7\u00e3o urbana que tornou as \u00e1rvores <strong>protagonistas da cidade inteligente e afetiva<\/strong>.<\/p>\n\n\n\n<h2 class=\"wp-block-heading\"><strong>Como funciona o sistema de ado\u00e7\u00e3o de \u00e1rvores em Melbourne?<\/strong><\/h2>\n\n\n\n<p>A cidade mapeou mais de <strong>70 mil \u00e1rvores urbanas<\/strong> e atribuiu a cada uma:<\/p>\n\n\n\n<ul class=\"wp-block-list\">\n<li><strong>Um n\u00famero de identifica\u00e7\u00e3o \u00fanico<\/strong><\/li>\n\n\n\n<li><strong>Um &#8220;endere\u00e7o digital&#8221;<\/strong> dentro do mapa interativo da prefeitura<\/li>\n\n\n\n<li>Informa\u00e7\u00f5es como esp\u00e9cie, idade estimada e estado de sa\u00fade<\/li>\n<\/ul>\n\n\n\n<p>Moradores e visitantes podem:<\/p>\n\n\n\n<ul class=\"wp-block-list\">\n<li><strong>\u201cAdotar\u201d uma \u00e1rvore online<\/strong>, criando v\u00ednculo afetivo e assumindo responsabilidade simb\u00f3lica<\/li>\n\n\n\n<li><strong>Enviar e-mails para a \u00e1rvore<\/strong>, com mensagens de carinho, perguntas ou hist\u00f3rias pessoais<\/li>\n\n\n\n<li><strong>Receber respostas da prefeitura<\/strong>, que muitas vezes assina como se fosse a pr\u00f3pria \u00e1rvore, com um tom leve e divertido<\/li>\n<\/ul>\n\n\n\n<figure class=\"wp-block-image size-large\"><img decoding=\"async\" width=\"1024\" height=\"576\" src=\"https:\/\/www.correiobraziliense.com.br\/cbradar\/wp-content\/uploads\/2025\/03\/Melbourne_1743458612421-1024x576.jpg\" alt=\"Conhe\u00e7a a cidade onde \u00e1rvores t\u00eam endere\u00e7o pr\u00f3prio e podem ser \u201cadotadas\u201d\" class=\"wp-image-17635\" srcset=\"https:\/\/www.correiobraziliense.com.br\/cbradar\/wp-content\/uploads\/2025\/03\/Melbourne_1743458612421-1024x576.jpg 1024w, https:\/\/www.correiobraziliense.com.br\/cbradar\/wp-content\/uploads\/2025\/03\/Melbourne_1743458612421-300x169.jpg 300w, https:\/\/www.correiobraziliense.com.br\/cbradar\/wp-content\/uploads\/2025\/03\/Melbourne_1743458612421-768x432.jpg 768w, https:\/\/www.correiobraziliense.com.br\/cbradar\/wp-content\/uploads\/2025\/03\/Melbourne_1743458612421-750x422.jpg 750w, https:\/\/www.correiobraziliense.com.br\/cbradar\/wp-content\/uploads\/2025\/03\/Melbourne_1743458612421-1140x641.jpg 1140w, https:\/\/www.correiobraziliense.com.br\/cbradar\/wp-content\/uploads\/2025\/03\/Melbourne_1743458612421.jpg 1280w\" sizes=\"(max-width: 1024px) 100vw, 1024px\" \/><figcaption class=\"wp-element-caption\">Melbourne. Cr\u00e9ditos: depositphotos.com \/ GBP27<\/figcaption><\/figure>\n\n\n\n<h2 class=\"wp-block-heading\"><strong>Por que Melbourne decidiu dar endere\u00e7os \u00e0s \u00e1rvores?<\/strong><\/h2>\n\n\n\n<p>O objetivo inicial era <strong>monitorar e cuidar melhor das \u00e1rvores urbanas<\/strong>, muitas delas centen\u00e1rias e fundamentais para:<\/p>\n\n\n\n<ul class=\"wp-block-list\">\n<li><strong>Reduzir o calor urbano<\/strong><\/li>\n\n\n\n<li><strong>Melhorar a qualidade do ar e do solo<\/strong><\/li>\n\n\n\n<li><strong>Aumentar a biodiversidade<\/strong><\/li>\n\n\n\n<li><strong>Tornar a cidade mais verde, viva e habit\u00e1vel<\/strong><\/li>\n<\/ul>\n\n\n\n<p>Mas a iniciativa acabou criando <strong>la\u00e7os emocionais inesperados entre pessoas e natureza urbana<\/strong>, despertando empatia, consci\u00eancia ecol\u00f3gica e engajamento c\u00edvico.<\/p>\n\n\n\n<h2 class=\"wp-block-heading\"><strong>Curiosidades sobre as \u00e1rvores-cidad\u00e3s de Melbourne<\/strong><\/h2>\n\n\n\n<ul class=\"wp-block-list\">\n<li><strong>Algumas \u00e1rvores receberam milhares de mensagens<\/strong>, inclusive de crian\u00e7as e turistas<\/li>\n\n\n\n<li><strong>\u00c1rvores &#8220;respondem&#8221; com frases como &#8220;obrigado pelo carinho, hoje estou me sentindo bem hidratada&#8221;<\/strong><\/li>\n\n\n\n<li><strong>O sistema ajudou a detectar pragas e doen\u00e7as com a colabora\u00e7\u00e3o dos cidad\u00e3os<\/strong><\/li>\n\n\n\n<li><strong>Escolas usam o projeto em aulas de ci\u00eancia e meio ambiente<\/strong><\/li>\n\n\n\n<li><strong>O projeto inspirou iniciativas similares em cidades como Toronto, Barcelona e Singapura<\/strong><\/li>\n<\/ul>\n\n\n\n<p>Melbourne mostra que <strong>uma cidade inteligente \u00e9 aquela que cuida do que n\u00e3o fala \u2014 mas ainda assim responde<\/strong>. E que <strong>ao dar endere\u00e7o a uma \u00e1rvore, voc\u00ea se conecta com a raiz da vida urbana sustent\u00e1vel.<\/strong><\/p>\n","protected":false},"excerpt":{"rendered":"<p>Em Melbourne, \u00e1rvores t\u00eam endere\u00e7o e podem ser \u201cadotadas\u201d online. Conhe\u00e7a o projeto que transforma \u00e1rvores urbanas em cidad\u00e3s queridas da cidade!<\/p>\n","protected":false},"author":3,"featured_media":17634,"comment_status":"open","ping_status":"open","sticky":false,"template":"","format":"standard","meta":{"_yoast_wpseo_focuskw":"cidade \u00e1rvores endere\u00e7os","_yoast_wpseo_title":"%%title%%","_yoast_wpseo_metadesc":"Em Melbourne, \u00e1rvores t\u00eam endere\u00e7o e podem ser \u201cadotadas\u201d online. Conhe\u00e7a o projeto que transforma \u00e1rvores urbanas em cidad\u00e3s queridas da cidade!","jnews-multi-image_gallery":[],"jnews_single_post":{"format":"standard"},"jnews_primary_category":[],"jnews_social_meta":[],"jnews_override_counter":[],"footnotes":""},"categories":[108],"tags":[109],"class_list":["post-17633","post","type-post","status-publish","format-standard","has-post-thumbnail","hentry","category-cidades","tag-cidades"],"yoast_head":"<!-- This site is optimized with the Yoast SEO plugin v24.6 - https:\/\/yoast.com\/wordpress\/plugins\/seo\/ -->\n<title>Conhe\u00e7a a cidade onde \u00e1rvores t\u00eam endere\u00e7o pr\u00f3prio e podem ser \u201cadotadas\u201d<\/title>\n<meta name=\"description\" content=\"Em Melbourne, \u00e1rvores t\u00eam endere\u00e7o e podem ser \u201cadotadas\u201d online. Conhe\u00e7a o projeto que transforma \u00e1rvores urbanas em cidad\u00e3s queridas da cidade!\" \/>\n<meta name=\"robots\" content=\"index, follow, max-snippet:-1, max-image-preview:large, max-video-preview:-1\" \/>\n<link rel=\"canonical\" href=\"https:\/\/www.correiobraziliense.com.br\/cbradar\/conheca-a-cidade-onde-arvores-tem-endereco-proprio-e-podem-ser-adotadas\/\" \/>\n<meta property=\"og:locale\" content=\"pt_BR\" \/>\n<meta property=\"og:type\" content=\"article\" \/>\n<meta property=\"og:title\" content=\"Conhe\u00e7a a cidade onde \u00e1rvores t\u00eam endere\u00e7o pr\u00f3prio e podem ser \u201cadotadas\u201d\" \/>\n<meta property=\"og:description\" content=\"Em Melbourne, \u00e1rvores t\u00eam endere\u00e7o e podem ser \u201cadotadas\u201d online. Conhe\u00e7a o projeto que transforma \u00e1rvores urbanas em cidad\u00e3s queridas da cidade!\" \/>\n<meta property=\"og:url\" content=\"https:\/\/www.correiobraziliense.com.br\/cbradar\/conheca-a-cidade-onde-arvores-tem-endereco-proprio-e-podem-ser-adotadas\/\" \/>\n<meta property=\"og:site_name\" content=\"Correio Braziliense - Radar\" \/>\n<meta property=\"article:published_time\" content=\"2025-04-02T01:50:00+00:00\" \/>\n<meta property=\"og:image\" content=\"https:\/\/www.correiobraziliense.com.br\/cbradar\/wp-content\/uploads\/2025\/03\/Melbourne_1743458510710.jpg\" \/>\n\t<meta property=\"og:image:width\" content=\"1280\" \/>\n\t<meta property=\"og:image:height\" content=\"720\" \/>\n\t<meta property=\"og:image:type\" content=\"image\/jpeg\" \/>\n<meta name=\"author\" content=\"Larissa Carvalho\" \/>\n<meta name=\"twitter:card\" content=\"summary_large_image\" \/>\n<meta name=\"twitter:label1\" content=\"Escrito por\" \/>\n\t<meta name=\"twitter:data1\" content=\"Larissa Carvalho\" \/>\n\t<meta name=\"twitter:label2\" content=\"Est. tempo de leitura\" \/>\n\t<meta name=\"twitter:data2\" content=\"3 minutos\" \/>\n<!-- \/ Yoast SEO plugin. -->","yoast_head_json":{"title":"Conhe\u00e7a a cidade onde \u00e1rvores t\u00eam endere\u00e7o pr\u00f3prio e podem ser \u201cadotadas\u201d","description":"Em Melbourne, \u00e1rvores t\u00eam endere\u00e7o e podem ser \u201cadotadas\u201d online. Conhe\u00e7a o projeto que transforma \u00e1rvores urbanas em cidad\u00e3s queridas da cidade!","robots":{"index":"index","follow":"follow","max-snippet":"max-snippet:-1","max-image-preview":"max-image-preview:large","max-video-preview":"max-video-preview:-1"},"canonical":"https:\/\/www.correiobraziliense.com.br\/cbradar\/conheca-a-cidade-onde-arvores-tem-endereco-proprio-e-podem-ser-adotadas\/","og_locale":"pt_BR","og_type":"article","og_title":"Conhe\u00e7a a cidade onde \u00e1rvores t\u00eam endere\u00e7o pr\u00f3prio e podem ser \u201cadotadas\u201d","og_description":"Em Melbourne, \u00e1rvores t\u00eam endere\u00e7o e podem ser \u201cadotadas\u201d online. Conhe\u00e7a o projeto que transforma \u00e1rvores urbanas em cidad\u00e3s queridas da cidade!","og_url":"https:\/\/www.correiobraziliense.com.br\/cbradar\/conheca-a-cidade-onde-arvores-tem-endereco-proprio-e-podem-ser-adotadas\/","og_site_name":"Correio Braziliense - Radar","article_published_time":"2025-04-02T01:50:00+00:00","og_image":[{"width":1280,"height":720,"url":"https:\/\/www.correiobraziliense.com.br\/cbradar\/wp-content\/uploads\/2025\/03\/Melbourne_1743458510710.jpg","type":"image\/jpeg"}],"author":"Larissa Carvalho","twitter_card":"summary_large_image","twitter_misc":{"Escrito por":"Larissa Carvalho","Est. tempo de leitura":"3 minutos"},"schema":{"@context":"https:\/\/schema.org","@graph":[{"@type":"WebPage","@id":"https:\/\/www.correiobraziliense.com.br\/cbradar\/conheca-a-cidade-onde-arvores-tem-endereco-proprio-e-podem-ser-adotadas\/","url":"https:\/\/www.correiobraziliense.com.br\/cbradar\/conheca-a-cidade-onde-arvores-tem-endereco-proprio-e-podem-ser-adotadas\/","name":"Conhe\u00e7a a cidade onde \u00e1rvores t\u00eam endere\u00e7o pr\u00f3prio e podem ser \u201cadotadas\u201d","isPartOf":{"@id":"https:\/\/www.correiobraziliense.com.br\/cbradar\/#website"},"primaryImageOfPage":{"@id":"https:\/\/www.correiobraziliense.com.br\/cbradar\/conheca-a-cidade-onde-arvores-tem-endereco-proprio-e-podem-ser-adotadas\/#primaryimage"},"image":{"@id":"https:\/\/www.correiobraziliense.com.br\/cbradar\/conheca-a-cidade-onde-arvores-tem-endereco-proprio-e-podem-ser-adotadas\/#primaryimage"},"thumbnailUrl":"https:\/\/www.correiobraziliense.com.br\/cbradar\/wp-content\/uploads\/2025\/03\/Melbourne_1743458510710.jpg","datePublished":"2025-04-02T01:50:00+00:00","author":{"@id":"https:\/\/www.correiobraziliense.com.br\/cbradar\/#\/schema\/person\/58422787644df994b53a19d3e56c1513"},"description":"Em Melbourne, \u00e1rvores t\u00eam endere\u00e7o e podem ser \u201cadotadas\u201d online. Conhe\u00e7a o projeto que transforma \u00e1rvores urbanas em cidad\u00e3s queridas da cidade!","breadcrumb":{"@id":"https:\/\/www.correiobraziliense.com.br\/cbradar\/conheca-a-cidade-onde-arvores-tem-endereco-proprio-e-podem-ser-adotadas\/#breadcrumb"},"inLanguage":"pt-BR","potentialAction":[{"@type":"ReadAction","target":["https:\/\/www.correiobraziliense.com.br\/cbradar\/conheca-a-cidade-onde-arvores-tem-endereco-proprio-e-podem-ser-adotadas\/"]}]},{"@type":"ImageObject","inLanguage":"pt-BR","@id":"https:\/\/www.correiobraziliense.com.br\/cbradar\/conheca-a-cidade-onde-arvores-tem-endereco-proprio-e-podem-ser-adotadas\/#primaryimage","url":"https:\/\/www.correiobraziliense.com.br\/cbradar\/wp-content\/uploads\/2025\/03\/Melbourne_1743458510710.jpg","contentUrl":"https:\/\/www.correiobraziliense.com.br\/cbradar\/wp-content\/uploads\/2025\/03\/Melbourne_1743458510710.jpg","width":1280,"height":720,"caption":"Melbourne. Cr\u00e9ditos: depositphotos.com \/ richie0703"},{"@type":"BreadcrumbList","@id":"https:\/\/www.correiobraziliense.com.br\/cbradar\/conheca-a-cidade-onde-arvores-tem-endereco-proprio-e-podem-ser-adotadas\/#breadcrumb","itemListElement":[{"@type":"ListItem","position":1,"name":"In\u00edcio","item":"https:\/\/www.correiobraziliense.com.br\/cbradar\/"},{"@type":"ListItem","position":2,"name":"Conhe\u00e7a a cidade onde \u00e1rvores t\u00eam endere\u00e7o pr\u00f3prio e podem ser \u201cadotadas\u201d"}]},{"@type":"WebSite","@id":"https:\/\/www.correiobraziliense.com.br\/cbradar\/#website","url":"https:\/\/www.correiobraziliense.com.br\/cbradar\/","name":"Correio Braziliense - Radar","description":"Acompanhe as \u00faltimas not\u00edcias e fique bem informado sobre tudo o que acontece no Brasil e no mundo.","potentialAction":[{"@type":"SearchAction","target":{"@type":"EntryPoint","urlTemplate":"https:\/\/www.correiobraziliense.com.br\/cbradar\/?s={search_term_string}"},"query-input":{"@type":"PropertyValueSpecification","valueRequired":true,"valueName":"search_term_string"}}],"inLanguage":"pt-BR"},{"@type":"Person","@id":"https:\/\/www.correiobraziliense.com.br\/cbradar\/#\/schema\/person\/58422787644df994b53a19d3e56c1513","name":"Larissa Carvalho","image":{"@type":"ImageObject","inLanguage":"pt-BR","@id":"https:\/\/www.correiobraziliense.com.br\/cbradar\/#\/schema\/person\/image\/","url":"https:\/\/secure.gravatar.com\/avatar\/fe4f91a0de32b52a838d0d612abdc1aa?s=96&d=mm&r=g","contentUrl":"https:\/\/secure.gravatar.com\/avatar\/fe4f91a0de32b52a838d0d612abdc1aa?s=96&d=mm&r=g","caption":"Larissa Carvalho"},"url":"https:\/\/www.correiobraziliense.com.br\/cbradar\/author\/larissamyth\/"}]}},"_links":{"self":[{"href":"https:\/\/www.correiobraziliense.com.br\/cbradar\/wp-json\/wp\/v2\/posts\/17633","targetHints":{"allow":["GET"]}}],"collection":[{"href":"https:\/\/www.correiobraziliense.com.br\/cbradar\/wp-json\/wp\/v2\/posts"}],"about":[{"href":"https:\/\/www.correiobraziliense.com.br\/cbradar\/wp-json\/wp\/v2\/types\/post"}],"author":[{"embeddable":true,"href":"https:\/\/www.correiobraziliense.com.br\/cbradar\/wp-json\/wp\/v2\/users\/3"}],"replies":[{"embeddable":true,"href":"https:\/\/www.correiobraziliense.com.br\/cbradar\/wp-json\/wp\/v2\/comments?post=17633"}],"version-history":[{"count":1,"href":"https:\/\/www.correiobraziliense.com.br\/cbradar\/wp-json\/wp\/v2\/posts\/17633\/revisions"}],"predecessor-version":[{"id":17636,"href":"https:\/\/www.correiobraziliense.com.br\/cbradar\/wp-json\/wp\/v2\/posts\/17633\/revisions\/17636"}],"wp:featuredmedia":[{"embeddable":true,"href":"https:\/\/www.correiobraziliense.com.br\/cbradar\/wp-json\/wp\/v2\/media\/17634"}],"wp:attachment":[{"href":"https:\/\/www.correiobraziliense.com.br\/cbradar\/wp-json\/wp\/v2\/media?parent=17633"}],"wp:term":[{"taxonomy":"category","embeddable":true,"href":"https:\/\/www.correiobraziliense.com.br\/cbradar\/wp-json\/wp\/v2\/categories?post=17633"},{"taxonomy":"post_tag","embeddable":true,"href":"https:\/\/www.correiobraziliense.com.br\/cbradar\/wp-json\/wp\/v2\/tags?post=17633"}],"curies":[{"name":"wp","href":"https:\/\/api.w.org\/{rel}","templated":true}]}}