{"id":176377,"date":"2026-01-20T20:05:00","date_gmt":"2026-01-20T23:05:00","guid":{"rendered":"https:\/\/www.correiobraziliense.com.br\/cbradar\/?p=176377"},"modified":"2026-01-19T11:44:10","modified_gmt":"2026-01-19T14:44:10","slug":"a-frase-de-nietzsche-que-muda-completamente-a-sua-forma-de-ver-a-vida","status":"publish","type":"post","link":"https:\/\/www.correiobraziliense.com.br\/cbradar\/a-frase-de-nietzsche-que-muda-completamente-a-sua-forma-de-ver-a-vida\/","title":{"rendered":"A frase de Nietzsche que muda completamente a sua forma de ver a vida"},"content":{"rendered":"\n<p>Friedrich Nietzsche \u00e9 frequentemente citado em discuss\u00f5es sobre <strong>verdade<\/strong>, cren\u00e7as e ilus\u00f5es, especialmente quando se trata da dificuldade humana em lidar com informa\u00e7\u00f5es que contradizem aquilo em que se acredita. A partir de suas reflex\u00f5es sobre moral, valores, autoengano e vontade de poder, a filosofia do pensador alem\u00e3o segue presente em debates atuais sobre comportamento, psicologia, sociedade e cultura digital, em que narrativas e emo\u00e7\u00f5es competem com dados e evid\u00eancias. O lema do autor era &#8220;As pessoas n\u00e3o querem ouvir a verdade porque n\u00e3o querem que suas ilus\u00f5es sejam destru\u00eddas.&#8221;<\/p>\n\n\n\n<h2 class=\"wp-block-heading\">Por que Nietzsche associa verdade, cren\u00e7a e autoengano<\/h2>\n\n\n\n<p>Nascido em 1844, Nietzsche viveu em um per\u00edodo de intensas transforma\u00e7\u00f5es culturais e cient\u00edficas na Europa, marcado pelo enfraquecimento da <strong>religi\u00e3o tradicional<\/strong> e pela ascens\u00e3o de vis\u00f5es cient\u00edficas. O fil\u00f3sofo analisou esse cen\u00e1rio com olhar cr\u00edtico, mostrando como cren\u00e7as consolidadas funcionavam como suporte emocional para enfrentar a realidade, mesmo quando j\u00e1 n\u00e3o coincidiam com os fatos dispon\u00edveis.<\/p>\n\n\n\n<p>Para ele, o ser humano tende a se apegar a <strong>narrativas que oferecem sentido e seguran\u00e7a<\/strong>, ainda que entrem em choque com argumentos racionais. Essa necessidade de sentido explica por que muitos preferem preservar ilus\u00f5es morais, religiosas, pol\u00edticas ou pessoais, evitando perguntas que possam desmontar identidades, privil\u00e9gios simb\u00f3licos e posi\u00e7\u00f5es de poder.<\/p>\n\n\n\n<p>Para aprofundarmos no pensamento do autor, trouxemos o v\u00eddeo do perfil @mateus.salvadori:<\/p>\n\n\n\n<blockquote class=\"tiktok-embed\" cite=\"https:\/\/www.tiktok.com\/@mateus.salvadori\/video\/7568449107266653458\" data-video-id=\"7568449107266653458\" style=\"max-width: 605px;min-width: 325px;\" > <section> <a target=\"_blank\" title=\"@mateus.salvadori\" href=\"https:\/\/www.tiktok.com\/@mateus.salvadori?refer=embed\">@mateus.salvadori<\/a> <p>A Tese de Nietzsche <\/p> <a target=\"_blank\" title=\"\u266c som original - Mateus Salvadori\" href=\"https:\/\/www.tiktok.com\/music\/som-original-7568449139693472520?refer=embed\">\u266c som original &#8211; Mateus Salvadori<\/a> <\/section> <\/blockquote> <script async src=\"https:\/\/www.tiktok.com\/embed.js\"><\/script>\n\n\n\n<h2 class=\"wp-block-heading\">Por que a verdade pode ser um choque emocional<\/h2>\n\n\n\n<p>A chamada <strong>verdade<\/strong> raramente aparece de forma neutra na vida cotidiana, pois muitas vezes atinge diretamente identidade, hist\u00f3ria pessoal e escolhas feitas ao longo dos anos. Em contextos assim, aceitar uma verdade significa admitir um erro, revisar decis\u00f5es importantes ou reconhecer que uma cren\u00e7a antiga j\u00e1 n\u00e3o se sustenta, o que pode gerar culpa, vergonha e sensa\u00e7\u00e3o de perda de status.<\/p>\n\n\n\n<p>Nietzsche ajuda a entender por que tantas pessoas preferem preservar suas ilus\u00f5es em vez de rever convic\u00e7\u00f5es. Ao analisar a moral, ele mostrou que muitos valores considerados \u201cnaturais\u201d ou \u201ceternos\u201d eram constru\u00e7\u00f5es hist\u00f3ricas criadas para organizar a vida em sociedade; question\u00e1-los pode significar \u201cperder o ch\u00e3o\u201d, levando o indiv\u00edduo a buscar justificativas, explica\u00e7\u00f5es alternativas ou a negar evid\u00eancias desconfort\u00e1veis.<\/p>\n\n\n\n<h2 class=\"wp-block-heading\">Como Nietzsche relaciona verdade, arte e ilus\u00f5es na vida humana<\/h2>\n\n\n\n<p>Entre as ideias mais conhecidas de Nietzsche est\u00e1 a rela\u00e7\u00e3o entre <strong>verdade<\/strong> e arte como forma de tornar a exist\u00eancia suport\u00e1vel. A arte surgiria como um recurso simb\u00f3lico que permite suportar aspectos duros da realidade, criando imagens, mitos e hist\u00f3rias que filtram o contato direto com o sofrimento, com o caos e com a aus\u00eancia de sentido absoluto.<\/p>\n\n\n\n<p>Esse processo n\u00e3o se limita \u00e0s obras art\u00edsticas tradicionais: a pr\u00f3pria forma como cada pessoa narra sua biografia pode ser entendida como uma obra em constante edi\u00e7\u00e3o. Detalhes dolorosos s\u00e3o suavizados, fracassos s\u00e3o atribu\u00eddos \u00e0s circunst\u00e2ncias e decis\u00f5es dif\u00edceis s\u00e3o reinterpretadas como inevit\u00e1veis, de modo que a <strong>verdade absoluta sobre si<\/strong> quase nunca \u00e9 encarada de frente.<\/p>\n\n\n\n<ul class=\"wp-block-list\">\n<li><strong>Ilus\u00f5es pessoais:<\/strong> cren\u00e7as sobre quem a pessoa \u00e9 e sobre o que merece.<\/li>\n\n\n\n<li><strong>Ilus\u00f5es sociais:<\/strong> ideias compartilhadas sobre progresso, justi\u00e7a ou moralidade.<\/li>\n\n\n\n<li><strong>Ilus\u00f5es de controle:<\/strong> sensa\u00e7\u00e3o de dom\u00ednio total sobre decis\u00f5es e resultados.<\/li>\n<\/ul>\n\n\n\n<h2 class=\"wp-block-heading\">A verdade \u00e9 realmente determinante nas decis\u00f5es do dia a dia<\/h2>\n\n\n\n<p>Estudos em \u00e1reas como <strong>psicologia social<\/strong>, economia comportamental e marketing indicam que, depois de tomar uma decis\u00e3o importante, muitas pessoas passam a buscar apenas informa\u00e7\u00f5es que confirmem a escolha feita. A verdade desconfort\u00e1vel de que outra op\u00e7\u00e3o talvez fosse melhor tende a ser ignorada, fen\u00f4meno conhecido como vi\u00e9s de confirma\u00e7\u00e3o e amplificado por algoritmos e filtros informacionais.<\/p>\n\n\n\n<p>Esse comportamento pode ser organizado em alguns passos que mostram como a mente protege certas cren\u00e7as centrais, principalmente quando est\u00e3o ligadas \u00e0 autoestima ou \u00e0 identidade de grupo:<\/p>\n\n\n\n<ol class=\"wp-block-list\">\n<li>A pessoa toma uma decis\u00e3o ou adota uma cren\u00e7a considerada central para quem ela \u00e9.<\/li>\n\n\n\n<li>Em seguida, passa a dar mais aten\u00e7\u00e3o a dados que refor\u00e7am essa escolha, evitando cr\u00edticas.<\/li>\n\n\n\n<li>Informa\u00e7\u00f5es contr\u00e1rias s\u00e3o minimizadas, relativizadas ou descartadas por parecerem amea\u00e7adoras.<\/li>\n\n\n\n<li>Com o tempo, a ilus\u00e3o de acerto absoluto se fortalece, mesmo diante de evid\u00eancias contr\u00e1rias.<\/li>\n<\/ol>\n\n\n\n<figure class=\"wp-block-image size-large\"><img decoding=\"async\" width=\"1024\" height=\"576\" src=\"https:\/\/www.correiobraziliense.com.br\/cbradar\/wp-content\/uploads\/2026\/01\/\u2705-BANNER-MYTH-28-2-1024x576.png\" alt=\"A frase de Nietzsche que muda completamente a sua forma de ver a vida\" class=\"wp-image-176379\" srcset=\"https:\/\/www.correiobraziliense.com.br\/cbradar\/wp-content\/uploads\/2026\/01\/\u2705-BANNER-MYTH-28-2-1024x576.png 1024w, https:\/\/www.correiobraziliense.com.br\/cbradar\/wp-content\/uploads\/2026\/01\/\u2705-BANNER-MYTH-28-2-300x169.png 300w, https:\/\/www.correiobraziliense.com.br\/cbradar\/wp-content\/uploads\/2026\/01\/\u2705-BANNER-MYTH-28-2-768x432.png 768w, https:\/\/www.correiobraziliense.com.br\/cbradar\/wp-content\/uploads\/2026\/01\/\u2705-BANNER-MYTH-28-2-750x422.png 750w, https:\/\/www.correiobraziliense.com.br\/cbradar\/wp-content\/uploads\/2026\/01\/\u2705-BANNER-MYTH-28-2-1140x641.png 1140w, https:\/\/www.correiobraziliense.com.br\/cbradar\/wp-content\/uploads\/2026\/01\/\u2705-BANNER-MYTH-28-2.png 1280w\" sizes=\"(max-width: 1024px) 100vw, 1024px\" \/><figcaption class=\"wp-element-caption\">Nietzsche avisa: a verdade pode bagun\u00e7ar nossas ilus\u00f5es confort\u00e1veis, mas vale a pena dar uma espiada!<\/figcaption><\/figure>\n\n\n\n<h2 class=\"wp-block-heading\">O que a filosofia de Nietzsche ainda provoca na sociedade atual<\/h2>\n\n\n\n<p>No in\u00edcio do s\u00e9culo XXI e em 2025, a circula\u00e7\u00e3o r\u00e1pida de informa\u00e7\u00f5es intensificou o embate entre fatos, opini\u00f5es e cren\u00e7as em ambientes como redes sociais e debates pol\u00edticos. Not\u00edcias, coment\u00e1rios e interpreta\u00e7\u00f5es se misturam em alta velocidade, e a palavra <strong>verdade<\/strong> tornou-se motivo de disputa, o que torna atual a cr\u00edtica de Nietzsche aos valores fixos e \u00e0s certezas confort\u00e1veis.<\/p>\n\n\n\n<p>Ao problematizar a moral herdada e questionar <strong>ilus\u00f5es sociais<\/strong>, o fil\u00f3sofo n\u00e3o ofereceu respostas simples, mas apontou para a necessidade de lidar com a realidade sem recorrer apenas a explica\u00e7\u00f5es prontas. Seu pensamento convida a observar como cada \u00e9poca cria narrativas para se proteger de contradi\u00e7\u00f5es, desigualdades e conflitos, indicando que o enfrentamento da realidade continua sendo um desafio constante para indiv\u00edduos e sociedades.<\/p>\n","protected":false},"excerpt":{"rendered":"<p>Descubra como Nietzsche revela por que preferimos ilus\u00f5es \u00e0 verdade e o que isso revela sobre nossas escolhas e cren\u00e7as cotidianas.<\/p>\n","protected":false},"author":3,"featured_media":178177,"comment_status":"open","ping_status":"open","sticky":false,"template":"","format":"standard","meta":{"_yoast_wpseo_focuskw":"Nietzsche verdade","_yoast_wpseo_title":"%%title%%","_yoast_wpseo_metadesc":"Descubra como Nietzsche revela por que preferimos ilus\u00f5es \u00e0 verdade e o que isso revela sobre nossas escolhas e cren\u00e7as cotidianas.","jnews-multi-image_gallery":[],"jnews_single_post":{"format":"standard"},"jnews_primary_category":[],"jnews_social_meta":[],"jnews_override_counter":[],"footnotes":""},"categories":[112],"tags":[144,5078,12397,5174,14105],"class_list":["post-176377","post","type-post","status-publish","format-standard","has-post-thumbnail","hentry","category-curiosidades","tag-curiosidades","tag-filosofia","tag-nietzsche","tag-significados","tag-verdade"],"yoast_head":"<!-- This site is optimized with the Yoast SEO plugin v24.6 - https:\/\/yoast.com\/wordpress\/plugins\/seo\/ -->\n<title>A frase de Nietzsche que muda completamente a sua forma de ver a vida<\/title>\n<meta name=\"description\" content=\"Descubra como Nietzsche revela por que preferimos ilus\u00f5es \u00e0 verdade e o que isso revela sobre nossas escolhas e cren\u00e7as cotidianas.\" \/>\n<meta name=\"robots\" content=\"index, follow, max-snippet:-1, max-image-preview:large, max-video-preview:-1\" \/>\n<link rel=\"canonical\" href=\"https:\/\/www.correiobraziliense.com.br\/cbradar\/a-frase-de-nietzsche-que-muda-completamente-a-sua-forma-de-ver-a-vida\/\" \/>\n<meta property=\"og:locale\" content=\"pt_BR\" \/>\n<meta property=\"og:type\" content=\"article\" \/>\n<meta property=\"og:title\" content=\"A frase de Nietzsche que muda completamente a sua forma de ver a vida\" \/>\n<meta property=\"og:description\" content=\"Descubra como Nietzsche revela por que preferimos ilus\u00f5es \u00e0 verdade e o que isso revela sobre nossas escolhas e cren\u00e7as cotidianas.\" \/>\n<meta property=\"og:url\" content=\"https:\/\/www.correiobraziliense.com.br\/cbradar\/a-frase-de-nietzsche-que-muda-completamente-a-sua-forma-de-ver-a-vida\/\" \/>\n<meta property=\"og:site_name\" content=\"Correio Braziliense - Radar\" \/>\n<meta property=\"article:published_time\" content=\"2026-01-20T23:05:00+00:00\" \/>\n<meta property=\"og:image\" content=\"https:\/\/www.correiobraziliense.com.br\/cbradar\/wp-content\/uploads\/2026\/01\/freepik__imagem-simblica-de-nietzsche__59804.jpeg\" \/>\n\t<meta property=\"og:image:width\" content=\"1280\" \/>\n\t<meta property=\"og:image:height\" content=\"720\" \/>\n\t<meta property=\"og:image:type\" content=\"image\/jpeg\" \/>\n<meta name=\"author\" content=\"Larissa Carvalho\" \/>\n<meta name=\"twitter:card\" content=\"summary_large_image\" \/>\n<meta name=\"twitter:label1\" content=\"Escrito por\" \/>\n\t<meta name=\"twitter:data1\" content=\"Larissa Carvalho\" \/>\n\t<meta name=\"twitter:label2\" content=\"Est. tempo de leitura\" \/>\n\t<meta name=\"twitter:data2\" content=\"5 minutos\" \/>\n<!-- \/ Yoast SEO plugin. -->","yoast_head_json":{"title":"A frase de Nietzsche que muda completamente a sua forma de ver a vida","description":"Descubra como Nietzsche revela por que preferimos ilus\u00f5es \u00e0 verdade e o que isso revela sobre nossas escolhas e cren\u00e7as cotidianas.","robots":{"index":"index","follow":"follow","max-snippet":"max-snippet:-1","max-image-preview":"max-image-preview:large","max-video-preview":"max-video-preview:-1"},"canonical":"https:\/\/www.correiobraziliense.com.br\/cbradar\/a-frase-de-nietzsche-que-muda-completamente-a-sua-forma-de-ver-a-vida\/","og_locale":"pt_BR","og_type":"article","og_title":"A frase de Nietzsche que muda completamente a sua forma de ver a vida","og_description":"Descubra como Nietzsche revela por que preferimos ilus\u00f5es \u00e0 verdade e o que isso revela sobre nossas escolhas e cren\u00e7as cotidianas.","og_url":"https:\/\/www.correiobraziliense.com.br\/cbradar\/a-frase-de-nietzsche-que-muda-completamente-a-sua-forma-de-ver-a-vida\/","og_site_name":"Correio Braziliense - Radar","article_published_time":"2026-01-20T23:05:00+00:00","og_image":[{"width":1280,"height":720,"url":"https:\/\/www.correiobraziliense.com.br\/cbradar\/wp-content\/uploads\/2026\/01\/freepik__imagem-simblica-de-nietzsche__59804.jpeg","type":"image\/jpeg"}],"author":"Larissa Carvalho","twitter_card":"summary_large_image","twitter_misc":{"Escrito por":"Larissa Carvalho","Est. tempo de leitura":"5 minutos"},"schema":{"@context":"https:\/\/schema.org","@graph":[{"@type":"WebPage","@id":"https:\/\/www.correiobraziliense.com.br\/cbradar\/a-frase-de-nietzsche-que-muda-completamente-a-sua-forma-de-ver-a-vida\/","url":"https:\/\/www.correiobraziliense.com.br\/cbradar\/a-frase-de-nietzsche-que-muda-completamente-a-sua-forma-de-ver-a-vida\/","name":"A frase de Nietzsche que muda completamente a sua forma de ver a vida","isPartOf":{"@id":"https:\/\/www.correiobraziliense.com.br\/cbradar\/#website"},"primaryImageOfPage":{"@id":"https:\/\/www.correiobraziliense.com.br\/cbradar\/a-frase-de-nietzsche-que-muda-completamente-a-sua-forma-de-ver-a-vida\/#primaryimage"},"image":{"@id":"https:\/\/www.correiobraziliense.com.br\/cbradar\/a-frase-de-nietzsche-que-muda-completamente-a-sua-forma-de-ver-a-vida\/#primaryimage"},"thumbnailUrl":"https:\/\/www.correiobraziliense.com.br\/cbradar\/wp-content\/uploads\/2026\/01\/freepik__imagem-simblica-de-nietzsche__59804.jpeg","datePublished":"2026-01-20T23:05:00+00:00","author":{"@id":"https:\/\/www.correiobraziliense.com.br\/cbradar\/#\/schema\/person\/58422787644df994b53a19d3e56c1513"},"description":"Descubra como Nietzsche revela por que preferimos ilus\u00f5es \u00e0 verdade e o que isso revela sobre nossas escolhas e cren\u00e7as cotidianas.","breadcrumb":{"@id":"https:\/\/www.correiobraziliense.com.br\/cbradar\/a-frase-de-nietzsche-que-muda-completamente-a-sua-forma-de-ver-a-vida\/#breadcrumb"},"inLanguage":"pt-BR","potentialAction":[{"@type":"ReadAction","target":["https:\/\/www.correiobraziliense.com.br\/cbradar\/a-frase-de-nietzsche-que-muda-completamente-a-sua-forma-de-ver-a-vida\/"]}]},{"@type":"ImageObject","inLanguage":"pt-BR","@id":"https:\/\/www.correiobraziliense.com.br\/cbradar\/a-frase-de-nietzsche-que-muda-completamente-a-sua-forma-de-ver-a-vida\/#primaryimage","url":"https:\/\/www.correiobraziliense.com.br\/cbradar\/wp-content\/uploads\/2026\/01\/freepik__imagem-simblica-de-nietzsche__59804.jpeg","contentUrl":"https:\/\/www.correiobraziliense.com.br\/cbradar\/wp-content\/uploads\/2026\/01\/freepik__imagem-simblica-de-nietzsche__59804.jpeg","width":1280,"height":720,"caption":"Nietzsche estudou a rela\u00e7\u00e3o entre verdade e cren\u00e7a humana"},{"@type":"BreadcrumbList","@id":"https:\/\/www.correiobraziliense.com.br\/cbradar\/a-frase-de-nietzsche-que-muda-completamente-a-sua-forma-de-ver-a-vida\/#breadcrumb","itemListElement":[{"@type":"ListItem","position":1,"name":"In\u00edcio","item":"https:\/\/www.correiobraziliense.com.br\/cbradar\/"},{"@type":"ListItem","position":2,"name":"A frase de Nietzsche que muda completamente a sua forma de ver a vida"}]},{"@type":"WebSite","@id":"https:\/\/www.correiobraziliense.com.br\/cbradar\/#website","url":"https:\/\/www.correiobraziliense.com.br\/cbradar\/","name":"Correio Braziliense - Radar","description":"Acompanhe as \u00faltimas not\u00edcias e fique bem informado sobre tudo o que acontece no Brasil e no mundo.","potentialAction":[{"@type":"SearchAction","target":{"@type":"EntryPoint","urlTemplate":"https:\/\/www.correiobraziliense.com.br\/cbradar\/?s={search_term_string}"},"query-input":{"@type":"PropertyValueSpecification","valueRequired":true,"valueName":"search_term_string"}}],"inLanguage":"pt-BR"},{"@type":"Person","@id":"https:\/\/www.correiobraziliense.com.br\/cbradar\/#\/schema\/person\/58422787644df994b53a19d3e56c1513","name":"Larissa Carvalho","image":{"@type":"ImageObject","inLanguage":"pt-BR","@id":"https:\/\/www.correiobraziliense.com.br\/cbradar\/#\/schema\/person\/image\/","url":"https:\/\/secure.gravatar.com\/avatar\/fe4f91a0de32b52a838d0d612abdc1aa?s=96&d=mm&r=g","contentUrl":"https:\/\/secure.gravatar.com\/avatar\/fe4f91a0de32b52a838d0d612abdc1aa?s=96&d=mm&r=g","caption":"Larissa Carvalho"},"url":"https:\/\/www.correiobraziliense.com.br\/cbradar\/author\/larissamyth\/"}]}},"_links":{"self":[{"href":"https:\/\/www.correiobraziliense.com.br\/cbradar\/wp-json\/wp\/v2\/posts\/176377","targetHints":{"allow":["GET"]}}],"collection":[{"href":"https:\/\/www.correiobraziliense.com.br\/cbradar\/wp-json\/wp\/v2\/posts"}],"about":[{"href":"https:\/\/www.correiobraziliense.com.br\/cbradar\/wp-json\/wp\/v2\/types\/post"}],"author":[{"embeddable":true,"href":"https:\/\/www.correiobraziliense.com.br\/cbradar\/wp-json\/wp\/v2\/users\/3"}],"replies":[{"embeddable":true,"href":"https:\/\/www.correiobraziliense.com.br\/cbradar\/wp-json\/wp\/v2\/comments?post=176377"}],"version-history":[{"count":2,"href":"https:\/\/www.correiobraziliense.com.br\/cbradar\/wp-json\/wp\/v2\/posts\/176377\/revisions"}],"predecessor-version":[{"id":176380,"href":"https:\/\/www.correiobraziliense.com.br\/cbradar\/wp-json\/wp\/v2\/posts\/176377\/revisions\/176380"}],"wp:featuredmedia":[{"embeddable":true,"href":"https:\/\/www.correiobraziliense.com.br\/cbradar\/wp-json\/wp\/v2\/media\/178177"}],"wp:attachment":[{"href":"https:\/\/www.correiobraziliense.com.br\/cbradar\/wp-json\/wp\/v2\/media?parent=176377"}],"wp:term":[{"taxonomy":"category","embeddable":true,"href":"https:\/\/www.correiobraziliense.com.br\/cbradar\/wp-json\/wp\/v2\/categories?post=176377"},{"taxonomy":"post_tag","embeddable":true,"href":"https:\/\/www.correiobraziliense.com.br\/cbradar\/wp-json\/wp\/v2\/tags?post=176377"}],"curies":[{"name":"wp","href":"https:\/\/api.w.org\/{rel}","templated":true}]}}