{"id":176484,"date":"2026-01-20T15:15:00","date_gmt":"2026-01-20T18:15:00","guid":{"rendered":"https:\/\/www.correiobraziliense.com.br\/cbradar\/?p=176484"},"modified":"2026-01-19T11:38:11","modified_gmt":"2026-01-19T14:38:11","slug":"a-explicacao-definitiva-para-saber-quando-usar-vem-ou-veem","status":"publish","type":"post","link":"https:\/\/www.correiobraziliense.com.br\/cbradar\/a-explicacao-definitiva-para-saber-quando-usar-vem-ou-veem\/","title":{"rendered":"A explica\u00e7\u00e3o definitiva para saber quando usar &#8220;vem&#8221; ou &#8220;veem&#8221;"},"content":{"rendered":"\n<p>O uso correto de <strong>vem<\/strong>, <strong>v\u00eam<\/strong>, <strong>veem<\/strong> e <strong>v\u00eaem<\/strong> costuma gerar d\u00favida em quem escreve no dia a dia, principalmente porque envolve dois verbos diferentes, mudan\u00e7as trazidas pelo <strong>Novo Acordo Ortogr\u00e1fico<\/strong> e detalhes de <strong>concord\u00e2ncia verbal<\/strong>, aspectos que impactam diretamente a escrita em contextos formais, como relat\u00f3rios, e-mails profissionais e produ\u00e7\u00f5es acad\u00eamicas.<\/p>\n\n\n\n<h2 class=\"wp-block-heading\">Quando usar vem e quando usar v\u00eam corretamente<\/h2>\n\n\n\n<p>A palavra <strong>vem<\/strong> est\u00e1 ligada ao verbo <strong>vir<\/strong> na <strong>3\u00aa pessoa do singular<\/strong> do presente do indicativo: <em>ele vem<\/em>, <em>ela vem<\/em>, <em>o chefe vem<\/em>. J\u00e1 <strong>v\u00eam<\/strong> corresponde ao mesmo verbo <strong>vir<\/strong>, mas na <strong>3\u00aa pessoa do plural<\/strong>: <em>eles v\u00eam<\/em>, <em>os gerentes v\u00eam<\/em>, <em>os alunos v\u00eam<\/em>, exigindo o acento para marcar a diferen\u00e7a de n\u00famero e de pron\u00fancia.<\/p>\n\n\n\n<p>Uma forma pr\u00e1tica de checar \u00e9 substituir o sujeito por <strong>\u201cele\u201d<\/strong> ou <strong>\u201celes\u201d<\/strong>, verificando se a frase pede singular ou plural e ajustando o verbo de acordo com o sujeito.<\/p>\n\n\n\n<ul class=\"wp-block-list\">\n<li><strong>Ele vem<\/strong> ao setor todos os dias. \u2192 singular, sem acento.<\/li>\n\n\n\n<li><strong>Eles v\u00eam<\/strong> ao setor todos os dias. \u2192 plural, com acento.<\/li>\n<\/ul>\n\n\n\n<p>No exemplo apresentado, a frase correta \u00e9: <strong>\u201cOs gerentes v\u00eam ao setor todos os dias\u201d<\/strong>. O sujeito \u201cos gerentes\u201d est\u00e1 no plural, portanto o verbo tamb\u00e9m deve aparecer no plural, com acento: <strong>v\u00eam<\/strong>, caso contr\u00e1rio h\u00e1 erro de <strong>concord\u00e2ncia<\/strong> e de <strong>grafia<\/strong>.<\/p>\n\n\n\n<p>Para aprofundarmos no tema, trouxemos o v\u00eddeo do perfil @quimica2119:<\/p>\n\n\n\n<blockquote class=\"tiktok-embed\" cite=\"https:\/\/www.tiktok.com\/@quimica2119\/video\/7538810065449389317\" data-video-id=\"7538810065449389317\" style=\"max-width: 605px;min-width: 325px;\" > <section> <a target=\"_blank\" title=\"@quimica2119\" href=\"https:\/\/www.tiktok.com\/@quimica2119?refer=embed\">@quimica2119<\/a> Veem ou V\u00eam ? <a title=\"enem\" target=\"_blank\" href=\"https:\/\/www.tiktok.com\/tag\/enem?refer=embed\">#enem<\/a> <a title=\"concursospublicos\" target=\"_blank\" href=\"https:\/\/www.tiktok.com\/tag\/concursospublicos?refer=embed\">#concursospublicos<\/a> <a title=\"concursos\" target=\"_blank\" href=\"https:\/\/www.tiktok.com\/tag\/concursos?refer=embed\">#concursos<\/a> <a title=\"portugues\" target=\"_blank\" href=\"https:\/\/www.tiktok.com\/tag\/portugues?refer=embed\">#portugues<\/a> <a title=\"concursospoliciais\" target=\"_blank\" href=\"https:\/\/www.tiktok.com\/tag\/concursospoliciais?refer=embed\">#concursospoliciais<\/a> <a target=\"_blank\" title=\"\u266c som original - Prof \u00ba La\u00e9rcio Sousa\" href=\"https:\/\/www.tiktok.com\/music\/som-original-7538810076916796165?refer=embed\">\u266c som original &#8211; Prof \u00ba La\u00e9rcio Sousa<\/a> <\/section> <\/blockquote> <script async src=\"https:\/\/www.tiktok.com\/embed.js\"><\/script>\n\n\n\n<h2 class=\"wp-block-heading\">Como saber quando usar veem de forma adequada<\/h2>\n\n\n\n<p>J\u00e1 <strong>veem<\/strong> pertence ao verbo <strong>ver<\/strong>, tamb\u00e9m na <strong>3\u00aa pessoa do plural<\/strong> do presente do indicativo: <em>eles veem<\/em>, <em>as crian\u00e7as veem<\/em>, <em>os gerentes veem<\/em>. Antes do Novo Acordo Ortogr\u00e1fico, essa forma era escrita com acento: <strong>v\u00eaem<\/strong>, grafia hoje considerada <strong>inadequada<\/strong> em textos normativos e avalia\u00e7\u00f5es oficiais.<\/p>\n\n\n\n<p>No presente do indicativo do verbo <strong>ver<\/strong>, cada forma apresenta uma termina\u00e7\u00e3o pr\u00f3pria, e a aus\u00eancia de acento em <strong>veem<\/strong> \u00e9 uma caracter\u00edstica importante a ser memorizada.<\/p>\n\n\n\n<ul class=\"wp-block-list\">\n<li><strong>eu vejo<\/strong><\/li>\n\n\n\n<li><strong>tu v\u00eas<\/strong><\/li>\n\n\n\n<li><strong>ele v\u00ea<\/strong><\/li>\n\n\n\n<li><strong>n\u00f3s vemos<\/strong><\/li>\n\n\n\n<li><strong>v\u00f3s vedes<\/strong> (pouco utilizado na linguagem cotidiana)<\/li>\n\n\n\n<li><strong>eles veem<\/strong> (sem acento)<\/li>\n<\/ul>\n\n\n\n<p>Assim, na frase analisada, a forma adequada \u00e9: <strong>\u201c&#8230;e veem o desempenho dos colaboradores.\u201d<\/strong> O sujeito \u201cos gerentes\u201d continua no plural, e o verbo <strong>ver<\/strong>, na 3\u00aa pessoa do plural, deve aparecer sempre sem acento: <strong>veem<\/strong>.<\/p>\n\n\n\n<h2 class=\"wp-block-heading\">Por que veem n\u00e3o tem mais acento na nova ortografia<\/h2>\n\n\n\n<p>A retirada do acento em <strong>veem<\/strong> faz parte de um conjunto de <strong>simplifica\u00e7\u00f5es ortogr\u00e1ficas<\/strong> introduzidas pelo Novo Acordo Ortogr\u00e1fico. Palavras com duas vogais id\u00eanticas em sequ\u00eancia, como <strong>veem<\/strong> e <strong>creem<\/strong>, deixaram de receber acento para tornar o sistema mais uniforme, mantendo a mesma pron\u00fancia, mas com grafia simplificada.<\/p>\n\n\n\n<p>Outros verbos seguiram exatamente a mesma l\u00f3gica e tamb\u00e9m perderam o acento na forma da 3\u00aa pessoa do plural no presente do indicativo.<\/p>\n\n\n\n<ul class=\"wp-block-list\">\n<li><strong>v\u00eaem<\/strong> \u2192 <strong>veem<\/strong><\/li>\n\n\n\n<li><strong>cr\u00eaem<\/strong> \u2192 <strong>creem<\/strong><\/li>\n\n\n\n<li><strong>l\u00eaem<\/strong> \u2192 <strong>leem<\/strong><\/li>\n<\/ul>\n\n\n\n<p>Em todos esses exemplos, a forma acentuada era comum antes da reforma, mas hoje as gram\u00e1ticas e manuais de reda\u00e7\u00e3o recomendam apenas as grafias sem acento, classificando as formas antigas como <strong>erro ortogr\u00e1fico<\/strong> em concursos, vestibulares e provas em geral.<\/p>\n\n\n\n<figure class=\"wp-block-image size-large\"><img decoding=\"async\" width=\"1024\" height=\"572\" src=\"https:\/\/www.correiobraziliense.com.br\/cbradar\/wp-content\/uploads\/2026\/01\/Vem-vs-Veem-1024x572.png\" alt=\"A explica\u00e7\u00e3o definitiva para saber quando usar &quot;vem&quot; ou &quot;veem&quot;\" class=\"wp-image-176486\" srcset=\"https:\/\/www.correiobraziliense.com.br\/cbradar\/wp-content\/uploads\/2026\/01\/Vem-vs-Veem-1024x572.png 1024w, https:\/\/www.correiobraziliense.com.br\/cbradar\/wp-content\/uploads\/2026\/01\/Vem-vs-Veem-300x167.png 300w, https:\/\/www.correiobraziliense.com.br\/cbradar\/wp-content\/uploads\/2026\/01\/Vem-vs-Veem-768x429.png 768w, https:\/\/www.correiobraziliense.com.br\/cbradar\/wp-content\/uploads\/2026\/01\/Vem-vs-Veem-750x419.png 750w, https:\/\/www.correiobraziliense.com.br\/cbradar\/wp-content\/uploads\/2026\/01\/Vem-vs-Veem-1140x636.png 1140w, https:\/\/www.correiobraziliense.com.br\/cbradar\/wp-content\/uploads\/2026\/01\/Vem-vs-Veem.png 1376w\" sizes=\"(max-width: 1024px) 100vw, 1024px\" \/><figcaption class=\"wp-element-caption\">Esque\u00e7a a d\u00favida: &#8220;vem&#8221; \u00e9 singular de vir, &#8220;v\u00eam&#8221; plural, &#8220;veem&#8221; de ver. F\u00e1cil e r\u00e1pido para o dia a dia!<\/figcaption><\/figure>\n\n\n\n<h2 class=\"wp-block-heading\">Quais estrat\u00e9gias ajudam a n\u00e3o errar vem, v\u00eam e veem<\/h2>\n\n\n\n<p>Algumas estrat\u00e9gias simples auxiliam a evitar equ\u00edvocos e a refor\u00e7ar o uso correto dessas formas verbais. Em vez de decorar regras soltas, \u00e9 mais eficiente relacionar cada palavra ao <strong>verbo de origem<\/strong> e ao tipo de sujeito da frase, analisando sempre o contexto.<\/p>\n\n\n\n<ol class=\"wp-block-list\">\n<li><strong>Identificar o verbo:<\/strong> perguntar mentalmente se a frase expressa a ideia de <strong>vir<\/strong> (deslocar-se em dire\u00e7\u00e3o a algo) ou de <strong>ver<\/strong> (enxergar, observar).<\/li>\n\n\n\n<li><strong>Confirmar o sujeito:<\/strong> verificar se o sujeito est\u00e1 no singular ou no plural. Se estiver no singular, pensar em \u201cele\u201d; se estiver no plural, pensar em \u201celes\u201d.<\/li>\n\n\n\n<li><strong>Aplicar o modelo:<\/strong>\n<ul class=\"wp-block-list\">\n<li><strong>ele vem<\/strong> \/ <strong>eles v\u00eam<\/strong> \u2192 verbo <strong>vir<\/strong>;<\/li>\n\n\n\n<li><strong>ele v\u00ea<\/strong> \/ <strong>eles veem<\/strong> \u2192 verbo <strong>ver<\/strong>.<\/li>\n<\/ul>\n<\/li>\n\n\n\n<li><strong>Lembrar do acordo ortogr\u00e1fico:<\/strong> para o verbo <strong>ver<\/strong>, n\u00e3o h\u00e1 mais acento na forma plural: sempre <strong>veem<\/strong>, nunca \u201cv\u00eaem\u201d.<\/li>\n<\/ol>\n\n\n\n<p>Ao aplicar essas etapas, a frase de refer\u00eancia fica coerente: <strong>\u201cOs gerentes v\u00eam ao setor todos os dias e veem o desempenho dos colaboradores.\u201d<\/strong> O primeiro verbo indica deslocamento at\u00e9 o setor; o segundo, a a\u00e7\u00e3o de observar o trabalho, facilitando um uso mais autom\u00e1tico e seguro de <strong>vem<\/strong>, <strong>v\u00eam<\/strong> e <strong>veem<\/strong> em qualquer texto.<\/p>\n","protected":false},"excerpt":{"rendered":"<p>Descubra de forma simples quando usar vem ou veem, com exemplos, regras do Novo Acordo Ortogr\u00e1fico e corre\u00e7\u00f5es dos erros mais comuns.<\/p>\n","protected":false},"author":3,"featured_media":178165,"comment_status":"open","ping_status":"open","sticky":false,"template":"","format":"standard","meta":{"_yoast_wpseo_focuskw":"\"vem\" ou \"veem\"","_yoast_wpseo_title":"%%title%%","_yoast_wpseo_metadesc":"Descubra de forma simples quando usar vem ou veem, com exemplos, regras do Novo Acordo Ortogr\u00e1fico e corre\u00e7\u00f5es dos erros mais comuns.","jnews-multi-image_gallery":[],"jnews_single_post":{"format":"standard"},"jnews_primary_category":[],"jnews_social_meta":[],"jnews_override_counter":[],"footnotes":""},"categories":[112],"tags":[144,10902,11064,6081],"class_list":["post-176484","post","type-post","status-publish","format-standard","has-post-thumbnail","hentry","category-curiosidades","tag-curiosidades","tag-lingua-portuguesa","tag-linguas","tag-portugues"],"yoast_head":"<!-- This site is optimized with the Yoast SEO plugin v24.6 - https:\/\/yoast.com\/wordpress\/plugins\/seo\/ -->\n<title>A explica\u00e7\u00e3o definitiva para saber quando usar &quot;vem&quot; ou &quot;veem&quot;<\/title>\n<meta name=\"description\" content=\"Descubra de forma simples quando usar vem ou veem, com exemplos, regras do Novo Acordo Ortogr\u00e1fico e corre\u00e7\u00f5es dos erros mais comuns.\" \/>\n<meta name=\"robots\" content=\"index, follow, max-snippet:-1, max-image-preview:large, max-video-preview:-1\" \/>\n<link rel=\"canonical\" href=\"https:\/\/www.correiobraziliense.com.br\/cbradar\/a-explicacao-definitiva-para-saber-quando-usar-vem-ou-veem\/\" \/>\n<meta property=\"og:locale\" content=\"pt_BR\" \/>\n<meta property=\"og:type\" content=\"article\" \/>\n<meta property=\"og:title\" content=\"A explica\u00e7\u00e3o definitiva para saber quando usar &quot;vem&quot; ou &quot;veem&quot;\" \/>\n<meta property=\"og:description\" content=\"Descubra de forma simples quando usar vem ou veem, com exemplos, regras do Novo Acordo Ortogr\u00e1fico e corre\u00e7\u00f5es dos erros mais comuns.\" \/>\n<meta property=\"og:url\" content=\"https:\/\/www.correiobraziliense.com.br\/cbradar\/a-explicacao-definitiva-para-saber-quando-usar-vem-ou-veem\/\" \/>\n<meta property=\"og:site_name\" content=\"Correio Braziliense - Radar\" \/>\n<meta property=\"article:published_time\" content=\"2026-01-20T18:15:00+00:00\" \/>\n<meta property=\"og:image\" content=\"https:\/\/www.correiobraziliense.com.br\/cbradar\/wp-content\/uploads\/2026\/01\/freepik__imagem-de-um-quadro-escolar-de-giz-escrito-vem-e-v__41058.jpeg\" \/>\n\t<meta property=\"og:image:width\" content=\"1280\" \/>\n\t<meta property=\"og:image:height\" content=\"720\" \/>\n\t<meta property=\"og:image:type\" content=\"image\/jpeg\" \/>\n<meta name=\"author\" content=\"Larissa Carvalho\" \/>\n<meta name=\"twitter:card\" content=\"summary_large_image\" \/>\n<meta name=\"twitter:label1\" content=\"Escrito por\" \/>\n\t<meta name=\"twitter:data1\" content=\"Larissa Carvalho\" \/>\n\t<meta name=\"twitter:label2\" content=\"Est. tempo de leitura\" \/>\n\t<meta name=\"twitter:data2\" content=\"5 minutos\" \/>\n<!-- \/ Yoast SEO plugin. -->","yoast_head_json":{"title":"A explica\u00e7\u00e3o definitiva para saber quando usar \"vem\" ou \"veem\"","description":"Descubra de forma simples quando usar vem ou veem, com exemplos, regras do Novo Acordo Ortogr\u00e1fico e corre\u00e7\u00f5es dos erros mais comuns.","robots":{"index":"index","follow":"follow","max-snippet":"max-snippet:-1","max-image-preview":"max-image-preview:large","max-video-preview":"max-video-preview:-1"},"canonical":"https:\/\/www.correiobraziliense.com.br\/cbradar\/a-explicacao-definitiva-para-saber-quando-usar-vem-ou-veem\/","og_locale":"pt_BR","og_type":"article","og_title":"A explica\u00e7\u00e3o definitiva para saber quando usar \"vem\" ou \"veem\"","og_description":"Descubra de forma simples quando usar vem ou veem, com exemplos, regras do Novo Acordo Ortogr\u00e1fico e corre\u00e7\u00f5es dos erros mais comuns.","og_url":"https:\/\/www.correiobraziliense.com.br\/cbradar\/a-explicacao-definitiva-para-saber-quando-usar-vem-ou-veem\/","og_site_name":"Correio Braziliense - Radar","article_published_time":"2026-01-20T18:15:00+00:00","og_image":[{"width":1280,"height":720,"url":"https:\/\/www.correiobraziliense.com.br\/cbradar\/wp-content\/uploads\/2026\/01\/freepik__imagem-de-um-quadro-escolar-de-giz-escrito-vem-e-v__41058.jpeg","type":"image\/jpeg"}],"author":"Larissa Carvalho","twitter_card":"summary_large_image","twitter_misc":{"Escrito por":"Larissa Carvalho","Est. tempo de leitura":"5 minutos"},"schema":{"@context":"https:\/\/schema.org","@graph":[{"@type":"WebPage","@id":"https:\/\/www.correiobraziliense.com.br\/cbradar\/a-explicacao-definitiva-para-saber-quando-usar-vem-ou-veem\/","url":"https:\/\/www.correiobraziliense.com.br\/cbradar\/a-explicacao-definitiva-para-saber-quando-usar-vem-ou-veem\/","name":"A explica\u00e7\u00e3o definitiva para saber quando usar \"vem\" ou \"veem\"","isPartOf":{"@id":"https:\/\/www.correiobraziliense.com.br\/cbradar\/#website"},"primaryImageOfPage":{"@id":"https:\/\/www.correiobraziliense.com.br\/cbradar\/a-explicacao-definitiva-para-saber-quando-usar-vem-ou-veem\/#primaryimage"},"image":{"@id":"https:\/\/www.correiobraziliense.com.br\/cbradar\/a-explicacao-definitiva-para-saber-quando-usar-vem-ou-veem\/#primaryimage"},"thumbnailUrl":"https:\/\/www.correiobraziliense.com.br\/cbradar\/wp-content\/uploads\/2026\/01\/freepik__imagem-de-um-quadro-escolar-de-giz-escrito-vem-e-v__41058.jpeg","datePublished":"2026-01-20T18:15:00+00:00","author":{"@id":"https:\/\/www.correiobraziliense.com.br\/cbradar\/#\/schema\/person\/58422787644df994b53a19d3e56c1513"},"description":"Descubra de forma simples quando usar vem ou veem, com exemplos, regras do Novo Acordo Ortogr\u00e1fico e corre\u00e7\u00f5es dos erros mais comuns.","breadcrumb":{"@id":"https:\/\/www.correiobraziliense.com.br\/cbradar\/a-explicacao-definitiva-para-saber-quando-usar-vem-ou-veem\/#breadcrumb"},"inLanguage":"pt-BR","potentialAction":[{"@type":"ReadAction","target":["https:\/\/www.correiobraziliense.com.br\/cbradar\/a-explicacao-definitiva-para-saber-quando-usar-vem-ou-veem\/"]}]},{"@type":"ImageObject","inLanguage":"pt-BR","@id":"https:\/\/www.correiobraziliense.com.br\/cbradar\/a-explicacao-definitiva-para-saber-quando-usar-vem-ou-veem\/#primaryimage","url":"https:\/\/www.correiobraziliense.com.br\/cbradar\/wp-content\/uploads\/2026\/01\/freepik__imagem-de-um-quadro-escolar-de-giz-escrito-vem-e-v__41058.jpeg","contentUrl":"https:\/\/www.correiobraziliense.com.br\/cbradar\/wp-content\/uploads\/2026\/01\/freepik__imagem-de-um-quadro-escolar-de-giz-escrito-vem-e-v__41058.jpeg","width":1280,"height":720,"caption":"Vem e v\u00eam s\u00e3o formas do verbo vir e variam conforme o sujeito singular ou plural"},{"@type":"BreadcrumbList","@id":"https:\/\/www.correiobraziliense.com.br\/cbradar\/a-explicacao-definitiva-para-saber-quando-usar-vem-ou-veem\/#breadcrumb","itemListElement":[{"@type":"ListItem","position":1,"name":"In\u00edcio","item":"https:\/\/www.correiobraziliense.com.br\/cbradar\/"},{"@type":"ListItem","position":2,"name":"A explica\u00e7\u00e3o definitiva para saber quando usar &#8220;vem&#8221; ou &#8220;veem&#8221;"}]},{"@type":"WebSite","@id":"https:\/\/www.correiobraziliense.com.br\/cbradar\/#website","url":"https:\/\/www.correiobraziliense.com.br\/cbradar\/","name":"Correio Braziliense - Radar","description":"Acompanhe as \u00faltimas not\u00edcias e fique bem informado sobre tudo o que acontece no Brasil e no mundo.","potentialAction":[{"@type":"SearchAction","target":{"@type":"EntryPoint","urlTemplate":"https:\/\/www.correiobraziliense.com.br\/cbradar\/?s={search_term_string}"},"query-input":{"@type":"PropertyValueSpecification","valueRequired":true,"valueName":"search_term_string"}}],"inLanguage":"pt-BR"},{"@type":"Person","@id":"https:\/\/www.correiobraziliense.com.br\/cbradar\/#\/schema\/person\/58422787644df994b53a19d3e56c1513","name":"Larissa Carvalho","image":{"@type":"ImageObject","inLanguage":"pt-BR","@id":"https:\/\/www.correiobraziliense.com.br\/cbradar\/#\/schema\/person\/image\/","url":"https:\/\/secure.gravatar.com\/avatar\/fe4f91a0de32b52a838d0d612abdc1aa?s=96&d=mm&r=g","contentUrl":"https:\/\/secure.gravatar.com\/avatar\/fe4f91a0de32b52a838d0d612abdc1aa?s=96&d=mm&r=g","caption":"Larissa Carvalho"},"url":"https:\/\/www.correiobraziliense.com.br\/cbradar\/author\/larissamyth\/"}]}},"_links":{"self":[{"href":"https:\/\/www.correiobraziliense.com.br\/cbradar\/wp-json\/wp\/v2\/posts\/176484","targetHints":{"allow":["GET"]}}],"collection":[{"href":"https:\/\/www.correiobraziliense.com.br\/cbradar\/wp-json\/wp\/v2\/posts"}],"about":[{"href":"https:\/\/www.correiobraziliense.com.br\/cbradar\/wp-json\/wp\/v2\/types\/post"}],"author":[{"embeddable":true,"href":"https:\/\/www.correiobraziliense.com.br\/cbradar\/wp-json\/wp\/v2\/users\/3"}],"replies":[{"embeddable":true,"href":"https:\/\/www.correiobraziliense.com.br\/cbradar\/wp-json\/wp\/v2\/comments?post=176484"}],"version-history":[{"count":2,"href":"https:\/\/www.correiobraziliense.com.br\/cbradar\/wp-json\/wp\/v2\/posts\/176484\/revisions"}],"predecessor-version":[{"id":176487,"href":"https:\/\/www.correiobraziliense.com.br\/cbradar\/wp-json\/wp\/v2\/posts\/176484\/revisions\/176487"}],"wp:featuredmedia":[{"embeddable":true,"href":"https:\/\/www.correiobraziliense.com.br\/cbradar\/wp-json\/wp\/v2\/media\/178165"}],"wp:attachment":[{"href":"https:\/\/www.correiobraziliense.com.br\/cbradar\/wp-json\/wp\/v2\/media?parent=176484"}],"wp:term":[{"taxonomy":"category","embeddable":true,"href":"https:\/\/www.correiobraziliense.com.br\/cbradar\/wp-json\/wp\/v2\/categories?post=176484"},{"taxonomy":"post_tag","embeddable":true,"href":"https:\/\/www.correiobraziliense.com.br\/cbradar\/wp-json\/wp\/v2\/tags?post=176484"}],"curies":[{"name":"wp","href":"https:\/\/api.w.org\/{rel}","templated":true}]}}