{"id":176606,"date":"2026-01-19T07:55:00","date_gmt":"2026-01-19T10:55:00","guid":{"rendered":"https:\/\/www.correiobraziliense.com.br\/cbradar\/?p=176606"},"modified":"2026-01-17T02:16:15","modified_gmt":"2026-01-17T05:16:15","slug":"o-paraiso-a-170-km-de-floripa-onde-uma-ponte-de-vidro-que-da-medo-de-andar-fica-a-1-822-metros-de-altura-e-o-frio-ja-chegou-a-%e2%88%92178-c","status":"publish","type":"post","link":"https:\/\/www.correiobraziliense.com.br\/cbradar\/o-paraiso-a-170-km-de-floripa-onde-uma-ponte-de-vidro-que-da-medo-de-andar-fica-a-1-822-metros-de-altura-e-o-frio-ja-chegou-a-%e2%88%92178-c\/","title":{"rendered":"O para\u00edso a 170 km de Floripa onde uma ponte de vidro que d\u00e1 medo de andar fica a 1.822 metros de altura e o frio j\u00e1 chegou a \u221217,8 \u00b0C"},"content":{"rendered":"\n<p>Conhecida como a <strong>Terra das Hortali\u00e7as<\/strong> e presen\u00e7a constante nos notici\u00e1rios pelos recordes de frio, <strong>Urubici<\/strong> est\u00e1 no cora\u00e7\u00e3o da <strong>Serra Catarinense<\/strong>, a cerca de <strong>170 km de Florian\u00f3polis<\/strong>, e encanta moradores e visitantes com paisagens de altitude; entre seus atrativos mais emblem\u00e1ticos destaca-se a <strong>ponte de vidro<\/strong>, uma estrutura suspensa com piso transparente que oferece uma vista impressionante dos c\u00e2nions e da mata nativa, consolidando o munic\u00edpio como um dos destinos de natureza mais impactantes do sul do Brasil.<\/p>\n\n\n\n<h2 class=\"wp-block-heading\">Por que a geografia local \u00e9 um espet\u00e1culo \u00e0 parte?<\/h2>\n\n\n\n<p>Localizada no vale do <strong>Rio Canoas<\/strong>, a cidade \u00e9 cercada por forma\u00e7\u00f5es rochosas gigantescas e pared\u00f5es de arenito que chegam a lembrar paisagens de outros continentes. A altitude m\u00e9dia elevada favorece a preserva\u00e7\u00e3o de florestas de arauc\u00e1rias e campos de altitude, criando um cen\u00e1rio visualmente dram\u00e1tico e \u00fanico no pa\u00eds.<\/p>\n\n\n\n<p>A topografia acidentada n\u00e3o serve apenas como beleza c\u00eanica; ela \u00e9 o palco para estradas lend\u00e1rias como a <strong>Serra do Corvo Branco<\/strong>. Com seus cortes de 90 graus na rocha viva, essa via desafia a engenharia e oferece aos visitantes a sensa\u00e7\u00e3o de estar dirigindo por dentro da montanha, revelando abismos e vales profundos a cada curva.<\/p>\n\n\n<div class=\"wp-block-image\">\n<figure class=\"aligncenter size-large\"><img decoding=\"async\" width=\"1024\" height=\"576\" src=\"https:\/\/www.correiobraziliense.com.br\/cbradar\/wp-content\/uploads\/2026\/01\/aaa-2026-01-17T015202.262-1-1024x576.png\" alt=\"O para\u00edso a 170 km de Floripa onde uma ponte de vidro que d\u00e1 medo de andar fica a 1.822 metros de altura e o frio j\u00e1 chegou a \u221217,8 \u00b0C\" class=\"wp-image-176610\" srcset=\"https:\/\/www.correiobraziliense.com.br\/cbradar\/wp-content\/uploads\/2026\/01\/aaa-2026-01-17T015202.262-1-1024x576.png 1024w, https:\/\/www.correiobraziliense.com.br\/cbradar\/wp-content\/uploads\/2026\/01\/aaa-2026-01-17T015202.262-1-300x169.png 300w, https:\/\/www.correiobraziliense.com.br\/cbradar\/wp-content\/uploads\/2026\/01\/aaa-2026-01-17T015202.262-1-768x432.png 768w, https:\/\/www.correiobraziliense.com.br\/cbradar\/wp-content\/uploads\/2026\/01\/aaa-2026-01-17T015202.262-1-750x422.png 750w, https:\/\/www.correiobraziliense.com.br\/cbradar\/wp-content\/uploads\/2026\/01\/aaa-2026-01-17T015202.262-1-1140x641.png 1140w, https:\/\/www.correiobraziliense.com.br\/cbradar\/wp-content\/uploads\/2026\/01\/aaa-2026-01-17T015202.262-1.png 1280w\" sizes=\"(max-width: 1024px) 100vw, 1024px\" \/><figcaption class=\"wp-element-caption\">Urubici revela vales gelados e mirantes \u00e9picos! Serra Catarinense inspira paz e aventura no ponto mais frio do Brasil continental. \/\/ Cr\u00e9ditos: Wikimedia Commons<\/figcaption><\/figure><\/div>\n\n\n<h2 class=\"wp-block-heading\">Onde o Brasil congela no inverno?<\/h2>\n\n\n\n<p>O munic\u00edpio disputa com a vizinha <strong>S\u00e3o Joaquim<\/strong> o t\u00edtulo de cidade mais fria do pa\u00eds, mas \u00e9 em <strong>Urubici<\/strong> que se encontra o ponto habitado mais alto do sul: o <strong>Morro da Igreja<\/strong>, a <strong>1.822 metros de altitude.<\/strong> Foi l\u00e1 que, em 1996, registrou-se a <strong>temperatura hist\u00f3rica de \u221217,8\u202f\u00b0C<\/strong>, a mais baixa j\u00e1 documentada oficialmente no territ\u00f3rio brasileiro.<\/p>\n\n\n\n<p>Essa voca\u00e7\u00e3o para o frio atrai milhares de \u201cca\u00e7adores de neve\u201d durante o inverno. A possibilidade de ver a paisagem branca e os telhados congelados pela geada transforma a rotina da cidade, lotando pousadas e aquecendo a economia atrav\u00e9s do turismo de inverno.<\/p>\n\n\n\n<p><strong>Conhe\u00e7a o Morro da Igreja, em Urubici (Santa Catarina), um dos destinos mais famosos e deslumbrantes da Serra Catarinense. <\/strong>O v\u00eddeo \u00e9 do canal <strong>Paz, Amor e Viagem<\/strong>, apresentado por Luana e Luiz, que vivem em um motorhome e compartilham suas experi\u00eancias de viagem.<\/p>\n\n\n\n<figure class=\"wp-block-embed aligncenter is-type-video is-provider-youtube wp-block-embed-youtube wp-embed-aspect-16-9 wp-has-aspect-ratio\"><div class=\"wp-block-embed__wrapper\">\n<div class=\"jeg_video_container jeg_video_content\"><iframe loading=\"lazy\" title=\"CONHE\u00c7A o MORRO DA IGREJA em Urubici | Santa Catarina | Paz, Amor e Viagem\" width=\"500\" height=\"281\" src=\"https:\/\/www.youtube.com\/embed\/_PVtihGOQgU?feature=oembed\" frameborder=\"0\" allow=\"accelerometer; autoplay; clipboard-write; encrypted-media; gyroscope; picture-in-picture; web-share\" referrerpolicy=\"strict-origin-when-cross-origin\" allowfullscreen><\/iframe><\/div>\n<\/div><\/figure>\n\n\n\n<h2 class=\"wp-block-heading\">Como a agricultura sustenta a economia?<\/h2>\n\n\n\n<p>Apesar do crescimento do turismo, a base econ\u00f4mica de <strong>Urubici<\/strong> ainda reside na terra. O clima frio e o solo f\u00e9rtil fazem do munic\u00edpio o maior produtor de hortali\u00e7as de <strong>Santa Catarina<\/strong>, abastecendo mercados em todo o estado. Viajar pelas estradas locais \u00e9 observar um mosaico colorido de planta\u00e7\u00f5es que sobem os morros.<\/p>\n\n\n\n<p>Al\u00e9m das verduras, a regi\u00e3o destaca-se na fruticultura de clima temperado, como a ma\u00e7\u00e3 e a ameixa, e na produ\u00e7\u00e3o de trutas. A gastronomia local aproveita essa abund\u00e2ncia, oferecendo pratos frescos que v\u00e3o do pinh\u00e3o cozido \u00e0s receitas sofisticadas com peixes de \u00e1guas geladas.<\/p>\n\n\n<div class=\"wp-block-image\">\n<figure class=\"aligncenter size-large\"><img decoding=\"async\" width=\"1024\" height=\"576\" src=\"https:\/\/www.correiobraziliense.com.br\/cbradar\/wp-content\/uploads\/2026\/01\/aaa-2026-01-17T015550.436-1024x576.png\" alt=\"O para\u00edso a 170 km de Floripa onde uma ponte de vidro que d\u00e1 medo de andar fica a 1.822 metros de altura e o frio j\u00e1 chegou a \u221217,8 \u00b0C\" class=\"wp-image-176611\" srcset=\"https:\/\/www.correiobraziliense.com.br\/cbradar\/wp-content\/uploads\/2026\/01\/aaa-2026-01-17T015550.436-1024x576.png 1024w, https:\/\/www.correiobraziliense.com.br\/cbradar\/wp-content\/uploads\/2026\/01\/aaa-2026-01-17T015550.436-300x169.png 300w, https:\/\/www.correiobraziliense.com.br\/cbradar\/wp-content\/uploads\/2026\/01\/aaa-2026-01-17T015550.436-768x432.png 768w, https:\/\/www.correiobraziliense.com.br\/cbradar\/wp-content\/uploads\/2026\/01\/aaa-2026-01-17T015550.436-750x422.png 750w, https:\/\/www.correiobraziliense.com.br\/cbradar\/wp-content\/uploads\/2026\/01\/aaa-2026-01-17T015550.436-1140x641.png 1140w, https:\/\/www.correiobraziliense.com.br\/cbradar\/wp-content\/uploads\/2026\/01\/aaa-2026-01-17T015550.436.png 1280w\" sizes=\"(max-width: 1024px) 100vw, 1024px\" \/><figcaption class=\"wp-element-caption\">Urubici SC desponta em 2026 com vin\u00edcolas de altitude e ecoturismo: Serra do Corvo Branco e Papu\u00e3 atraem visitantes recorde. \/\/ Cr\u00e9ditos; Wikimedia Commons<\/figcaption><\/figure><\/div>\n\n\n<h2 class=\"wp-block-heading\">O que fazer na terra das cachoeiras?<\/h2>\n\n\n\n<p>O roteiro em <strong>Urubici<\/strong> \u00e9 focado no ecoturismo, exigindo transporte pr\u00f3prio ou guias para acessar os pontos mais distantes. A cidade possui mais de 80 cachoeiras catalogadas, muitas de f\u00e1cil acesso e outras que exigem trilhas.<\/p>\n\n\n\n<p>Para uma experi\u00eancia completa na serra, \u00e9 indispens\u00e1vel visitar:<\/p>\n\n\n\n<ul class=\"wp-block-list\">\n<li><strong>Morro da Igreja e Pedra Furada<\/strong>: O cart\u00e3o-postal m\u00e1ximo. \u00c9 necess\u00e1rio agendamento pr\u00e9vio com o ICMBio para subir e ver a janela natural na pedra.<\/li>\n\n\n\n<li><strong>Cascata do Avencal<\/strong>: Uma queda livre espetacular de 100 metros. O parque oferece mirantes de vidro, tirolesa e pedalinho.<\/li>\n\n\n\n<li><strong>Morro do Campestre<\/strong>: Forma\u00e7\u00e3o de arenito com infraestrutura moderna de passarelas, famosa pelo p\u00f4r do sol mais bonito da regi\u00e3o.<\/li>\n\n\n\n<li><strong>Serra do Corvo Branco<\/strong>: Estrada c\u00eanica com o maior corte em rocha do Brasil, oferecendo vistas vertiginosas dos pared\u00f5es.<\/li>\n\n\n\n<li><strong>Cachoeira do Papu\u00e3<\/strong>: Complexo tur\u00edstico recente com passarelas acess\u00edveis que terminam em um mirante de vidro sobre o precip\u00edcio da cachoeira.<\/li>\n\n\n\n<li><strong>Gruta Nossa Senhora de Lourdes<\/strong>: Um santu\u00e1rio natural encravado na rocha, com uma queda d&#8217;\u00e1gua que forma um v\u00e9u na frente da imagem da santa.<\/li>\n\n\n\n<li><strong>Ponte de Vidro de Urubici (Parque Mundo Novo)<\/strong>: Uma das atra\u00e7\u00f5es mais famosas da regi\u00e3o. A ponte suspensa, com piso totalmente transparente, proporciona uma vista impressionante dos c\u00e2nions e da mata nativa, sendo um dos pontos mais procurados para fotos e para quem busca uma dose extra de adrenalina.<\/li>\n<\/ul>\n\n\n\n<p><strong>Descubra a grandiosidade dos Altos do Corvo Branco em Urubici, Santa Catarina.<\/strong> O v\u00eddeo do canal <strong>Meu Nome \u00e9 Maicon<\/strong> apresenta um guia completo deste parque que oferece alguns dos visuais mais impressionantes da <strong>Serra Catarinense<\/strong>, localizado logo acima do famoso corte em rocha da Serra do Corvo Branco:<\/p>\n\n\n\n<figure class=\"wp-block-embed aligncenter is-type-video is-provider-youtube wp-block-embed-youtube wp-embed-aspect-16-9 wp-has-aspect-ratio\"><div class=\"wp-block-embed__wrapper\">\n<div class=\"jeg_video_container jeg_video_content\"><iframe loading=\"lazy\" title=\"\ud83d\udc7d ALTOS DO CORVO BRANCO | URUBICI | SERRA CATARINENSE | SC\" width=\"500\" height=\"281\" src=\"https:\/\/www.youtube.com\/embed\/rIbWw4ziv_A?feature=oembed\" frameborder=\"0\" allow=\"accelerometer; autoplay; clipboard-write; encrypted-media; gyroscope; picture-in-picture; web-share\" referrerpolicy=\"strict-origin-when-cross-origin\" allowfullscreen><\/iframe><\/div>\n<\/div><\/figure>\n\n\n\n<p><strong>Leia tamb\u00e9m: <a href=\"https:\/\/www.correiobraziliense.com.br\/cbradar\/por-que-sua-casa-e-mais-quente-que-a-rua-o-efeito-ilha-de-calor-das-telhas-e-cores-escuras\/\" target=\"_blank\" rel=\"noreferrer noopener\">Por que sua casa \u00e9 mais quente que a rua? O efeito &#8216;ilha de calor&#8217; das telhas e cores escuras.<\/a><\/strong><\/p>\n\n\n\n<h2 class=\"wp-block-heading\">Quando o clima favorece a viagem?<\/h2>\n\n\n\n<p><strong>O clima \u00e9 temperado, sem esta\u00e7\u00e3o seca definida.<\/strong> O inverno \u00e9 a alta temporada devido ao frio e chance de neve, mas a primavera e o outono oferecem dias mais limpos e ideais para fotografia.<\/p>\n\n\n\n<p>A tabela a seguir, baseada em dados hist\u00f3ricos do <strong><a href=\"https:\/\/www.climatempo.com.br\/previsao-do-tempo\/cidade\/3483\/urubici-sc\" target=\"_blank\" rel=\"noreferrer noopener\">Climatempo<\/a><\/strong>, ajuda a planejar a mala:<\/p>\n\n\n\n<figure class=\"wp-block-table\"><table class=\"has-fixed-layout\"><tbody><tr><th>Esta\u00e7\u00e3o\/Meses<\/th><th>Temperatura M\u00e9dia<\/th><th>O que esperar<\/th><\/tr><tr><td>Inverno (Jun-Ago)<\/td><td>-2\u00b0C a 13\u00b0C<\/td><td>Frio rigoroso, geadas frequentes, chance de neve e lareiras.<\/td><\/tr><tr><td>Primavera (Set-Nov)<\/td><td>10\u00b0C a 22\u00b0C<\/td><td>Clima inst\u00e1vel, flora\u00e7\u00e3o e paisagens verdes.<\/td><\/tr><tr><td>Ver\u00e3o (Dez-Mar)<\/td><td>14\u00b0C a 25\u00b0C<\/td><td>Dias agrad\u00e1veis, cachoeiras com banho poss\u00edvel e noites frescas.<\/td><\/tr><tr><td>Outono (Abr-Jun)<\/td><td>6\u00b0C a 18\u00b0C<\/td><td>C\u00e9u azul l\u00edmpido, frio come\u00e7ando e \u00f3tima visibilidade.<\/td><\/tr><\/tbody><\/table><\/figure>\n\n\n\n<h2 class=\"wp-block-heading\">Motivos para subir a serra<\/h2>\n\n\n\n<p><strong>Escolher Urubici \u00e9 optar por um contato direto e impactante com a natureza.<\/strong> A cidade oferece uma estrutura tur\u00edstica charmosa, com cabanas isoladas e gastronomia de qualidade, perfeita para desconectar.<\/p>\n\n\n\n<ul class=\"wp-block-list\">\n<li>Possibilidade real de vivenciar temperaturas negativas e neve no <strong>Brasil<\/strong>.<\/li>\n\n\n\n<li>Cen\u00e1rios fotogr\u00e1ficos \u00fanicos como a <strong>Pedra Furada<\/strong>.<\/li>\n\n\n\n<li>Gastronomia baseada em pinh\u00e3o, truta e vinhos de altitude.<\/li>\n<\/ul>\n\n\n\n<p>Voc\u00ea precisa sentir o vento gelado no rosto no topo do <strong>Morro do Campestre<\/strong> para entender a grandiosidade da serra.<\/p>\n","protected":false},"excerpt":{"rendered":"<p>Conhecida como a Terra das Hortali\u00e7as e presen\u00e7a constante nos notici\u00e1rios pelos recordes de frio, Urubici est\u00e1 no cora\u00e7\u00e3o da Serra Catarinense, a cerca de 170 km de Florian\u00f3polis, e encanta moradores e visitantes com paisagens de altitude; entre seus atrativos mais emblem\u00e1ticos destaca-se a ponte de vidro, uma estrutura suspensa com piso transparente que [&hellip;]<\/p>\n","protected":false},"author":8,"featured_media":176619,"comment_status":"open","ping_status":"open","sticky":false,"template":"","format":"standard","meta":{"_yoast_wpseo_focuskw":"ponte de vidro","_yoast_wpseo_title":"","_yoast_wpseo_metadesc":"Paisagens radicais, ponte de vidro e frio recorde colocam este para\u00edso a 170 km de Floripa entre os destinos mais impressionantes do Brasil.","jnews-multi-image_gallery":[],"jnews_single_post":{"format":"standard"},"jnews_primary_category":[],"jnews_social_meta":[],"jnews_override_counter":[],"footnotes":""},"categories":[108,111],"tags":[14109,14110],"class_list":["post-176606","post","type-post","status-publish","format-standard","has-post-thumbnail","hentry","category-cidades","category-turismo","tag-ponte-de-vidro","tag-urubici"],"yoast_head":"<!-- This site is optimized with the Yoast SEO plugin v24.6 - https:\/\/yoast.com\/wordpress\/plugins\/seo\/ -->\n<title>O para\u00edso a 170 km de Floripa onde uma ponte de vidro que d\u00e1 medo de andar fica a 1.822 metros de altura e o frio j\u00e1 chegou a \u221217,8 \u00b0C - Correio Braziliense - Radar<\/title>\n<meta name=\"description\" content=\"Paisagens radicais, ponte de vidro e frio recorde colocam este para\u00edso a 170 km de Floripa entre os destinos mais impressionantes do Brasil.\" \/>\n<meta name=\"robots\" content=\"index, follow, max-snippet:-1, max-image-preview:large, max-video-preview:-1\" \/>\n<link rel=\"canonical\" href=\"https:\/\/www.correiobraziliense.com.br\/cbradar\/o-paraiso-a-170-km-de-floripa-onde-uma-ponte-de-vidro-que-da-medo-de-andar-fica-a-1-822-metros-de-altura-e-o-frio-ja-chegou-a-\u2212178-c\/\" \/>\n<meta property=\"og:locale\" content=\"pt_BR\" \/>\n<meta property=\"og:type\" content=\"article\" \/>\n<meta property=\"og:title\" content=\"O para\u00edso a 170 km de Floripa onde uma ponte de vidro que d\u00e1 medo de andar fica a 1.822 metros de altura e o frio j\u00e1 chegou a \u221217,8 \u00b0C - Correio Braziliense - Radar\" \/>\n<meta property=\"og:description\" content=\"Paisagens radicais, ponte de vidro e frio recorde colocam este para\u00edso a 170 km de Floripa entre os destinos mais impressionantes do Brasil.\" \/>\n<meta property=\"og:url\" content=\"https:\/\/www.correiobraziliense.com.br\/cbradar\/o-paraiso-a-170-km-de-floripa-onde-uma-ponte-de-vidro-que-da-medo-de-andar-fica-a-1-822-metros-de-altura-e-o-frio-ja-chegou-a-\u2212178-c\/\" \/>\n<meta property=\"og:site_name\" content=\"Correio Braziliense - Radar\" \/>\n<meta property=\"article:published_time\" content=\"2026-01-19T10:55:00+00:00\" \/>\n<meta property=\"og:image\" content=\"https:\/\/www.correiobraziliense.com.br\/cbradar\/wp-content\/uploads\/2026\/01\/aaa-2026-01-17T020341.130.png\" \/>\n\t<meta property=\"og:image:width\" content=\"1280\" \/>\n\t<meta property=\"og:image:height\" content=\"720\" \/>\n\t<meta property=\"og:image:type\" content=\"image\/png\" \/>\n<meta name=\"author\" content=\"Maura Pereira\" \/>\n<meta name=\"twitter:card\" content=\"summary_large_image\" \/>\n<meta name=\"twitter:label1\" content=\"Escrito por\" \/>\n\t<meta name=\"twitter:data1\" content=\"Maura Pereira\" \/>\n\t<meta name=\"twitter:label2\" content=\"Est. tempo de leitura\" \/>\n\t<meta name=\"twitter:data2\" content=\"7 minutos\" \/>\n<!-- \/ Yoast SEO plugin. -->","yoast_head_json":{"title":"O para\u00edso a 170 km de Floripa onde uma ponte de vidro que d\u00e1 medo de andar fica a 1.822 metros de altura e o frio j\u00e1 chegou a \u221217,8 \u00b0C - Correio Braziliense - Radar","description":"Paisagens radicais, ponte de vidro e frio recorde colocam este para\u00edso a 170 km de Floripa entre os destinos mais impressionantes do Brasil.","robots":{"index":"index","follow":"follow","max-snippet":"max-snippet:-1","max-image-preview":"max-image-preview:large","max-video-preview":"max-video-preview:-1"},"canonical":"https:\/\/www.correiobraziliense.com.br\/cbradar\/o-paraiso-a-170-km-de-floripa-onde-uma-ponte-de-vidro-que-da-medo-de-andar-fica-a-1-822-metros-de-altura-e-o-frio-ja-chegou-a-\u2212178-c\/","og_locale":"pt_BR","og_type":"article","og_title":"O para\u00edso a 170 km de Floripa onde uma ponte de vidro que d\u00e1 medo de andar fica a 1.822 metros de altura e o frio j\u00e1 chegou a \u221217,8 \u00b0C - Correio Braziliense - Radar","og_description":"Paisagens radicais, ponte de vidro e frio recorde colocam este para\u00edso a 170 km de Floripa entre os destinos mais impressionantes do Brasil.","og_url":"https:\/\/www.correiobraziliense.com.br\/cbradar\/o-paraiso-a-170-km-de-floripa-onde-uma-ponte-de-vidro-que-da-medo-de-andar-fica-a-1-822-metros-de-altura-e-o-frio-ja-chegou-a-\u2212178-c\/","og_site_name":"Correio Braziliense - Radar","article_published_time":"2026-01-19T10:55:00+00:00","og_image":[{"width":1280,"height":720,"url":"https:\/\/www.correiobraziliense.com.br\/cbradar\/wp-content\/uploads\/2026\/01\/aaa-2026-01-17T020341.130.png","type":"image\/png"}],"author":"Maura Pereira","twitter_card":"summary_large_image","twitter_misc":{"Escrito por":"Maura Pereira","Est. tempo de leitura":"7 minutos"},"schema":{"@context":"https:\/\/schema.org","@graph":[{"@type":"WebPage","@id":"https:\/\/www.correiobraziliense.com.br\/cbradar\/o-paraiso-a-170-km-de-floripa-onde-uma-ponte-de-vidro-que-da-medo-de-andar-fica-a-1-822-metros-de-altura-e-o-frio-ja-chegou-a-%e2%88%92178-c\/","url":"https:\/\/www.correiobraziliense.com.br\/cbradar\/o-paraiso-a-170-km-de-floripa-onde-uma-ponte-de-vidro-que-da-medo-de-andar-fica-a-1-822-metros-de-altura-e-o-frio-ja-chegou-a-%e2%88%92178-c\/","name":"O para\u00edso a 170 km de Floripa onde uma ponte de vidro que d\u00e1 medo de andar fica a 1.822 metros de altura e o frio j\u00e1 chegou a \u221217,8 \u00b0C - Correio Braziliense - Radar","isPartOf":{"@id":"https:\/\/www.correiobraziliense.com.br\/cbradar\/#website"},"primaryImageOfPage":{"@id":"https:\/\/www.correiobraziliense.com.br\/cbradar\/o-paraiso-a-170-km-de-floripa-onde-uma-ponte-de-vidro-que-da-medo-de-andar-fica-a-1-822-metros-de-altura-e-o-frio-ja-chegou-a-%e2%88%92178-c\/#primaryimage"},"image":{"@id":"https:\/\/www.correiobraziliense.com.br\/cbradar\/o-paraiso-a-170-km-de-floripa-onde-uma-ponte-de-vidro-que-da-medo-de-andar-fica-a-1-822-metros-de-altura-e-o-frio-ja-chegou-a-%e2%88%92178-c\/#primaryimage"},"thumbnailUrl":"https:\/\/www.correiobraziliense.com.br\/cbradar\/wp-content\/uploads\/2026\/01\/aaa-2026-01-17T020341.130.png","datePublished":"2026-01-19T10:55:00+00:00","author":{"@id":"https:\/\/www.correiobraziliense.com.br\/cbradar\/#\/schema\/person\/4053c651a9bfc785afc6f4cbc9032fd3"},"description":"Paisagens radicais, ponte de vidro e frio recorde colocam este para\u00edso a 170 km de Floripa entre os destinos mais impressionantes do Brasil.","breadcrumb":{"@id":"https:\/\/www.correiobraziliense.com.br\/cbradar\/o-paraiso-a-170-km-de-floripa-onde-uma-ponte-de-vidro-que-da-medo-de-andar-fica-a-1-822-metros-de-altura-e-o-frio-ja-chegou-a-%e2%88%92178-c\/#breadcrumb"},"inLanguage":"pt-BR","potentialAction":[{"@type":"ReadAction","target":["https:\/\/www.correiobraziliense.com.br\/cbradar\/o-paraiso-a-170-km-de-floripa-onde-uma-ponte-de-vidro-que-da-medo-de-andar-fica-a-1-822-metros-de-altura-e-o-frio-ja-chegou-a-%e2%88%92178-c\/"]}]},{"@type":"ImageObject","inLanguage":"pt-BR","@id":"https:\/\/www.correiobraziliense.com.br\/cbradar\/o-paraiso-a-170-km-de-floripa-onde-uma-ponte-de-vidro-que-da-medo-de-andar-fica-a-1-822-metros-de-altura-e-o-frio-ja-chegou-a-%e2%88%92178-c\/#primaryimage","url":"https:\/\/www.correiobraziliense.com.br\/cbradar\/wp-content\/uploads\/2026\/01\/aaa-2026-01-17T020341.130.png","contentUrl":"https:\/\/www.correiobraziliense.com.br\/cbradar\/wp-content\/uploads\/2026\/01\/aaa-2026-01-17T020341.130.png","width":1280,"height":720,"caption":"Sinta o frio na barriga na Ponte de Vidro de Urubici! Vista \u00e9pica da Serra Catarinense desperta adrenalina e conex\u00e3o com a natureza. \/ Imagem ilustrativa"},{"@type":"BreadcrumbList","@id":"https:\/\/www.correiobraziliense.com.br\/cbradar\/o-paraiso-a-170-km-de-floripa-onde-uma-ponte-de-vidro-que-da-medo-de-andar-fica-a-1-822-metros-de-altura-e-o-frio-ja-chegou-a-%e2%88%92178-c\/#breadcrumb","itemListElement":[{"@type":"ListItem","position":1,"name":"In\u00edcio","item":"https:\/\/www.correiobraziliense.com.br\/cbradar\/"},{"@type":"ListItem","position":2,"name":"O para\u00edso a 170 km de Floripa onde uma ponte de vidro que d\u00e1 medo de andar fica a 1.822 metros de altura e o frio j\u00e1 chegou a \u221217,8 \u00b0C"}]},{"@type":"WebSite","@id":"https:\/\/www.correiobraziliense.com.br\/cbradar\/#website","url":"https:\/\/www.correiobraziliense.com.br\/cbradar\/","name":"Correio Braziliense - Radar","description":"Acompanhe as \u00faltimas not\u00edcias e fique bem informado sobre tudo o que acontece no Brasil e no mundo.","potentialAction":[{"@type":"SearchAction","target":{"@type":"EntryPoint","urlTemplate":"https:\/\/www.correiobraziliense.com.br\/cbradar\/?s={search_term_string}"},"query-input":{"@type":"PropertyValueSpecification","valueRequired":true,"valueName":"search_term_string"}}],"inLanguage":"pt-BR"},{"@type":"Person","@id":"https:\/\/www.correiobraziliense.com.br\/cbradar\/#\/schema\/person\/4053c651a9bfc785afc6f4cbc9032fd3","name":"Maura Pereira","image":{"@type":"ImageObject","inLanguage":"pt-BR","@id":"https:\/\/www.correiobraziliense.com.br\/cbradar\/#\/schema\/person\/image\/","url":"https:\/\/secure.gravatar.com\/avatar\/3effd6bdadfa447f15089c7f7144eaa6?s=96&d=mm&r=g","contentUrl":"https:\/\/secure.gravatar.com\/avatar\/3effd6bdadfa447f15089c7f7144eaa6?s=96&d=mm&r=g","caption":"Maura Pereira"},"sameAs":["https:\/\/www.correiobraziliense.com.br\/"],"url":"https:\/\/www.correiobraziliense.com.br\/cbradar\/author\/mauramyth\/"}]}},"_links":{"self":[{"href":"https:\/\/www.correiobraziliense.com.br\/cbradar\/wp-json\/wp\/v2\/posts\/176606","targetHints":{"allow":["GET"]}}],"collection":[{"href":"https:\/\/www.correiobraziliense.com.br\/cbradar\/wp-json\/wp\/v2\/posts"}],"about":[{"href":"https:\/\/www.correiobraziliense.com.br\/cbradar\/wp-json\/wp\/v2\/types\/post"}],"author":[{"embeddable":true,"href":"https:\/\/www.correiobraziliense.com.br\/cbradar\/wp-json\/wp\/v2\/users\/8"}],"replies":[{"embeddable":true,"href":"https:\/\/www.correiobraziliense.com.br\/cbradar\/wp-json\/wp\/v2\/comments?post=176606"}],"version-history":[{"count":16,"href":"https:\/\/www.correiobraziliense.com.br\/cbradar\/wp-json\/wp\/v2\/posts\/176606\/revisions"}],"predecessor-version":[{"id":176625,"href":"https:\/\/www.correiobraziliense.com.br\/cbradar\/wp-json\/wp\/v2\/posts\/176606\/revisions\/176625"}],"wp:featuredmedia":[{"embeddable":true,"href":"https:\/\/www.correiobraziliense.com.br\/cbradar\/wp-json\/wp\/v2\/media\/176619"}],"wp:attachment":[{"href":"https:\/\/www.correiobraziliense.com.br\/cbradar\/wp-json\/wp\/v2\/media?parent=176606"}],"wp:term":[{"taxonomy":"category","embeddable":true,"href":"https:\/\/www.correiobraziliense.com.br\/cbradar\/wp-json\/wp\/v2\/categories?post=176606"},{"taxonomy":"post_tag","embeddable":true,"href":"https:\/\/www.correiobraziliense.com.br\/cbradar\/wp-json\/wp\/v2\/tags?post=176606"}],"curies":[{"name":"wp","href":"https:\/\/api.w.org\/{rel}","templated":true}]}}