{"id":177076,"date":"2026-01-21T12:05:00","date_gmt":"2026-01-21T15:05:00","guid":{"rendered":"https:\/\/www.correiobraziliense.com.br\/cbradar\/?p=177076"},"modified":"2026-01-20T11:33:29","modified_gmt":"2026-01-20T14:33:29","slug":"esses-nomes-de-bebes-estarao-por-toda-parte-em-2026","status":"publish","type":"post","link":"https:\/\/www.correiobraziliense.com.br\/cbradar\/esses-nomes-de-bebes-estarao-por-toda-parte-em-2026\/","title":{"rendered":"Esses nomes de beb\u00eas estar\u00e3o por toda parte em 2026"},"content":{"rendered":"\n<p>Escolher como chamar um rec\u00e9m-nascido costuma ser um dos momentos mais marcantes da chegada de um filho. Entre tradi\u00e7\u00f5es familiares, refer\u00eancias culturais, tend\u00eancias de internet e a busca por <strong>nomes de beb\u00eas 2026<\/strong> que sejam \u00fanicos, o nome deixa de ser apenas um registro em cart\u00f3rio e passa a carregar <strong>hist\u00f3ria, estilo e expectativas<\/strong>, refletindo tamb\u00e9m identidade, valores e at\u00e9 projetos de vida dos pais.<\/p>\n\n\n\n<h2 class=\"wp-block-heading\">Quais s\u00e3o as principais tend\u00eancias em nomes de beb\u00eas 2026<\/h2>\n\n\n\n<p>Entre as tend\u00eancias mais vis\u00edveis em <strong>nomes de beb\u00eas 2026<\/strong> est\u00e1 a busca por <strong>originalidade com significado<\/strong>, sem perder a conex\u00e3o com a hist\u00f3ria e com a cultura de origem. Nomes considerados \u201cglobais\u201d, f\u00e1ceis de pronunciar em v\u00e1rios idiomas, seguem em alta, assim como aqueles ligados a personagens de livros, s\u00e9ries e filmes, e a refer\u00eancias espirituais ou filos\u00f3ficas.<\/p>\n\n\n\n<p>Ao mesmo tempo, nomes antigos voltam ao radar, agora vistos como <strong>diferenciados e elegantes<\/strong>, em vez de \u201cdatados\u201d. A fragmenta\u00e7\u00e3o das listas de mais populares mostra um leque maior de op\u00e7\u00f5es com menor repeti\u00e7\u00e3o, indicando que pais pesquisam mais, analisam significados e est\u00e3o dispostos a arriscar nomes menos conhecidos, desde que soem harmoniosos e tenham uma <strong>boa hist\u00f3ria por tr\u00e1s<\/strong>.<\/p>\n\n\n\n<ul class=\"wp-block-list\">\n<li><strong>Nomes globais em alta<\/strong>:\n<ul class=\"wp-block-list\">\n<li>Sofia, Helena, Olivia, Lia<\/li>\n\n\n\n<li>Lucas, Noah, Leo, Theo<\/li>\n<\/ul>\n<\/li>\n\n\n\n<li><strong>Releituras vintage elegantes<\/strong>:\n<ul class=\"wp-block-list\">\n<li>Aurora, Elisa, Am\u00e9lia, Isadora<\/li>\n\n\n\n<li>Artur, Vicente, Gael, Benedito<\/li>\n<\/ul>\n<\/li>\n\n\n\n<li><strong>Nomes com significado espiritual ou filos\u00f3fico<\/strong>:\n<ul class=\"wp-block-list\">\n<li>Gaia (ligada \u00e0 terra e \u00e0 natureza)<\/li>\n\n\n\n<li>Luz, Clara, Esperanza, Paz<\/li>\n\n\n\n<li>Cael, Zion, Malu (varia\u00e7\u00e3o afetuosa de Maria Luiza)<\/li>\n<\/ul>\n<\/li>\n<\/ul>\n\n\n\n<p>Para trazer ainda mais op\u00e7\u00f5es, trouxemos o v\u00eddeo do perfil @nomesdebebes.__:<\/p>\n\n\n\n<blockquote class=\"tiktok-embed\" cite=\"https:\/\/www.tiktok.com\/@nomesdebebes.__\/video\/7569257238469037319\" data-video-id=\"7569257238469037319\" style=\"max-width: 605px;min-width: 325px;\" > <section> <a target=\"_blank\" title=\"@nomesdebebes.__\" href=\"https:\/\/www.tiktok.com\/@nomesdebebes.__?refer=embed\">@nomesdebebes.__<\/a> <a title=\"capcut\" target=\"_blank\" href=\"https:\/\/www.tiktok.com\/tag\/capcut?refer=embed\">#CapCut<\/a> <a title=\"nomeslindos\" target=\"_blank\" href=\"https:\/\/www.tiktok.com\/tag\/nomeslindos?refer=embed\">#nomeslindos<\/a> <a title=\"nomesdebebes\" target=\"_blank\" href=\"https:\/\/www.tiktok.com\/tag\/nomesdebebes?refer=embed\">#nomesdebebes<\/a> <a title=\"menino\" target=\"_blank\" href=\"https:\/\/www.tiktok.com\/tag\/menino?refer=embed\">#menino<\/a> <a title=\"menina\" target=\"_blank\" href=\"https:\/\/www.tiktok.com\/tag\/menina?refer=embed\">#menina<\/a> <a target=\"_blank\" title=\"\u266c som original - Z\u00e9 Felipe F\u00e3 Clube\ud83d\ude0d\" href=\"https:\/\/www.tiktok.com\/music\/som-original-7055664955705576197?refer=embed\">\u266c som original &#8211; Z\u00e9 Felipe F\u00e3 Clube\ud83d\ude0d<\/a> <\/section> <\/blockquote> <script async src=\"https:\/\/www.tiktok.com\/embed.js\"><\/script>\n\n\n\n<h2 class=\"wp-block-heading\">Como escapismo, fantasia e cultura pop influenciam os nomes de beb\u00eas 2026<\/h2>\n\n\n\n<p>Uma das caracter\u00edsticas de <strong>nomes de beb\u00eas 2026<\/strong> \u00e9 a forte influ\u00eancia da <strong>cultura pop<\/strong> e da chamada \u201cfantasia escapista\u201d. Personagens de romances de fantasia, sagas cinematogr\u00e1ficas e universos de jogos inspiram combina\u00e7\u00f5es que misturam sonoridade suave, toques antigos e um ar m\u00edtico, como <em>Aurelia<\/em>, <em>Cordelia<\/em>, <em>Elio<\/em> ou <em>Lando<\/em>, que ilustram bem essa est\u00e9tica mais liter\u00e1ria e cinematogr\u00e1fica.<\/p>\n\n\n\n<p>Redes sociais tamb\u00e9m funcionam como vitrine de nomes, impulsionando est\u00e9ticas como \u201cvelho mundo\u201d, glamour vintage e refer\u00eancias a \u00e9pocas passadas. Nomes curtos, afetivos e com apelo retr\u00f4, como <em>Romy<\/em>, <em>Peggy<\/em> ou <em>Ziggy<\/em>, surgem como alternativa aos tradicionais, mantendo certa simplicidade e um toque de <strong>personalidade art\u00edstica<\/strong>.<\/p>\n\n\n\n<ul class=\"wp-block-list\">\n<li><strong>Personagens de fantasia<\/strong> impulsionam nomes com sonoridade po\u00e9tica.<\/li>\n\n\n\n<li><strong>Est\u00e9ticas de redes sociais<\/strong> refor\u00e7am o charme de nomes antigos.<\/li>\n\n\n\n<li><strong>Influ\u00eancia musical e cinematogr\u00e1fica<\/strong> traz nomes de artistas e figurinistas para o cotidiano.<\/li>\n<\/ul>\n\n\n\n<ul class=\"wp-block-list\">\n<li><strong>Nomes inspirados em fantasia e cultura pop<\/strong>:\n<ul class=\"wp-block-list\">\n<li>Femininos: Aurelia, Cordelia, Lyra, Arwen, Daena<\/li>\n\n\n\n<li>Masculinos: Elio, Lando, Milo, Dorian, Cassian<\/li>\n\n\n\n<li>Neutros\/modernos: Rowan, Quinn, Indie, Sky, Lumi<\/li>\n<\/ul>\n<\/li>\n\n\n\n<li><strong>Nomes curtinhos com apelo retr\u00f4<\/strong>:\n<ul class=\"wp-block-list\">\n<li>Romy, Peggy, Nina, Lola, Etta<\/li>\n\n\n\n<li>Ziggy, Otto, Toni, Nino, Joca<\/li>\n<\/ul>\n<\/li>\n<\/ul>\n\n\n\n<h2 class=\"wp-block-heading\">Como a geografia e a origem cultural influenciam os nomes em 2026<\/h2>\n\n\n\n<p>Outra marca dos <strong>nomes de beb\u00eas 2026<\/strong> \u00e9 o fortalecimento de nomes ligados a <strong>regi\u00f5es, l\u00ednguas e tradi\u00e7\u00f5es espec\u00edficas<\/strong>. Nomes de origem inglesa, \u00e1rabe, indiana, latina ou africana ganham espa\u00e7o em diferentes pa\u00edses, refletindo migra\u00e7\u00f5es, casamentos interculturais e maior valoriza\u00e7\u00e3o das ra\u00edzes familiares, al\u00e9m de reafirmar identidade \u00e9tnica e cren\u00e7as religiosas.<\/p>\n\n\n\n<p>Em paralelo, cresce o interesse por nomes ligados a <strong>lugares, viagens e mapas<\/strong>. Cidades, pa\u00edses, ilhas e elementos geogr\u00e1ficos aparecem como inspira\u00e7\u00e3o, principalmente entre pais que associam o nome a uma mem\u00f3ria importante de viagem ou a um projeto de vida. Essa tend\u00eancia dialoga com o ideal de liberdade, descoberta e mobilidade que marca boa parte da gera\u00e7\u00e3o adulta atual.<\/p>\n\n\n\n<ol class=\"wp-block-list\">\n<li>Nomes tradicionais de uma cultura espec\u00edfica s\u00e3o mantidos como forma de preservar a heran\u00e7a familiar.<\/li>\n\n\n\n<li>Nomes geogr\u00e1ficos aparecem como forma de homenagear cidades, pa\u00edses ou paisagens marcantes.<\/li>\n\n\n\n<li>Combina\u00e7\u00f5es misturam primeiro nome de uma origem e sobrenomes de outra, criando identidades h\u00edbridas.<\/li>\n<\/ol>\n\n\n\n<h2 class=\"wp-block-heading\">Por que tantos pais buscam nomes raros e personalizados em 2026<\/h2>\n\n\n\n<p>Em 2026, um dos pontos centrais nas conversas sobre <strong>nomes de beb\u00eas<\/strong> \u00e9 o desejo de <strong>evitar repeti\u00e7\u00f5es<\/strong> e refor\u00e7ar a individualidade. Muitos adultos que compartilharam o mesmo nome com v\u00e1rios colegas relatam um certo inc\u00f4modo com isso, o que leva a um movimento de diversifica\u00e7\u00e3o e \u00e0 cria\u00e7\u00e3o de grafias originais ou combina\u00e7\u00f5es pouco usuais.<\/p>\n\n\n\n<p>Al\u00e9m disso, estilos de cria\u00e7\u00e3o mais flex\u00edveis e a valoriza\u00e7\u00e3o da <strong>singularidade<\/strong> fazem com que pais enxerguem o nome como um dos primeiros sinais de identidade. Nomes inspirados na natureza \u2014 como aqueles ligados a rios, florestas, esta\u00e7\u00f5es e fen\u00f4menos naturais \u2014 refor\u00e7am a conex\u00e3o com um estilo de vida mais ao ar livre, enquanto nomes-conceito, que expressam ideais ou qualidades, surgem como vers\u00e3o atualizada dos antigos nomes de virtude.<\/p>\n\n\n\n<ul class=\"wp-block-list\">\n<li><strong>Nomes da natureza<\/strong>: associados a rios, montanhas, florestas e esta\u00e7\u00f5es.<\/li>\n\n\n\n<li><strong>Nomes-conceito<\/strong>: palavras ligadas a liberdade, serenidade ou coragem.<\/li>\n\n\n\n<li><strong>Releituras vintage<\/strong>: antigos nomes de av\u00f3s voltam com nova leitura est\u00e9tica.<\/li>\n<\/ul>\n\n\n\n<figure class=\"wp-block-image size-large\"><img decoding=\"async\" width=\"1024\" height=\"576\" src=\"https:\/\/www.correiobraziliense.com.br\/cbradar\/wp-content\/uploads\/2026\/01\/\u2705-BANNER-MYTH-17-8-1024x576.png\" alt=\"Esses nomes de beb\u00eas estar\u00e3o por toda parte em 2026\" class=\"wp-image-177079\" srcset=\"https:\/\/www.correiobraziliense.com.br\/cbradar\/wp-content\/uploads\/2026\/01\/\u2705-BANNER-MYTH-17-8-1024x576.png 1024w, https:\/\/www.correiobraziliense.com.br\/cbradar\/wp-content\/uploads\/2026\/01\/\u2705-BANNER-MYTH-17-8-300x169.png 300w, https:\/\/www.correiobraziliense.com.br\/cbradar\/wp-content\/uploads\/2026\/01\/\u2705-BANNER-MYTH-17-8-768x432.png 768w, https:\/\/www.correiobraziliense.com.br\/cbradar\/wp-content\/uploads\/2026\/01\/\u2705-BANNER-MYTH-17-8-750x422.png 750w, https:\/\/www.correiobraziliense.com.br\/cbradar\/wp-content\/uploads\/2026\/01\/\u2705-BANNER-MYTH-17-8-1140x641.png 1140w, https:\/\/www.correiobraziliense.com.br\/cbradar\/wp-content\/uploads\/2026\/01\/\u2705-BANNER-MYTH-17-8.png 1280w\" sizes=\"(max-width: 1024px) 100vw, 1024px\" \/><figcaption class=\"wp-element-caption\">Escolha o nome perfeito para seu filho em 2026: Aurora e Noah evocam luz, for\u00e7a e sonhos eternos de fam\u00edlia.<\/figcaption><\/figure>\n\n\n\n<h2 class=\"wp-block-heading\">Como escolher entre tantas op\u00e7\u00f5es de nomes de beb\u00eas 2026<\/h2>\n\n\n\n<p>Diante de tantas refer\u00eancias, a escolha de <strong>nomes de beb\u00eas 2026<\/strong> tende a seguir alguns <strong>crit\u00e9rios pr\u00e1ticos<\/strong>. Entre eles, destacam-se a sonoridade com o sobrenome, a facilidade de pron\u00fancia em diferentes contextos e a possibilidade de apelidos carinhosos. Muitos casais tamb\u00e9m avaliam o significado do nome em mais de um idioma, para evitar associa\u00e7\u00f5es indesejadas, especialmente em fam\u00edlias que viajam com frequ\u00eancia ou moram fora do pa\u00eds de origem.<\/p>\n\n\n\n<p>Na pr\u00e1tica, alguns passos ajudam a organizar a decis\u00e3o e alinhar o nome aos <strong>valores e \u00e0 hist\u00f3ria da fam\u00edlia<\/strong>. Listar op\u00e7\u00f5es, pesquisar origens e testar o som em voz alta s\u00e3o estrat\u00e9gias simples que tornam o processo mais consciente e colaborativo entre os cuidadores, reduzindo d\u00favidas na hora do registro.<\/p>\n\n\n\n<ol class=\"wp-block-list\">\n<li>Listar nomes favoritos individualmente e depois comparar as listas.<\/li>\n\n\n\n<li>Pesquisar significados, origens e poss\u00edveis abrevia\u00e7\u00f5es.<\/li>\n\n\n\n<li>Falar o nome em voz alta junto com o sobrenome para testar o ritmo.<\/li>\n\n\n\n<li>Verificar se a grafia \u00e9 simples o suficiente para o uso cotidiano.<\/li>\n\n\n\n<li>Observar se o nome combina com a hist\u00f3ria e os valores que a fam\u00edlia deseja transmitir.<\/li>\n<\/ol>\n\n\n\n<p>O cen\u00e1rio de 2026 mostra que o ato de nomear um beb\u00ea deixou de seguir apenas listas fixas e tradi\u00e7\u00f5es r\u00edgidas. Ao combinar <strong>heran\u00e7a cultural<\/strong>, refer\u00eancias afetivas e novas influ\u00eancias da cultura digital, os <strong>nomes de beb\u00eas 2026<\/strong> revelam um retrato fiel de como as fam\u00edlias equilibram passado, presente e futuro na hora de registrar a chegada de uma nova gera\u00e7\u00e3o.<\/p>\n","protected":false},"excerpt":{"rendered":"<p>Nomes de beb\u00eas 2026: descubra as tend\u00eancias de nomes de beb\u00eas \u00fanicos, vintage, fantasiosos e inspirados em culturas e livros.<\/p>\n","protected":false},"author":3,"featured_media":178593,"comment_status":"open","ping_status":"open","sticky":false,"template":"","format":"standard","meta":{"_yoast_wpseo_focuskw":"nomes de beb\u00eas 2026","_yoast_wpseo_title":"%%title%%","_yoast_wpseo_metadesc":"Nomes de beb\u00eas 2026: descubra as tend\u00eancias de nomes de beb\u00eas \u00fanicos, vintage, fantasiosos e inspirados em culturas e livros.","jnews-multi-image_gallery":[],"jnews_single_post":{"format":"standard"},"jnews_primary_category":[],"jnews_social_meta":[],"jnews_override_counter":[],"footnotes":""},"categories":[112],"post_tag":[11937,144,5202,11783],"class_list":["post-177076","post","type-post","status-publish","format-standard","has-post-thumbnail","hentry","category-curiosidades","tag-11937","tag-curiosidades","tag-nomes","tag-nomes-de-bebes"],"yoast_head":"<!-- This site is optimized with the Yoast SEO plugin v24.6 - https:\/\/yoast.com\/wordpress\/plugins\/seo\/ -->\n<title>Esses nomes de beb\u00eas estar\u00e3o por toda parte em 2026<\/title>\n<meta name=\"description\" content=\"Nomes de beb\u00eas 2026: descubra as tend\u00eancias de nomes de beb\u00eas \u00fanicos, vintage, fantasiosos e inspirados em culturas e livros.\" \/>\n<meta name=\"robots\" content=\"index, follow, max-snippet:-1, max-image-preview:large, max-video-preview:-1\" \/>\n<link rel=\"canonical\" href=\"https:\/\/www.correiobraziliense.com.br\/cbradar\/esses-nomes-de-bebes-estarao-por-toda-parte-em-2026\/\" \/>\n<meta property=\"og:locale\" content=\"pt_BR\" \/>\n<meta property=\"og:type\" content=\"article\" \/>\n<meta property=\"og:title\" content=\"Esses nomes de beb\u00eas estar\u00e3o por toda parte em 2026\" \/>\n<meta property=\"og:description\" content=\"Nomes de beb\u00eas 2026: descubra as tend\u00eancias de nomes de beb\u00eas \u00fanicos, vintage, fantasiosos e inspirados em culturas e livros.\" \/>\n<meta property=\"og:url\" content=\"https:\/\/www.correiobraziliense.com.br\/cbradar\/esses-nomes-de-bebes-estarao-por-toda-parte-em-2026\/\" \/>\n<meta property=\"og:site_name\" content=\"Correio Braziliense - Radar\" \/>\n<meta property=\"article:published_time\" content=\"2026-01-21T15:05:00+00:00\" \/>\n<meta property=\"og:image\" content=\"https:\/\/www.correiobraziliense.com.br\/cbradar\/wp-content\/uploads\/2026\/01\/freepik__imagem-realista-de-bebs-brasilerios-e-o-nmero-2026__27750.jpeg\" \/>\n\t<meta property=\"og:image:width\" content=\"1280\" \/>\n\t<meta property=\"og:image:height\" content=\"720\" \/>\n\t<meta property=\"og:image:type\" content=\"image\/jpeg\" \/>\n<meta name=\"author\" content=\"Larissa Carvalho\" \/>\n<meta name=\"twitter:card\" content=\"summary_large_image\" \/>\n<meta name=\"twitter:label1\" content=\"Escrito por\" \/>\n\t<meta name=\"twitter:data1\" content=\"Larissa Carvalho\" \/>\n\t<meta name=\"twitter:label2\" content=\"Est. tempo de leitura\" \/>\n\t<meta name=\"twitter:data2\" content=\"6 minutos\" \/>\n<!-- \/ Yoast SEO plugin. -->","yoast_head_json":{"title":"Esses nomes de beb\u00eas estar\u00e3o por toda parte em 2026","description":"Nomes de beb\u00eas 2026: descubra as tend\u00eancias de nomes de beb\u00eas \u00fanicos, vintage, fantasiosos e inspirados em culturas e livros.","robots":{"index":"index","follow":"follow","max-snippet":"max-snippet:-1","max-image-preview":"max-image-preview:large","max-video-preview":"max-video-preview:-1"},"canonical":"https:\/\/www.correiobraziliense.com.br\/cbradar\/esses-nomes-de-bebes-estarao-por-toda-parte-em-2026\/","og_locale":"pt_BR","og_type":"article","og_title":"Esses nomes de beb\u00eas estar\u00e3o por toda parte em 2026","og_description":"Nomes de beb\u00eas 2026: descubra as tend\u00eancias de nomes de beb\u00eas \u00fanicos, vintage, fantasiosos e inspirados em culturas e livros.","og_url":"https:\/\/www.correiobraziliense.com.br\/cbradar\/esses-nomes-de-bebes-estarao-por-toda-parte-em-2026\/","og_site_name":"Correio Braziliense - Radar","article_published_time":"2026-01-21T15:05:00+00:00","og_image":[{"width":1280,"height":720,"url":"https:\/\/www.correiobraziliense.com.br\/cbradar\/wp-content\/uploads\/2026\/01\/freepik__imagem-realista-de-bebs-brasilerios-e-o-nmero-2026__27750.jpeg","type":"image\/jpeg"}],"author":"Larissa Carvalho","twitter_card":"summary_large_image","twitter_misc":{"Escrito por":"Larissa Carvalho","Est. tempo de leitura":"6 minutos"},"schema":{"@context":"https:\/\/schema.org","@graph":[{"@type":"WebPage","@id":"https:\/\/www.correiobraziliense.com.br\/cbradar\/esses-nomes-de-bebes-estarao-por-toda-parte-em-2026\/","url":"https:\/\/www.correiobraziliense.com.br\/cbradar\/esses-nomes-de-bebes-estarao-por-toda-parte-em-2026\/","name":"Esses nomes de beb\u00eas estar\u00e3o por toda parte em 2026","isPartOf":{"@id":"https:\/\/www.correiobraziliense.com.br\/cbradar\/#website"},"primaryImageOfPage":{"@id":"https:\/\/www.correiobraziliense.com.br\/cbradar\/esses-nomes-de-bebes-estarao-por-toda-parte-em-2026\/#primaryimage"},"image":{"@id":"https:\/\/www.correiobraziliense.com.br\/cbradar\/esses-nomes-de-bebes-estarao-por-toda-parte-em-2026\/#primaryimage"},"thumbnailUrl":"https:\/\/www.correiobraziliense.com.br\/cbradar\/wp-content\/uploads\/2026\/01\/freepik__imagem-realista-de-bebs-brasilerios-e-o-nmero-2026__27750.jpeg","datePublished":"2026-01-21T15:05:00+00:00","author":{"@id":"https:\/\/www.correiobraziliense.com.br\/cbradar\/#\/schema\/person\/58422787644df994b53a19d3e56c1513"},"description":"Nomes de beb\u00eas 2026: descubra as tend\u00eancias de nomes de beb\u00eas \u00fanicos, vintage, fantasiosos e inspirados em culturas e livros.","breadcrumb":{"@id":"https:\/\/www.correiobraziliense.com.br\/cbradar\/esses-nomes-de-bebes-estarao-por-toda-parte-em-2026\/#breadcrumb"},"inLanguage":"pt-BR","potentialAction":[{"@type":"ReadAction","target":["https:\/\/www.correiobraziliense.com.br\/cbradar\/esses-nomes-de-bebes-estarao-por-toda-parte-em-2026\/"]}]},{"@type":"ImageObject","inLanguage":"pt-BR","@id":"https:\/\/www.correiobraziliense.com.br\/cbradar\/esses-nomes-de-bebes-estarao-por-toda-parte-em-2026\/#primaryimage","url":"https:\/\/www.correiobraziliense.com.br\/cbradar\/wp-content\/uploads\/2026\/01\/freepik__imagem-realista-de-bebs-brasilerios-e-o-nmero-2026__27750.jpeg","contentUrl":"https:\/\/www.correiobraziliense.com.br\/cbradar\/wp-content\/uploads\/2026\/01\/freepik__imagem-realista-de-bebs-brasilerios-e-o-nmero-2026__27750.jpeg","width":1280,"height":720,"caption":"Decis\u00e3o do nome influencia a identidade da crian\u00e7a"},{"@type":"BreadcrumbList","@id":"https:\/\/www.correiobraziliense.com.br\/cbradar\/esses-nomes-de-bebes-estarao-por-toda-parte-em-2026\/#breadcrumb","itemListElement":[{"@type":"ListItem","position":1,"name":"In\u00edcio","item":"https:\/\/www.correiobraziliense.com.br\/cbradar\/"},{"@type":"ListItem","position":2,"name":"Esses nomes de beb\u00eas estar\u00e3o por toda parte em 2026"}]},{"@type":"WebSite","@id":"https:\/\/www.correiobraziliense.com.br\/cbradar\/#website","url":"https:\/\/www.correiobraziliense.com.br\/cbradar\/","name":"Correio Braziliense - Radar","description":"Acompanhe as \u00faltimas not\u00edcias e fique bem informado sobre tudo o que acontece no Brasil e no mundo.","potentialAction":[{"@type":"SearchAction","target":{"@type":"EntryPoint","urlTemplate":"https:\/\/www.correiobraziliense.com.br\/cbradar\/?s={search_term_string}"},"query-input":{"@type":"PropertyValueSpecification","valueRequired":true,"valueName":"search_term_string"}}],"inLanguage":"pt-BR"},{"@type":"Person","@id":"https:\/\/www.correiobraziliense.com.br\/cbradar\/#\/schema\/person\/58422787644df994b53a19d3e56c1513","name":"Larissa Carvalho","image":{"@type":"ImageObject","inLanguage":"pt-BR","@id":"https:\/\/www.correiobraziliense.com.br\/cbradar\/#\/schema\/person\/image\/","url":"https:\/\/secure.gravatar.com\/avatar\/fe4f91a0de32b52a838d0d612abdc1aa?s=96&d=mm&r=g","contentUrl":"https:\/\/secure.gravatar.com\/avatar\/fe4f91a0de32b52a838d0d612abdc1aa?s=96&d=mm&r=g","caption":"Larissa Carvalho"},"url":"https:\/\/www.correiobraziliense.com.br\/cbradar\/author\/larissamyth\/"}]}},"_links":{"self":[{"href":"https:\/\/www.correiobraziliense.com.br\/cbradar\/wp-json\/wp\/v2\/posts\/177076","targetHints":{"allow":["GET"]}}],"collection":[{"href":"https:\/\/www.correiobraziliense.com.br\/cbradar\/wp-json\/wp\/v2\/posts"}],"about":[{"href":"https:\/\/www.correiobraziliense.com.br\/cbradar\/wp-json\/wp\/v2\/types\/post"}],"author":[{"embeddable":true,"href":"https:\/\/www.correiobraziliense.com.br\/cbradar\/wp-json\/wp\/v2\/users\/3"}],"replies":[{"embeddable":true,"href":"https:\/\/www.correiobraziliense.com.br\/cbradar\/wp-json\/wp\/v2\/comments?post=177076"}],"version-history":[{"count":2,"href":"https:\/\/www.correiobraziliense.com.br\/cbradar\/wp-json\/wp\/v2\/posts\/177076\/revisions"}],"predecessor-version":[{"id":177081,"href":"https:\/\/www.correiobraziliense.com.br\/cbradar\/wp-json\/wp\/v2\/posts\/177076\/revisions\/177081"}],"wp:featuredmedia":[{"embeddable":true,"href":"https:\/\/www.correiobraziliense.com.br\/cbradar\/wp-json\/wp\/v2\/media\/178593"}],"wp:attachment":[{"href":"https:\/\/www.correiobraziliense.com.br\/cbradar\/wp-json\/wp\/v2\/media?parent=177076"}],"wp:term":[{"taxonomy":"category","embeddable":true,"href":"https:\/\/www.correiobraziliense.com.br\/cbradar\/wp-json\/wp\/v2\/categories?post=177076"},{"taxonomy":"post_tag","embeddable":true,"href":"https:\/\/www.correiobraziliense.com.br\/cbradar\/wp-json\/wp\/v2\/post_tag?post=177076"}],"curies":[{"name":"wp","href":"https:\/\/api.w.org\/{rel}","templated":true}]}}