{"id":177137,"date":"2026-01-23T16:05:00","date_gmt":"2026-01-23T19:05:00","guid":{"rendered":"https:\/\/www.correiobraziliense.com.br\/cbradar\/?p=177137"},"modified":"2026-01-21T17:18:55","modified_gmt":"2026-01-21T20:18:55","slug":"o-que-acontece-com-seu-intestino-se-voce-comer-fibras-e-semente-de-chia","status":"publish","type":"post","link":"https:\/\/www.correiobraziliense.com.br\/cbradar\/o-que-acontece-com-seu-intestino-se-voce-comer-fibras-e-semente-de-chia\/","title":{"rendered":"O que acontece com seu intestino se voc\u00ea comer fibras e semente de chia?"},"content":{"rendered":"\n<p>Esque\u00e7a os laxantes qu\u00edmicos que irritam a mucosa: as sementes de chia e linha\u00e7a s\u00e3o a solu\u00e7\u00e3o mec\u00e2nica definitiva para o intestino pregui\u00e7oso, agindo como esponjas biol\u00f3gicas. No entanto, elas possuem um &#8220;bot\u00e3o de ativa\u00e7\u00e3o&#8221; obrigat\u00f3rio: a \u00e1gua, sem a qual essas sementes podem transformar o al\u00edvio desejado em um bloqueio intestinal severo.<\/p>\n\n\n\n<h2 class=\"wp-block-heading\">O que \u00e9 o &#8220;gel m\u00e1gico&#8221; que essas sementes formam?<\/h2>\n\n\n\n<p>O segredo n\u00e3o est\u00e1 na semente dura, mas na sua casca. Quando entram em contato com l\u00edquidos, a chia e a linha\u00e7a liberam uma fibra sol\u00favel chamada <strong>mucilagem<\/strong>, que absorve at\u00e9 12 vezes o seu pr\u00f3prio peso em \u00e1gua, formando uma subst\u00e2ncia gelatinosa e viscosa.<\/p>\n\n\n\n<p>Segundo a <a href=\"https:\/\/www.mayoclinic.org\/healthy-lifestyle\/nutrition-and-healthy-eating\/in-depth\/fiber\/art-20043983\" target=\"_blank\" rel=\"noreferrer noopener\"><strong>Mayo Clinic<\/strong><\/a>, esse gel \u00e9 fundamental para a forma\u00e7\u00e3o do bolo fecal. Ele adiciona volume e, crucialmente, umidade \u00e0s fezes. Isso torna o bolo fecal macio e lubrificado, permitindo que ele deslize pelo c\u00f3lon sem exigir esfor\u00e7o excessivo ou causar hemorroidas.<\/p>\n\n\n<div class=\"wp-block-image\">\n<figure class=\"aligncenter size-large\"><img decoding=\"async\" width=\"1024\" height=\"576\" src=\"https:\/\/www.correiobraziliense.com.br\/cbradar\/wp-content\/uploads\/2025\/09\/chia_1756736049074-1024x576.jpg\" alt=\"Como a chia pode ajudar no emagrecimento e no controle do apetite\" class=\"wp-image-96729\" srcset=\"https:\/\/www.correiobraziliense.com.br\/cbradar\/wp-content\/uploads\/2025\/09\/chia_1756736049074-1024x576.jpg 1024w, https:\/\/www.correiobraziliense.com.br\/cbradar\/wp-content\/uploads\/2025\/09\/chia_1756736049074-300x169.jpg 300w, https:\/\/www.correiobraziliense.com.br\/cbradar\/wp-content\/uploads\/2025\/09\/chia_1756736049074-768x432.jpg 768w, https:\/\/www.correiobraziliense.com.br\/cbradar\/wp-content\/uploads\/2025\/09\/chia_1756736049074-750x422.jpg 750w, https:\/\/www.correiobraziliense.com.br\/cbradar\/wp-content\/uploads\/2025\/09\/chia_1756736049074-1140x641.jpg 1140w, https:\/\/www.correiobraziliense.com.br\/cbradar\/wp-content\/uploads\/2025\/09\/chia_1756736049074.jpg 1280w\" sizes=\"(max-width: 1024px) 100vw, 1024px\" \/><figcaption class=\"wp-element-caption\">Efeitos das fibras e da semente de chia no funcionamento e equil\u00edbrio do intestino &#8211; Cr\u00e9ditos: depositphotos.com \/ AntonMatyukha<\/figcaption><\/figure><\/div>\n\n\n<h2 class=\"wp-block-heading\">Por que comer fibra sem \u00e1gua causa o &#8220;Efeito Cimento&#8221;?<\/h2>\n\n\n\n<p>Aqui reside o perigo que muitos ignoram. Se voc\u00ea ingere as sementes secas (na salada ou iogurte) e n\u00e3o bebe \u00e1gua suficiente logo em seguida, a fibra far\u00e1 seu trabalho de absor\u00e7\u00e3o, mas roubar\u00e1 a \u00e1gua do seu pr\u00f3prio intestino.<\/p>\n\n\n\n<p>Um estudo no<strong> <a href=\"https:\/\/www.ncbi.nlm.nih.gov\/pmc\/articles\/PMC3435786\/\" target=\"_blank\" rel=\"noreferrer noopener\">World Journal of Gastroenterology<\/a><\/strong> alerta que a ingest\u00e3o de fibras em um corpo desidratado resulta em fezes duras, secas e impactadas (fecaloma). Em vez de agir como uma vassoura, a fibra seca age como concreto, piorando drasticamente a constipa\u00e7\u00e3o e causando gases dolorosos.<\/p>\n\n\n\n<p>Leia tamb\u00e9m: <a href=\"https:\/\/www.correiobraziliense.com.br\/cbradar\/adeus-dor-nas-costas-a-postura-tech-neck-que-esta-deformando-a-coluna-e-como-corrigir\/\" target=\"_blank\" rel=\"noreferrer noopener\">Adeus, dor nas costas: a postura \u2018tech neck\u2019 que est\u00e1 deformando a coluna (e como corrigir)<\/a><\/p>\n\n\n\n<h2 class=\"wp-block-heading\">Triturar ou n\u00e3o: a linha\u00e7a precisa ser mo\u00edda?<\/h2>\n\n\n\n<p>Existe uma diferen\u00e7a crucial entre as duas sementes. A chia pode ser consumida inteira, pois sua casca \u00e9 hidrof\u00edlica e se abre facilmente em gel. J\u00e1 a linha\u00e7a possui uma casca de celulose extremamente dura que o est\u00f4mago humano n\u00e3o consegue digerir intacta.<\/p>\n\n\n\n<p>Nutricionistas e pesquisas da <strong><a href=\"https:\/\/www.health.harvard.edu\/heart-health\/seed-of-the-month-flaxseeds\" target=\"_blank\" rel=\"noreferrer noopener\">Harvard T.H. Chan School of Public Health<\/a><\/strong> confirmam: se voc\u00ea comer a semente de linha\u00e7a inteira, ela passar\u00e1 intacta pelo trato digestivo e sair\u00e1 inteira nas fezes, sem liberar seus \u00f3leos \u00f4mega-3 ou suas lignanas ben\u00e9ficas. Para funcionar, a linha\u00e7a deve ser triturada (farinha) pouco antes do consumo.<\/p>\n\n\n\n<p>Leia tamb\u00e9m: <a href=\"https:\/\/www.correiobraziliense.com.br\/cbradar\/cafe-depois-do-almoco-por-que-esperar-1-hora-melhora-a-absorcao-de-nutrientes\/\" target=\"_blank\" rel=\"noreferrer noopener\">Caf\u00e9 depois do almo\u00e7o? Por que esperar 1 hora melhora a absor\u00e7\u00e3o de nutrientes<\/a><\/p>\n\n\n\n<h2 class=\"wp-block-heading\">Como elas alimentam as &#8220;bact\u00e9rias do bem&#8221;?<\/h2>\n\n\n\n<p>Al\u00e9m do efeito mec\u00e2nico de volume, essas sementes s\u00e3o prebi\u00f3ticos potentes. O gel de fibra ferment\u00e1vel chega ao intestino grosso intacto, onde serve de banquete para a microbiota ben\u00e9fica.<\/p>\n\n\n\n<p>Essa fermenta\u00e7\u00e3o produz<strong> \u00c1cidos Graxos de Cadeia Curta<\/strong> (como o butirato), que, segundo o <a href=\"https:\/\/www.ncbi.nlm.nih.gov\/pmc\/articles\/PMC3025626\/\" target=\"_blank\" rel=\"noreferrer noopener\"><strong>National Institutes of Health (NIH)<\/strong><\/a>, reduzem a inflama\u00e7\u00e3o da parede intestinal e fornecem energia direta para as c\u00e9lulas do c\u00f3lon, prevenindo doen\u00e7as inflamat\u00f3rias e &#8220;intestino perme\u00e1vel&#8221;.<\/p>\n\n\n\n<p>No v\u00eddeo a seguir, o <strong><em>Dr. J\u00falio\u2002Luchmann<\/em><\/strong>, com mais de 1.7 milh\u00f5es de seguidores, fala um pouco sobre o consumo da chia para o intestino:<\/p>\n\n\n\n<blockquote class=\"tiktok-embed\" cite=\"https:\/\/www.tiktok.com\/@julioluchmann\/video\/7569395349660503317\" data-video-id=\"7569395349660503317\" style=\"max-width: 605px;min-width: 325px;\" > <section> <a target=\"_blank\" title=\"@julioluchmann\" href=\"https:\/\/www.tiktok.com\/@julioluchmann?refer=embed\">@julioluchmann<\/a> <a title=\"julioluchmann\" target=\"_blank\" href=\"https:\/\/www.tiktok.com\/tag\/julioluchmann?refer=embed\">#julioluchmann<\/a> <a target=\"_blank\" title=\"\u266c som original - J\u00falio\u2002luchmann\" href=\"https:\/\/www.tiktok.com\/music\/som-original-7569395478208203538?refer=embed\">\u266c som original &#8211; J\u00falio\u2002luchmann<\/a> <\/section> <\/blockquote> <script async src=\"https:\/\/www.tiktok.com\/embed.js\"><\/script>\n\n\n\n<h2 class=\"wp-block-heading\">Qual o protocolo de seguran\u00e7a para evitar c\u00f3licas?<\/h2>\n\n\n\n<p>N\u00e3o comece com 5 colheres de sopa por dia, ou voc\u00ea ter\u00e1 distens\u00e3o abdominal. O intestino precisa ser &#8220;treinado&#8221; para lidar com mais fibras.<\/p>\n\n\n\n<p>Siga esta escada de introdu\u00e7\u00e3o:<\/p>\n\n\n\n<ul class=\"wp-block-list\">\n<li><strong>A Regra 1 para 1:<\/strong> Para cada colher de sopa de sementes, beba imediatamente um copo grande (250ml) de \u00e1gua.<\/li>\n\n\n\n<li><strong>Hidrata\u00e7\u00e3o Pr\u00e9via (Chia Pudding):<\/strong> A forma mais segura \u00e9 deixar a chia de molho em \u00e1gua ou leite vegetal por 20 minutos antes de comer. Voc\u00ea come o gel j\u00e1 formado, garantindo hidrata\u00e7\u00e3o.<\/li>\n\n\n\n<li><strong>Linha\u00e7a Fresca:<\/strong> Triture a linha\u00e7a no liquidificador e guarde na geladeira em pote escuro por no m\u00e1ximo 5 dias para n\u00e3o oxidar.<\/li>\n\n\n\n<li><strong>Progress\u00e3o:<\/strong> Comece com 1 colher de ch\u00e1 por dia e aumente gradualmente para 1 ou 2 colheres de sopa ao longo de duas semanas.<\/li>\n<\/ul>\n","protected":false},"excerpt":{"rendered":"<p>Esque\u00e7a os laxantes qu\u00edmicos que irritam a mucosa: as sementes de chia e linha\u00e7a s\u00e3o a solu\u00e7\u00e3o mec\u00e2nica definitiva para o intestino pregui\u00e7oso, agindo como esponjas biol\u00f3gicas. No entanto, elas possuem um &#8220;bot\u00e3o de ativa\u00e7\u00e3o&#8221; obrigat\u00f3rio: a \u00e1gua, sem a qual essas sementes podem transformar o al\u00edvio desejado em um bloqueio intestinal severo. O que [&hellip;]<\/p>\n","protected":false},"author":11,"featured_media":179311,"comment_status":"open","ping_status":"open","sticky":false,"template":"","format":"standard","meta":{"_yoast_wpseo_focuskw":"fibras com semente de chia","_yoast_wpseo_title":"","_yoast_wpseo_metadesc":"Consumo regular de fibras com semente de chia melhora o funcionamento intestinal aumenta saciedade e favorece o equil\u00edbrio da flora","jnews-multi-image_gallery":[],"jnews_single_post":{"format":"standard"},"jnews_primary_category":[],"jnews_social_meta":[],"jnews_override_counter":[],"footnotes":""},"categories":[119],"tags":[7115,8921],"class_list":["post-177137","post","type-post","status-publish","format-standard","has-post-thumbnail","hentry","category-bem-estar","tag-chia","tag-semente"],"yoast_head":"<!-- This site is optimized with the Yoast SEO plugin v24.6 - https:\/\/yoast.com\/wordpress\/plugins\/seo\/ -->\n<title>O que acontece com seu intestino se voc\u00ea comer fibras e semente de chia? - Correio Braziliense - Radar<\/title>\n<meta name=\"description\" content=\"Consumo regular de fibras com semente de chia melhora o funcionamento intestinal aumenta saciedade e favorece o equil\u00edbrio da flora\" \/>\n<meta name=\"robots\" content=\"index, follow, max-snippet:-1, max-image-preview:large, max-video-preview:-1\" \/>\n<link rel=\"canonical\" href=\"https:\/\/www.correiobraziliense.com.br\/cbradar\/o-que-acontece-com-seu-intestino-se-voce-comer-fibras-e-semente-de-chia\/\" \/>\n<meta property=\"og:locale\" content=\"pt_BR\" \/>\n<meta property=\"og:type\" content=\"article\" \/>\n<meta property=\"og:title\" content=\"O que acontece com seu intestino se voc\u00ea comer fibras e semente de chia? - Correio Braziliense - Radar\" \/>\n<meta property=\"og:description\" content=\"Consumo regular de fibras com semente de chia melhora o funcionamento intestinal aumenta saciedade e favorece o equil\u00edbrio da flora\" \/>\n<meta property=\"og:url\" content=\"https:\/\/www.correiobraziliense.com.br\/cbradar\/o-que-acontece-com-seu-intestino-se-voce-comer-fibras-e-semente-de-chia\/\" \/>\n<meta property=\"og:site_name\" content=\"Correio Braziliense - Radar\" \/>\n<meta property=\"article:published_time\" content=\"2026-01-23T19:05:00+00:00\" \/>\n<meta property=\"og:image\" content=\"https:\/\/www.correiobraziliense.com.br\/cbradar\/wp-content\/uploads\/2026\/01\/freepik__imagem-realista-das-sementes-de-chia__24451.png\" \/>\n\t<meta property=\"og:image:width\" content=\"1280\" \/>\n\t<meta property=\"og:image:height\" content=\"720\" \/>\n\t<meta property=\"og:image:type\" content=\"image\/png\" \/>\n<meta name=\"author\" content=\"Paulo Custodio\" \/>\n<meta name=\"twitter:card\" content=\"summary_large_image\" \/>\n<meta name=\"twitter:label1\" content=\"Escrito por\" \/>\n\t<meta name=\"twitter:data1\" content=\"Paulo Custodio\" \/>\n\t<meta name=\"twitter:label2\" content=\"Est. tempo de leitura\" \/>\n\t<meta name=\"twitter:data2\" content=\"4 minutos\" \/>\n<!-- \/ Yoast SEO plugin. -->","yoast_head_json":{"title":"O que acontece com seu intestino se voc\u00ea comer fibras e semente de chia? - Correio Braziliense - Radar","description":"Consumo regular de fibras com semente de chia melhora o funcionamento intestinal aumenta saciedade e favorece o equil\u00edbrio da flora","robots":{"index":"index","follow":"follow","max-snippet":"max-snippet:-1","max-image-preview":"max-image-preview:large","max-video-preview":"max-video-preview:-1"},"canonical":"https:\/\/www.correiobraziliense.com.br\/cbradar\/o-que-acontece-com-seu-intestino-se-voce-comer-fibras-e-semente-de-chia\/","og_locale":"pt_BR","og_type":"article","og_title":"O que acontece com seu intestino se voc\u00ea comer fibras e semente de chia? - Correio Braziliense - Radar","og_description":"Consumo regular de fibras com semente de chia melhora o funcionamento intestinal aumenta saciedade e favorece o equil\u00edbrio da flora","og_url":"https:\/\/www.correiobraziliense.com.br\/cbradar\/o-que-acontece-com-seu-intestino-se-voce-comer-fibras-e-semente-de-chia\/","og_site_name":"Correio Braziliense - Radar","article_published_time":"2026-01-23T19:05:00+00:00","og_image":[{"width":1280,"height":720,"url":"https:\/\/www.correiobraziliense.com.br\/cbradar\/wp-content\/uploads\/2026\/01\/freepik__imagem-realista-das-sementes-de-chia__24451.png","type":"image\/png"}],"author":"Paulo Custodio","twitter_card":"summary_large_image","twitter_misc":{"Escrito por":"Paulo Custodio","Est. tempo de leitura":"4 minutos"},"schema":{"@context":"https:\/\/schema.org","@graph":[{"@type":"WebPage","@id":"https:\/\/www.correiobraziliense.com.br\/cbradar\/o-que-acontece-com-seu-intestino-se-voce-comer-fibras-e-semente-de-chia\/","url":"https:\/\/www.correiobraziliense.com.br\/cbradar\/o-que-acontece-com-seu-intestino-se-voce-comer-fibras-e-semente-de-chia\/","name":"O que acontece com seu intestino se voc\u00ea comer fibras e semente de chia? - Correio Braziliense - Radar","isPartOf":{"@id":"https:\/\/www.correiobraziliense.com.br\/cbradar\/#website"},"primaryImageOfPage":{"@id":"https:\/\/www.correiobraziliense.com.br\/cbradar\/o-que-acontece-com-seu-intestino-se-voce-comer-fibras-e-semente-de-chia\/#primaryimage"},"image":{"@id":"https:\/\/www.correiobraziliense.com.br\/cbradar\/o-que-acontece-com-seu-intestino-se-voce-comer-fibras-e-semente-de-chia\/#primaryimage"},"thumbnailUrl":"https:\/\/www.correiobraziliense.com.br\/cbradar\/wp-content\/uploads\/2026\/01\/freepik__imagem-realista-das-sementes-de-chia__24451.png","datePublished":"2026-01-23T19:05:00+00:00","author":{"@id":"https:\/\/www.correiobraziliense.com.br\/cbradar\/#\/schema\/person\/4cec7857301a9a1a2ef249893cd908d3"},"description":"Consumo regular de fibras com semente de chia melhora o funcionamento intestinal aumenta saciedade e favorece o equil\u00edbrio da flora","breadcrumb":{"@id":"https:\/\/www.correiobraziliense.com.br\/cbradar\/o-que-acontece-com-seu-intestino-se-voce-comer-fibras-e-semente-de-chia\/#breadcrumb"},"inLanguage":"pt-BR","potentialAction":[{"@type":"ReadAction","target":["https:\/\/www.correiobraziliense.com.br\/cbradar\/o-que-acontece-com-seu-intestino-se-voce-comer-fibras-e-semente-de-chia\/"]}]},{"@type":"ImageObject","inLanguage":"pt-BR","@id":"https:\/\/www.correiobraziliense.com.br\/cbradar\/o-que-acontece-com-seu-intestino-se-voce-comer-fibras-e-semente-de-chia\/#primaryimage","url":"https:\/\/www.correiobraziliense.com.br\/cbradar\/wp-content\/uploads\/2026\/01\/freepik__imagem-realista-das-sementes-de-chia__24451.png","contentUrl":"https:\/\/www.correiobraziliense.com.br\/cbradar\/wp-content\/uploads\/2026\/01\/freepik__imagem-realista-das-sementes-de-chia__24451.png","width":1280,"height":720,"caption":"A\u00e7\u00e3o digestiva promovendo o tr\u00e2nsito intestinal de forma natural"},{"@type":"BreadcrumbList","@id":"https:\/\/www.correiobraziliense.com.br\/cbradar\/o-que-acontece-com-seu-intestino-se-voce-comer-fibras-e-semente-de-chia\/#breadcrumb","itemListElement":[{"@type":"ListItem","position":1,"name":"In\u00edcio","item":"https:\/\/www.correiobraziliense.com.br\/cbradar\/"},{"@type":"ListItem","position":2,"name":"O que acontece com seu intestino se voc\u00ea comer fibras e semente de chia?"}]},{"@type":"WebSite","@id":"https:\/\/www.correiobraziliense.com.br\/cbradar\/#website","url":"https:\/\/www.correiobraziliense.com.br\/cbradar\/","name":"Correio Braziliense - Radar","description":"Acompanhe as \u00faltimas not\u00edcias e fique bem informado sobre tudo o que acontece no Brasil e no mundo.","potentialAction":[{"@type":"SearchAction","target":{"@type":"EntryPoint","urlTemplate":"https:\/\/www.correiobraziliense.com.br\/cbradar\/?s={search_term_string}"},"query-input":{"@type":"PropertyValueSpecification","valueRequired":true,"valueName":"search_term_string"}}],"inLanguage":"pt-BR"},{"@type":"Person","@id":"https:\/\/www.correiobraziliense.com.br\/cbradar\/#\/schema\/person\/4cec7857301a9a1a2ef249893cd908d3","name":"Paulo Custodio","image":{"@type":"ImageObject","inLanguage":"pt-BR","@id":"https:\/\/www.correiobraziliense.com.br\/cbradar\/#\/schema\/person\/image\/","url":"https:\/\/secure.gravatar.com\/avatar\/bcd67168d1534e8fcf4f45c726a87cea?s=96&d=mm&r=g","contentUrl":"https:\/\/secure.gravatar.com\/avatar\/bcd67168d1534e8fcf4f45c726a87cea?s=96&d=mm&r=g","caption":"Paulo Custodio"},"sameAs":["https:\/\/www.correiobraziliense.com.br\/cbradar"],"url":"https:\/\/www.correiobraziliense.com.br\/cbradar\/author\/paulomyth\/"}]}},"_links":{"self":[{"href":"https:\/\/www.correiobraziliense.com.br\/cbradar\/wp-json\/wp\/v2\/posts\/177137","targetHints":{"allow":["GET"]}}],"collection":[{"href":"https:\/\/www.correiobraziliense.com.br\/cbradar\/wp-json\/wp\/v2\/posts"}],"about":[{"href":"https:\/\/www.correiobraziliense.com.br\/cbradar\/wp-json\/wp\/v2\/types\/post"}],"author":[{"embeddable":true,"href":"https:\/\/www.correiobraziliense.com.br\/cbradar\/wp-json\/wp\/v2\/users\/11"}],"replies":[{"embeddable":true,"href":"https:\/\/www.correiobraziliense.com.br\/cbradar\/wp-json\/wp\/v2\/comments?post=177137"}],"version-history":[{"count":1,"href":"https:\/\/www.correiobraziliense.com.br\/cbradar\/wp-json\/wp\/v2\/posts\/177137\/revisions"}],"predecessor-version":[{"id":177138,"href":"https:\/\/www.correiobraziliense.com.br\/cbradar\/wp-json\/wp\/v2\/posts\/177137\/revisions\/177138"}],"wp:featuredmedia":[{"embeddable":true,"href":"https:\/\/www.correiobraziliense.com.br\/cbradar\/wp-json\/wp\/v2\/media\/179311"}],"wp:attachment":[{"href":"https:\/\/www.correiobraziliense.com.br\/cbradar\/wp-json\/wp\/v2\/media?parent=177137"}],"wp:term":[{"taxonomy":"category","embeddable":true,"href":"https:\/\/www.correiobraziliense.com.br\/cbradar\/wp-json\/wp\/v2\/categories?post=177137"},{"taxonomy":"post_tag","embeddable":true,"href":"https:\/\/www.correiobraziliense.com.br\/cbradar\/wp-json\/wp\/v2\/tags?post=177137"}],"curies":[{"name":"wp","href":"https:\/\/api.w.org\/{rel}","templated":true}]}}