{"id":177158,"date":"2026-01-21T08:45:00","date_gmt":"2026-01-21T11:45:00","guid":{"rendered":"https:\/\/www.correiobraziliense.com.br\/cbradar\/?p=177158"},"modified":"2026-01-20T11:28:35","modified_gmt":"2026-01-20T14:28:35","slug":"a-todos-ou-a-todos-a-regra-gramatical-sobre-o-uso-da-crase","status":"publish","type":"post","link":"https:\/\/www.correiobraziliense.com.br\/cbradar\/a-todos-ou-a-todos-a-regra-gramatical-sobre-o-uso-da-crase\/","title":{"rendered":"\u201cA todos\u201d ou \u201c\u00c0 todos\u201d? A regra gramatical sobre o uso da crase"},"content":{"rendered":"\n<p>A express\u00e3o <strong>\u201cBom dia a todos\u201d<\/strong> costuma gerar d\u00favida em textos formais, mensagens profissionais e at\u00e9 em comunicados p\u00fablicos, especialmente quanto ao uso ou n\u00e3o da <strong>crase<\/strong>. Para entender qual \u00e9 a forma adequada, \u00e9 necess\u00e1rio observar a fun\u00e7\u00e3o da <strong>preposi\u00e7\u00e3o<\/strong>, a presen\u00e7a (ou n\u00e3o) de <strong>artigo definido<\/strong> e o tipo de palavra que vem em seguida, respeitando a <strong>norma-padr\u00e3o<\/strong> e o registro formal de escrita.<\/p>\n\n\n\n<h2 class=\"wp-block-heading\">Qual \u00e9 a fun\u00e7\u00e3o de \u201ca todos\u201d na frase?<\/h2>\n\n\n\n<p>No caso de <strong>\u201ca todos\u201d<\/strong>, o termo <strong>\u201ctodos\u201d<\/strong> \u00e9 classificado como <strong>pronome indefinido<\/strong>, e essa informa\u00e7\u00e3o \u00e9 essencial para a aplica\u00e7\u00e3o da regra da crase. A l\u00edngua portuguesa estabelece crit\u00e9rios claros para o uso do acento indicativo de crase, baseados na rela\u00e7\u00e3o entre a <strong>preposi\u00e7\u00e3o \u201ca\u201d<\/strong> e o substantivo ou pronome que a sucede.<\/p>\n\n\n\n<p>Quando n\u00e3o h\u00e1 <strong>artigo definido feminino \u201ca\u201d ou \u201cas\u201d<\/strong> ap\u00f3s a preposi\u00e7\u00e3o, n\u00e3o h\u00e1 motivo para o uso do acento grave. Assim, em \u201ca todos\u201d, existe apenas a preposi\u00e7\u00e3o exigida pelo verbo ou pela express\u00e3o, sem qualquer artigo feminino que possa se fundir a ela.<\/p>\n\n\n\n<h2 class=\"wp-block-heading\">Qual \u00e9 a forma correta a todos ou \u00e0 todos<\/h2>\n\n\n\n<p>A forma correta \u00e9 <strong>\u201cBom dia a todos\u201d<\/strong>, sem crase. O erro em \u201cBom dia <strong>\u00e0 todos<\/strong>\u201d ocorre porque, para que a crase exista, \u00e9 preciso a uni\u00e3o de <strong>preposi\u00e7\u00e3o + artigo definido feminino<\/strong>. No entanto, o termo <strong>\u201ctodos\u201d<\/strong> n\u00e3o aceita artigo feminino, al\u00e9m de ser um <strong>pronome indefinido masculino plural<\/strong>.<\/p>\n\n\n\n<p>Em termos pr\u00e1ticos, o acento de crase <strong>nunca ser\u00e1 usado antes de \u201ctodos\u201d<\/strong>. O mesmo racioc\u00ednio vale para outras sauda\u00e7\u00f5es ou express\u00f5es comuns, como <strong>\u201cagrade\u00e7o a todos\u201d<\/strong>, <strong>\u201cboa noite a todos\u201d<\/strong> e <strong>\u201cfeliz ano-novo a todos\u201d<\/strong>, todas corretas sem o acento grave.<\/p>\n\n\n\n<p>Para aprofundarmos no tema, trouxemos o v\u00eddeo do especialista Octavio Pereira Lopes (@otavio.pereira.lopes):<\/p>\n\n\n\n<blockquote class=\"tiktok-embed\" cite=\"https:\/\/www.tiktok.com\/@octavio.pereira.lopes\/video\/7312514501360864518\" data-video-id=\"7312514501360864518\" style=\"max-width: 605px;min-width: 325px;\" > <section> <a target=\"_blank\" title=\"@octavio.pereira.lopes\" href=\"https:\/\/www.tiktok.com\/@octavio.pereira.lopes?refer=embed\">@octavio.pereira.lopes<\/a> &#34;\u00c0 TODOS&#34; ou &#34;A TODOS&#34;? Com ou sem acento? <a title=\"todos\" target=\"_blank\" href=\"https:\/\/www.tiktok.com\/tag\/todos?refer=embed\">#todos<\/a> <a title=\"atodos\" target=\"_blank\" href=\"https:\/\/www.tiktok.com\/tag\/atodos?refer=embed\">#atodos<\/a> <a title=\"portugues\" target=\"_blank\" href=\"https:\/\/www.tiktok.com\/tag\/portugues?refer=embed\">#portugues<\/a> <a title=\"duvidas\" target=\"_blank\" href=\"https:\/\/www.tiktok.com\/tag\/duvidas?refer=embed\">#duvidas<\/a> <a title=\"errosdeportugues\" target=\"_blank\" href=\"https:\/\/www.tiktok.com\/tag\/errosdeportugues?refer=embed\">#errosdeportugues<\/a> <a title=\"lerbemparaescreverbem\" target=\"_blank\" href=\"https:\/\/www.tiktok.com\/tag\/lerbemparaescreverbem?refer=embed\">#lerbemparaescreverbem<\/a> <a title=\"dicas_utilidades\" target=\"_blank\" href=\"https:\/\/www.tiktok.com\/tag\/dicas_utilidades?refer=embed\">#dicas_utilidades<\/a> <a title=\"erros\" target=\"_blank\" href=\"https:\/\/www.tiktok.com\/tag\/erros?refer=embed\">#erros<\/a> <a target=\"_blank\" title=\"\u266c som original - Octavio Lopes\" href=\"https:\/\/www.tiktok.com\/music\/som-original-7312514526544808709?refer=embed\">\u266c som original &#8211; Octavio Lopes<\/a> <\/section> <\/blockquote> <script async src=\"https:\/\/www.tiktok.com\/embed.js\"><\/script>\n\n\n\n<h2 class=\"wp-block-heading\">Como usar ou n\u00e3o usar crase em express\u00f5es parecidas<\/h2>\n\n\n\n<p>Para evitar d\u00favidas em situa\u00e7\u00f5es semelhantes, \u00e9 \u00fatil seguir algumas orienta\u00e7\u00f5es gerais sobre o <strong>uso da crase<\/strong>. A regra principal \u00e9 lembrar que a crase s\u00f3 ocorre quando h\u00e1 a fus\u00e3o da <strong>preposi\u00e7\u00e3o \u201ca\u201d<\/strong> com o <strong>artigo definido feminino \u201ca\u201d ou \u201cas\u201d<\/strong>, ou ainda com certas <strong>locu\u00e7\u00f5es iniciadas por palavras femininas<\/strong>.<\/p>\n\n\n\n<p>Por isso, a palavra que vem depois da preposi\u00e7\u00e3o \u00e9 determinante para saber se o acento aparecer\u00e1 ou n\u00e3o. Em contextos de escrita formal, dominar essas situa\u00e7\u00f5es ajuda a evitar erros recorrentes em sauda\u00e7\u00f5es, convites, avisos e e-mails profissionais.<\/p>\n\n\n\n<ul class=\"wp-block-list\">\n<li><strong>Sem crase<\/strong> antes de pronomes indefinidos: <strong>todos<\/strong>, muitas, poucos, qualquer, alguns, ningu\u00e9m.<\/li>\n\n\n\n<li><strong>Sem crase<\/strong> antes de pronomes de tratamento (exceto \u201csenhora\u201d e \u201csenhorita\u201d): <strong>a Vossa Excel\u00eancia<\/strong>, <strong>a Vossa Senhoria<\/strong>.<\/li>\n\n\n\n<li><strong>Com crase<\/strong> antes de palavras femininas que exigem artigo: a aluna \u2192 \u201centregou o documento <strong>\u00e0 aluna<\/strong>\u201d.<\/li>\n\n\n\n<li><strong>Com crase<\/strong> em locu\u00e7\u00f5es adverbiais femininas: <strong>\u00e0 tarde<\/strong>, <strong>\u00e0 noite<\/strong>, <strong>\u00e0 esquerda<\/strong>, <strong>\u00e0 medida que<\/strong>.<\/li>\n<\/ul>\n\n\n\n<h2 class=\"wp-block-heading\">Por que n\u00e3o h\u00e1 crase antes de \u201ctodos\u201d e outros pronomes indefinidos<\/h2>\n\n\n\n<p>O uso da express\u00e3o-chave <strong>crase em \u201ca todos\u201d<\/strong> est\u00e1 diretamente ligado \u00e0 natureza de <strong>\u201ctodos\u201d<\/strong> como pronome indefinido. De modo geral, <strong>pronomes indefinidos<\/strong> n\u00e3o s\u00e3o acompanhados de artigo definido que se funda com a preposi\u00e7\u00e3o, motivo pelo qual n\u00e3o se escreve <strong>\u201c\u00e0 todos\u201d<\/strong>, <strong>\u201c\u00e0 muitos\u201d<\/strong>, <strong>\u201c\u00e0 alguns\u201d<\/strong> ou <strong>\u201c\u00e0 ningu\u00e9m\u201d<\/strong>.<\/p>\n\n\n\n<p>Nessas constru\u00e7\u00f5es, a preposi\u00e7\u00e3o <strong>\u201ca\u201d<\/strong> apenas introduz o complemento, sem a presen\u00e7a de artigo feminino capaz de justificar o acento. Em frases como \u201cagrade\u00e7o a todos\u201d ou \u201cboa tarde a todos\u201d, o que aparece \u00e9 somente a reg\u00eancia verbal exigindo preposi\u00e7\u00e3o, e n\u00e3o a combina\u00e7\u00e3o preposi\u00e7\u00e3o + artigo.<\/p>\n\n\n\n<ol class=\"wp-block-list\">\n<li>\u201cAgrade\u00e7o <strong>a todos<\/strong> pela aten\u00e7\u00e3o.\u201d<\/li>\n\n\n\n<li>\u201cO aviso foi enviado <strong>a todos<\/strong> os colaboradores.\u201d<\/li>\n\n\n\n<li>\u201cO convite se estende <strong>a todos<\/strong> os interessados.\u201d<\/li>\n<\/ol>\n\n\n\n<p>Em nenhuma dessas frases h\u00e1 artigo feminino fundido \u00e0 preposi\u00e7\u00e3o, logo n\u00e3o h\u00e1 crase. A presen\u00e7a de substantivos masculinos como <strong>\u201ccolaboradores\u201d<\/strong> e <strong>\u201cinteressados\u201d<\/strong> refor\u00e7a que o artigo envolvido na express\u00e3o \u00e9 masculino, tornando imposs\u00edvel o uso de <strong>\u201c\u00e0\u201d<\/strong>.<\/p>\n\n\n\n<figure class=\"wp-block-image size-large\"><img decoding=\"async\" width=\"1024\" height=\"585\" src=\"https:\/\/www.correiobraziliense.com.br\/cbradar\/wp-content\/uploads\/2026\/01\/Crase-A-Todos-1024x585.png\" alt=\"\u201cA todos\u201d ou \u201c\u00c0 todos\u201d? A regra gramatical sobre o uso da crase\" class=\"wp-image-177160\" srcset=\"https:\/\/www.correiobraziliense.com.br\/cbradar\/wp-content\/uploads\/2026\/01\/Crase-A-Todos-1024x585.png 1024w, https:\/\/www.correiobraziliense.com.br\/cbradar\/wp-content\/uploads\/2026\/01\/Crase-A-Todos-300x171.png 300w, https:\/\/www.correiobraziliense.com.br\/cbradar\/wp-content\/uploads\/2026\/01\/Crase-A-Todos-768x439.png 768w, https:\/\/www.correiobraziliense.com.br\/cbradar\/wp-content\/uploads\/2026\/01\/Crase-A-Todos-750x429.png 750w, https:\/\/www.correiobraziliense.com.br\/cbradar\/wp-content\/uploads\/2026\/01\/Crase-A-Todos-1140x651.png 1140w, https:\/\/www.correiobraziliense.com.br\/cbradar\/wp-content\/uploads\/2026\/01\/Crase-A-Todos.png 1344w\" sizes=\"(max-width: 1024px) 100vw, 1024px\" \/><figcaption class=\"wp-element-caption\">Esque\u00e7a a crase em &#8220;bom dia a todos&#8221;! Forma simples e certinha pra saudar no trabalho ou grupos sem erro<\/figcaption><\/figure>\n\n\n\n<h2 class=\"wp-block-heading\">Como refor\u00e7ar o uso correto em sauda\u00e7\u00f5es e comunicados<\/h2>\n\n\n\n<p>Em contextos profissionais, acad\u00eamicos ou institucionais, express\u00f5es como <strong>\u201cBom dia a todos\u201d<\/strong>, <strong>\u201cBoa tarde a todos\u201d<\/strong> e <strong>\u201cBoa noite a todos\u201d<\/strong> aparecem com frequ\u00eancia em e-mails, atas, apresenta\u00e7\u00f5es e discursos. Nesses casos, a forma sem crase \u00e9 a adequada e contribui para a <strong>padroniza\u00e7\u00e3o da escrita<\/strong> em ambientes que prezam pela corre\u00e7\u00e3o gramatical.<\/p>\n\n\n\n<p>Para fixar a regra, vale incorporar algumas pr\u00e1ticas simples no dia a dia, garantindo que a express\u00e3o <strong>\u201ca todos\u201d<\/strong> seja sempre usada de forma correta e coerente com a norma-padr\u00e3o.<\/p>\n\n\n\n<ul class=\"wp-block-list\">\n<li><strong>Corretores<\/strong>: configurar o corretor autom\u00e1tico para n\u00e3o sugerir \u201c\u00e0 todos\u201d.<\/li>\n\n\n\n<li><strong>Modelos de e-mail<\/strong>: adotar sempre \u201cBom dia <strong>a todos<\/strong>\u201d em mensagens padr\u00e3o.<\/li>\n\n\n\n<li><strong>Treinamentos internos<\/strong>: incluir o tema \u201cuso da crase em pronomes indefinidos\u201d em materiais de escrita formal.<\/li>\n<\/ul>\n","protected":false},"excerpt":{"rendered":"<p>\u201cA todos\u201d ou \u201c\u00e0 todos\u201d? Descubra a regra da crase com exemplos pr\u00e1ticos e nunca mais erre em sauda\u00e7\u00f5es formais e informais.<\/p>\n","protected":false},"author":3,"featured_media":178598,"comment_status":"open","ping_status":"open","sticky":false,"template":"","format":"standard","meta":{"_yoast_wpseo_focuskw":"\u201cA todos\u201d ou \u201c\u00e0 todos\u201d","_yoast_wpseo_title":"%%title%%","_yoast_wpseo_metadesc":"\u201cA todos\u201d ou \u201c\u00e0 todos\u201d? Descubra a regra da crase com exemplos pr\u00e1ticos e nunca mais erre em sauda\u00e7\u00f5es formais e informais.","jnews-multi-image_gallery":[],"jnews_single_post":{"format":"standard"},"jnews_primary_category":[],"jnews_social_meta":[],"jnews_override_counter":[],"footnotes":""},"categories":[112],"post_tag":[144,10902,11064,6081],"class_list":["post-177158","post","type-post","status-publish","format-standard","has-post-thumbnail","hentry","category-curiosidades","tag-curiosidades","tag-lingua-portuguesa","tag-linguas","tag-portugues"],"yoast_head":"<!-- This site is optimized with the Yoast SEO plugin v24.6 - https:\/\/yoast.com\/wordpress\/plugins\/seo\/ -->\n<title>\u201cA todos\u201d ou \u201c\u00c0 todos\u201d? A regra gramatical sobre o uso da crase<\/title>\n<meta name=\"description\" content=\"\u201cA todos\u201d ou \u201c\u00e0 todos\u201d? Descubra a regra da crase com exemplos pr\u00e1ticos e nunca mais erre em sauda\u00e7\u00f5es formais e informais.\" \/>\n<meta name=\"robots\" content=\"index, follow, max-snippet:-1, max-image-preview:large, max-video-preview:-1\" \/>\n<link rel=\"canonical\" href=\"https:\/\/www.correiobraziliense.com.br\/cbradar\/a-todos-ou-a-todos-a-regra-gramatical-sobre-o-uso-da-crase\/\" \/>\n<meta property=\"og:locale\" content=\"pt_BR\" \/>\n<meta property=\"og:type\" content=\"article\" \/>\n<meta property=\"og:title\" content=\"\u201cA todos\u201d ou \u201c\u00c0 todos\u201d? A regra gramatical sobre o uso da crase\" \/>\n<meta property=\"og:description\" content=\"\u201cA todos\u201d ou \u201c\u00e0 todos\u201d? Descubra a regra da crase com exemplos pr\u00e1ticos e nunca mais erre em sauda\u00e7\u00f5es formais e informais.\" \/>\n<meta property=\"og:url\" content=\"https:\/\/www.correiobraziliense.com.br\/cbradar\/a-todos-ou-a-todos-a-regra-gramatical-sobre-o-uso-da-crase\/\" \/>\n<meta property=\"og:site_name\" content=\"Correio Braziliense - Radar\" \/>\n<meta property=\"article:published_time\" content=\"2026-01-21T11:45:00+00:00\" \/>\n<meta property=\"og:image\" content=\"https:\/\/www.correiobraziliense.com.br\/cbradar\/wp-content\/uploads\/2026\/01\/freepik__imagem-realista-de-um-quadro-de-giz-escolar-escrit__27741.jpeg\" \/>\n\t<meta property=\"og:image:width\" content=\"1280\" \/>\n\t<meta property=\"og:image:height\" content=\"720\" \/>\n\t<meta property=\"og:image:type\" content=\"image\/jpeg\" \/>\n<meta name=\"author\" content=\"Larissa Carvalho\" \/>\n<meta name=\"twitter:card\" content=\"summary_large_image\" \/>\n<meta name=\"twitter:label1\" content=\"Escrito por\" \/>\n\t<meta name=\"twitter:data1\" content=\"Larissa Carvalho\" \/>\n\t<meta name=\"twitter:label2\" content=\"Est. tempo de leitura\" \/>\n\t<meta name=\"twitter:data2\" content=\"5 minutos\" \/>\n<!-- \/ Yoast SEO plugin. -->","yoast_head_json":{"title":"\u201cA todos\u201d ou \u201c\u00c0 todos\u201d? A regra gramatical sobre o uso da crase","description":"\u201cA todos\u201d ou \u201c\u00e0 todos\u201d? Descubra a regra da crase com exemplos pr\u00e1ticos e nunca mais erre em sauda\u00e7\u00f5es formais e informais.","robots":{"index":"index","follow":"follow","max-snippet":"max-snippet:-1","max-image-preview":"max-image-preview:large","max-video-preview":"max-video-preview:-1"},"canonical":"https:\/\/www.correiobraziliense.com.br\/cbradar\/a-todos-ou-a-todos-a-regra-gramatical-sobre-o-uso-da-crase\/","og_locale":"pt_BR","og_type":"article","og_title":"\u201cA todos\u201d ou \u201c\u00c0 todos\u201d? A regra gramatical sobre o uso da crase","og_description":"\u201cA todos\u201d ou \u201c\u00e0 todos\u201d? Descubra a regra da crase com exemplos pr\u00e1ticos e nunca mais erre em sauda\u00e7\u00f5es formais e informais.","og_url":"https:\/\/www.correiobraziliense.com.br\/cbradar\/a-todos-ou-a-todos-a-regra-gramatical-sobre-o-uso-da-crase\/","og_site_name":"Correio Braziliense - Radar","article_published_time":"2026-01-21T11:45:00+00:00","og_image":[{"width":1280,"height":720,"url":"https:\/\/www.correiobraziliense.com.br\/cbradar\/wp-content\/uploads\/2026\/01\/freepik__imagem-realista-de-um-quadro-de-giz-escolar-escrit__27741.jpeg","type":"image\/jpeg"}],"author":"Larissa Carvalho","twitter_card":"summary_large_image","twitter_misc":{"Escrito por":"Larissa Carvalho","Est. tempo de leitura":"5 minutos"},"schema":{"@context":"https:\/\/schema.org","@graph":[{"@type":"WebPage","@id":"https:\/\/www.correiobraziliense.com.br\/cbradar\/a-todos-ou-a-todos-a-regra-gramatical-sobre-o-uso-da-crase\/","url":"https:\/\/www.correiobraziliense.com.br\/cbradar\/a-todos-ou-a-todos-a-regra-gramatical-sobre-o-uso-da-crase\/","name":"\u201cA todos\u201d ou \u201c\u00c0 todos\u201d? A regra gramatical sobre o uso da crase","isPartOf":{"@id":"https:\/\/www.correiobraziliense.com.br\/cbradar\/#website"},"primaryImageOfPage":{"@id":"https:\/\/www.correiobraziliense.com.br\/cbradar\/a-todos-ou-a-todos-a-regra-gramatical-sobre-o-uso-da-crase\/#primaryimage"},"image":{"@id":"https:\/\/www.correiobraziliense.com.br\/cbradar\/a-todos-ou-a-todos-a-regra-gramatical-sobre-o-uso-da-crase\/#primaryimage"},"thumbnailUrl":"https:\/\/www.correiobraziliense.com.br\/cbradar\/wp-content\/uploads\/2026\/01\/freepik__imagem-realista-de-um-quadro-de-giz-escolar-escrit__27741.jpeg","datePublished":"2026-01-21T11:45:00+00:00","author":{"@id":"https:\/\/www.correiobraziliense.com.br\/cbradar\/#\/schema\/person\/58422787644df994b53a19d3e56c1513"},"description":"\u201cA todos\u201d ou \u201c\u00e0 todos\u201d? Descubra a regra da crase com exemplos pr\u00e1ticos e nunca mais erre em sauda\u00e7\u00f5es formais e informais.","breadcrumb":{"@id":"https:\/\/www.correiobraziliense.com.br\/cbradar\/a-todos-ou-a-todos-a-regra-gramatical-sobre-o-uso-da-crase\/#breadcrumb"},"inLanguage":"pt-BR","potentialAction":[{"@type":"ReadAction","target":["https:\/\/www.correiobraziliense.com.br\/cbradar\/a-todos-ou-a-todos-a-regra-gramatical-sobre-o-uso-da-crase\/"]}]},{"@type":"ImageObject","inLanguage":"pt-BR","@id":"https:\/\/www.correiobraziliense.com.br\/cbradar\/a-todos-ou-a-todos-a-regra-gramatical-sobre-o-uso-da-crase\/#primaryimage","url":"https:\/\/www.correiobraziliense.com.br\/cbradar\/wp-content\/uploads\/2026\/01\/freepik__imagem-realista-de-um-quadro-de-giz-escolar-escrit__27741.jpeg","contentUrl":"https:\/\/www.correiobraziliense.com.br\/cbradar\/wp-content\/uploads\/2026\/01\/freepik__imagem-realista-de-um-quadro-de-giz-escolar-escrit__27741.jpeg","width":1280,"height":720,"caption":"Uso correto da crase depende da fus\u00e3o da preposi\u00e7\u00e3o \u201ca\u201d com o artigo definido feminino"},{"@type":"BreadcrumbList","@id":"https:\/\/www.correiobraziliense.com.br\/cbradar\/a-todos-ou-a-todos-a-regra-gramatical-sobre-o-uso-da-crase\/#breadcrumb","itemListElement":[{"@type":"ListItem","position":1,"name":"In\u00edcio","item":"https:\/\/www.correiobraziliense.com.br\/cbradar\/"},{"@type":"ListItem","position":2,"name":"\u201cA todos\u201d ou \u201c\u00c0 todos\u201d? A regra gramatical sobre o uso da crase"}]},{"@type":"WebSite","@id":"https:\/\/www.correiobraziliense.com.br\/cbradar\/#website","url":"https:\/\/www.correiobraziliense.com.br\/cbradar\/","name":"Correio Braziliense - Radar","description":"Acompanhe as \u00faltimas not\u00edcias e fique bem informado sobre tudo o que acontece no Brasil e no mundo.","potentialAction":[{"@type":"SearchAction","target":{"@type":"EntryPoint","urlTemplate":"https:\/\/www.correiobraziliense.com.br\/cbradar\/?s={search_term_string}"},"query-input":{"@type":"PropertyValueSpecification","valueRequired":true,"valueName":"search_term_string"}}],"inLanguage":"pt-BR"},{"@type":"Person","@id":"https:\/\/www.correiobraziliense.com.br\/cbradar\/#\/schema\/person\/58422787644df994b53a19d3e56c1513","name":"Larissa Carvalho","image":{"@type":"ImageObject","inLanguage":"pt-BR","@id":"https:\/\/www.correiobraziliense.com.br\/cbradar\/#\/schema\/person\/image\/","url":"https:\/\/secure.gravatar.com\/avatar\/fe4f91a0de32b52a838d0d612abdc1aa?s=96&d=mm&r=g","contentUrl":"https:\/\/secure.gravatar.com\/avatar\/fe4f91a0de32b52a838d0d612abdc1aa?s=96&d=mm&r=g","caption":"Larissa Carvalho"},"url":"https:\/\/www.correiobraziliense.com.br\/cbradar\/author\/larissamyth\/"}]}},"_links":{"self":[{"href":"https:\/\/www.correiobraziliense.com.br\/cbradar\/wp-json\/wp\/v2\/posts\/177158","targetHints":{"allow":["GET"]}}],"collection":[{"href":"https:\/\/www.correiobraziliense.com.br\/cbradar\/wp-json\/wp\/v2\/posts"}],"about":[{"href":"https:\/\/www.correiobraziliense.com.br\/cbradar\/wp-json\/wp\/v2\/types\/post"}],"author":[{"embeddable":true,"href":"https:\/\/www.correiobraziliense.com.br\/cbradar\/wp-json\/wp\/v2\/users\/3"}],"replies":[{"embeddable":true,"href":"https:\/\/www.correiobraziliense.com.br\/cbradar\/wp-json\/wp\/v2\/comments?post=177158"}],"version-history":[{"count":2,"href":"https:\/\/www.correiobraziliense.com.br\/cbradar\/wp-json\/wp\/v2\/posts\/177158\/revisions"}],"predecessor-version":[{"id":177161,"href":"https:\/\/www.correiobraziliense.com.br\/cbradar\/wp-json\/wp\/v2\/posts\/177158\/revisions\/177161"}],"wp:featuredmedia":[{"embeddable":true,"href":"https:\/\/www.correiobraziliense.com.br\/cbradar\/wp-json\/wp\/v2\/media\/178598"}],"wp:attachment":[{"href":"https:\/\/www.correiobraziliense.com.br\/cbradar\/wp-json\/wp\/v2\/media?parent=177158"}],"wp:term":[{"taxonomy":"category","embeddable":true,"href":"https:\/\/www.correiobraziliense.com.br\/cbradar\/wp-json\/wp\/v2\/categories?post=177158"},{"taxonomy":"post_tag","embeddable":true,"href":"https:\/\/www.correiobraziliense.com.br\/cbradar\/wp-json\/wp\/v2\/post_tag?post=177158"}],"curies":[{"name":"wp","href":"https:\/\/api.w.org\/{rel}","templated":true}]}}