{"id":177182,"date":"2026-01-22T06:45:00","date_gmt":"2026-01-22T09:45:00","guid":{"rendered":"https:\/\/www.correiobraziliense.com.br\/cbradar\/?p=177182"},"modified":"2026-01-21T09:24:07","modified_gmt":"2026-01-21T12:24:07","slug":"os-nomes-de-bebe-mais-populares-em-1926-e-que-podem-voltar-ao-radar","status":"publish","type":"post","link":"https:\/\/www.correiobraziliense.com.br\/cbradar\/os-nomes-de-bebe-mais-populares-em-1926-e-que-podem-voltar-ao-radar\/","title":{"rendered":"Os nomes de beb\u00ea mais populares em 1926 e que podem voltar ao radar"},"content":{"rendered":"\n<p>Os registros oficiais de nomes de beb\u00eas mostram muito mais do que simples prefer\u00eancias dos pais. Ao acompanhar a evolu\u00e7\u00e3o desses dados ao longo de um s\u00e9culo, \u00e9 poss\u00edvel observar <strong>mudan\u00e7as culturais<\/strong>, <strong>influ\u00eancias midi\u00e1ticas<\/strong> e <strong>transforma\u00e7\u00f5es sociais<\/strong>. No caso dos Estados Unidos, as listas da Administra\u00e7\u00e3o da Seguridade Social revelam quais nomes conseguiram se manter em alta e quais se tornaram raros com o passar das d\u00e9cadas, ajudando a entender como a sociedade constr\u00f3i e renova suas tradi\u00e7\u00f5es.<\/p>\n\n\n\n<h2 class=\"wp-block-heading\">O que s\u00e3o tend\u00eancias de nomes de beb\u00eas e como elas funcionam<\/h2>\n\n\n\n<p>A express\u00e3o <strong>tend\u00eancias de nomes de beb\u00eas<\/strong> se refere aos padr\u00f5es de popularidade que determinados nomes apresentam ao longo do tempo. Esse movimento pode ser influenciado por fatores diversos, como personagens de filmes e s\u00e9ries, figuras hist\u00f3ricas, religi\u00f5es, migra\u00e7\u00f5es e sons considerados mais modernos ou tradicionais em cada per\u00edodo.<\/p>\n\n\n\n<p>Nomes como <strong>James<\/strong>, <strong>William<\/strong>, <strong>Mary<\/strong> e <strong>Elizabeth<\/strong> ilustram bem a ideia de nome cl\u00e1ssico, pois continuam presentes entre os mais usados mesmo ap\u00f3s muitas d\u00e9cadas. J\u00e1 nomes como <strong>Mildred<\/strong>, <strong>Doris<\/strong>, <strong>Ralph<\/strong> ou <strong>Harold<\/strong>, comuns em 1926, hoje aparecem com frequ\u00eancia bem menor, um exemplo claro do fen\u00f4meno de \u201c<strong>data\u00e7\u00e3o<\/strong>\u201d dos nomes.<\/p>\n\n\n\n<figure class=\"wp-block-image size-large\"><img decoding=\"async\" width=\"1024\" height=\"576\" src=\"https:\/\/www.correiobraziliense.com.br\/cbradar\/wp-content\/uploads\/2026\/01\/\u2705-BANNER-MYTH-118-1024x576.png\" alt=\"Os nomes de beb\u00ea mais populares em 1926 e que podem voltar ao radar\" class=\"wp-image-177184\" srcset=\"https:\/\/www.correiobraziliense.com.br\/cbradar\/wp-content\/uploads\/2026\/01\/\u2705-BANNER-MYTH-118-1024x576.png 1024w, https:\/\/www.correiobraziliense.com.br\/cbradar\/wp-content\/uploads\/2026\/01\/\u2705-BANNER-MYTH-118-300x169.png 300w, https:\/\/www.correiobraziliense.com.br\/cbradar\/wp-content\/uploads\/2026\/01\/\u2705-BANNER-MYTH-118-768x432.png 768w, https:\/\/www.correiobraziliense.com.br\/cbradar\/wp-content\/uploads\/2026\/01\/\u2705-BANNER-MYTH-118-750x422.png 750w, https:\/\/www.correiobraziliense.com.br\/cbradar\/wp-content\/uploads\/2026\/01\/\u2705-BANNER-MYTH-118-1140x641.png 1140w, https:\/\/www.correiobraziliense.com.br\/cbradar\/wp-content\/uploads\/2026\/01\/\u2705-BANNER-MYTH-118.png 1280w\" sizes=\"(max-width: 1024px) 100vw, 1024px\" \/><figcaption class=\"wp-element-caption\">Nomes de beb\u00eas refletem cultura viva: descobre tend\u00eancias que conectam gera\u00e7\u00f5es e inspiram escolhas atemporais nos EUA.<\/figcaption><\/figure>\n\n\n\n<h2 class=\"wp-block-heading\">Quais nomes de 1926 ainda est\u00e3o em alta atualmente<\/h2>\n\n\n\n<p>Ao observar as listas de 1926, \u00e9 poss\u00edvel notar que alguns nomes tiveram <strong>grande resist\u00eancia ao tempo<\/strong>. No grupo dos meninos, <strong>Robert<\/strong>, <strong>John<\/strong>, <strong>William<\/strong> e <strong>James<\/strong> aparecem como escolhas recorrentes ao longo do s\u00e9culo, muitas vezes vistos como nomes fortes, simples e f\u00e1ceis de pronunciar em diferentes pa\u00edses.<\/p>\n\n\n\n<p>Entre as meninas, <strong>Mary<\/strong>, <strong>Elizabeth<\/strong>, <strong>Evelyn<\/strong> e <strong>Margaret<\/strong> mant\u00eam uma presen\u00e7a constante, ainda que com varia\u00e7\u00f5es de grafia ou apelidos associados. Esses nomes cl\u00e1ssicos tamb\u00e9m costumam surgir em rankings recentes, demonstrando sua <strong>atualidade discreta<\/strong> mesmo diante de novas modas.<\/p>\n\n\n\n<h2 class=\"wp-block-heading\">Quais caracter\u00edsticas definem os nomes cl\u00e1ssicos e atemporais<\/h2>\n\n\n\n<p>Esses nomes cl\u00e1ssicos compartilham algumas caracter\u00edsticas importantes, que explicam por que conseguem atravessar gera\u00e7\u00f5es sem parecer datados. Al\u00e9m da sonoridade agrad\u00e1vel, muitos t\u00eam forte presen\u00e7a em refer\u00eancias culturais, religiosas e liter\u00e1rias ao redor do mundo.<\/p>\n\n\n\n<p>De forma geral, \u00e9 poss\u00edvel identificar tra\u00e7os comuns que ajudam a reconhecer nomes considerados realmente atemporais:<\/p>\n\n\n\n<ul class=\"wp-block-list\">\n<li><strong>Origem antiga<\/strong>, muitas vezes b\u00edblica ou ligada \u00e0 tradi\u00e7\u00e3o europeia.<\/li>\n\n\n\n<li><strong>Pron\u00fancia simples<\/strong> e reconhec\u00edvel em v\u00e1rias l\u00ednguas e pa\u00edses.<\/li>\n\n\n\n<li><strong>Presen\u00e7a frequente<\/strong> em figuras p\u00fablicas, livros, filmes e cl\u00e1ssicos da cultura pop.<\/li>\n\n\n\n<li><strong>Vers\u00f5es curtas e apelidos<\/strong> que ampliam o uso do nome em diferentes contextos.<\/li>\n<\/ul>\n\n\n\n<h2 class=\"wp-block-heading\">Por que alguns nomes envelhecem mais r\u00e1pido que outros<\/h2>\n\n\n\n<p>Enquanto certos nomes de beb\u00eas se mant\u00eam est\u00e1veis, outros t\u00eam comportamento t\u00edpico de <strong>moda passageira<\/strong>. No recorte de 1926, aparecem nomes como <strong>Mildred<\/strong>, <strong>Doris<\/strong>, <strong>Lois<\/strong>, <strong>Ralph<\/strong> e <strong>Harold<\/strong>, que hoje s\u00e3o menos comuns entre rec\u00e9m-nascidos e acabam fortemente associados a gera\u00e7\u00f5es de av\u00f3s ou bisav\u00f3s.<\/p>\n\n\n\n<p>Uma das explica\u00e7\u00f5es est\u00e1 na <strong>associa\u00e7\u00e3o geracional<\/strong>: quando um nome \u00e9 extremamente popular em determinado per\u00edodo, tende a ser identificado, d\u00e9cadas depois, com uma faixa et\u00e1ria espec\u00edfica. Al\u00e9m disso, mudan\u00e7as de gosto em rela\u00e7\u00e3o \u00e0 sonoridade fazem com que termina\u00e7\u00f5es como \u201c<strong>-red<\/strong>\u201d (Mildred) ou \u201c<strong>-old<\/strong>\u201d (Harold) deixem de soar modernas, reduzindo o interesse dos novos pais.<\/p>\n\n\n\n<h2 class=\"wp-block-heading\">Como identificar nomes de beb\u00eas cl\u00e1ssicos hoje em dia<\/h2>\n\n\n\n<p>Para quem busca entender as <strong>tend\u00eancias de nomes de beb\u00eas<\/strong> e distinguir op\u00e7\u00f5es atemporais de modismos, alguns crit\u00e9rios costumam ajudar. A observa\u00e7\u00e3o dos dados oficiais \u00e9 um dos caminhos, mas percep\u00e7\u00f5es culturais, refer\u00eancias na m\u00eddia e uso em diferentes pa\u00edses tamb\u00e9m s\u00e3o relevantes.<\/p>\n\n\n\n<p>Em geral, nomes considerados cl\u00e1ssicos apresentam:<\/p>\n\n\n\n<ol class=\"wp-block-list\">\n<li><strong>Persist\u00eancia hist\u00f3rica<\/strong>: aparecem nas listas ao longo de v\u00e1rias d\u00e9cadas, mesmo com oscila\u00e7\u00f5es.<\/li>\n\n\n\n<li><strong>Boa adapta\u00e7\u00e3o cultural<\/strong>: funcionam em diferentes contextos, pa\u00edses ou idiomas.<\/li>\n\n\n\n<li><strong>Variedade de diminutivos<\/strong>: permitem vers\u00f5es formais e informais, adequadas a diferentes fases da vida.<\/li>\n\n\n\n<li><strong>Associa\u00e7\u00e3o neutra<\/strong>: n\u00e3o ficam marcados por apenas um personagem ou figura p\u00fablica espec\u00edfica.<\/li>\n<\/ol>\n\n\n\n<p>Para aprofundarmos no tema, trouxemos o v\u00eddeo do perfil @universodosbebes:<\/p>\n\n\n\n<blockquote class=\"tiktok-embed\" cite=\"https:\/\/www.tiktok.com\/@universodosbebes\/video\/7371822255812201734\" data-video-id=\"7371822255812201734\" style=\"max-width: 605px;min-width: 325px;\" > <section> <a target=\"_blank\" title=\"@universodosbebes\" href=\"https:\/\/www.tiktok.com\/@universodosbebes?refer=embed\">@universodosbebes<\/a> Nomes antigos para menino <a title=\"nombres\" target=\"_blank\" href=\"https:\/\/www.tiktok.com\/tag\/nombres?refer=embed\">#nombres<\/a> <a title=\"nome\" target=\"_blank\" href=\"https:\/\/www.tiktok.com\/tag\/nome?refer=embed\">#nome<\/a> <a title=\"maternidade\" target=\"_blank\" href=\"https:\/\/www.tiktok.com\/tag\/maternidade?refer=embed\">#maternidade<\/a> <a title=\"inspiracao\" target=\"_blank\" href=\"https:\/\/www.tiktok.com\/tag\/inspiracao?refer=embed\">#inspiracao<\/a> <a title=\"nombresdeni\u00f1o\" target=\"_blank\" href=\"https:\/\/www.tiktok.com\/tag\/nombresdeni%C3%B1o?refer=embed\">#nombresdeni\u00f1o<\/a> <a title=\"maedemenino\" target=\"_blank\" href=\"https:\/\/www.tiktok.com\/tag\/maedemenino?refer=embed\">#maedemenino<\/a> <a title=\"nomesdemeninos\" target=\"_blank\" href=\"https:\/\/www.tiktok.com\/tag\/nomesdemeninos?refer=embed\">#nomesdemeninos<\/a> <a target=\"_blank\" title=\"\u266c Dream Away - Ramol\" href=\"https:\/\/www.tiktok.com\/music\/Dream-Away-7065241393702127617?refer=embed\">\u266c Dream Away &#8211; Ramol<\/a> <\/section> <\/blockquote> <script async src=\"https:\/\/www.tiktok.com\/embed.js\"><\/script>\n\n\n\n<h2 class=\"wp-block-heading\">O que os dados de 1926 revelam sobre as escolhas atuais<\/h2>\n\n\n\n<p>A lista de 1926 mostra um cen\u00e1rio em que nomes b\u00edblicos, ingleses e europeus dominavam com for\u00e7a tanto para meninos quanto para meninas. Em 2026, a <strong>diversidade \u00e9tnica e cultural<\/strong> \u00e9 maior, e isso se reflete no registro civil, com mais espa\u00e7o para nomes de diferentes origens, combina\u00e7\u00f5es criativas e influ\u00eancias globais.<\/p>\n\n\n\n<p>O contraste entre nomes ainda comuns, como <strong>James<\/strong>, <strong>Evelyn<\/strong>, <strong>William<\/strong> e <strong>Elizabeth<\/strong>, e outros hoje raros, como <strong>Mildred<\/strong>, <strong>Ralph<\/strong>, <strong>Doris<\/strong> e <strong>Harold<\/strong>, ilustra a din\u00e2mica das <em>tend\u00eancias de nomes de beb\u00eas<\/em>. Os dados hist\u00f3ricos funcionam como um <strong>retrato de \u00e9poca<\/strong>, mostrando como a sociedade muda e como essas mudan\u00e7as se refletem at\u00e9 na simples escolha de um primeiro nome.<\/p>\n","protected":false},"excerpt":{"rendered":"<p>Descubra os nomes de beb\u00eas mais populares de 1926 e quais ainda fazem sucesso hoje. Tend\u00eancias, cl\u00e1ssicos eternos e inspira\u00e7\u00f5es \u00fanicas<\/p>\n","protected":false},"author":3,"featured_media":178715,"comment_status":"open","ping_status":"open","sticky":false,"template":"","format":"standard","meta":{"_yoast_wpseo_focuskw":"nomes beb\u00eas 1926","_yoast_wpseo_title":"%%title%%","_yoast_wpseo_metadesc":"Descubra os nomes de beb\u00eas mais populares de 1926 e quais ainda fazem sucesso hoje. Tend\u00eancias, cl\u00e1ssicos eternos e inspira\u00e7\u00f5es \u00fanicas","jnews-multi-image_gallery":[],"jnews_single_post":{"format":"standard"},"jnews_primary_category":[],"jnews_social_meta":[],"jnews_override_counter":[],"footnotes":""},"categories":[112],"tags":[144,5202,11279,11783,11895],"class_list":["post-177182","post","type-post","status-publish","format-standard","has-post-thumbnail","hentry","category-curiosidades","tag-curiosidades","tag-nomes","tag-nomes-antigos","tag-nomes-de-bebes","tag-nomes-de-pessoas"],"yoast_head":"<!-- This site is optimized with the Yoast SEO plugin v24.6 - https:\/\/yoast.com\/wordpress\/plugins\/seo\/ -->\n<title>Os nomes de beb\u00ea mais populares em 1926 e que podem voltar ao radar<\/title>\n<meta name=\"description\" content=\"Descubra os nomes de beb\u00eas mais populares de 1926 e quais ainda fazem sucesso hoje. Tend\u00eancias, cl\u00e1ssicos eternos e inspira\u00e7\u00f5es \u00fanicas\" \/>\n<meta name=\"robots\" content=\"index, follow, max-snippet:-1, max-image-preview:large, max-video-preview:-1\" \/>\n<link rel=\"canonical\" href=\"https:\/\/www.correiobraziliense.com.br\/cbradar\/os-nomes-de-bebe-mais-populares-em-1926-e-que-podem-voltar-ao-radar\/\" \/>\n<meta property=\"og:locale\" content=\"pt_BR\" \/>\n<meta property=\"og:type\" content=\"article\" \/>\n<meta property=\"og:title\" content=\"Os nomes de beb\u00ea mais populares em 1926 e que podem voltar ao radar\" \/>\n<meta property=\"og:description\" content=\"Descubra os nomes de beb\u00eas mais populares de 1926 e quais ainda fazem sucesso hoje. Tend\u00eancias, cl\u00e1ssicos eternos e inspira\u00e7\u00f5es \u00fanicas\" \/>\n<meta property=\"og:url\" content=\"https:\/\/www.correiobraziliense.com.br\/cbradar\/os-nomes-de-bebe-mais-populares-em-1926-e-que-podem-voltar-ao-radar\/\" \/>\n<meta property=\"og:site_name\" content=\"Correio Braziliense - Radar\" \/>\n<meta property=\"article:published_time\" content=\"2026-01-22T09:45:00+00:00\" \/>\n<meta property=\"og:image\" content=\"https:\/\/www.correiobraziliense.com.br\/cbradar\/wp-content\/uploads\/2026\/01\/freepik__imagem-realista-de-bebs-em-um-ambiente-de-1926__56819.jpeg\" \/>\n\t<meta property=\"og:image:width\" content=\"1280\" \/>\n\t<meta property=\"og:image:height\" content=\"720\" \/>\n\t<meta property=\"og:image:type\" content=\"image\/jpeg\" \/>\n<meta name=\"author\" content=\"Larissa Carvalho\" \/>\n<meta name=\"twitter:card\" content=\"summary_large_image\" \/>\n<meta name=\"twitter:label1\" content=\"Escrito por\" \/>\n\t<meta name=\"twitter:data1\" content=\"Larissa Carvalho\" \/>\n\t<meta name=\"twitter:label2\" content=\"Est. tempo de leitura\" \/>\n\t<meta name=\"twitter:data2\" content=\"5 minutos\" \/>\n<!-- \/ Yoast SEO plugin. -->","yoast_head_json":{"title":"Os nomes de beb\u00ea mais populares em 1926 e que podem voltar ao radar","description":"Descubra os nomes de beb\u00eas mais populares de 1926 e quais ainda fazem sucesso hoje. Tend\u00eancias, cl\u00e1ssicos eternos e inspira\u00e7\u00f5es \u00fanicas","robots":{"index":"index","follow":"follow","max-snippet":"max-snippet:-1","max-image-preview":"max-image-preview:large","max-video-preview":"max-video-preview:-1"},"canonical":"https:\/\/www.correiobraziliense.com.br\/cbradar\/os-nomes-de-bebe-mais-populares-em-1926-e-que-podem-voltar-ao-radar\/","og_locale":"pt_BR","og_type":"article","og_title":"Os nomes de beb\u00ea mais populares em 1926 e que podem voltar ao radar","og_description":"Descubra os nomes de beb\u00eas mais populares de 1926 e quais ainda fazem sucesso hoje. Tend\u00eancias, cl\u00e1ssicos eternos e inspira\u00e7\u00f5es \u00fanicas","og_url":"https:\/\/www.correiobraziliense.com.br\/cbradar\/os-nomes-de-bebe-mais-populares-em-1926-e-que-podem-voltar-ao-radar\/","og_site_name":"Correio Braziliense - Radar","article_published_time":"2026-01-22T09:45:00+00:00","og_image":[{"width":1280,"height":720,"url":"https:\/\/www.correiobraziliense.com.br\/cbradar\/wp-content\/uploads\/2026\/01\/freepik__imagem-realista-de-bebs-em-um-ambiente-de-1926__56819.jpeg","type":"image\/jpeg"}],"author":"Larissa Carvalho","twitter_card":"summary_large_image","twitter_misc":{"Escrito por":"Larissa Carvalho","Est. tempo de leitura":"5 minutos"},"schema":{"@context":"https:\/\/schema.org","@graph":[{"@type":"WebPage","@id":"https:\/\/www.correiobraziliense.com.br\/cbradar\/os-nomes-de-bebe-mais-populares-em-1926-e-que-podem-voltar-ao-radar\/","url":"https:\/\/www.correiobraziliense.com.br\/cbradar\/os-nomes-de-bebe-mais-populares-em-1926-e-que-podem-voltar-ao-radar\/","name":"Os nomes de beb\u00ea mais populares em 1926 e que podem voltar ao radar","isPartOf":{"@id":"https:\/\/www.correiobraziliense.com.br\/cbradar\/#website"},"primaryImageOfPage":{"@id":"https:\/\/www.correiobraziliense.com.br\/cbradar\/os-nomes-de-bebe-mais-populares-em-1926-e-que-podem-voltar-ao-radar\/#primaryimage"},"image":{"@id":"https:\/\/www.correiobraziliense.com.br\/cbradar\/os-nomes-de-bebe-mais-populares-em-1926-e-que-podem-voltar-ao-radar\/#primaryimage"},"thumbnailUrl":"https:\/\/www.correiobraziliense.com.br\/cbradar\/wp-content\/uploads\/2026\/01\/freepik__imagem-realista-de-bebs-em-um-ambiente-de-1926__56819.jpeg","datePublished":"2026-01-22T09:45:00+00:00","author":{"@id":"https:\/\/www.correiobraziliense.com.br\/cbradar\/#\/schema\/person\/58422787644df994b53a19d3e56c1513"},"description":"Descubra os nomes de beb\u00eas mais populares de 1926 e quais ainda fazem sucesso hoje. Tend\u00eancias, cl\u00e1ssicos eternos e inspira\u00e7\u00f5es \u00fanicas","breadcrumb":{"@id":"https:\/\/www.correiobraziliense.com.br\/cbradar\/os-nomes-de-bebe-mais-populares-em-1926-e-que-podem-voltar-ao-radar\/#breadcrumb"},"inLanguage":"pt-BR","potentialAction":[{"@type":"ReadAction","target":["https:\/\/www.correiobraziliense.com.br\/cbradar\/os-nomes-de-bebe-mais-populares-em-1926-e-que-podem-voltar-ao-radar\/"]}]},{"@type":"ImageObject","inLanguage":"pt-BR","@id":"https:\/\/www.correiobraziliense.com.br\/cbradar\/os-nomes-de-bebe-mais-populares-em-1926-e-que-podem-voltar-ao-radar\/#primaryimage","url":"https:\/\/www.correiobraziliense.com.br\/cbradar\/wp-content\/uploads\/2026\/01\/freepik__imagem-realista-de-bebs-em-um-ambiente-de-1926__56819.jpeg","contentUrl":"https:\/\/www.correiobraziliense.com.br\/cbradar\/wp-content\/uploads\/2026\/01\/freepik__imagem-realista-de-bebs-em-um-ambiente-de-1926__56819.jpeg","width":1280,"height":720,"caption":"Nomes de beb\u00eas refletem mudan\u00e7as culturais ao longo do tempo"},{"@type":"BreadcrumbList","@id":"https:\/\/www.correiobraziliense.com.br\/cbradar\/os-nomes-de-bebe-mais-populares-em-1926-e-que-podem-voltar-ao-radar\/#breadcrumb","itemListElement":[{"@type":"ListItem","position":1,"name":"In\u00edcio","item":"https:\/\/www.correiobraziliense.com.br\/cbradar\/"},{"@type":"ListItem","position":2,"name":"Os nomes de beb\u00ea mais populares em 1926 e que podem voltar ao radar"}]},{"@type":"WebSite","@id":"https:\/\/www.correiobraziliense.com.br\/cbradar\/#website","url":"https:\/\/www.correiobraziliense.com.br\/cbradar\/","name":"Correio Braziliense - Radar","description":"Acompanhe as \u00faltimas not\u00edcias e fique bem informado sobre tudo o que acontece no Brasil e no mundo.","potentialAction":[{"@type":"SearchAction","target":{"@type":"EntryPoint","urlTemplate":"https:\/\/www.correiobraziliense.com.br\/cbradar\/?s={search_term_string}"},"query-input":{"@type":"PropertyValueSpecification","valueRequired":true,"valueName":"search_term_string"}}],"inLanguage":"pt-BR"},{"@type":"Person","@id":"https:\/\/www.correiobraziliense.com.br\/cbradar\/#\/schema\/person\/58422787644df994b53a19d3e56c1513","name":"Larissa Carvalho","image":{"@type":"ImageObject","inLanguage":"pt-BR","@id":"https:\/\/www.correiobraziliense.com.br\/cbradar\/#\/schema\/person\/image\/","url":"https:\/\/secure.gravatar.com\/avatar\/fe4f91a0de32b52a838d0d612abdc1aa?s=96&d=mm&r=g","contentUrl":"https:\/\/secure.gravatar.com\/avatar\/fe4f91a0de32b52a838d0d612abdc1aa?s=96&d=mm&r=g","caption":"Larissa Carvalho"},"url":"https:\/\/www.correiobraziliense.com.br\/cbradar\/author\/larissamyth\/"}]}},"_links":{"self":[{"href":"https:\/\/www.correiobraziliense.com.br\/cbradar\/wp-json\/wp\/v2\/posts\/177182","targetHints":{"allow":["GET"]}}],"collection":[{"href":"https:\/\/www.correiobraziliense.com.br\/cbradar\/wp-json\/wp\/v2\/posts"}],"about":[{"href":"https:\/\/www.correiobraziliense.com.br\/cbradar\/wp-json\/wp\/v2\/types\/post"}],"author":[{"embeddable":true,"href":"https:\/\/www.correiobraziliense.com.br\/cbradar\/wp-json\/wp\/v2\/users\/3"}],"replies":[{"embeddable":true,"href":"https:\/\/www.correiobraziliense.com.br\/cbradar\/wp-json\/wp\/v2\/comments?post=177182"}],"version-history":[{"count":3,"href":"https:\/\/www.correiobraziliense.com.br\/cbradar\/wp-json\/wp\/v2\/posts\/177182\/revisions"}],"predecessor-version":[{"id":179055,"href":"https:\/\/www.correiobraziliense.com.br\/cbradar\/wp-json\/wp\/v2\/posts\/177182\/revisions\/179055"}],"wp:featuredmedia":[{"embeddable":true,"href":"https:\/\/www.correiobraziliense.com.br\/cbradar\/wp-json\/wp\/v2\/media\/178715"}],"wp:attachment":[{"href":"https:\/\/www.correiobraziliense.com.br\/cbradar\/wp-json\/wp\/v2\/media?parent=177182"}],"wp:term":[{"taxonomy":"category","embeddable":true,"href":"https:\/\/www.correiobraziliense.com.br\/cbradar\/wp-json\/wp\/v2\/categories?post=177182"},{"taxonomy":"post_tag","embeddable":true,"href":"https:\/\/www.correiobraziliense.com.br\/cbradar\/wp-json\/wp\/v2\/tags?post=177182"}],"curies":[{"name":"wp","href":"https:\/\/api.w.org\/{rel}","templated":true}]}}