{"id":177198,"date":"2026-01-23T06:45:00","date_gmt":"2026-01-23T09:45:00","guid":{"rendered":"https:\/\/www.correiobraziliense.com.br\/cbradar\/?p=177198"},"modified":"2026-01-22T17:57:02","modified_gmt":"2026-01-22T20:57:02","slug":"os-nomes-de-bebes-mais-populares-em-berlim-em-2025","status":"publish","type":"post","link":"https:\/\/www.correiobraziliense.com.br\/cbradar\/os-nomes-de-bebes-mais-populares-em-berlim-em-2025\/","title":{"rendered":"Estes beb\u00eas receberam os nomes mais populares em Berlim no ano de 2025"},"content":{"rendered":"\n<p>Escolher o nome de um rec\u00e9m-nascido costuma envolver fam\u00edlia inteira, tradi\u00e7\u00f5es e tamb\u00e9m tend\u00eancias do momento. No ano de 2025, os dados divulgados por especialistas em nomes pr\u00f3prios mostram que alguns nomes ganharam destaque especial em <strong>Berlim <\/strong>e <strong>Brandemburgo<\/strong>, revelando mudan\u00e7as interessantes no comportamento dos pais dessas regi\u00f5es e refor\u00e7ando a busca por <strong>nomes curtos<\/strong>, de <strong>f\u00e1cil pron\u00fancia internacional<\/strong> e com <strong>significados marcantes<\/strong>.<\/p>\n\n\n\n<h2 class=\"wp-block-heading\">Quais s\u00e3o os nomes mais populares em Berlim e Brandemburgo em 2025<\/h2>\n\n\n\n<p>De acordo com o ranking de 2025, o nome <strong>Hannah<\/strong> permanece no topo, repetindo o bom desempenho de anos anteriores, enquanto seu significado ligado \u00e0 \u201cgra\u00e7a\u201d segue atraindo fam\u00edlias que valorizam refer\u00eancias b\u00edblicas.<\/p>\n\n\n\n<p>Entre os meninos, <strong>Noah<\/strong> aparece como o nome mais frequente, confirmando uma trajet\u00f3ria de destaque nas estat\u00edsticas recentes. Esses dois nomes n\u00e3o apenas dominam as listas regionais, como tamb\u00e9m figuram entre os mais escolhidos em todo o pa\u00eds, acompanhados por op\u00e7\u00f5es em alta como <strong>Emilia<\/strong> e <strong>Matteo<\/strong>, que refor\u00e7am a tend\u00eancia de sonoridade internacional.<\/p>\n\n\n\n<ul class=\"wp-block-list\">\n<li><strong>Hannah<\/strong> \u2013 l\u00edder entre as meninas, de forte tradi\u00e7\u00e3o b\u00edblica;<\/li>\n\n\n\n<li><strong>Emilia<\/strong> \u2013 muito popular, com inspira\u00e7\u00e3o europeia e som delicado;<\/li>\n\n\n\n<li><strong>Ada<\/strong> \u2013 curto, elegante e especialmente comum em Berlim;<\/li>\n\n\n\n<li><strong>Ava<\/strong> \u2013 moderno, internacional e f\u00e1cil de pronunciar em v\u00e1rios idiomas;<\/li>\n\n\n\n<li><strong>Noah<\/strong> \u2013 nome masculino mais frequente, tamb\u00e9m de origem b\u00edblica;<\/li>\n\n\n\n<li><strong>Matteo<\/strong> \u2013 em destaque entre os meninos, com forte influ\u00eancia italiana;<\/li>\n\n\n\n<li><strong>Mohammed<\/strong> \u2013 embora em sexto lugar em 2025, segue muito relevante nas estat\u00edsticas;<\/li>\n\n\n\n<li><strong>Otis<\/strong> \u2013 mais t\u00edpico de Berlim, associado a perfis urbanos e criativos;<\/li>\n\n\n\n<li><strong>Lovis<\/strong> \u2013 op\u00e7\u00e3o menos comum no restante do pa\u00eds, mas em alta na capital.<\/li>\n<\/ul>\n\n\n\n<p>Para dar mais op\u00e7\u00f5es, trouxemos o v\u00eddeo do perfil @inspira.beb:<\/p>\n\n\n\nt<blockquote class=\"tiktok-embed\" cite=\"https:\/\/www.tiktok.com\/@inspirao.beb\/video\/7322482407976815878\" data-video-id=\"7322482407976815878\" style=\"max-width: 605px;min-width: 325px;\" > <section> <a target=\"_blank\" title=\"@inspirao.beb\" href=\"https:\/\/www.tiktok.com\/@inspirao.beb?refer=embed\">@inspirao.beb<\/a> Nomes alem\u00e3es lindos demais para meninos <a title=\"gestacao\" target=\"_blank\" href=\"https:\/\/www.tiktok.com\/tag\/gestacao?refer=embed\">#gestacao<\/a> <a title=\"cute\" target=\"_blank\" href=\"https:\/\/www.tiktok.com\/tag\/cute?refer=embed\">#cute<\/a> <a title=\"babycut\" target=\"_blank\" href=\"https:\/\/www.tiktok.com\/tag\/babycut?refer=embed\">#babycut<\/a> <a title=\"bebe\" target=\"_blank\" href=\"https:\/\/www.tiktok.com\/tag\/bebe?refer=embed\">#bebe<\/a> <a title=\"maternidadecomamor\" target=\"_blank\" href=\"https:\/\/www.tiktok.com\/tag\/maternidadecomamor?refer=embed\">#maternidadecomamor<\/a> <a title=\"baby\" target=\"_blank\" href=\"https:\/\/www.tiktok.com\/tag\/baby?refer=embed\">#baby<\/a> <a title=\"nomes\" target=\"_blank\" href=\"https:\/\/www.tiktok.com\/tag\/nomes?refer=embed\">#nomes<\/a> <a title=\"name\" target=\"_blank\" href=\"https:\/\/www.tiktok.com\/tag\/name?refer=embed\">#name<\/a> <a title=\"babynames\" target=\"_blank\" href=\"https:\/\/www.tiktok.com\/tag\/babynames?refer=embed\">#babynames<\/a> <a title=\"nomesdebebes\" target=\"_blank\" href=\"https:\/\/www.tiktok.com\/tag\/nomesdebebes?refer=embed\">#nomesdebebes<\/a> <a title=\"nomesraros\" target=\"_blank\" href=\"https:\/\/www.tiktok.com\/tag\/nomesraros?refer=embed\">#nomesraros<\/a> <a title=\"nomesdiferentes\" target=\"_blank\" href=\"https:\/\/www.tiktok.com\/tag\/nomesdiferentes?refer=embed\">#nomesdiferentes<\/a> <a title=\"nomescurtos\" target=\"_blank\" href=\"https:\/\/www.tiktok.com\/tag\/nomescurtos?refer=embed\">#nomescurtos<\/a> <a title=\"nomesdebeb\u00eavintage\" target=\"_blank\" href=\"https:\/\/www.tiktok.com\/tag\/nomesdebeb%C3%AAvintage?refer=embed\">#nomesdebeb\u00eavintage<\/a> <a title=\"nomeslindos\" target=\"_blank\" href=\"https:\/\/www.tiktok.com\/tag\/nomeslindos?refer=embed\">#nomeslindos<\/a> <a title=\"viral\" target=\"_blank\" href=\"https:\/\/www.tiktok.com\/tag\/viral?refer=embed\">#viral<\/a> <a title=\"fyp\" target=\"_blank\" href=\"https:\/\/www.tiktok.com\/tag\/fyp?refer=embed\">#fyp<\/a> <a title=\"nomesdemeninos\" target=\"_blank\" href=\"https:\/\/www.tiktok.com\/tag\/nomesdemeninos?refer=embed\">#nomesdemeninos<\/a> <a title=\"nomesparameninos\" target=\"_blank\" href=\"https:\/\/www.tiktok.com\/tag\/nomesparameninos?refer=embed\">#nomesparameninos<\/a> <a target=\"_blank\" title=\"\u266c Stories 2 - Danilo Stankovic\" href=\"https:\/\/www.tiktok.com\/music\/Stories-2-6777279827805390850?refer=embed\">\u266c Stories 2 &#8211; Danilo Stankovic<\/a> <\/section> <\/blockquote> <script async src=\"https:\/\/www.tiktok.com\/embed.js\"><\/script>\n\n\n\n<h2 class=\"wp-block-heading\">Como tradi\u00e7\u00e3o e modernidade aparecem nos rankings de 2025<\/h2>\n\n\n\n<p>O ranking mostra ainda outros nomes em evid\u00eancia e ajuda a entender o equil\u00edbrio entre refer\u00eancias cl\u00e1ssicas e escolhas modernas. Para meninas, <strong>Emilia<\/strong> ocupa uma posi\u00e7\u00e3o de grande destaque, enquanto entre os meninos, <strong>Matteo<\/strong> surge como uma das escolhas preferidas, com forte inspira\u00e7\u00e3o italiana e presen\u00e7a em diversos pa\u00edses europeus.<\/p>\n\n\n\n<p>Esses dados revelam que muitos pais buscam op\u00e7\u00f5es que funcionem bem em ambientes multiculturais, algo comum em grandes centros urbanos como Berlim. Ao mesmo tempo, nomes de origem <strong>b\u00edblica<\/strong> e <strong>tradicional<\/strong> seguem firmes, formando um cen\u00e1rio onde <strong>internacionaliza\u00e7\u00e3o<\/strong> e <strong>continuidade cultural<\/strong> caminham lado a lado.<\/p>\n\n\n\n<h2 class=\"wp-block-heading\">O que os rankings revelam sobre mudan\u00e7as recentes nos nomes mais populares<\/h2>\n\n\n\n<p>Ao observar a lista completa, chama aten\u00e7\u00e3o a mudan\u00e7a de posi\u00e7\u00e3o de <strong>Mohammed<\/strong>, que durante v\u00e1rios anos liderou entre os meninos. Desde 2018, esse nome esteve na primeira coloca\u00e7\u00e3o em quase todas as edi\u00e7\u00f5es, com exce\u00e7\u00e3o de 2021, quando <strong>Noah<\/strong> j\u00e1 havia assumido temporariamente a lideran\u00e7a, refletindo a for\u00e7a dos nomes b\u00edblicos na regi\u00e3o.<\/p>\n\n\n\n<p>Em 2025, <strong>Mohammed<\/strong> aparece em sexto lugar, o que indica uma redistribui\u00e7\u00e3o das prefer\u00eancias, sem que o nome deixe de ser significativo em termos num\u00e9ricos. No campo feminino, <strong>Hannah<\/strong> manteve a lideran\u00e7a conquistada em 2024, enquanto <strong>Emilia<\/strong> em segundo lugar refor\u00e7a o espa\u00e7o dos nomes de inspira\u00e7\u00e3o europeia e o avan\u00e7o de escolhas consideradas elegantes e atemporais.<\/p>\n\n\n\n<h2 class=\"wp-block-heading\">Quais nomes s\u00e3o especialmente comuns em Berlim em compara\u00e7\u00e3o com o restante do pa\u00eds<\/h2>\n\n\n\n<p>Al\u00e9m dos l\u00edderes de ranking, alguns nomes chamam aten\u00e7\u00e3o por serem muito mais frequentes em Berlim do que em outras partes do pa\u00eds. Entre eles aparecem <strong>Ada<\/strong>, <strong>Ava<\/strong>, <strong>Lovis<\/strong> e <strong>Otis<\/strong>, associados a perfis urbanos, criativos e a um desejo de <strong>originalidade moderada<\/strong>, sem fugir completamente do reconhecimento nacional.<\/p>\n\n\n\n<p>Essa concentra\u00e7\u00e3o local pode ser explicada por fatores culturais e sociais que influenciam diretamente as decis\u00f5es dos pais. Entre os aspectos mais citados por especialistas em nomes pr\u00f3prios e em demografia urbana est\u00e3o:<\/p>\n\n\n\n<ul class=\"wp-block-list\">\n<li><strong>Influ\u00eancia cultural<\/strong> de cenas art\u00edsticas e criativas na cidade;<\/li>\n\n\n\n<li><strong>Presen\u00e7a de comunidades internacionais<\/strong>, que estimulam nomes f\u00e1ceis de pronunciar em v\u00e1rias l\u00ednguas;<\/li>\n\n\n\n<li><strong>Prefer\u00eancia por sonoridades simples<\/strong>, geralmente com duas s\u00edlabas e grafia direta;<\/li>\n\n\n\n<li><strong>Busca por certa exclusividade<\/strong>, evitando nomes considerados comuns em outras regi\u00f5es.<\/li>\n<\/ul>\n\n\n\n<p>Nesse contexto, o conjunto de <strong>nomes mais populares em Berlim e Brandemburgo<\/strong> inclui tanto l\u00edderes nacionais quanto escolhas marcadas por caracter\u00edsticas locais. A combina\u00e7\u00e3o de <strong>Hannah<\/strong>, <strong>Noah<\/strong>, <strong>Emilia<\/strong> e <strong>Matteo<\/strong> com nomes como <strong>Ada<\/strong> e <strong>Otis<\/strong> ilustra bem essa mistura entre tend\u00eancias amplas e identidades regionais nas certid\u00f5es de nascimento.<\/p>\n\n\n\n<figure class=\"wp-block-image size-large\"><img decoding=\"async\" width=\"1024\" height=\"576\" src=\"https:\/\/www.correiobraziliense.com.br\/cbradar\/wp-content\/uploads\/2026\/01\/\u2705-BANNER-MYTH-5-19-1024x576.png\" alt=\"Os nomes de beb\u00eas mais populares em Berlim em 2025\" class=\"wp-image-177200\" srcset=\"https:\/\/www.correiobraziliense.com.br\/cbradar\/wp-content\/uploads\/2026\/01\/\u2705-BANNER-MYTH-5-19-1024x576.png 1024w, https:\/\/www.correiobraziliense.com.br\/cbradar\/wp-content\/uploads\/2026\/01\/\u2705-BANNER-MYTH-5-19-300x169.png 300w, https:\/\/www.correiobraziliense.com.br\/cbradar\/wp-content\/uploads\/2026\/01\/\u2705-BANNER-MYTH-5-19-768x432.png 768w, https:\/\/www.correiobraziliense.com.br\/cbradar\/wp-content\/uploads\/2026\/01\/\u2705-BANNER-MYTH-5-19-750x422.png 750w, https:\/\/www.correiobraziliense.com.br\/cbradar\/wp-content\/uploads\/2026\/01\/\u2705-BANNER-MYTH-5-19-1140x641.png 1140w, https:\/\/www.correiobraziliense.com.br\/cbradar\/wp-content\/uploads\/2026\/01\/\u2705-BANNER-MYTH-5-19.png 1280w\" sizes=\"(max-width: 1024px) 100vw, 1024px\" \/><figcaption class=\"wp-element-caption\">Nomes populares Berlim\/Brandemburgo 2025: Emilia e Noah lideram; curtos como Mia, Leon e Elias ganham por pron\u00fancia internacional f\u00e1cil.<\/figcaption><\/figure>\n\n\n\n<h2 class=\"wp-block-heading\">Como usar os rankings de nomes para ajudar na escolha do nome do beb\u00ea<\/h2>\n\n\n\n<p>Os rankings anuais de nomes n\u00e3o funcionam apenas como curiosidade, mas como uma ferramenta pr\u00e1tica de decis\u00e3o para muitas fam\u00edlias. Ter acesso \u00e0 lista dos <strong>nomes mais populares em Berlim e Brandemburgo<\/strong> em 2025 permite avaliar se um nome tende a ser muito comum na escola, no bairro ou em ambientes futuros da crian\u00e7a, ajudando a equilibrar <strong>popularidade<\/strong> e <strong>identidade pessoal<\/strong>.<\/p>\n\n\n\n<p>Alguns pontos costumam ser considerados por quem consulta esses levantamentos, servindo como um roteiro simples para a tomada de decis\u00e3o:<\/p>\n\n\n\n<ol class=\"wp-block-list\">\n<li><strong>Frequ\u00eancia<\/strong>: entender se o nome aparece entre os primeiros colocados ou em posi\u00e7\u00f5es mais discretas;<\/li>\n\n\n\n<li><strong>Pron\u00fancia e escrita<\/strong>: avaliar se o nome \u00e9 facilmente compreendido em diferentes l\u00ednguas e dialetos;<\/li>\n\n\n\n<li><strong>Significado<\/strong>: verificar o sentido hist\u00f3rico, religioso ou simb\u00f3lico associado ao nome;<\/li>\n\n\n\n<li><strong>Compatibilidade com o sobrenome<\/strong>: observar ritmo, sonoridade e poss\u00edveis trocadilhos;<\/li>\n\n\n\n<li><strong>Durabilidade<\/strong>: refletir se o nome tende a se manter atual ao longo dos anos.<\/li>\n<\/ol>\n\n\n\n<p>Dessa forma, o panorama de 2025 para os nomes de beb\u00eas em Berlim e Brandemburgo ajuda a compreender n\u00e3o apenas quais nomes est\u00e3o em alta, mas tamb\u00e9m como se estrutura o perfil de escolha dos pais na regi\u00e3o. Entre tradicionais como <strong>Hannah<\/strong> e <strong>Noah<\/strong> e nomes em ascens\u00e3o como <strong>Ada<\/strong>, <strong>Ava<\/strong>, <strong>Lovis<\/strong> e <strong>Otis<\/strong>, o cen\u00e1rio revela uma conviv\u00eancia entre <strong>continuidade<\/strong> e <strong>renova\u00e7\u00e3o<\/strong>, orientando decis\u00f5es mais conscientes e alinhadas ao estilo de cada fam\u00edlia.<\/p>\n","protected":false},"excerpt":{"rendered":"<p>Descubra os nomes de beb\u00eas mais populares em 2025 em Berlim e Brandemburgo: Hannah e Noah em destaque, com Emilia, Matteo e Mohammed na lista.<\/p>\n","protected":false},"author":3,"featured_media":179328,"comment_status":"open","ping_status":"open","sticky":false,"template":"","format":"standard","meta":{"_yoast_wpseo_focuskw":"nomes beb\u00eas berlim","_yoast_wpseo_title":"%%title%%","_yoast_wpseo_metadesc":"Descubra os nomes de beb\u00eas mais populares em 2025 em Berlim e Brandemburgo: Hannah e Noah em destaque, com Emilia, Matteo e Mohammed na lista.","jnews-multi-image_gallery":[],"jnews_single_post":{"format":"standard"},"jnews_primary_category":[],"jnews_social_meta":[],"jnews_override_counter":[],"footnotes":""},"categories":[112],"tags":[469,144,5202,11783,11895],"class_list":["post-177198","post","type-post","status-publish","format-standard","has-post-thumbnail","hentry","category-curiosidades","tag-alemanha","tag-curiosidades","tag-nomes","tag-nomes-de-bebes","tag-nomes-de-pessoas"],"yoast_head":"<!-- This site is optimized with the Yoast SEO plugin v24.6 - https:\/\/yoast.com\/wordpress\/plugins\/seo\/ -->\n<title>Estes beb\u00eas receberam os nomes mais populares em Berlim no ano de 2025<\/title>\n<meta name=\"description\" content=\"Descubra os nomes de beb\u00eas mais populares em 2025 em Berlim e Brandemburgo: Hannah e Noah em destaque, com Emilia, Matteo e Mohammed na lista.\" \/>\n<meta name=\"robots\" content=\"index, follow, max-snippet:-1, max-image-preview:large, max-video-preview:-1\" \/>\n<link rel=\"canonical\" href=\"https:\/\/www.correiobraziliense.com.br\/cbradar\/os-nomes-de-bebes-mais-populares-em-berlim-em-2025\/\" \/>\n<meta property=\"og:locale\" content=\"pt_BR\" \/>\n<meta property=\"og:type\" content=\"article\" \/>\n<meta property=\"og:title\" content=\"Estes beb\u00eas receberam os nomes mais populares em Berlim no ano de 2025\" \/>\n<meta property=\"og:description\" content=\"Descubra os nomes de beb\u00eas mais populares em 2025 em Berlim e Brandemburgo: Hannah e Noah em destaque, com Emilia, Matteo e Mohammed na lista.\" \/>\n<meta property=\"og:url\" content=\"https:\/\/www.correiobraziliense.com.br\/cbradar\/os-nomes-de-bebes-mais-populares-em-berlim-em-2025\/\" \/>\n<meta property=\"og:site_name\" content=\"Correio Braziliense - Radar\" \/>\n<meta property=\"article:published_time\" content=\"2026-01-23T09:45:00+00:00\" \/>\n<meta property=\"og:image\" content=\"https:\/\/www.correiobraziliense.com.br\/cbradar\/wp-content\/uploads\/2026\/01\/freepik__imagem-realista-de-bebs-em-berlim__24457.png\" \/>\n\t<meta property=\"og:image:width\" content=\"1280\" \/>\n\t<meta property=\"og:image:height\" content=\"720\" \/>\n\t<meta property=\"og:image:type\" content=\"image\/png\" \/>\n<meta name=\"author\" content=\"Larissa Carvalho\" \/>\n<meta name=\"twitter:card\" content=\"summary_large_image\" \/>\n<meta name=\"twitter:label1\" content=\"Escrito por\" \/>\n\t<meta name=\"twitter:data1\" content=\"Larissa Carvalho\" \/>\n\t<meta name=\"twitter:label2\" content=\"Est. tempo de leitura\" \/>\n\t<meta name=\"twitter:data2\" content=\"6 minutos\" \/>\n<!-- \/ Yoast SEO plugin. -->","yoast_head_json":{"title":"Estes beb\u00eas receberam os nomes mais populares em Berlim no ano de 2025","description":"Descubra os nomes de beb\u00eas mais populares em 2025 em Berlim e Brandemburgo: Hannah e Noah em destaque, com Emilia, Matteo e Mohammed na lista.","robots":{"index":"index","follow":"follow","max-snippet":"max-snippet:-1","max-image-preview":"max-image-preview:large","max-video-preview":"max-video-preview:-1"},"canonical":"https:\/\/www.correiobraziliense.com.br\/cbradar\/os-nomes-de-bebes-mais-populares-em-berlim-em-2025\/","og_locale":"pt_BR","og_type":"article","og_title":"Estes beb\u00eas receberam os nomes mais populares em Berlim no ano de 2025","og_description":"Descubra os nomes de beb\u00eas mais populares em 2025 em Berlim e Brandemburgo: Hannah e Noah em destaque, com Emilia, Matteo e Mohammed na lista.","og_url":"https:\/\/www.correiobraziliense.com.br\/cbradar\/os-nomes-de-bebes-mais-populares-em-berlim-em-2025\/","og_site_name":"Correio Braziliense - Radar","article_published_time":"2026-01-23T09:45:00+00:00","og_image":[{"width":1280,"height":720,"url":"https:\/\/www.correiobraziliense.com.br\/cbradar\/wp-content\/uploads\/2026\/01\/freepik__imagem-realista-de-bebs-em-berlim__24457.png","type":"image\/png"}],"author":"Larissa Carvalho","twitter_card":"summary_large_image","twitter_misc":{"Escrito por":"Larissa Carvalho","Est. tempo de leitura":"6 minutos"},"schema":{"@context":"https:\/\/schema.org","@graph":[{"@type":"WebPage","@id":"https:\/\/www.correiobraziliense.com.br\/cbradar\/os-nomes-de-bebes-mais-populares-em-berlim-em-2025\/","url":"https:\/\/www.correiobraziliense.com.br\/cbradar\/os-nomes-de-bebes-mais-populares-em-berlim-em-2025\/","name":"Estes beb\u00eas receberam os nomes mais populares em Berlim no ano de 2025","isPartOf":{"@id":"https:\/\/www.correiobraziliense.com.br\/cbradar\/#website"},"primaryImageOfPage":{"@id":"https:\/\/www.correiobraziliense.com.br\/cbradar\/os-nomes-de-bebes-mais-populares-em-berlim-em-2025\/#primaryimage"},"image":{"@id":"https:\/\/www.correiobraziliense.com.br\/cbradar\/os-nomes-de-bebes-mais-populares-em-berlim-em-2025\/#primaryimage"},"thumbnailUrl":"https:\/\/www.correiobraziliense.com.br\/cbradar\/wp-content\/uploads\/2026\/01\/freepik__imagem-realista-de-bebs-em-berlim__24457.png","datePublished":"2026-01-23T09:45:00+00:00","author":{"@id":"https:\/\/www.correiobraziliense.com.br\/cbradar\/#\/schema\/person\/58422787644df994b53a19d3e56c1513"},"description":"Descubra os nomes de beb\u00eas mais populares em 2025 em Berlim e Brandemburgo: Hannah e Noah em destaque, com Emilia, Matteo e Mohammed na lista.","breadcrumb":{"@id":"https:\/\/www.correiobraziliense.com.br\/cbradar\/os-nomes-de-bebes-mais-populares-em-berlim-em-2025\/#breadcrumb"},"inLanguage":"pt-BR","potentialAction":[{"@type":"ReadAction","target":["https:\/\/www.correiobraziliense.com.br\/cbradar\/os-nomes-de-bebes-mais-populares-em-berlim-em-2025\/"]}]},{"@type":"ImageObject","inLanguage":"pt-BR","@id":"https:\/\/www.correiobraziliense.com.br\/cbradar\/os-nomes-de-bebes-mais-populares-em-berlim-em-2025\/#primaryimage","url":"https:\/\/www.correiobraziliense.com.br\/cbradar\/wp-content\/uploads\/2026\/01\/freepik__imagem-realista-de-bebs-em-berlim__24457.png","contentUrl":"https:\/\/www.correiobraziliense.com.br\/cbradar\/wp-content\/uploads\/2026\/01\/freepik__imagem-realista-de-bebs-em-berlim__24457.png","width":1280,"height":720,"caption":"Tend\u00eancia crescente de nomes curtos e f\u00e1ceis de pronunciar internacionalmente"},{"@type":"BreadcrumbList","@id":"https:\/\/www.correiobraziliense.com.br\/cbradar\/os-nomes-de-bebes-mais-populares-em-berlim-em-2025\/#breadcrumb","itemListElement":[{"@type":"ListItem","position":1,"name":"In\u00edcio","item":"https:\/\/www.correiobraziliense.com.br\/cbradar\/"},{"@type":"ListItem","position":2,"name":"Estes beb\u00eas receberam os nomes mais populares em Berlim no ano de 2025"}]},{"@type":"WebSite","@id":"https:\/\/www.correiobraziliense.com.br\/cbradar\/#website","url":"https:\/\/www.correiobraziliense.com.br\/cbradar\/","name":"Correio Braziliense - Radar","description":"Acompanhe as \u00faltimas not\u00edcias e fique bem informado sobre tudo o que acontece no Brasil e no mundo.","potentialAction":[{"@type":"SearchAction","target":{"@type":"EntryPoint","urlTemplate":"https:\/\/www.correiobraziliense.com.br\/cbradar\/?s={search_term_string}"},"query-input":{"@type":"PropertyValueSpecification","valueRequired":true,"valueName":"search_term_string"}}],"inLanguage":"pt-BR"},{"@type":"Person","@id":"https:\/\/www.correiobraziliense.com.br\/cbradar\/#\/schema\/person\/58422787644df994b53a19d3e56c1513","name":"Larissa Carvalho","image":{"@type":"ImageObject","inLanguage":"pt-BR","@id":"https:\/\/www.correiobraziliense.com.br\/cbradar\/#\/schema\/person\/image\/","url":"https:\/\/secure.gravatar.com\/avatar\/fe4f91a0de32b52a838d0d612abdc1aa?s=96&d=mm&r=g","contentUrl":"https:\/\/secure.gravatar.com\/avatar\/fe4f91a0de32b52a838d0d612abdc1aa?s=96&d=mm&r=g","caption":"Larissa Carvalho"},"url":"https:\/\/www.correiobraziliense.com.br\/cbradar\/author\/larissamyth\/"}]}},"_links":{"self":[{"href":"https:\/\/www.correiobraziliense.com.br\/cbradar\/wp-json\/wp\/v2\/posts\/177198","targetHints":{"allow":["GET"]}}],"collection":[{"href":"https:\/\/www.correiobraziliense.com.br\/cbradar\/wp-json\/wp\/v2\/posts"}],"about":[{"href":"https:\/\/www.correiobraziliense.com.br\/cbradar\/wp-json\/wp\/v2\/types\/post"}],"author":[{"embeddable":true,"href":"https:\/\/www.correiobraziliense.com.br\/cbradar\/wp-json\/wp\/v2\/users\/3"}],"replies":[{"embeddable":true,"href":"https:\/\/www.correiobraziliense.com.br\/cbradar\/wp-json\/wp\/v2\/comments?post=177198"}],"version-history":[{"count":4,"href":"https:\/\/www.correiobraziliense.com.br\/cbradar\/wp-json\/wp\/v2\/posts\/177198\/revisions"}],"predecessor-version":[{"id":179763,"href":"https:\/\/www.correiobraziliense.com.br\/cbradar\/wp-json\/wp\/v2\/posts\/177198\/revisions\/179763"}],"wp:featuredmedia":[{"embeddable":true,"href":"https:\/\/www.correiobraziliense.com.br\/cbradar\/wp-json\/wp\/v2\/media\/179328"}],"wp:attachment":[{"href":"https:\/\/www.correiobraziliense.com.br\/cbradar\/wp-json\/wp\/v2\/media?parent=177198"}],"wp:term":[{"taxonomy":"category","embeddable":true,"href":"https:\/\/www.correiobraziliense.com.br\/cbradar\/wp-json\/wp\/v2\/categories?post=177198"},{"taxonomy":"post_tag","embeddable":true,"href":"https:\/\/www.correiobraziliense.com.br\/cbradar\/wp-json\/wp\/v2\/tags?post=177198"}],"curies":[{"name":"wp","href":"https:\/\/api.w.org\/{rel}","templated":true}]}}