{"id":17724,"date":"2025-04-02T07:23:00","date_gmt":"2025-04-02T10:23:00","guid":{"rendered":"https:\/\/www.correiobraziliense.com.br\/cbradar\/?p=17724"},"modified":"2025-06-25T19:32:33","modified_gmt":"2025-06-25T22:32:33","slug":"essas-foram-todas-as-series-renovadas-pela-netflix-para-2025-veja-nomes","status":"publish","type":"post","link":"https:\/\/www.correiobraziliense.com.br\/cbradar\/essas-foram-todas-as-series-renovadas-pela-netflix-para-2025-veja-nomes\/","title":{"rendered":"Essas foram todas as s\u00e9ries renovadas pela Netflix para 2025, veja nomes"},"content":{"rendered":"\n<p>O ano de <strong>2025<\/strong> marca um momento crucial para a <strong><a href=\"https:\/\/www.correiobraziliense.com.br\/cbradar\/confira-filmes-de-comedia-que-fazem-voce-rir-mas-tambem-pensar\/\" target=\"_blank\" rel=\"noreferrer noopener\">Netflix<\/a><\/strong>, que est\u00e1 implementando uma estrat\u00e9gia audaciosa e potencialmente arriscada: finalizar algumas de suas maiores franquias enquanto experimenta com formatos inovadores. Diferentemente de anos anteriores, onde a plataforma priorizava expans\u00f5es infinitas de s\u00e9ries populares, agora observamos um planejamento mais calculado que combina encerramentos definitivos com apostas experimentais que podem redefinir o futuro do streaming.<\/p>\n\n\n\n<p>Esta abordagem representa uma mudan\u00e7a fundamental na filosofia da empresa. Em vez de prolongar indefinidamente suas propriedades mais valiosas, a <strong>Netflix<\/strong> est\u00e1 demonstrando coragem ao encerrar hist\u00f3rias no auge de sua popularidade, apostando que finais satisfat\u00f3rios criar\u00e3o legados duradouros e maior valor de marca a longo prazo.<\/p>\n\n\n\n<h2 class=\"wp-block-heading\"><strong>Por que a Netflix escolheu encerrar suas maiores franquias em 2025?<\/strong><\/h2>\n\n\n\n<p>A decis\u00e3o mais surpreendente da <a href=\"https:\/\/www.netflix.com\/br\/\" target=\"_blank\" rel=\"noreferrer noopener\"><strong>Netflix<\/strong> <\/a>foi programar o fim de <strong>Stranger Things<\/strong> com sua quinta temporada, que estrear\u00e1 em uma estrutura in\u00e9dita: tr\u00eas volumes distribu\u00eddos entre <strong>26 de novembro<\/strong>, <strong>25 de dezembro de 2025<\/strong> e <strong>31 de dezembro de 2025<\/strong>. Esta estrat\u00e9gia de lan\u00e7amento escalonado maximiza o engajamento durante o per\u00edodo de festas de fim de ano, criando eventos televisivos que dominam conversas culturais por semanas.<\/p>\n\n\n\n<p><strong>Squid Game<\/strong> tamb\u00e9m encerrar\u00e1 sua jornada com a terceira temporada em <strong>27 de junho de 2025<\/strong>, apenas seis meses ap\u00f3s o lan\u00e7amento da segunda temporada. Esta acelera\u00e7\u00e3o no cronograma sugere confian\u00e7a na narrativa planejada e desejo de capitalizar sobre o momentum global da franquia antes que a aten\u00e7\u00e3o do p\u00fablico se disperse.<\/p>\n\n\n\n<figure class=\"wp-block-image size-large\"><img decoding=\"async\" width=\"1024\" height=\"576\" src=\"https:\/\/www.correiobraziliense.com.br\/cbradar\/wp-content\/uploads\/2025\/04\/netflix-empresa_1743509381804-1024x576.jpg\" alt=\"Netflix em 2025: grandes estreias e novas temporadas que v\u00e3o bombar!\" class=\"wp-image-17726\" srcset=\"https:\/\/www.correiobraziliense.com.br\/cbradar\/wp-content\/uploads\/2025\/04\/netflix-empresa_1743509381804-1024x576.jpg 1024w, https:\/\/www.correiobraziliense.com.br\/cbradar\/wp-content\/uploads\/2025\/04\/netflix-empresa_1743509381804-300x169.jpg 300w, https:\/\/www.correiobraziliense.com.br\/cbradar\/wp-content\/uploads\/2025\/04\/netflix-empresa_1743509381804-768x432.jpg 768w, https:\/\/www.correiobraziliense.com.br\/cbradar\/wp-content\/uploads\/2025\/04\/netflix-empresa_1743509381804-750x422.jpg 750w, https:\/\/www.correiobraziliense.com.br\/cbradar\/wp-content\/uploads\/2025\/04\/netflix-empresa_1743509381804-1140x641.jpg 1140w, https:\/\/www.correiobraziliense.com.br\/cbradar\/wp-content\/uploads\/2025\/04\/netflix-empresa_1743509381804.jpg 1280w\" sizes=\"(max-width: 1024px) 100vw, 1024px\" \/><figcaption class=\"wp-element-caption\">Empresa Netflix\nCr\u00e9ditos: depositphotos.com \/ Skorzewiak<\/figcaption><\/figure>\n\n\n\n<h2 class=\"wp-block-heading\"><strong>Como as experi\u00eancias com formatos est\u00e3o moldando o futuro da plataforma?<\/strong><\/h2>\n\n\n\n<p><strong>Black Mirror<\/strong> retornou em <strong>10 de abril de 2025<\/strong> com uma abordagem revolucion\u00e1ria: pela primeira vez na hist\u00f3ria da s\u00e9rie, incluiu epis\u00f3dios sequ\u00eancia, especificamente continua\u00e7\u00f5es de &#8220;<strong>USS Callister<\/strong>&#8221; e &#8220;<strong>Bandersnatch<\/strong>&#8220;. Esta decis\u00e3o quebra uma das regras fundamentais da antologia, demonstrando como at\u00e9 as propriedades mais estabelecidas podem evoluir.<\/p>\n\n\n\n<p>A s\u00e9tima temporada de <strong>Black Mirror<\/strong> apresenta seis epis\u00f3dios, sendo dois em formato de longa-metragem, expandindo as possibilidades narrativas da s\u00e9rie. <strong>Charlie Brooker<\/strong> descreveu a temporada como &#8220;um pouco <strong>Black Mirror<\/strong> original&#8221;, sugerindo um retorno \u00e0s ra\u00edzes sci-fi que definiram o sucesso inicial da s\u00e9rie.<\/p>\n\n\n\n<h2 class=\"wp-block-heading\"><strong>Que papel a segmenta\u00e7\u00e3o de audi\u00eancia desempenha na nova estrat\u00e9gia?<\/strong><\/h2>\n\n\n\n<p><strong>Wednesday<\/strong> implementar\u00e1 uma estrat\u00e9gia de lan\u00e7amento em tr\u00eas partes ao longo de agosto e setembro de <strong>2025<\/strong>: quatro epis\u00f3dios em <strong>6 de agosto<\/strong>, seguidos por mais epis\u00f3dios em datas distribu\u00eddas at\u00e9 <strong>3 de setembro<\/strong>. Esta abordagem reconhece que diferentes audi\u00eancias consomem conte\u00fado de maneiras distintas, permitindo tanto binge-watching quanto discuss\u00e3o prolongada.<\/p>\n\n\n\n<p>A estrat\u00e9gia de segmenta\u00e7\u00e3o se estende al\u00e9m do timing de lan\u00e7amento. <strong>Bridgerton<\/strong> foi confirmado at\u00e9 a sexta temporada, mas com a quarta temporada programada apenas para <strong>2026<\/strong>, demonstrando como a <strong>Netflix<\/strong> est\u00e1 priorizando qualidade sobre velocidade de produ\u00e7\u00e3o. Esta paci\u00eancia estrat\u00e9gica contrasta com a press\u00e3o hist\u00f3rica por conte\u00fado r\u00e1pido.<\/p>\n\n\n\n<h2 class=\"wp-block-heading\"><strong>Como a competi\u00e7\u00e3o global est\u00e1 influenciando decis\u00f5es de programa\u00e7\u00e3o?<\/strong><\/h2>\n\n\n\n<p>A programa\u00e7\u00e3o de <strong>2025<\/strong> revela uma <strong>Netflix<\/strong> mais consciente da competi\u00e7\u00e3o internacional. A plataforma est\u00e1 investindo pesadamente em conte\u00fado local que ressoa globalmente, como <strong>Ginny &amp; Georgia<\/strong> (terceira temporada em <strong>5 de junho<\/strong>) e expans\u00f5es da marca <strong>Monster<\/strong> de <strong>Ryan Murphy<\/strong> para sua terceira temporada.<\/p>\n\n\n\n<p>A decis\u00e3o de manter <strong>You<\/strong> para uma quinta temporada final, confirmada para abril, demonstra como a plataforma est\u00e1 equilibrando demandas de audi\u00eancia internacional com necessidades narrativas org\u00e2nicas. O thriller psicol\u00f3gico manteve audi\u00eancia global consistente, justificando uma conclus\u00e3o planejada em vez de cancelamento abrupto.<\/p>\n\n\n\n<h2 class=\"wp-block-heading\"><strong>Qual o impacto financeiro desta abordagem de alto risco?<\/strong><\/h2>\n\n\n\n<p>O investimento em finais definitivos representa uma aposta cara. <strong>Stranger Things 5<\/strong> custou reportadamente mais de <strong>$300 milh\u00f5es<\/strong> para produzir, refletindo a ambi\u00e7\u00e3o de criar um finale cinematogr\u00e1fico que satisfa\u00e7a expectativas globais massivas. Esta estrat\u00e9gia de &#8220;evento televisivo&#8221; visa criar valor cultural que transcende m\u00e9tricas tradicionais de audi\u00eancia.<\/p>\n\n\n\n<p><strong>Avatar: o \u00daltimo Mestre do Ar<\/strong> recebeu confirma\u00e7\u00e3o para segunda e terceira temporadas simultaneamente, indicando confian\u00e7a a longo prazo em propriedades baseadas em material fonte estabelecido. Esta seguran\u00e7a permite planejamento narrativo mais ambicioso e investimentos t\u00e9cnicos maiores.<\/p>\n\n\n\n<h2 class=\"wp-block-heading\"><strong>O que esta estrat\u00e9gia revela sobre o futuro do streaming?<\/strong><\/h2>\n\n\n\n<p>A abordagem de <strong>2025<\/strong> sugere que a <strong>Netflix<\/strong> est\u00e1 evoluindo de uma mentalidade de &#8220;conte\u00fado infinito&#8221; para &#8220;experi\u00eancias culturais definidas&#8221;. Esta mudan\u00e7a filos\u00f3fica pode influenciar toda a ind\u00fastria de streaming, priorizando impacto cultural sobre quantidade de horas assistidas.<\/p>\n\n\n\n<p>A programa\u00e7\u00e3o tamb\u00e9m revela maior sofistica\u00e7\u00e3o no entendimento de ciclos de vida de franquias. Em vez de prolongar s\u00e9ries at\u00e9 o decl\u00ednio da qualidade, a <strong>Netflix<\/strong> est\u00e1 demonstrando disciplina criativa que pode estabelecer novos padr\u00f5es industriais. <strong>Black Mirror<\/strong>, <strong>The Diplomat<\/strong> (terceira temporada confirmada) e outras propriedades est\u00e3o sendo tratadas como investimentos de marca de longo prazo, n\u00e3o apenas produtos de entretenimento descart\u00e1veis.<\/p>\n\n\n\n<h2 class=\"wp-block-heading\"><strong>Que li\u00e7\u00f5es esta estrat\u00e9gia oferece para concorrentes?<\/strong><\/h2>\n\n\n\n<p>A coragem de finalizar <strong>Stranger Things<\/strong> no auge de sua popularidade estabelece um precedente que pode for\u00e7ar outras plataformas a reconsiderar suas pr\u00f3prias estrat\u00e9gias de franquia. A <strong>Netflix<\/strong> est\u00e1 apostando que suas audi\u00eancias respeitar\u00e3o mais uma marca que sabe quando parar do que uma que prolonga indefinidamente suas propriedades.<\/p>\n\n\n\n<p>Esta abordagem tamb\u00e9m demonstra maturidade empresarial. A <strong>Netflix<\/strong> de <strong>2025<\/strong> n\u00e3o \u00e9 mais a startup disruptiva lutando por relev\u00e2ncia, mas uma empresa de m\u00eddia estabelecida capaz de tomar decis\u00f5es estrat\u00e9gicas a longo prazo que podem sacrificar ganhos imediatos por valor de marca sustent\u00e1vel. O sucesso ou fracasso desta estrat\u00e9gia em <strong>2025<\/strong> pode definir o futuro do entretenimento digital por d\u00e9cadas.<\/p>\n","protected":false},"excerpt":{"rendered":"<p>Um guia com as estreias e renova\u00e7\u00f5es esperadas na Netflix em 2025, com destaque para s\u00e9ries populares como Stranger Things, Bridgerton e Wandinha.<\/p>\n","protected":false},"author":3,"featured_media":17725,"comment_status":"open","ping_status":"open","sticky":false,"template":"","format":"standard","meta":{"_yoast_wpseo_focuskw":"Netflix 2025","_yoast_wpseo_title":"%%title%%","_yoast_wpseo_metadesc":"Um guia com as estreias e renova\u00e7\u00f5es esperadas na Netflix em 2025, com destaque para s\u00e9ries populares como Stranger Things, Bridgerton e Wandinha.","jnews-multi-image_gallery":[],"jnews_single_post":{"format":"standard"},"jnews_primary_category":[],"jnews_social_meta":[],"jnews_override_counter":[],"footnotes":""},"categories":[140],"post_tag":[141,568],"class_list":["post-17724","post","type-post","status-publish","format-standard","has-post-thumbnail","hentry","category-entretenimento","tag-netflix","tag-series-e-filmes"],"yoast_head":"<!-- This site is optimized with the Yoast SEO plugin v24.6 - https:\/\/yoast.com\/wordpress\/plugins\/seo\/ -->\n<title>Essas foram todas as s\u00e9ries renovadas pela Netflix para 2025, veja nomes<\/title>\n<meta name=\"description\" content=\"Um guia com as estreias e renova\u00e7\u00f5es esperadas na Netflix em 2025, com destaque para s\u00e9ries populares como Stranger Things, Bridgerton e Wandinha.\" \/>\n<meta name=\"robots\" content=\"index, follow, max-snippet:-1, max-image-preview:large, max-video-preview:-1\" \/>\n<link rel=\"canonical\" href=\"https:\/\/www.correiobraziliense.com.br\/cbradar\/essas-foram-todas-as-series-renovadas-pela-netflix-para-2025-veja-nomes\/\" \/>\n<meta property=\"og:locale\" content=\"pt_BR\" \/>\n<meta property=\"og:type\" content=\"article\" \/>\n<meta property=\"og:title\" content=\"Essas foram todas as s\u00e9ries renovadas pela Netflix para 2025, veja nomes\" \/>\n<meta property=\"og:description\" content=\"Um guia com as estreias e renova\u00e7\u00f5es esperadas na Netflix em 2025, com destaque para s\u00e9ries populares como Stranger Things, Bridgerton e Wandinha.\" \/>\n<meta property=\"og:url\" content=\"https:\/\/www.correiobraziliense.com.br\/cbradar\/essas-foram-todas-as-series-renovadas-pela-netflix-para-2025-veja-nomes\/\" \/>\n<meta property=\"og:site_name\" content=\"Correio Braziliense - Radar\" \/>\n<meta property=\"article:published_time\" content=\"2025-04-02T10:23:00+00:00\" \/>\n<meta property=\"article:modified_time\" content=\"2025-06-25T22:32:33+00:00\" \/>\n<meta property=\"og:image\" content=\"https:\/\/www.correiobraziliense.com.br\/cbradar\/wp-content\/uploads\/2025\/04\/netflix_1743509338103.jpg\" \/>\n\t<meta property=\"og:image:width\" content=\"1280\" \/>\n\t<meta property=\"og:image:height\" content=\"720\" \/>\n\t<meta property=\"og:image:type\" content=\"image\/jpeg\" \/>\n<meta name=\"author\" content=\"Larissa Carvalho\" \/>\n<meta name=\"twitter:card\" content=\"summary_large_image\" \/>\n<meta name=\"twitter:label1\" content=\"Escrito por\" \/>\n\t<meta name=\"twitter:data1\" content=\"Larissa Carvalho\" \/>\n\t<meta name=\"twitter:label2\" content=\"Est. tempo de leitura\" \/>\n\t<meta name=\"twitter:data2\" content=\"6 minutos\" \/>\n<!-- \/ Yoast SEO plugin. -->","yoast_head_json":{"title":"Essas foram todas as s\u00e9ries renovadas pela Netflix para 2025, veja nomes","description":"Um guia com as estreias e renova\u00e7\u00f5es esperadas na Netflix em 2025, com destaque para s\u00e9ries populares como Stranger Things, Bridgerton e Wandinha.","robots":{"index":"index","follow":"follow","max-snippet":"max-snippet:-1","max-image-preview":"max-image-preview:large","max-video-preview":"max-video-preview:-1"},"canonical":"https:\/\/www.correiobraziliense.com.br\/cbradar\/essas-foram-todas-as-series-renovadas-pela-netflix-para-2025-veja-nomes\/","og_locale":"pt_BR","og_type":"article","og_title":"Essas foram todas as s\u00e9ries renovadas pela Netflix para 2025, veja nomes","og_description":"Um guia com as estreias e renova\u00e7\u00f5es esperadas na Netflix em 2025, com destaque para s\u00e9ries populares como Stranger Things, Bridgerton e Wandinha.","og_url":"https:\/\/www.correiobraziliense.com.br\/cbradar\/essas-foram-todas-as-series-renovadas-pela-netflix-para-2025-veja-nomes\/","og_site_name":"Correio Braziliense - Radar","article_published_time":"2025-04-02T10:23:00+00:00","article_modified_time":"2025-06-25T22:32:33+00:00","og_image":[{"width":1280,"height":720,"url":"https:\/\/www.correiobraziliense.com.br\/cbradar\/wp-content\/uploads\/2025\/04\/netflix_1743509338103.jpg","type":"image\/jpeg"}],"author":"Larissa Carvalho","twitter_card":"summary_large_image","twitter_misc":{"Escrito por":"Larissa Carvalho","Est. tempo de leitura":"6 minutos"},"schema":{"@context":"https:\/\/schema.org","@graph":[{"@type":"WebPage","@id":"https:\/\/www.correiobraziliense.com.br\/cbradar\/essas-foram-todas-as-series-renovadas-pela-netflix-para-2025-veja-nomes\/","url":"https:\/\/www.correiobraziliense.com.br\/cbradar\/essas-foram-todas-as-series-renovadas-pela-netflix-para-2025-veja-nomes\/","name":"Essas foram todas as s\u00e9ries renovadas pela Netflix para 2025, veja nomes","isPartOf":{"@id":"https:\/\/www.correiobraziliense.com.br\/cbradar\/#website"},"primaryImageOfPage":{"@id":"https:\/\/www.correiobraziliense.com.br\/cbradar\/essas-foram-todas-as-series-renovadas-pela-netflix-para-2025-veja-nomes\/#primaryimage"},"image":{"@id":"https:\/\/www.correiobraziliense.com.br\/cbradar\/essas-foram-todas-as-series-renovadas-pela-netflix-para-2025-veja-nomes\/#primaryimage"},"thumbnailUrl":"https:\/\/www.correiobraziliense.com.br\/cbradar\/wp-content\/uploads\/2025\/04\/netflix_1743509338103.jpg","datePublished":"2025-04-02T10:23:00+00:00","dateModified":"2025-06-25T22:32:33+00:00","author":{"@id":"https:\/\/www.correiobraziliense.com.br\/cbradar\/#\/schema\/person\/58422787644df994b53a19d3e56c1513"},"description":"Um guia com as estreias e renova\u00e7\u00f5es esperadas na Netflix em 2025, com destaque para s\u00e9ries populares como Stranger Things, Bridgerton e Wandinha.","breadcrumb":{"@id":"https:\/\/www.correiobraziliense.com.br\/cbradar\/essas-foram-todas-as-series-renovadas-pela-netflix-para-2025-veja-nomes\/#breadcrumb"},"inLanguage":"pt-BR","potentialAction":[{"@type":"ReadAction","target":["https:\/\/www.correiobraziliense.com.br\/cbradar\/essas-foram-todas-as-series-renovadas-pela-netflix-para-2025-veja-nomes\/"]}]},{"@type":"ImageObject","inLanguage":"pt-BR","@id":"https:\/\/www.correiobraziliense.com.br\/cbradar\/essas-foram-todas-as-series-renovadas-pela-netflix-para-2025-veja-nomes\/#primaryimage","url":"https:\/\/www.correiobraziliense.com.br\/cbradar\/wp-content\/uploads\/2025\/04\/netflix_1743509338103.jpg","contentUrl":"https:\/\/www.correiobraziliense.com.br\/cbradar\/wp-content\/uploads\/2025\/04\/netflix_1743509338103.jpg","width":1280,"height":720,"caption":"catalogo da Netflix Cr\u00e9ditos: depositphotos.com \/ sharafmaksumov"},{"@type":"BreadcrumbList","@id":"https:\/\/www.correiobraziliense.com.br\/cbradar\/essas-foram-todas-as-series-renovadas-pela-netflix-para-2025-veja-nomes\/#breadcrumb","itemListElement":[{"@type":"ListItem","position":1,"name":"In\u00edcio","item":"https:\/\/www.correiobraziliense.com.br\/cbradar\/"},{"@type":"ListItem","position":2,"name":"Essas foram todas as s\u00e9ries renovadas pela Netflix para 2025, veja nomes"}]},{"@type":"WebSite","@id":"https:\/\/www.correiobraziliense.com.br\/cbradar\/#website","url":"https:\/\/www.correiobraziliense.com.br\/cbradar\/","name":"Correio Braziliense - Radar","description":"Acompanhe as \u00faltimas not\u00edcias e fique bem informado sobre tudo o que acontece no Brasil e no mundo.","potentialAction":[{"@type":"SearchAction","target":{"@type":"EntryPoint","urlTemplate":"https:\/\/www.correiobraziliense.com.br\/cbradar\/?s={search_term_string}"},"query-input":{"@type":"PropertyValueSpecification","valueRequired":true,"valueName":"search_term_string"}}],"inLanguage":"pt-BR"},{"@type":"Person","@id":"https:\/\/www.correiobraziliense.com.br\/cbradar\/#\/schema\/person\/58422787644df994b53a19d3e56c1513","name":"Larissa Carvalho","image":{"@type":"ImageObject","inLanguage":"pt-BR","@id":"https:\/\/www.correiobraziliense.com.br\/cbradar\/#\/schema\/person\/image\/","url":"https:\/\/secure.gravatar.com\/avatar\/fe4f91a0de32b52a838d0d612abdc1aa?s=96&d=mm&r=g","contentUrl":"https:\/\/secure.gravatar.com\/avatar\/fe4f91a0de32b52a838d0d612abdc1aa?s=96&d=mm&r=g","caption":"Larissa Carvalho"},"url":"https:\/\/www.correiobraziliense.com.br\/cbradar\/author\/larissamyth\/"}]}},"_links":{"self":[{"href":"https:\/\/www.correiobraziliense.com.br\/cbradar\/wp-json\/wp\/v2\/posts\/17724","targetHints":{"allow":["GET"]}}],"collection":[{"href":"https:\/\/www.correiobraziliense.com.br\/cbradar\/wp-json\/wp\/v2\/posts"}],"about":[{"href":"https:\/\/www.correiobraziliense.com.br\/cbradar\/wp-json\/wp\/v2\/types\/post"}],"author":[{"embeddable":true,"href":"https:\/\/www.correiobraziliense.com.br\/cbradar\/wp-json\/wp\/v2\/users\/3"}],"replies":[{"embeddable":true,"href":"https:\/\/www.correiobraziliense.com.br\/cbradar\/wp-json\/wp\/v2\/comments?post=17724"}],"version-history":[{"count":3,"href":"https:\/\/www.correiobraziliense.com.br\/cbradar\/wp-json\/wp\/v2\/posts\/17724\/revisions"}],"predecessor-version":[{"id":59527,"href":"https:\/\/www.correiobraziliense.com.br\/cbradar\/wp-json\/wp\/v2\/posts\/17724\/revisions\/59527"}],"wp:featuredmedia":[{"embeddable":true,"href":"https:\/\/www.correiobraziliense.com.br\/cbradar\/wp-json\/wp\/v2\/media\/17725"}],"wp:attachment":[{"href":"https:\/\/www.correiobraziliense.com.br\/cbradar\/wp-json\/wp\/v2\/media?parent=17724"}],"wp:term":[{"taxonomy":"category","embeddable":true,"href":"https:\/\/www.correiobraziliense.com.br\/cbradar\/wp-json\/wp\/v2\/categories?post=17724"},{"taxonomy":"post_tag","embeddable":true,"href":"https:\/\/www.correiobraziliense.com.br\/cbradar\/wp-json\/wp\/v2\/post_tag?post=17724"}],"curies":[{"name":"wp","href":"https:\/\/api.w.org\/{rel}","templated":true}]}}