{"id":177326,"date":"2026-01-24T09:05:00","date_gmt":"2026-01-24T12:05:00","guid":{"rendered":"https:\/\/www.correiobraziliense.com.br\/cbradar\/?p=177326"},"modified":"2026-01-22T17:16:42","modified_gmt":"2026-01-22T20:16:42","slug":"o-suplemento-comum-que-ajuda-a-preservar-a-massa-magra-e-melhorar-a-memoria-e-o-raciocinio-rapido","status":"publish","type":"post","link":"https:\/\/www.correiobraziliense.com.br\/cbradar\/o-suplemento-comum-que-ajuda-a-preservar-a-massa-magra-e-melhorar-a-memoria-e-o-raciocinio-rapido\/","title":{"rendered":"O suplemento comum que ajuda a preservar a massa magra e melhorar a mem\u00f3ria e o racioc\u00ednio r\u00e1pido"},"content":{"rendered":"\n<p>Esque\u00e7a a imagem do fisiculturista inchado na academia; a creatina \u00e9, na verdade, o suplemento mais estudado e seguro para a longevidade humana. Longe de ser uma &#8220;bomba&#8221; (esteroide), ela \u00e9 um composto natural que recarrega a bateria das suas c\u00e9lulas, sendo essencial tanto para evitar a fragilidade f\u00edsica em idosos quanto para turbinar a mem\u00f3ria e o racioc\u00ednio em qualquer idade.<\/p>\n\n\n\n<h2 class=\"wp-block-heading\">Como a Creatina funciona como uma &#8220;bateria extra&#8221;?<\/h2>\n\n\n\n<p>Todas as suas c\u00e9lulas, sejam musculares ou cerebrais, funcionam \u00e0 base de uma mol\u00e9cula de energia chamada ATP (Adenosina Trifosfato). Quando voc\u00ea pensa ou se move, o ATP perde uma parte e vira ADP (sem energia).<\/p>\n\n\n\n<p>A creatina armazenada no corpo doa rapidamente um fosfato para recarregar esse ADP, transformando-o de volta em ATP utiliz\u00e1vel em segundos. A <a href=\"https:\/\/jissn.biomedcentral.com\/articles\/10.1186\/s12970-017-0173-z\" target=\"_blank\" rel=\"noreferrer noopener\"><strong>International Society of Sports Nutrition (ISSN)<\/strong><\/a> confirma que ter estoques cheios de creatina permite que seu corpo e mente mantenham o desempenho m\u00e1ximo por mais tempo antes de atingir a exaust\u00e3o.<\/p>\n\n\n\n<p>Leia tamb\u00e9m: <a href=\"https:\/\/www.correiobraziliense.com.br\/cbradar\/cafe-depois-do-almoco-por-que-esperar-1-hora-melhora-a-absorcao-de-nutrientes\/\" target=\"_blank\" rel=\"noreferrer noopener\">Caf\u00e9 depois do almo\u00e7o? Por que esperar 1 hora melhora a absor\u00e7\u00e3o de nutrientes<\/a><\/p>\n\n\n\n<h2 class=\"wp-block-heading\">Por que ela \u00e9 considerada um &#8220;Nootr\u00f3pico&#8221; (Suplemento Cerebral)?<\/h2>\n\n\n\n<p>O c\u00e9rebro consome cerca de 20% de toda a energia do corpo. Em momentos de alta demanda cognitiva (estudo intenso, noites mal dormidas ou estresse), os n\u00edveis de energia cerebral caem, causando fadiga mental.<\/p>\n\n\n\n<p>Um estudo de revis\u00e3o publicado pela <a href=\"https:\/\/royalsocietypublishing.org\/doi\/10.1098\/rsos.171098\" target=\"_blank\" rel=\"noreferrer noopener\"><strong>Royal Society Open Science<\/strong><\/a> demonstrou que a suplementa\u00e7\u00e3o de creatina melhora significativamente a mem\u00f3ria de curto prazo e a intelig\u00eancia fluida (racioc\u00ednio r\u00e1pido), especialmente em vegetarianos e idosos, que naturalmente possuem estoques menores desse nutriente. \u00c9 como fazer um <em>upgrade<\/em> na mem\u00f3ria RAM do seu c\u00e9rebro.<\/p>\n\n\n<div class=\"wp-block-image\">\n<figure class=\"aligncenter size-large\"><img decoding=\"async\" width=\"1024\" height=\"576\" src=\"https:\/\/www.correiobraziliense.com.br\/cbradar\/wp-content\/uploads\/2025\/08\/creatina_1756112685850-1024x576.jpg\" alt=\"O que acontece com seus m\u00fasculos e c\u00e9rebro quando voc\u00ea consome creatina?\" class=\"wp-image-92806\" srcset=\"https:\/\/www.correiobraziliense.com.br\/cbradar\/wp-content\/uploads\/2025\/08\/creatina_1756112685850-1024x576.jpg 1024w, https:\/\/www.correiobraziliense.com.br\/cbradar\/wp-content\/uploads\/2025\/08\/creatina_1756112685850-300x169.jpg 300w, https:\/\/www.correiobraziliense.com.br\/cbradar\/wp-content\/uploads\/2025\/08\/creatina_1756112685850-768x432.jpg 768w, https:\/\/www.correiobraziliense.com.br\/cbradar\/wp-content\/uploads\/2025\/08\/creatina_1756112685850-750x422.jpg 750w, https:\/\/www.correiobraziliense.com.br\/cbradar\/wp-content\/uploads\/2025\/08\/creatina_1756112685850-1140x641.jpg 1140w, https:\/\/www.correiobraziliense.com.br\/cbradar\/wp-content\/uploads\/2025\/08\/creatina_1756112685850.jpg 1280w\" sizes=\"(max-width: 1024px) 100vw, 1024px\" \/><figcaption class=\"wp-element-caption\">Suplemento comum associado \u00e0 preserva\u00e7\u00e3o da massa magra e \u00e0 melhora da mem\u00f3ria e do racioc\u00ednio &#8211; Cr\u00e9ditos: depositphotos.com \/ ogichobanov<\/figcaption><\/figure><\/div>\n\n\n<h2 class=\"wp-block-heading\">Como ela previne a &#8220;Sarcopenia&#8221; (perda muscular) em idosos?<\/h2>\n\n\n\n<p>A sarcopenia \u00e9 a perda involunt\u00e1ria de massa muscular que ocorre com o envelhecimento, levando a quedas e perda de independ\u00eancia. A creatina age retendo \u00e1gua <em>dentro<\/em> da c\u00e9lula muscular (hidrata\u00e7\u00e3o intracelular), o que sinaliza para o corpo sintetizar mais prote\u00ednas.<\/p>\n\n\n\n<p>Pesquisas na<strong> <a href=\"https:\/\/pubmed.ncbi.nlm.nih.gov\/24576864\/\" target=\"_blank\" rel=\"noreferrer noopener\">Medicine &amp; Science in Sports &amp; Exercise<\/a><\/strong> mostram que idosos que suplementam creatina, mesmo com exerc\u00edcios leves, mant\u00eam mais massa magra e for\u00e7a \u00f3ssea do que aqueles que tomam placebo. \u00c9 uma ferramenta de sobreviv\u00eancia para garantir autonomia na terceira idade.<\/p>\n\n\n\n<p>Leia tamb\u00e9m: <a href=\"https:\/\/www.correiobraziliense.com.br\/cbradar\/adeus-dor-nas-costas-a-postura-tech-neck-que-esta-deformando-a-coluna-e-como-corrigir\/\" target=\"_blank\" rel=\"noreferrer noopener\">Adeus, dor nas costas: a postura \u2018tech neck\u2019 que est\u00e1 deformando a coluna (e como corrigir)<\/a><\/p>\n\n\n\n<h2 class=\"wp-block-heading\">A Creatina destr\u00f3i os rins?<\/h2>\n\n\n\n<p>Este \u00e9 o maior mito da nutri\u00e7\u00e3o esportiva, nascido de uma confus\u00e3o na leitura de exames. O subproduto da creatina \u00e9 a <em>creatinina<\/em>, que \u00e9 eliminada pelos rins. Quando voc\u00ea toma o suplemento, seus n\u00edveis de creatinina no sangue sobem naturalmente, mas isso n\u00e3o significa dano renal, apenas que seu corpo est\u00e1 processando mais do composto.<\/p>\n\n\n\n<p>A <a href=\"https:\/\/www.mayoclinic.org\/drugs-supplements-creatine\/art-20347591\" target=\"_blank\" rel=\"noreferrer noopener\"><strong>Mayo Clinic<\/strong><\/a> e a <em>National Kidney Foundation<\/em> afirmam que a creatina \u00e9 segura para pessoas com rins saud\u00e1veis. Apenas indiv\u00edduos com doen\u00e7a renal cr\u00f4nica pr\u00e9-existente devem ter cautela e acompanhamento m\u00e9dico.<\/p>\n\n\n\n<p>No v\u00eddeo a seguir, o <strong><em>Dr. Jos\u00e9 Bento<\/em><\/strong>, com 1 milh\u00e3o de seguidores, fala um pouco sobre a creatina:<\/p>\n\n\n\n<blockquote class=\"instagram-media\" data-instgrm-captioned data-instgrm-permalink=\"https:\/\/www.instagram.com\/reel\/DSSJWpFkT4W\/?utm_source=ig_embed&amp;utm_campaign=loading\" data-instgrm-version=\"14\" style=\" background:#FFF; border:0; border-radius:3px; box-shadow:0 0 1px 0 rgba(0,0,0,0.5),0 1px 10px 0 rgba(0,0,0,0.15); margin: 1px; max-width:540px; min-width:326px; padding:0; width:99.375%; width:-webkit-calc(100% - 2px); width:calc(100% - 2px);\"><div style=\"padding:16px;\"> <a href=\"https:\/\/www.instagram.com\/reel\/DSSJWpFkT4W\/?utm_source=ig_embed&amp;utm_campaign=loading\" style=\" background:#FFFFFF; line-height:0; padding:0 0; text-align:center; text-decoration:none; width:100%;\" target=\"_blank\"> <div style=\" display: flex; flex-direction: row; align-items: center;\"> <div style=\"background-color: #F4F4F4; border-radius: 50%; flex-grow: 0; height: 40px; margin-right: 14px; width: 40px;\"><\/div> <div style=\"display: flex; flex-direction: column; flex-grow: 1; justify-content: center;\"> <div style=\" background-color: #F4F4F4; border-radius: 4px; flex-grow: 0; height: 14px; margin-bottom: 6px; width: 100px;\"><\/div> <div style=\" background-color: #F4F4F4; border-radius: 4px; flex-grow: 0; height: 14px; width: 60px;\"><\/div><\/div><\/div><div style=\"padding: 19% 0;\"><\/div> <div style=\"display:block; height:50px; margin:0 auto 12px; width:50px;\"><svg width=\"50px\" height=\"50px\" viewBox=\"0 0 60 60\" version=\"1.1\" xmlns=\"https:\/\/www.w3.org\/2000\/svg\" xmlns:xlink=\"https:\/\/www.w3.org\/1999\/xlink\"><g stroke=\"none\" stroke-width=\"1\" fill=\"none\" fill-rule=\"evenodd\"><g transform=\"translate(-511.000000, -20.000000)\" fill=\"#000000\"><g><path d=\"M556.869,30.41 C554.814,30.41 553.148,32.076 553.148,34.131 C553.148,36.186 554.814,37.852 556.869,37.852 C558.924,37.852 560.59,36.186 560.59,34.131 C560.59,32.076 558.924,30.41 556.869,30.41 M541,60.657 C535.114,60.657 530.342,55.887 530.342,50 C530.342,44.114 535.114,39.342 541,39.342 C546.887,39.342 551.658,44.114 551.658,50 C551.658,55.887 546.887,60.657 541,60.657 M541,33.886 C532.1,33.886 524.886,41.1 524.886,50 C524.886,58.899 532.1,66.113 541,66.113 C549.9,66.113 557.115,58.899 557.115,50 C557.115,41.1 549.9,33.886 541,33.886 M565.378,62.101 C565.244,65.022 564.756,66.606 564.346,67.663 C563.803,69.06 563.154,70.057 562.106,71.106 C561.058,72.155 560.06,72.803 558.662,73.347 C557.607,73.757 556.021,74.244 553.102,74.378 C549.944,74.521 548.997,74.552 541,74.552 C533.003,74.552 532.056,74.521 528.898,74.378 C525.979,74.244 524.393,73.757 523.338,73.347 C521.94,72.803 520.942,72.155 519.894,71.106 C518.846,70.057 518.197,69.06 517.654,67.663 C517.244,66.606 516.755,65.022 516.623,62.101 C516.479,58.943 516.448,57.996 516.448,50 C516.448,42.003 516.479,41.056 516.623,37.899 C516.755,34.978 517.244,33.391 517.654,32.338 C518.197,30.938 518.846,29.942 519.894,28.894 C520.942,27.846 521.94,27.196 523.338,26.654 C524.393,26.244 525.979,25.756 528.898,25.623 C532.057,25.479 533.004,25.448 541,25.448 C548.997,25.448 549.943,25.479 553.102,25.623 C556.021,25.756 557.607,26.244 558.662,26.654 C560.06,27.196 561.058,27.846 562.106,28.894 C563.154,29.942 563.803,30.938 564.346,32.338 C564.756,33.391 565.244,34.978 565.378,37.899 C565.522,41.056 565.552,42.003 565.552,50 C565.552,57.996 565.522,58.943 565.378,62.101 M570.82,37.631 C570.674,34.438 570.167,32.258 569.425,30.349 C568.659,28.377 567.633,26.702 565.965,25.035 C564.297,23.368 562.623,22.342 560.652,21.575 C558.743,20.834 556.562,20.326 553.369,20.18 C550.169,20.033 549.148,20 541,20 C532.853,20 531.831,20.033 528.631,20.18 C525.438,20.326 523.257,20.834 521.349,21.575 C519.376,22.342 517.703,23.368 516.035,25.035 C514.368,26.702 513.342,28.377 512.574,30.349 C511.834,32.258 511.326,34.438 511.181,37.631 C511.035,40.831 511,41.851 511,50 C511,58.147 511.035,59.17 511.181,62.369 C511.326,65.562 511.834,67.743 512.574,69.651 C513.342,71.625 514.368,73.296 516.035,74.965 C517.703,76.634 519.376,77.658 521.349,78.425 C523.257,79.167 525.438,79.673 528.631,79.82 C531.831,79.965 532.853,80.001 541,80.001 C549.148,80.001 550.169,79.965 553.369,79.82 C556.562,79.673 558.743,79.167 560.652,78.425 C562.623,77.658 564.297,76.634 565.965,74.965 C567.633,73.296 568.659,71.625 569.425,69.651 C570.167,67.743 570.674,65.562 570.82,62.369 C570.966,59.17 571,58.147 571,50 C571,41.851 570.966,40.831 570.82,37.631\"><\/path><\/g><\/g><\/g><\/svg><\/div><div style=\"padding-top: 8px;\"> <div style=\" color:#3897f0; font-family:Arial,sans-serif; font-size:14px; font-style:normal; font-weight:550; line-height:18px;\">Ver essa foto no Instagram<\/div><\/div><div style=\"padding: 12.5% 0;\"><\/div> <div style=\"display: flex; flex-direction: row; margin-bottom: 14px; align-items: center;\"><div> <div style=\"background-color: #F4F4F4; border-radius: 50%; height: 12.5px; width: 12.5px; transform: translateX(0px) translateY(7px);\"><\/div> <div style=\"background-color: #F4F4F4; height: 12.5px; transform: rotate(-45deg) translateX(3px) translateY(1px); width: 12.5px; flex-grow: 0; margin-right: 14px; margin-left: 2px;\"><\/div> <div style=\"background-color: #F4F4F4; border-radius: 50%; height: 12.5px; width: 12.5px; transform: translateX(9px) translateY(-18px);\"><\/div><\/div><div style=\"margin-left: 8px;\"> <div style=\" background-color: #F4F4F4; border-radius: 50%; flex-grow: 0; height: 20px; width: 20px;\"><\/div> <div style=\" width: 0; height: 0; border-top: 2px solid transparent; border-left: 6px solid #f4f4f4; border-bottom: 2px solid transparent; transform: translateX(16px) translateY(-4px) rotate(30deg)\"><\/div><\/div><div style=\"margin-left: auto;\"> <div style=\" width: 0px; border-top: 8px solid #F4F4F4; border-right: 8px solid transparent; transform: translateY(16px);\"><\/div> <div style=\" background-color: #F4F4F4; flex-grow: 0; height: 12px; width: 16px; transform: translateY(-4px);\"><\/div> <div style=\" width: 0; height: 0; border-top: 8px solid #F4F4F4; border-left: 8px solid transparent; transform: translateY(-4px) translateX(8px);\"><\/div><\/div><\/div> <div style=\"display: flex; flex-direction: column; flex-grow: 1; justify-content: center; margin-bottom: 24px;\"> <div style=\" background-color: #F4F4F4; border-radius: 4px; flex-grow: 0; height: 14px; margin-bottom: 6px; width: 224px;\"><\/div> <div style=\" background-color: #F4F4F4; border-radius: 4px; flex-grow: 0; height: 14px; width: 144px;\"><\/div><\/div><\/a><p style=\" color:#c9c8cd; font-family:Arial,sans-serif; font-size:14px; line-height:17px; margin-bottom:0; margin-top:8px; overflow:hidden; padding:8px 0 7px; text-align:center; text-overflow:ellipsis; white-space:nowrap;\"><a href=\"https:\/\/www.instagram.com\/reel\/DSSJWpFkT4W\/?utm_source=ig_embed&amp;utm_campaign=loading\" style=\" color:#c9c8cd; font-family:Arial,sans-serif; font-size:14px; font-style:normal; font-weight:normal; line-height:17px; text-decoration:none;\" target=\"_blank\">Um post compartilhado por Dr. Jose\u0301 Bento (@josebento)<\/a><\/p><\/div><\/blockquote>\n<script async src=\"\/\/www.instagram.com\/embed.js\"><\/script>\n\n\n\n<h2 class=\"wp-block-heading\">Qual \u00e9 o protocolo correto de uso (Cronograma)?<\/h2>\n\n\n\n<p>N\u00e3o \u00e9 necess\u00e1rio fazer &#8220;ciclos&#8221; ou a famosa fase de &#8220;satura\u00e7\u00e3o&#8221; (tomar doses altas na primeira semana) se voc\u00ea n\u00e3o tiver pressa.<\/p>\n\n\n\n<p>Siga este guia simples e eficaz:<\/p>\n\n\n\n<ul class=\"wp-block-list\">\n<li><strong>Dose Di\u00e1ria:<\/strong> 3g a 5g por dia (uma colher de ch\u00e1 cheia).<\/li>\n\n\n\n<li><strong>Consist\u00eancia:<\/strong> Tome todos os dias, inclusive nos dias em que n\u00e3o treinar. O efeito \u00e9 cr\u00f4nico (acumulativo), n\u00e3o agudo.<\/li>\n\n\n\n<li><strong>Hor\u00e1rio:<\/strong> Indiferente, mas tomar junto com uma fonte de carboidrato (almo\u00e7o ou p\u00f3s-treino) ajuda na absor\u00e7\u00e3o.<\/li>\n\n\n\n<li><strong>Hidrata\u00e7\u00e3o:<\/strong> Beba um pouco mais de \u00e1gua, pois a creatina puxa l\u00edquidos para dentro do m\u00fasculo.<\/li>\n<\/ul>\n","protected":false},"excerpt":{"rendered":"<p>Esque\u00e7a a imagem do fisiculturista inchado na academia; a creatina \u00e9, na verdade, o suplemento mais estudado e seguro para a longevidade humana. Longe de ser uma &#8220;bomba&#8221; (esteroide), ela \u00e9 um composto natural que recarrega a bateria das suas c\u00e9lulas, sendo essencial tanto para evitar a fragilidade f\u00edsica em idosos quanto para turbinar a [&hellip;]<\/p>\n","protected":false},"author":11,"featured_media":179727,"comment_status":"open","ping_status":"open","sticky":false,"template":"","format":"standard","meta":{"_yoast_wpseo_focuskw":"creatina para o m\u00fasculo","_yoast_wpseo_title":"","_yoast_wpseo_metadesc":"Suplemento comum pode ajudar a preservar a massa magra e favorecer mem\u00f3ria e racioc\u00ednio r\u00e1pido com uso adequado de forma consistente","jnews-multi-image_gallery":[],"jnews_single_post":{"format":"standard"},"jnews_primary_category":[],"jnews_social_meta":[],"jnews_override_counter":[],"footnotes":""},"categories":[119],"tags":[398,1318,1687],"class_list":["post-177326","post","type-post","status-publish","format-standard","has-post-thumbnail","hentry","category-bem-estar","tag-creatina","tag-saude-2","tag-suplemento"],"yoast_head":"<!-- This site is optimized with the Yoast SEO plugin v24.6 - https:\/\/yoast.com\/wordpress\/plugins\/seo\/ -->\n<title>O suplemento comum que ajuda a preservar a massa magra e melhorar a mem\u00f3ria e o racioc\u00ednio r\u00e1pido - Correio Braziliense - Radar<\/title>\n<meta name=\"description\" content=\"Suplemento comum pode ajudar a preservar a massa magra e favorecer mem\u00f3ria e racioc\u00ednio r\u00e1pido com uso adequado de forma consistente\" \/>\n<meta name=\"robots\" content=\"index, follow, max-snippet:-1, max-image-preview:large, max-video-preview:-1\" \/>\n<link rel=\"canonical\" href=\"https:\/\/www.correiobraziliense.com.br\/cbradar\/o-suplemento-comum-que-ajuda-a-preservar-a-massa-magra-e-melhorar-a-memoria-e-o-raciocinio-rapido\/\" \/>\n<meta property=\"og:locale\" content=\"pt_BR\" \/>\n<meta property=\"og:type\" content=\"article\" \/>\n<meta property=\"og:title\" content=\"O suplemento comum que ajuda a preservar a massa magra e melhorar a mem\u00f3ria e o racioc\u00ednio r\u00e1pido - Correio Braziliense - Radar\" \/>\n<meta property=\"og:description\" content=\"Suplemento comum pode ajudar a preservar a massa magra e favorecer mem\u00f3ria e racioc\u00ednio r\u00e1pido com uso adequado de forma consistente\" \/>\n<meta property=\"og:url\" content=\"https:\/\/www.correiobraziliense.com.br\/cbradar\/o-suplemento-comum-que-ajuda-a-preservar-a-massa-magra-e-melhorar-a-memoria-e-o-raciocinio-rapido\/\" \/>\n<meta property=\"og:site_name\" content=\"Correio Braziliense - Radar\" \/>\n<meta property=\"article:published_time\" content=\"2026-01-24T12:05:00+00:00\" \/>\n<meta property=\"og:image\" content=\"https:\/\/www.correiobraziliense.com.br\/cbradar\/wp-content\/uploads\/2026\/01\/creatina_1769112484754-1.jpg\" \/>\n\t<meta property=\"og:image:width\" content=\"1280\" \/>\n\t<meta property=\"og:image:height\" content=\"720\" \/>\n\t<meta property=\"og:image:type\" content=\"image\/jpeg\" \/>\n<meta name=\"author\" content=\"Paulo Custodio\" \/>\n<meta name=\"twitter:card\" content=\"summary_large_image\" \/>\n<meta name=\"twitter:label1\" content=\"Escrito por\" \/>\n\t<meta name=\"twitter:data1\" content=\"Paulo Custodio\" \/>\n\t<meta name=\"twitter:label2\" content=\"Est. tempo de leitura\" \/>\n\t<meta name=\"twitter:data2\" content=\"4 minutos\" \/>\n<!-- \/ Yoast SEO plugin. -->","yoast_head_json":{"title":"O suplemento comum que ajuda a preservar a massa magra e melhorar a mem\u00f3ria e o racioc\u00ednio r\u00e1pido - Correio Braziliense - Radar","description":"Suplemento comum pode ajudar a preservar a massa magra e favorecer mem\u00f3ria e racioc\u00ednio r\u00e1pido com uso adequado de forma consistente","robots":{"index":"index","follow":"follow","max-snippet":"max-snippet:-1","max-image-preview":"max-image-preview:large","max-video-preview":"max-video-preview:-1"},"canonical":"https:\/\/www.correiobraziliense.com.br\/cbradar\/o-suplemento-comum-que-ajuda-a-preservar-a-massa-magra-e-melhorar-a-memoria-e-o-raciocinio-rapido\/","og_locale":"pt_BR","og_type":"article","og_title":"O suplemento comum que ajuda a preservar a massa magra e melhorar a mem\u00f3ria e o racioc\u00ednio r\u00e1pido - Correio Braziliense - Radar","og_description":"Suplemento comum pode ajudar a preservar a massa magra e favorecer mem\u00f3ria e racioc\u00ednio r\u00e1pido com uso adequado de forma consistente","og_url":"https:\/\/www.correiobraziliense.com.br\/cbradar\/o-suplemento-comum-que-ajuda-a-preservar-a-massa-magra-e-melhorar-a-memoria-e-o-raciocinio-rapido\/","og_site_name":"Correio Braziliense - Radar","article_published_time":"2026-01-24T12:05:00+00:00","og_image":[{"width":1280,"height":720,"url":"https:\/\/www.correiobraziliense.com.br\/cbradar\/wp-content\/uploads\/2026\/01\/creatina_1769112484754-1.jpg","type":"image\/jpeg"}],"author":"Paulo Custodio","twitter_card":"summary_large_image","twitter_misc":{"Escrito por":"Paulo Custodio","Est. tempo de leitura":"4 minutos"},"schema":{"@context":"https:\/\/schema.org","@graph":[{"@type":"WebPage","@id":"https:\/\/www.correiobraziliense.com.br\/cbradar\/o-suplemento-comum-que-ajuda-a-preservar-a-massa-magra-e-melhorar-a-memoria-e-o-raciocinio-rapido\/","url":"https:\/\/www.correiobraziliense.com.br\/cbradar\/o-suplemento-comum-que-ajuda-a-preservar-a-massa-magra-e-melhorar-a-memoria-e-o-raciocinio-rapido\/","name":"O suplemento comum que ajuda a preservar a massa magra e melhorar a mem\u00f3ria e o racioc\u00ednio r\u00e1pido - Correio Braziliense - Radar","isPartOf":{"@id":"https:\/\/www.correiobraziliense.com.br\/cbradar\/#website"},"primaryImageOfPage":{"@id":"https:\/\/www.correiobraziliense.com.br\/cbradar\/o-suplemento-comum-que-ajuda-a-preservar-a-massa-magra-e-melhorar-a-memoria-e-o-raciocinio-rapido\/#primaryimage"},"image":{"@id":"https:\/\/www.correiobraziliense.com.br\/cbradar\/o-suplemento-comum-que-ajuda-a-preservar-a-massa-magra-e-melhorar-a-memoria-e-o-raciocinio-rapido\/#primaryimage"},"thumbnailUrl":"https:\/\/www.correiobraziliense.com.br\/cbradar\/wp-content\/uploads\/2026\/01\/creatina_1769112484754-1.jpg","datePublished":"2026-01-24T12:05:00+00:00","author":{"@id":"https:\/\/www.correiobraziliense.com.br\/cbradar\/#\/schema\/person\/4cec7857301a9a1a2ef249893cd908d3"},"description":"Suplemento comum pode ajudar a preservar a massa magra e favorecer mem\u00f3ria e racioc\u00ednio r\u00e1pido com uso adequado de forma consistente","breadcrumb":{"@id":"https:\/\/www.correiobraziliense.com.br\/cbradar\/o-suplemento-comum-que-ajuda-a-preservar-a-massa-magra-e-melhorar-a-memoria-e-o-raciocinio-rapido\/#breadcrumb"},"inLanguage":"pt-BR","potentialAction":[{"@type":"ReadAction","target":["https:\/\/www.correiobraziliense.com.br\/cbradar\/o-suplemento-comum-que-ajuda-a-preservar-a-massa-magra-e-melhorar-a-memoria-e-o-raciocinio-rapido\/"]}]},{"@type":"ImageObject","inLanguage":"pt-BR","@id":"https:\/\/www.correiobraziliense.com.br\/cbradar\/o-suplemento-comum-que-ajuda-a-preservar-a-massa-magra-e-melhorar-a-memoria-e-o-raciocinio-rapido\/#primaryimage","url":"https:\/\/www.correiobraziliense.com.br\/cbradar\/wp-content\/uploads\/2026\/01\/creatina_1769112484754-1.jpg","contentUrl":"https:\/\/www.correiobraziliense.com.br\/cbradar\/wp-content\/uploads\/2026\/01\/creatina_1769112484754-1.jpg","width":1280,"height":720,"caption":"A creatina ajuda a manter a massa muscular e a for\u00e7a - Cr\u00e9ditos: depositphotos.com \/ BongkarnGraphic"},{"@type":"BreadcrumbList","@id":"https:\/\/www.correiobraziliense.com.br\/cbradar\/o-suplemento-comum-que-ajuda-a-preservar-a-massa-magra-e-melhorar-a-memoria-e-o-raciocinio-rapido\/#breadcrumb","itemListElement":[{"@type":"ListItem","position":1,"name":"In\u00edcio","item":"https:\/\/www.correiobraziliense.com.br\/cbradar\/"},{"@type":"ListItem","position":2,"name":"O suplemento comum que ajuda a preservar a massa magra e melhorar a mem\u00f3ria e o racioc\u00ednio r\u00e1pido"}]},{"@type":"WebSite","@id":"https:\/\/www.correiobraziliense.com.br\/cbradar\/#website","url":"https:\/\/www.correiobraziliense.com.br\/cbradar\/","name":"Correio Braziliense - Radar","description":"Acompanhe as \u00faltimas not\u00edcias e fique bem informado sobre tudo o que acontece no Brasil e no mundo.","potentialAction":[{"@type":"SearchAction","target":{"@type":"EntryPoint","urlTemplate":"https:\/\/www.correiobraziliense.com.br\/cbradar\/?s={search_term_string}"},"query-input":{"@type":"PropertyValueSpecification","valueRequired":true,"valueName":"search_term_string"}}],"inLanguage":"pt-BR"},{"@type":"Person","@id":"https:\/\/www.correiobraziliense.com.br\/cbradar\/#\/schema\/person\/4cec7857301a9a1a2ef249893cd908d3","name":"Paulo Custodio","image":{"@type":"ImageObject","inLanguage":"pt-BR","@id":"https:\/\/www.correiobraziliense.com.br\/cbradar\/#\/schema\/person\/image\/","url":"https:\/\/secure.gravatar.com\/avatar\/bcd67168d1534e8fcf4f45c726a87cea?s=96&d=mm&r=g","contentUrl":"https:\/\/secure.gravatar.com\/avatar\/bcd67168d1534e8fcf4f45c726a87cea?s=96&d=mm&r=g","caption":"Paulo Custodio"},"sameAs":["https:\/\/www.correiobraziliense.com.br\/cbradar"],"url":"https:\/\/www.correiobraziliense.com.br\/cbradar\/author\/paulomyth\/"}]}},"_links":{"self":[{"href":"https:\/\/www.correiobraziliense.com.br\/cbradar\/wp-json\/wp\/v2\/posts\/177326","targetHints":{"allow":["GET"]}}],"collection":[{"href":"https:\/\/www.correiobraziliense.com.br\/cbradar\/wp-json\/wp\/v2\/posts"}],"about":[{"href":"https:\/\/www.correiobraziliense.com.br\/cbradar\/wp-json\/wp\/v2\/types\/post"}],"author":[{"embeddable":true,"href":"https:\/\/www.correiobraziliense.com.br\/cbradar\/wp-json\/wp\/v2\/users\/11"}],"replies":[{"embeddable":true,"href":"https:\/\/www.correiobraziliense.com.br\/cbradar\/wp-json\/wp\/v2\/comments?post=177326"}],"version-history":[{"count":1,"href":"https:\/\/www.correiobraziliense.com.br\/cbradar\/wp-json\/wp\/v2\/posts\/177326\/revisions"}],"predecessor-version":[{"id":177328,"href":"https:\/\/www.correiobraziliense.com.br\/cbradar\/wp-json\/wp\/v2\/posts\/177326\/revisions\/177328"}],"wp:featuredmedia":[{"embeddable":true,"href":"https:\/\/www.correiobraziliense.com.br\/cbradar\/wp-json\/wp\/v2\/media\/179727"}],"wp:attachment":[{"href":"https:\/\/www.correiobraziliense.com.br\/cbradar\/wp-json\/wp\/v2\/media?parent=177326"}],"wp:term":[{"taxonomy":"category","embeddable":true,"href":"https:\/\/www.correiobraziliense.com.br\/cbradar\/wp-json\/wp\/v2\/categories?post=177326"},{"taxonomy":"post_tag","embeddable":true,"href":"https:\/\/www.correiobraziliense.com.br\/cbradar\/wp-json\/wp\/v2\/tags?post=177326"}],"curies":[{"name":"wp","href":"https:\/\/api.w.org\/{rel}","templated":true}]}}