{"id":177371,"date":"2026-01-25T09:05:00","date_gmt":"2026-01-25T12:05:00","guid":{"rendered":"https:\/\/www.correiobraziliense.com.br\/cbradar\/?p=177371"},"modified":"2026-01-24T11:22:04","modified_gmt":"2026-01-24T14:22:04","slug":"o-que-acontece-quando-voce-faz-musculacao-duas-vezes-na-semana","status":"publish","type":"post","link":"https:\/\/www.correiobraziliense.com.br\/cbradar\/o-que-acontece-quando-voce-faz-musculacao-duas-vezes-na-semana\/","title":{"rendered":"O que acontece quando voc\u00ea faz muscula\u00e7\u00e3o duas vezes na semana?"},"content":{"rendered":"\n<p>Enquanto o exerc\u00edcio aer\u00f3bico queima calorias apenas enquanto voc\u00ea se move, a muscula\u00e7\u00e3o constr\u00f3i um motor interno que consome energia 24 horas por dia. Treinar for\u00e7a pelo menos duas vezes na semana \u00e9 a \u00fanica forma de aumentar sua<strong> Taxa Metab\u00f3lica Basal (TMB)<\/strong>, garantindo que voc\u00ea queime gordura assistindo TV ou dormindo, e n\u00e3o apenas na academia.<\/p>\n\n\n\n<h2 class=\"wp-block-heading\">Por que o m\u00fasculo custa &#8220;caro&#8221; para o corpo manter?<\/h2>\n\n\n\n<p>O tecido muscular \u00e9 biologicamente &#8220;caro&#8221;, ou seja, metabolicamente ativo. Ao contr\u00e1rio da gordura, que \u00e9 um tecido de armazenamento inerte (como um armaz\u00e9m), o m\u00fasculo \u00e9 uma usina que exige glicose e oxig\u00eanio constantes apenas para sobreviver e manter seu t\u00f4nus.<\/p>\n\n\n\n<p>Segundo a <a href=\"https:\/\/www.mayoclinic.org\/healthy-lifestyle\/weight-loss\/in-depth\/metabolism\/art-20046508\" target=\"_blank\" rel=\"noreferrer noopener\"><strong>Mayo Clinic<\/strong><\/a>, cada quilograma de m\u00fasculo que voc\u00ea ganha obriga seu corpo a queimar mais calorias diariamente apenas para mant\u00ea-lo vivo. Embora o n\u00famero exato varie, o impacto cumulativo ao longo de meses cria um d\u00e9ficit cal\u00f3rico autom\u00e1tico que facilita a manuten\u00e7\u00e3o do peso magro a longo prazo.<\/p>\n\n\n<div class=\"wp-block-image\">\n<figure class=\"aligncenter size-large\"><img decoding=\"async\" width=\"1024\" height=\"576\" src=\"https:\/\/www.correiobraziliense.com.br\/cbradar\/wp-content\/uploads\/2025\/09\/barra-exercicio_1758031061778-1024x576.jpg\" alt=\"Exerc\u00edcio de menos de um minuto que fortalece as costas, bra\u00e7os e abd\u00f4men\" class=\"wp-image-104725\" srcset=\"https:\/\/www.correiobraziliense.com.br\/cbradar\/wp-content\/uploads\/2025\/09\/barra-exercicio_1758031061778-1024x576.jpg 1024w, https:\/\/www.correiobraziliense.com.br\/cbradar\/wp-content\/uploads\/2025\/09\/barra-exercicio_1758031061778-300x169.jpg 300w, https:\/\/www.correiobraziliense.com.br\/cbradar\/wp-content\/uploads\/2025\/09\/barra-exercicio_1758031061778-768x432.jpg 768w, https:\/\/www.correiobraziliense.com.br\/cbradar\/wp-content\/uploads\/2025\/09\/barra-exercicio_1758031061778-750x422.jpg 750w, https:\/\/www.correiobraziliense.com.br\/cbradar\/wp-content\/uploads\/2025\/09\/barra-exercicio_1758031061778-1140x641.jpg 1140w, https:\/\/www.correiobraziliense.com.br\/cbradar\/wp-content\/uploads\/2025\/09\/barra-exercicio_1758031061778.jpg 1280w\" sizes=\"(max-width: 1024px) 100vw, 1024px\" \/><figcaption class=\"wp-element-caption\">Pr\u00e1tica de muscula\u00e7\u00e3o duas vezes por semana melhora for\u00e7a muscular e sa\u00fade geral do corpo &#8211; Cr\u00e9ditos: depositphotos.com \/ alebloshka<\/figcaption><\/figure><\/div>\n\n\n<h2 class=\"wp-block-heading\">O que \u00e9 o &#8220;Afterburn&#8221; (Efeito EPOC) e por que ele dura dias?<\/h2>\n\n\n\n<p>A m\u00e1gica da muscula\u00e7\u00e3o n\u00e3o acontece apenas durante o treino, mas na recupera\u00e7\u00e3o. Quando voc\u00ea levanta peso, voc\u00ea causa microles\u00f5es nas fibras musculares. Para consertar esse dano, o corpo precisa trabalhar horas extras, consumindo oxig\u00eanio e nutrientes.<\/p>\n\n\n\n<p>Esse fen\u00f4meno \u00e9 chamado de EPOC (Consumo Excessivo de Oxig\u00eanio P\u00f3s-Exerc\u00edcio). Um treino de for\u00e7a intenso pode manter o metabolismo acelerado por at\u00e9 38 horas ap\u00f3s a sess\u00e3o. Ou seja, voc\u00ea treina na segunda-feira e ainda est\u00e1 queimando calorias extras na ter\u00e7a \u00e0 noite.<\/p>\n\n\n\n<p>Leia tamb\u00e9m: <a href=\"https:\/\/www.correiobraziliense.com.br\/cbradar\/cafe-depois-do-almoco-por-que-esperar-1-hora-melhora-a-absorcao-de-nutrientes\/\" target=\"_blank\" rel=\"noreferrer noopener\">Caf\u00e9 depois do almo\u00e7o? Por que esperar 1 hora melhora a absor\u00e7\u00e3o de nutrientes<\/a><\/p>\n\n\n\n<h2 class=\"wp-block-heading\">Duas vezes na semana \u00e9 realmente suficiente?<\/h2>\n\n\n\n<p>Sim, para a sa\u00fade metab\u00f3lica e preven\u00e7\u00e3o da sarcopenia (perda muscular). O segredo n\u00e3o \u00e9 a frequ\u00eancia di\u00e1ria, mas a intensidade e a recupera\u00e7\u00e3o.<\/p>\n\n\n\n<p>A <a href=\"https:\/\/www.acsm.org\/education-resources\/trending-topics-resources\/physical-activity-guidelines\" target=\"_blank\" rel=\"noreferrer noopener\"><strong>American College of Sports Medicine (ACSM)<\/strong><\/a> recomenda o treinamento de for\u00e7a para todos os principais grupos musculares pelo menos duas vezes por semana. Esse volume \u00e9 suficiente para sinalizar ao corpo que ele precisa manter a massa magra, impedindo que o metabolismo desacelere (o famoso &#8220;plat\u00f4&#8221;) durante dietas de emagrecimento.<\/p>\n\n\n\n<p>No v\u00eddeo a seguir, o perfil da <strong><em>Move Life Studio<\/em><\/strong>, com mais de 1,6 mil seguidores, fala um pouco sobre uma op\u00e7\u00e3o de exerc\u00edcio:<\/p>\n\n\n\n<blockquote class=\"instagram-media\" data-instgrm-captioned data-instgrm-permalink=\"https:\/\/www.instagram.com\/reel\/DBYkaXIp6EB\/?utm_source=ig_embed&amp;utm_campaign=loading\" data-instgrm-version=\"14\" style=\" background:#FFF; border:0; border-radius:3px; box-shadow:0 0 1px 0 rgba(0,0,0,0.5),0 1px 10px 0 rgba(0,0,0,0.15); margin: 1px; max-width:540px; min-width:326px; padding:0; width:99.375%; width:-webkit-calc(100% - 2px); width:calc(100% - 2px);\"><div style=\"padding:16px;\"> <a href=\"https:\/\/www.instagram.com\/reel\/DBYkaXIp6EB\/?utm_source=ig_embed&amp;utm_campaign=loading\" style=\" background:#FFFFFF; line-height:0; padding:0 0; text-align:center; text-decoration:none; width:100%;\" target=\"_blank\"> <div style=\" display: flex; flex-direction: row; align-items: center;\"> <div style=\"background-color: #F4F4F4; border-radius: 50%; flex-grow: 0; height: 40px; margin-right: 14px; width: 40px;\"><\/div> <div style=\"display: flex; flex-direction: column; flex-grow: 1; justify-content: center;\"> <div style=\" background-color: #F4F4F4; border-radius: 4px; flex-grow: 0; height: 14px; margin-bottom: 6px; width: 100px;\"><\/div> <div style=\" background-color: #F4F4F4; border-radius: 4px; flex-grow: 0; height: 14px; width: 60px;\"><\/div><\/div><\/div><div style=\"padding: 19% 0;\"><\/div> <div style=\"display:block; height:50px; margin:0 auto 12px; width:50px;\"><svg width=\"50px\" height=\"50px\" viewBox=\"0 0 60 60\" version=\"1.1\" xmlns=\"https:\/\/www.w3.org\/2000\/svg\" xmlns:xlink=\"https:\/\/www.w3.org\/1999\/xlink\"><g stroke=\"none\" stroke-width=\"1\" fill=\"none\" fill-rule=\"evenodd\"><g transform=\"translate(-511.000000, -20.000000)\" fill=\"#000000\"><g><path d=\"M556.869,30.41 C554.814,30.41 553.148,32.076 553.148,34.131 C553.148,36.186 554.814,37.852 556.869,37.852 C558.924,37.852 560.59,36.186 560.59,34.131 C560.59,32.076 558.924,30.41 556.869,30.41 M541,60.657 C535.114,60.657 530.342,55.887 530.342,50 C530.342,44.114 535.114,39.342 541,39.342 C546.887,39.342 551.658,44.114 551.658,50 C551.658,55.887 546.887,60.657 541,60.657 M541,33.886 C532.1,33.886 524.886,41.1 524.886,50 C524.886,58.899 532.1,66.113 541,66.113 C549.9,66.113 557.115,58.899 557.115,50 C557.115,41.1 549.9,33.886 541,33.886 M565.378,62.101 C565.244,65.022 564.756,66.606 564.346,67.663 C563.803,69.06 563.154,70.057 562.106,71.106 C561.058,72.155 560.06,72.803 558.662,73.347 C557.607,73.757 556.021,74.244 553.102,74.378 C549.944,74.521 548.997,74.552 541,74.552 C533.003,74.552 532.056,74.521 528.898,74.378 C525.979,74.244 524.393,73.757 523.338,73.347 C521.94,72.803 520.942,72.155 519.894,71.106 C518.846,70.057 518.197,69.06 517.654,67.663 C517.244,66.606 516.755,65.022 516.623,62.101 C516.479,58.943 516.448,57.996 516.448,50 C516.448,42.003 516.479,41.056 516.623,37.899 C516.755,34.978 517.244,33.391 517.654,32.338 C518.197,30.938 518.846,29.942 519.894,28.894 C520.942,27.846 521.94,27.196 523.338,26.654 C524.393,26.244 525.979,25.756 528.898,25.623 C532.057,25.479 533.004,25.448 541,25.448 C548.997,25.448 549.943,25.479 553.102,25.623 C556.021,25.756 557.607,26.244 558.662,26.654 C560.06,27.196 561.058,27.846 562.106,28.894 C563.154,29.942 563.803,30.938 564.346,32.338 C564.756,33.391 565.244,34.978 565.378,37.899 C565.522,41.056 565.552,42.003 565.552,50 C565.552,57.996 565.522,58.943 565.378,62.101 M570.82,37.631 C570.674,34.438 570.167,32.258 569.425,30.349 C568.659,28.377 567.633,26.702 565.965,25.035 C564.297,23.368 562.623,22.342 560.652,21.575 C558.743,20.834 556.562,20.326 553.369,20.18 C550.169,20.033 549.148,20 541,20 C532.853,20 531.831,20.033 528.631,20.18 C525.438,20.326 523.257,20.834 521.349,21.575 C519.376,22.342 517.703,23.368 516.035,25.035 C514.368,26.702 513.342,28.377 512.574,30.349 C511.834,32.258 511.326,34.438 511.181,37.631 C511.035,40.831 511,41.851 511,50 C511,58.147 511.035,59.17 511.181,62.369 C511.326,65.562 511.834,67.743 512.574,69.651 C513.342,71.625 514.368,73.296 516.035,74.965 C517.703,76.634 519.376,77.658 521.349,78.425 C523.257,79.167 525.438,79.673 528.631,79.82 C531.831,79.965 532.853,80.001 541,80.001 C549.148,80.001 550.169,79.965 553.369,79.82 C556.562,79.673 558.743,79.167 560.652,78.425 C562.623,77.658 564.297,76.634 565.965,74.965 C567.633,73.296 568.659,71.625 569.425,69.651 C570.167,67.743 570.674,65.562 570.82,62.369 C570.966,59.17 571,58.147 571,50 C571,41.851 570.966,40.831 570.82,37.631\"><\/path><\/g><\/g><\/g><\/svg><\/div><div style=\"padding-top: 8px;\"> <div style=\" color:#3897f0; font-family:Arial,sans-serif; font-size:14px; font-style:normal; font-weight:550; line-height:18px;\">Ver essa foto no Instagram<\/div><\/div><div style=\"padding: 12.5% 0;\"><\/div> <div style=\"display: flex; flex-direction: row; margin-bottom: 14px; align-items: center;\"><div> <div style=\"background-color: #F4F4F4; border-radius: 50%; height: 12.5px; width: 12.5px; transform: translateX(0px) translateY(7px);\"><\/div> <div style=\"background-color: #F4F4F4; height: 12.5px; transform: rotate(-45deg) translateX(3px) translateY(1px); width: 12.5px; flex-grow: 0; margin-right: 14px; margin-left: 2px;\"><\/div> <div style=\"background-color: #F4F4F4; border-radius: 50%; height: 12.5px; width: 12.5px; transform: translateX(9px) translateY(-18px);\"><\/div><\/div><div style=\"margin-left: 8px;\"> <div style=\" background-color: #F4F4F4; border-radius: 50%; flex-grow: 0; height: 20px; width: 20px;\"><\/div> <div style=\" width: 0; height: 0; border-top: 2px solid transparent; border-left: 6px solid #f4f4f4; border-bottom: 2px solid transparent; transform: translateX(16px) translateY(-4px) rotate(30deg)\"><\/div><\/div><div style=\"margin-left: auto;\"> <div style=\" width: 0px; border-top: 8px solid #F4F4F4; border-right: 8px solid transparent; transform: translateY(16px);\"><\/div> <div style=\" background-color: #F4F4F4; flex-grow: 0; height: 12px; width: 16px; transform: translateY(-4px);\"><\/div> <div style=\" width: 0; height: 0; border-top: 8px solid #F4F4F4; border-left: 8px solid transparent; transform: translateY(-4px) translateX(8px);\"><\/div><\/div><\/div> <div style=\"display: flex; flex-direction: column; flex-grow: 1; justify-content: center; margin-bottom: 24px;\"> <div style=\" background-color: #F4F4F4; border-radius: 4px; flex-grow: 0; height: 14px; margin-bottom: 6px; width: 224px;\"><\/div> <div style=\" background-color: #F4F4F4; border-radius: 4px; flex-grow: 0; height: 14px; width: 144px;\"><\/div><\/div><\/a><p style=\" color:#c9c8cd; font-family:Arial,sans-serif; font-size:14px; line-height:17px; margin-bottom:0; margin-top:8px; overflow:hidden; padding:8px 0 7px; text-align:center; text-overflow:ellipsis; white-space:nowrap;\"><a href=\"https:\/\/www.instagram.com\/reel\/DBYkaXIp6EB\/?utm_source=ig_embed&amp;utm_campaign=loading\" style=\" color:#c9c8cd; font-family:Arial,sans-serif; font-size:14px; font-style:normal; font-weight:normal; line-height:17px; text-decoration:none;\" target=\"_blank\">Um post compartilhado por Move Life Studio (@movelifestudio)<\/a><\/p><\/div><\/blockquote>\n<script async src=\"\/\/www.instagram.com\/embed.js\"><\/script>\n\n\n\n<h2 class=\"wp-block-heading\">Cardio emagrece mais r\u00e1pido na balan\u00e7a?<\/h2>\n\n\n\n<p>O cardio pode reduzir o peso na balan\u00e7a mais r\u00e1pido inicialmente, mas muitas vezes \u00e0s custas de perda muscular. Se voc\u00ea perde m\u00fasculo, seu motor metab\u00f3lico diminui. A muscula\u00e7\u00e3o foca na <em>recomposi\u00e7\u00e3o corporal<\/em>.<\/p>\n\n\n\n<p>O resultado \u00e9 que, com a muscula\u00e7\u00e3o, voc\u00ea pode pesar o mesmo, mas usar dois n\u00fameros a menos de cal\u00e7a. O m\u00fasculo \u00e9 denso e compacto, enquanto a gordura ocupa muito espa\u00e7o. A balan\u00e7a mente; o espelho e as roupas dizem a verdade sobre seu metabolismo.<\/p>\n\n\n\n<p>Leia tamb\u00e9m: <a href=\"https:\/\/www.correiobraziliense.com.br\/cbradar\/adeus-dor-nas-costas-a-postura-tech-neck-que-esta-deformando-a-coluna-e-como-corrigir\/\" target=\"_blank\" rel=\"noreferrer noopener\">Adeus, dor nas costas: a postura \u2018tech neck\u2019 que est\u00e1 deformando a coluna (e como corrigir)<\/a><\/p>\n\n\n\n<h2 class=\"wp-block-heading\">Quais exerc\u00edcios d\u00e3o o maior retorno metab\u00f3lico?<\/h2>\n\n\n\n<p>N\u00e3o perca tempo com exerc\u00edcios isolados (como rosca direta) se seu objetivo \u00e9 queimar gordura global. Foque nos exerc\u00edcios <strong>compostos<\/strong> (multiarticulares), que recrutam grandes massas musculares simultaneamente e geram maior demanda de oxig\u00eanio.<\/p>\n\n\n\n<p>Sua rotina de 2 dias deve ser baseada nestes &#8220;Quatro Grandes&#8221;:<\/p>\n\n\n\n<ul class=\"wp-block-list\">\n<li><strong>Agachamento (Squat):<\/strong> Trabalha pernas, gl\u00fateos e core.<\/li>\n\n\n\n<li><strong>Levantamento Terra (Deadlift):<\/strong> Ativa toda a cadeia posterior (costas e pernas).<\/li>\n\n\n\n<li><strong>Supino ou Flex\u00e3o de Bra\u00e7o:<\/strong> Trabalha peito, ombros e tr\u00edceps.<\/li>\n\n\n\n<li><strong>Remada:<\/strong> Trabalha costas e b\u00edceps.<\/li>\n<\/ul>\n","protected":false},"excerpt":{"rendered":"<p>Enquanto o exerc\u00edcio aer\u00f3bico queima calorias apenas enquanto voc\u00ea se move, a muscula\u00e7\u00e3o constr\u00f3i um motor interno que consome energia 24 horas por dia. Treinar for\u00e7a pelo menos duas vezes na semana \u00e9 a \u00fanica forma de aumentar sua Taxa Metab\u00f3lica Basal (TMB), garantindo que voc\u00ea queime gordura assistindo TV ou dormindo, e n\u00e3o apenas [&hellip;]<\/p>\n","protected":false},"author":11,"featured_media":180634,"comment_status":"open","ping_status":"open","sticky":false,"template":"","format":"standard","meta":{"_yoast_wpseo_focuskw":"Praticar muscula\u00e7\u00e3o","_yoast_wpseo_title":"","_yoast_wpseo_metadesc":"Praticar muscula\u00e7\u00e3o duas vezes por semana melhora for\u00e7a e massa muscular acelera metabolismo e contribui para sa\u00fade \u00f3ssea e funcional","jnews-multi-image_gallery":[],"jnews_single_post":{"format":"standard"},"jnews_primary_category":[],"jnews_social_meta":[],"jnews_override_counter":[],"footnotes":""},"categories":[119],"post_tag":[399,1318],"class_list":["post-177371","post","type-post","status-publish","format-standard","has-post-thumbnail","hentry","category-bem-estar","tag-musculacao","tag-saude-2"],"yoast_head":"<!-- This site is optimized with the Yoast SEO plugin v24.6 - https:\/\/yoast.com\/wordpress\/plugins\/seo\/ -->\n<title>O que acontece quando voc\u00ea faz muscula\u00e7\u00e3o duas vezes na semana? - Correio Braziliense - Radar<\/title>\n<meta name=\"description\" content=\"Praticar muscula\u00e7\u00e3o duas vezes por semana melhora for\u00e7a e massa muscular acelera metabolismo e contribui para sa\u00fade \u00f3ssea e funcional\" \/>\n<meta name=\"robots\" content=\"index, follow, max-snippet:-1, max-image-preview:large, max-video-preview:-1\" \/>\n<link rel=\"canonical\" href=\"https:\/\/www.correiobraziliense.com.br\/cbradar\/o-que-acontece-quando-voce-faz-musculacao-duas-vezes-na-semana\/\" \/>\n<meta property=\"og:locale\" content=\"pt_BR\" \/>\n<meta property=\"og:type\" content=\"article\" \/>\n<meta property=\"og:title\" content=\"O que acontece quando voc\u00ea faz muscula\u00e7\u00e3o duas vezes na semana? - Correio Braziliense - Radar\" \/>\n<meta property=\"og:description\" content=\"Praticar muscula\u00e7\u00e3o duas vezes por semana melhora for\u00e7a e massa muscular acelera metabolismo e contribui para sa\u00fade \u00f3ssea e funcional\" \/>\n<meta property=\"og:url\" content=\"https:\/\/www.correiobraziliense.com.br\/cbradar\/o-que-acontece-quando-voce-faz-musculacao-duas-vezes-na-semana\/\" \/>\n<meta property=\"og:site_name\" content=\"Correio Braziliense - Radar\" \/>\n<meta property=\"article:published_time\" content=\"2026-01-25T12:05:00+00:00\" \/>\n<meta property=\"og:image\" content=\"https:\/\/www.correiobraziliense.com.br\/cbradar\/wp-content\/uploads\/2026\/01\/musculacao-_1769264503011.jpg\" \/>\n\t<meta property=\"og:image:width\" content=\"1280\" \/>\n\t<meta property=\"og:image:height\" content=\"720\" \/>\n\t<meta property=\"og:image:type\" content=\"image\/jpeg\" \/>\n<meta name=\"author\" content=\"Paulo Custodio\" \/>\n<meta name=\"twitter:card\" content=\"summary_large_image\" \/>\n<meta name=\"twitter:label1\" content=\"Escrito por\" \/>\n\t<meta name=\"twitter:data1\" content=\"Paulo Custodio\" \/>\n\t<meta name=\"twitter:label2\" content=\"Est. tempo de leitura\" \/>\n\t<meta name=\"twitter:data2\" content=\"4 minutos\" \/>\n<!-- \/ Yoast SEO plugin. -->","yoast_head_json":{"title":"O que acontece quando voc\u00ea faz muscula\u00e7\u00e3o duas vezes na semana? - Correio Braziliense - Radar","description":"Praticar muscula\u00e7\u00e3o duas vezes por semana melhora for\u00e7a e massa muscular acelera metabolismo e contribui para sa\u00fade \u00f3ssea e funcional","robots":{"index":"index","follow":"follow","max-snippet":"max-snippet:-1","max-image-preview":"max-image-preview:large","max-video-preview":"max-video-preview:-1"},"canonical":"https:\/\/www.correiobraziliense.com.br\/cbradar\/o-que-acontece-quando-voce-faz-musculacao-duas-vezes-na-semana\/","og_locale":"pt_BR","og_type":"article","og_title":"O que acontece quando voc\u00ea faz muscula\u00e7\u00e3o duas vezes na semana? - Correio Braziliense - Radar","og_description":"Praticar muscula\u00e7\u00e3o duas vezes por semana melhora for\u00e7a e massa muscular acelera metabolismo e contribui para sa\u00fade \u00f3ssea e funcional","og_url":"https:\/\/www.correiobraziliense.com.br\/cbradar\/o-que-acontece-quando-voce-faz-musculacao-duas-vezes-na-semana\/","og_site_name":"Correio Braziliense - Radar","article_published_time":"2026-01-25T12:05:00+00:00","og_image":[{"width":1280,"height":720,"url":"https:\/\/www.correiobraziliense.com.br\/cbradar\/wp-content\/uploads\/2026\/01\/musculacao-_1769264503011.jpg","type":"image\/jpeg"}],"author":"Paulo Custodio","twitter_card":"summary_large_image","twitter_misc":{"Escrito por":"Paulo Custodio","Est. tempo de leitura":"4 minutos"},"schema":{"@context":"https:\/\/schema.org","@graph":[{"@type":"WebPage","@id":"https:\/\/www.correiobraziliense.com.br\/cbradar\/o-que-acontece-quando-voce-faz-musculacao-duas-vezes-na-semana\/","url":"https:\/\/www.correiobraziliense.com.br\/cbradar\/o-que-acontece-quando-voce-faz-musculacao-duas-vezes-na-semana\/","name":"O que acontece quando voc\u00ea faz muscula\u00e7\u00e3o duas vezes na semana? - Correio Braziliense - Radar","isPartOf":{"@id":"https:\/\/www.correiobraziliense.com.br\/cbradar\/#website"},"primaryImageOfPage":{"@id":"https:\/\/www.correiobraziliense.com.br\/cbradar\/o-que-acontece-quando-voce-faz-musculacao-duas-vezes-na-semana\/#primaryimage"},"image":{"@id":"https:\/\/www.correiobraziliense.com.br\/cbradar\/o-que-acontece-quando-voce-faz-musculacao-duas-vezes-na-semana\/#primaryimage"},"thumbnailUrl":"https:\/\/www.correiobraziliense.com.br\/cbradar\/wp-content\/uploads\/2026\/01\/musculacao-_1769264503011.jpg","datePublished":"2026-01-25T12:05:00+00:00","author":{"@id":"https:\/\/www.correiobraziliense.com.br\/cbradar\/#\/schema\/person\/4cec7857301a9a1a2ef249893cd908d3"},"description":"Praticar muscula\u00e7\u00e3o duas vezes por semana melhora for\u00e7a e massa muscular acelera metabolismo e contribui para sa\u00fade \u00f3ssea e funcional","breadcrumb":{"@id":"https:\/\/www.correiobraziliense.com.br\/cbradar\/o-que-acontece-quando-voce-faz-musculacao-duas-vezes-na-semana\/#breadcrumb"},"inLanguage":"pt-BR","potentialAction":[{"@type":"ReadAction","target":["https:\/\/www.correiobraziliense.com.br\/cbradar\/o-que-acontece-quando-voce-faz-musculacao-duas-vezes-na-semana\/"]}]},{"@type":"ImageObject","inLanguage":"pt-BR","@id":"https:\/\/www.correiobraziliense.com.br\/cbradar\/o-que-acontece-quando-voce-faz-musculacao-duas-vezes-na-semana\/#primaryimage","url":"https:\/\/www.correiobraziliense.com.br\/cbradar\/wp-content\/uploads\/2026\/01\/musculacao-_1769264503011.jpg","contentUrl":"https:\/\/www.correiobraziliense.com.br\/cbradar\/wp-content\/uploads\/2026\/01\/musculacao-_1769264503011.jpg","width":1280,"height":720,"caption":"Pr\u00e1tica de muscula\u00e7\u00e3o duas vezes por semana melhora for\u00e7a muscular e sa\u00fade geral do corpo - Cr\u00e9ditos: depositphotos.com \/ VitalikRadko"},{"@type":"BreadcrumbList","@id":"https:\/\/www.correiobraziliense.com.br\/cbradar\/o-que-acontece-quando-voce-faz-musculacao-duas-vezes-na-semana\/#breadcrumb","itemListElement":[{"@type":"ListItem","position":1,"name":"In\u00edcio","item":"https:\/\/www.correiobraziliense.com.br\/cbradar\/"},{"@type":"ListItem","position":2,"name":"O que acontece quando voc\u00ea faz muscula\u00e7\u00e3o duas vezes na semana?"}]},{"@type":"WebSite","@id":"https:\/\/www.correiobraziliense.com.br\/cbradar\/#website","url":"https:\/\/www.correiobraziliense.com.br\/cbradar\/","name":"Correio Braziliense - Radar","description":"Acompanhe as \u00faltimas not\u00edcias e fique bem informado sobre tudo o que acontece no Brasil e no mundo.","potentialAction":[{"@type":"SearchAction","target":{"@type":"EntryPoint","urlTemplate":"https:\/\/www.correiobraziliense.com.br\/cbradar\/?s={search_term_string}"},"query-input":{"@type":"PropertyValueSpecification","valueRequired":true,"valueName":"search_term_string"}}],"inLanguage":"pt-BR"},{"@type":"Person","@id":"https:\/\/www.correiobraziliense.com.br\/cbradar\/#\/schema\/person\/4cec7857301a9a1a2ef249893cd908d3","name":"Paulo Custodio","image":{"@type":"ImageObject","inLanguage":"pt-BR","@id":"https:\/\/www.correiobraziliense.com.br\/cbradar\/#\/schema\/person\/image\/","url":"https:\/\/secure.gravatar.com\/avatar\/bcd67168d1534e8fcf4f45c726a87cea?s=96&d=mm&r=g","contentUrl":"https:\/\/secure.gravatar.com\/avatar\/bcd67168d1534e8fcf4f45c726a87cea?s=96&d=mm&r=g","caption":"Paulo Custodio"},"sameAs":["https:\/\/www.correiobraziliense.com.br\/cbradar"],"url":"https:\/\/www.correiobraziliense.com.br\/cbradar\/author\/paulomyth\/"}]}},"_links":{"self":[{"href":"https:\/\/www.correiobraziliense.com.br\/cbradar\/wp-json\/wp\/v2\/posts\/177371","targetHints":{"allow":["GET"]}}],"collection":[{"href":"https:\/\/www.correiobraziliense.com.br\/cbradar\/wp-json\/wp\/v2\/posts"}],"about":[{"href":"https:\/\/www.correiobraziliense.com.br\/cbradar\/wp-json\/wp\/v2\/types\/post"}],"author":[{"embeddable":true,"href":"https:\/\/www.correiobraziliense.com.br\/cbradar\/wp-json\/wp\/v2\/users\/11"}],"replies":[{"embeddable":true,"href":"https:\/\/www.correiobraziliense.com.br\/cbradar\/wp-json\/wp\/v2\/comments?post=177371"}],"version-history":[{"count":1,"href":"https:\/\/www.correiobraziliense.com.br\/cbradar\/wp-json\/wp\/v2\/posts\/177371\/revisions"}],"predecessor-version":[{"id":177390,"href":"https:\/\/www.correiobraziliense.com.br\/cbradar\/wp-json\/wp\/v2\/posts\/177371\/revisions\/177390"}],"wp:featuredmedia":[{"embeddable":true,"href":"https:\/\/www.correiobraziliense.com.br\/cbradar\/wp-json\/wp\/v2\/media\/180634"}],"wp:attachment":[{"href":"https:\/\/www.correiobraziliense.com.br\/cbradar\/wp-json\/wp\/v2\/media?parent=177371"}],"wp:term":[{"taxonomy":"category","embeddable":true,"href":"https:\/\/www.correiobraziliense.com.br\/cbradar\/wp-json\/wp\/v2\/categories?post=177371"},{"taxonomy":"post_tag","embeddable":true,"href":"https:\/\/www.correiobraziliense.com.br\/cbradar\/wp-json\/wp\/v2\/post_tag?post=177371"}],"curies":[{"name":"wp","href":"https:\/\/api.w.org\/{rel}","templated":true}]}}