{"id":177375,"date":"2026-01-19T20:50:00","date_gmt":"2026-01-19T23:50:00","guid":{"rendered":"https:\/\/www.correiobraziliense.com.br\/cbradar\/?p=177375"},"modified":"2026-01-18T14:48:55","modified_gmt":"2026-01-18T17:48:55","slug":"o-que-fazer-quando-a-vitamina-d-esta-muito-baixa-e-por-que-isso-merece-atencao","status":"publish","type":"post","link":"https:\/\/www.correiobraziliense.com.br\/cbradar\/o-que-fazer-quando-a-vitamina-d-esta-muito-baixa-e-por-que-isso-merece-atencao\/","title":{"rendered":"O que fazer quando a vitamina D est\u00e1 muito baixa e por que isso merece aten\u00e7\u00e3o"},"content":{"rendered":"\n<p><strong>Descobrir que a vitamina D est\u00e1 muito baixa costuma gerar d\u00favidas e preocupa\u00e7\u00e3o, com raz\u00e3o. <\/strong>Esse nutriente \u00e9 essencial para ossos, m\u00fasculos, imunidade e at\u00e9 para o funcionamento do c\u00e9rebro. Quando os n\u00edveis est\u00e3o abaixo do ideal, o corpo envia sinais claros de que algo precisa ser ajustado, e agir corretamente faz toda a diferen\u00e7a para a sa\u00fade.<\/p>\n\n\n\n<h2 class=\"wp-block-heading\">O que significa estar com vitamina D muito baixa?<\/h2>\n\n\n\n<p><strong>Vitamina D muito baixa significa que o corpo n\u00e3o tem quantidade suficiente para cumprir fun\u00e7\u00f5es b\u00e1sicas<\/strong>, como absor\u00e7\u00e3o de c\u00e1lcio, manuten\u00e7\u00e3o \u00f3ssea e regula\u00e7\u00e3o do sistema imunol\u00f3gico. Essa defici\u00eancia \u00e9 bastante comum, inclusive em pa\u00edses ensolarados como o <strong>Brasil<\/strong>.<\/p>\n\n\n\n<p>Os n\u00edveis baixos podem estar relacionados \u00e0 pouca exposi\u00e7\u00e3o ao sol, alimenta\u00e7\u00e3o inadequada, altera\u00e7\u00f5es hormonais, problemas de absor\u00e7\u00e3o intestinal ou uso prolongado de certos medicamentos. Muitas vezes, a defici\u00eancia se instala silenciosamente.<\/p>\n\n\n<div class=\"wp-block-image\">\n<figure class=\"aligncenter size-large\"><img decoding=\"async\" width=\"1024\" height=\"576\" src=\"https:\/\/www.correiobraziliense.com.br\/cbradar\/wp-content\/uploads\/2026\/01\/aaa-2026-01-17T231915.973-1024x576.png\" alt=\"\" class=\"wp-image-177450\" srcset=\"https:\/\/www.correiobraziliense.com.br\/cbradar\/wp-content\/uploads\/2026\/01\/aaa-2026-01-17T231915.973-1024x576.png 1024w, https:\/\/www.correiobraziliense.com.br\/cbradar\/wp-content\/uploads\/2026\/01\/aaa-2026-01-17T231915.973-300x169.png 300w, https:\/\/www.correiobraziliense.com.br\/cbradar\/wp-content\/uploads\/2026\/01\/aaa-2026-01-17T231915.973-768x432.png 768w, https:\/\/www.correiobraziliense.com.br\/cbradar\/wp-content\/uploads\/2026\/01\/aaa-2026-01-17T231915.973-750x422.png 750w, https:\/\/www.correiobraziliense.com.br\/cbradar\/wp-content\/uploads\/2026\/01\/aaa-2026-01-17T231915.973-1140x641.png 1140w, https:\/\/www.correiobraziliense.com.br\/cbradar\/wp-content\/uploads\/2026\/01\/aaa-2026-01-17T231915.973.png 1280w\" sizes=\"(max-width: 1024px) 100vw, 1024px\" \/><figcaption class=\"wp-element-caption\">Em resumo, quando a vitamina D est\u00e1 muito baixa, o corpo precisa de aten\u00e7\u00e3o, estrat\u00e9gia e acompanhamento, n\u00e3o apenas de solu\u00e7\u00f5es r\u00e1pidas<\/figcaption><\/figure><\/div>\n\n\n<h2 class=\"wp-block-heading\">Quais sintomas podem aparecer com a vitamina D baixa?<\/h2>\n\n\n\n<p><strong>A defici\u00eancia de vitamina D pode causar sintomas f\u00edsicos e emocionais<\/strong>, que nem sempre s\u00e3o associados diretamente ao problema. Em muitos casos, a pessoa sente algo \u201cfora do normal\u201d, mas n\u00e3o identifica a causa.<\/p>\n\n\n\n<p>Entre os sinais mais comuns, est\u00e3o:<\/p>\n\n\n\n<ul class=\"wp-block-list\">\n<li>Cansa\u00e7o frequente e falta de energia<\/li>\n\n\n\n<li>Dores musculares ou articulares<\/li>\n\n\n\n<li>Queda da imunidade e infec\u00e7\u00f5es recorrentes<\/li>\n<\/ul>\n\n\n\n<p>Em casos mais prolongados, tamb\u00e9m podem surgir altera\u00e7\u00f5es de humor, fraqueza muscular e maior risco de perda \u00f3ssea.<\/p>\n\n\n\n<p><strong>A falta de um nutriente essencial pode estar por tr\u00e1s de sintomas comuns como fadiga e dores musculares.<\/strong> O v\u00eddeo \u00e9 do canal<strong> Cardio DF<\/strong> <strong>\u2014 Cardiologia<\/strong> <strong>e sa\u00fade cardiovascular em Bras\u00edlia (DF)<\/strong>, apresentado pelo cardiologista <strong>Dr. Andr\u00e9 Wambier,<\/strong> e detalha os sinais de alerta da defici\u00eancia de <strong>vitamina D<\/strong>, al\u00e9m de explicar sua import\u00e2ncia para a imunidade e sa\u00fade mental:<\/p>\n\n\n\n<figure class=\"wp-block-embed aligncenter is-type-video is-provider-youtube wp-block-embed-youtube wp-embed-aspect-16-9 wp-has-aspect-ratio\"><div class=\"wp-block-embed__wrapper\">\n<div class=\"jeg_video_container jeg_video_content\"><iframe loading=\"lazy\" title=\"10 SINTOMAS ALARMANTES de FALTA de VITAMINA D que voc\u00ea NUNCA deve ignorar\" width=\"500\" height=\"281\" src=\"https:\/\/www.youtube.com\/embed\/Xh0C2EW7KmA?feature=oembed\" frameborder=\"0\" allow=\"accelerometer; autoplay; clipboard-write; encrypted-media; gyroscope; picture-in-picture; web-share\" referrerpolicy=\"strict-origin-when-cross-origin\" allowfullscreen><\/iframe><\/div>\n<\/div><\/figure>\n\n\n\n<h2 class=\"wp-block-heading\">Tomar sol ajuda a aumentar a vitamina D?<\/h2>\n\n\n\n<p><strong>Sim, a exposi\u00e7\u00e3o solar \u00e9 a principal forma natural de produzir vitamina D<\/strong>, j\u00e1 que a pele sintetiza o nutriente a partir da luz solar. No entanto, isso precisa ser feito de forma equilibrada e segura.<\/p>\n\n\n\n<p>Expor bra\u00e7os e pernas ao sol por alguns minutos, preferencialmente antes das 10h ou ap\u00f3s as 16h, j\u00e1 pode ajudar. O tempo ideal varia conforme o tom de pele, idade e local de moradia, por isso a resposta n\u00e3o \u00e9 igual para todos.<\/p>\n\n\n\n<h2 class=\"wp-block-heading\">Alimenta\u00e7\u00e3o \u00e9 suficiente para corrigir a defici\u00eancia?<\/h2>\n\n\n\n<p><strong>A alimenta\u00e7\u00e3o ajuda, mas geralmente n\u00e3o \u00e9 suficiente quando a vitamina D est\u00e1 muito baixa<\/strong>. Poucos alimentos cont\u00eam quantidades significativas desse nutriente, como peixes gordurosos, gema de ovo e alimentos fortificados.<\/p>\n\n\n\n<p>Por esse motivo, quando os n\u00edveis est\u00e3o muito reduzidos, a alimenta\u00e7\u00e3o sozinha dificilmente normaliza os valores. Ela funciona como apoio, n\u00e3o como solu\u00e7\u00e3o \u00fanica.<\/p>\n\n\n\n<p><strong>Leia tamb\u00e9m: <a href=\"https:\/\/www.correiobraziliense.com.br\/cbradar\/os-nomes-que-nao-existiam-ha-10-anos-mas-estao-se-tornando-cada-vez-mais-populares\/\" target=\"_blank\" rel=\"noreferrer noopener\">Os nomes que n\u00e3o existiam h\u00e1 10 anos mas est\u00e3o se tornando cada vez mais populares<\/a><\/strong>.<\/p>\n\n\n<div class=\"wp-block-image\">\n<figure class=\"aligncenter size-large\"><img decoding=\"async\" width=\"1024\" height=\"576\" src=\"https:\/\/www.correiobraziliense.com.br\/cbradar\/wp-content\/uploads\/2025\/06\/vitamina-D_1749897045721-1024x576.jpg\" alt=\"Por que a vitamina D \u00e9 essencial para sua sa\u00fade?\" class=\"wp-image-53465\" srcset=\"https:\/\/www.correiobraziliense.com.br\/cbradar\/wp-content\/uploads\/2025\/06\/vitamina-D_1749897045721-1024x576.jpg 1024w, https:\/\/www.correiobraziliense.com.br\/cbradar\/wp-content\/uploads\/2025\/06\/vitamina-D_1749897045721-300x169.jpg 300w, https:\/\/www.correiobraziliense.com.br\/cbradar\/wp-content\/uploads\/2025\/06\/vitamina-D_1749897045721-768x432.jpg 768w, https:\/\/www.correiobraziliense.com.br\/cbradar\/wp-content\/uploads\/2025\/06\/vitamina-D_1749897045721-750x422.jpg 750w, https:\/\/www.correiobraziliense.com.br\/cbradar\/wp-content\/uploads\/2025\/06\/vitamina-D_1749897045721-1140x641.jpg 1140w, https:\/\/www.correiobraziliense.com.br\/cbradar\/wp-content\/uploads\/2025\/06\/vitamina-D_1749897045721.jpg 1280w\" sizes=\"(max-width: 1024px) 100vw, 1024px\" \/><figcaption class=\"wp-element-caption\">Vitamina D desperta vitalidade \u00f3ssea e imunol\u00f3gica, transformando sol em for\u00e7a radiante para sa\u00fade plena e bem-estar duradouro! \/\/ Cr\u00e9ditos: depositphotos.com \/ gwolters<\/figcaption><\/figure><\/div>\n\n\n<h2 class=\"wp-block-heading\">A suplementa\u00e7\u00e3o \u00e9 necess\u00e1ria nesses casos?<\/h2>\n\n\n\n<p><strong>Na maioria dos casos, a suplementa\u00e7\u00e3o \u00e9 necess\u00e1ria quando a vitamina D est\u00e1 muito baixa<\/strong>, mas deve ser feita com orienta\u00e7\u00e3o profissional. A dose correta varia conforme o grau da defici\u00eancia, idade e condi\u00e7\u00f5es de sa\u00fade.<\/p>\n\n\n\n<p>Veja a tabela abaixo com um panorama geral das estrat\u00e9gias mais comuns:<\/p>\n\n\n\n<figure class=\"wp-block-table\"><table class=\"has-fixed-layout\"><thead><tr><th>Situa\u00e7\u00e3o<\/th><th>Conduta recomendada<\/th><\/tr><\/thead><tbody><tr><td>Defici\u00eancia leve<\/td><td>Ajustes de sol e alimenta\u00e7\u00e3o<\/td><\/tr><tr><td>Defici\u00eancia moderada<\/td><td>Suplementa\u00e7\u00e3o orientada<\/td><\/tr><tr><td>Defici\u00eancia severa<\/td><td>Suplementa\u00e7\u00e3o controlada e acompanhamento<\/td><\/tr><tr><td>Uso prolongado<\/td><td>Monitoramento peri\u00f3dico<\/td><\/tr><\/tbody><\/table><\/figure>\n\n\n\n<p>A automedica\u00e7\u00e3o n\u00e3o \u00e9 indicada, pois excesso de vitamina D tamb\u00e9m pode causar problemas.<\/p>\n\n\n\n<h2 class=\"wp-block-heading\">Como prevenir que a vitamina D volte a cair?<\/h2>\n\n\n\n<p><strong>Manter n\u00edveis adequados de vitamina D exige const\u00e2ncia, n\u00e3o solu\u00e7\u00f5es pontuais<\/strong>. Depois da corre\u00e7\u00e3o inicial, \u00e9 importante adotar h\u00e1bitos que sustentem o equil\u00edbrio ao longo do tempo.<\/p>\n\n\n\n<p>Isso inclui exposi\u00e7\u00e3o solar regular e segura, alimenta\u00e7\u00e3o equilibrada e acompanhamento peri\u00f3dico por exames, especialmente em pessoas com maior risco de defici\u00eancia.<\/p>\n\n\n\n<p>Em resumo, <strong>quando a vitamina D est\u00e1 muito baixa, o corpo precisa de aten\u00e7\u00e3o, estrat\u00e9gia e acompanhamento<\/strong>, n\u00e3o apenas de solu\u00e7\u00f5es r\u00e1pidas. Corrigir a defici\u00eancia melhora a sa\u00fade \u00f3ssea, a imunidade, a energia e o bem-estar geral \u2014 e pequenos ajustes consistentes podem ter um impacto profundo na qualidade<\/p>\n","protected":false},"excerpt":{"rendered":"<p>Descobrir que a vitamina D est\u00e1 muito baixa costuma gerar d\u00favidas e preocupa\u00e7\u00e3o, com raz\u00e3o. Esse nutriente \u00e9 essencial para ossos, m\u00fasculos, imunidade e at\u00e9 para o funcionamento do c\u00e9rebro. Quando os n\u00edveis est\u00e3o abaixo do ideal, o corpo envia sinais claros de que algo precisa ser ajustado, e agir corretamente faz toda a diferen\u00e7a [&hellip;]<\/p>\n","protected":false},"author":8,"featured_media":177458,"comment_status":"open","ping_status":"open","sticky":false,"template":"","format":"standard","meta":{"_yoast_wpseo_focuskw":"vitamina D","_yoast_wpseo_title":"","_yoast_wpseo_metadesc":"Vitamina D desperta vitalidade \u00f3ssea e imunol\u00f3gica, transformando sol em for\u00e7a radiante para sa\u00fade plena e bem-estar duradouro.","jnews-multi-image_gallery":[],"jnews_single_post":{"format":"standard"},"jnews_primary_category":[],"jnews_social_meta":[],"jnews_override_counter":[],"footnotes":""},"categories":[112],"tags":[3559,1318,3004],"class_list":["post-177375","post","type-post","status-publish","format-standard","has-post-thumbnail","hentry","category-curiosidades","tag-corpo-humano","tag-saude-2","tag-vitamina-d"],"yoast_head":"<!-- This site is optimized with the Yoast SEO plugin v24.6 - https:\/\/yoast.com\/wordpress\/plugins\/seo\/ -->\n<title>O que fazer quando a vitamina D est\u00e1 muito baixa e por que isso merece aten\u00e7\u00e3o - Correio Braziliense - Radar<\/title>\n<meta name=\"description\" content=\"Vitamina D desperta vitalidade \u00f3ssea e imunol\u00f3gica, transformando sol em for\u00e7a radiante para sa\u00fade plena e bem-estar duradouro.\" \/>\n<meta name=\"robots\" content=\"index, follow, max-snippet:-1, max-image-preview:large, max-video-preview:-1\" \/>\n<link rel=\"canonical\" href=\"https:\/\/www.correiobraziliense.com.br\/cbradar\/o-que-fazer-quando-a-vitamina-d-esta-muito-baixa-e-por-que-isso-merece-atencao\/\" \/>\n<meta property=\"og:locale\" content=\"pt_BR\" \/>\n<meta property=\"og:type\" content=\"article\" \/>\n<meta property=\"og:title\" content=\"O que fazer quando a vitamina D est\u00e1 muito baixa e por que isso merece aten\u00e7\u00e3o - Correio Braziliense - Radar\" \/>\n<meta property=\"og:description\" content=\"Vitamina D desperta vitalidade \u00f3ssea e imunol\u00f3gica, transformando sol em for\u00e7a radiante para sa\u00fade plena e bem-estar duradouro.\" \/>\n<meta property=\"og:url\" content=\"https:\/\/www.correiobraziliense.com.br\/cbradar\/o-que-fazer-quando-a-vitamina-d-esta-muito-baixa-e-por-que-isso-merece-atencao\/\" \/>\n<meta property=\"og:site_name\" content=\"Correio Braziliense - Radar\" \/>\n<meta property=\"article:published_time\" content=\"2026-01-19T23:50:00+00:00\" \/>\n<meta property=\"og:image\" content=\"https:\/\/www.correiobraziliense.com.br\/cbradar\/wp-content\/uploads\/2026\/01\/aaa-2026-01-17T232827.127.png\" \/>\n\t<meta property=\"og:image:width\" content=\"1280\" \/>\n\t<meta property=\"og:image:height\" content=\"720\" \/>\n\t<meta property=\"og:image:type\" content=\"image\/png\" \/>\n<meta name=\"author\" content=\"Maura Pereira\" \/>\n<meta name=\"twitter:card\" content=\"summary_large_image\" \/>\n<meta name=\"twitter:label1\" content=\"Escrito por\" \/>\n\t<meta name=\"twitter:data1\" content=\"Maura Pereira\" \/>\n\t<meta name=\"twitter:label2\" content=\"Est. tempo de leitura\" \/>\n\t<meta name=\"twitter:data2\" content=\"5 minutos\" \/>\n<!-- \/ Yoast SEO plugin. -->","yoast_head_json":{"title":"O que fazer quando a vitamina D est\u00e1 muito baixa e por que isso merece aten\u00e7\u00e3o - Correio Braziliense - Radar","description":"Vitamina D desperta vitalidade \u00f3ssea e imunol\u00f3gica, transformando sol em for\u00e7a radiante para sa\u00fade plena e bem-estar duradouro.","robots":{"index":"index","follow":"follow","max-snippet":"max-snippet:-1","max-image-preview":"max-image-preview:large","max-video-preview":"max-video-preview:-1"},"canonical":"https:\/\/www.correiobraziliense.com.br\/cbradar\/o-que-fazer-quando-a-vitamina-d-esta-muito-baixa-e-por-que-isso-merece-atencao\/","og_locale":"pt_BR","og_type":"article","og_title":"O que fazer quando a vitamina D est\u00e1 muito baixa e por que isso merece aten\u00e7\u00e3o - Correio Braziliense - Radar","og_description":"Vitamina D desperta vitalidade \u00f3ssea e imunol\u00f3gica, transformando sol em for\u00e7a radiante para sa\u00fade plena e bem-estar duradouro.","og_url":"https:\/\/www.correiobraziliense.com.br\/cbradar\/o-que-fazer-quando-a-vitamina-d-esta-muito-baixa-e-por-que-isso-merece-atencao\/","og_site_name":"Correio Braziliense - Radar","article_published_time":"2026-01-19T23:50:00+00:00","og_image":[{"width":1280,"height":720,"url":"https:\/\/www.correiobraziliense.com.br\/cbradar\/wp-content\/uploads\/2026\/01\/aaa-2026-01-17T232827.127.png","type":"image\/png"}],"author":"Maura Pereira","twitter_card":"summary_large_image","twitter_misc":{"Escrito por":"Maura Pereira","Est. tempo de leitura":"5 minutos"},"schema":{"@context":"https:\/\/schema.org","@graph":[{"@type":"WebPage","@id":"https:\/\/www.correiobraziliense.com.br\/cbradar\/o-que-fazer-quando-a-vitamina-d-esta-muito-baixa-e-por-que-isso-merece-atencao\/","url":"https:\/\/www.correiobraziliense.com.br\/cbradar\/o-que-fazer-quando-a-vitamina-d-esta-muito-baixa-e-por-que-isso-merece-atencao\/","name":"O que fazer quando a vitamina D est\u00e1 muito baixa e por que isso merece aten\u00e7\u00e3o - Correio Braziliense - Radar","isPartOf":{"@id":"https:\/\/www.correiobraziliense.com.br\/cbradar\/#website"},"primaryImageOfPage":{"@id":"https:\/\/www.correiobraziliense.com.br\/cbradar\/o-que-fazer-quando-a-vitamina-d-esta-muito-baixa-e-por-que-isso-merece-atencao\/#primaryimage"},"image":{"@id":"https:\/\/www.correiobraziliense.com.br\/cbradar\/o-que-fazer-quando-a-vitamina-d-esta-muito-baixa-e-por-que-isso-merece-atencao\/#primaryimage"},"thumbnailUrl":"https:\/\/www.correiobraziliense.com.br\/cbradar\/wp-content\/uploads\/2026\/01\/aaa-2026-01-17T232827.127.png","datePublished":"2026-01-19T23:50:00+00:00","author":{"@id":"https:\/\/www.correiobraziliense.com.br\/cbradar\/#\/schema\/person\/4053c651a9bfc785afc6f4cbc9032fd3"},"description":"Vitamina D desperta vitalidade \u00f3ssea e imunol\u00f3gica, transformando sol em for\u00e7a radiante para sa\u00fade plena e bem-estar duradouro.","breadcrumb":{"@id":"https:\/\/www.correiobraziliense.com.br\/cbradar\/o-que-fazer-quando-a-vitamina-d-esta-muito-baixa-e-por-que-isso-merece-atencao\/#breadcrumb"},"inLanguage":"pt-BR","potentialAction":[{"@type":"ReadAction","target":["https:\/\/www.correiobraziliense.com.br\/cbradar\/o-que-fazer-quando-a-vitamina-d-esta-muito-baixa-e-por-que-isso-merece-atencao\/"]}]},{"@type":"ImageObject","inLanguage":"pt-BR","@id":"https:\/\/www.correiobraziliense.com.br\/cbradar\/o-que-fazer-quando-a-vitamina-d-esta-muito-baixa-e-por-que-isso-merece-atencao\/#primaryimage","url":"https:\/\/www.correiobraziliense.com.br\/cbradar\/wp-content\/uploads\/2026\/01\/aaa-2026-01-17T232827.127.png","contentUrl":"https:\/\/www.correiobraziliense.com.br\/cbradar\/wp-content\/uploads\/2026\/01\/aaa-2026-01-17T232827.127.png","width":1280,"height":720,"caption":"Em resumo, quando a vitamina D est\u00e1 muito baixa, o corpo precisa de aten\u00e7\u00e3o, estrat\u00e9gia e acompanhamento, n\u00e3o apenas de solu\u00e7\u00f5es r\u00e1pidas."},{"@type":"BreadcrumbList","@id":"https:\/\/www.correiobraziliense.com.br\/cbradar\/o-que-fazer-quando-a-vitamina-d-esta-muito-baixa-e-por-que-isso-merece-atencao\/#breadcrumb","itemListElement":[{"@type":"ListItem","position":1,"name":"In\u00edcio","item":"https:\/\/www.correiobraziliense.com.br\/cbradar\/"},{"@type":"ListItem","position":2,"name":"O que fazer quando a vitamina D est\u00e1 muito baixa e por que isso merece aten\u00e7\u00e3o"}]},{"@type":"WebSite","@id":"https:\/\/www.correiobraziliense.com.br\/cbradar\/#website","url":"https:\/\/www.correiobraziliense.com.br\/cbradar\/","name":"Correio Braziliense - Radar","description":"Acompanhe as \u00faltimas not\u00edcias e fique bem informado sobre tudo o que acontece no Brasil e no mundo.","potentialAction":[{"@type":"SearchAction","target":{"@type":"EntryPoint","urlTemplate":"https:\/\/www.correiobraziliense.com.br\/cbradar\/?s={search_term_string}"},"query-input":{"@type":"PropertyValueSpecification","valueRequired":true,"valueName":"search_term_string"}}],"inLanguage":"pt-BR"},{"@type":"Person","@id":"https:\/\/www.correiobraziliense.com.br\/cbradar\/#\/schema\/person\/4053c651a9bfc785afc6f4cbc9032fd3","name":"Maura Pereira","image":{"@type":"ImageObject","inLanguage":"pt-BR","@id":"https:\/\/www.correiobraziliense.com.br\/cbradar\/#\/schema\/person\/image\/","url":"https:\/\/secure.gravatar.com\/avatar\/3effd6bdadfa447f15089c7f7144eaa6?s=96&d=mm&r=g","contentUrl":"https:\/\/secure.gravatar.com\/avatar\/3effd6bdadfa447f15089c7f7144eaa6?s=96&d=mm&r=g","caption":"Maura Pereira"},"sameAs":["https:\/\/www.correiobraziliense.com.br\/"],"url":"https:\/\/www.correiobraziliense.com.br\/cbradar\/author\/mauramyth\/"}]}},"_links":{"self":[{"href":"https:\/\/www.correiobraziliense.com.br\/cbradar\/wp-json\/wp\/v2\/posts\/177375","targetHints":{"allow":["GET"]}}],"collection":[{"href":"https:\/\/www.correiobraziliense.com.br\/cbradar\/wp-json\/wp\/v2\/posts"}],"about":[{"href":"https:\/\/www.correiobraziliense.com.br\/cbradar\/wp-json\/wp\/v2\/types\/post"}],"author":[{"embeddable":true,"href":"https:\/\/www.correiobraziliense.com.br\/cbradar\/wp-json\/wp\/v2\/users\/8"}],"replies":[{"embeddable":true,"href":"https:\/\/www.correiobraziliense.com.br\/cbradar\/wp-json\/wp\/v2\/comments?post=177375"}],"version-history":[{"count":8,"href":"https:\/\/www.correiobraziliense.com.br\/cbradar\/wp-json\/wp\/v2\/posts\/177375\/revisions"}],"predecessor-version":[{"id":177459,"href":"https:\/\/www.correiobraziliense.com.br\/cbradar\/wp-json\/wp\/v2\/posts\/177375\/revisions\/177459"}],"wp:featuredmedia":[{"embeddable":true,"href":"https:\/\/www.correiobraziliense.com.br\/cbradar\/wp-json\/wp\/v2\/media\/177458"}],"wp:attachment":[{"href":"https:\/\/www.correiobraziliense.com.br\/cbradar\/wp-json\/wp\/v2\/media?parent=177375"}],"wp:term":[{"taxonomy":"category","embeddable":true,"href":"https:\/\/www.correiobraziliense.com.br\/cbradar\/wp-json\/wp\/v2\/categories?post=177375"},{"taxonomy":"post_tag","embeddable":true,"href":"https:\/\/www.correiobraziliense.com.br\/cbradar\/wp-json\/wp\/v2\/tags?post=177375"}],"curies":[{"name":"wp","href":"https:\/\/api.w.org\/{rel}","templated":true}]}}