{"id":177378,"date":"2026-01-19T11:25:00","date_gmt":"2026-01-19T14:25:00","guid":{"rendered":"https:\/\/www.correiobraziliense.com.br\/cbradar\/?p=177378"},"modified":"2026-01-17T22:33:32","modified_gmt":"2026-01-18T01:33:32","slug":"o-que-fazer-ao-sentir-dores-no-peito-e-por-que-esse-sinal-nao-deve-ser-ignorado","status":"publish","type":"post","link":"https:\/\/www.correiobraziliense.com.br\/cbradar\/o-que-fazer-ao-sentir-dores-no-peito-e-por-que-esse-sinal-nao-deve-ser-ignorado\/","title":{"rendered":"O que fazer ao sentir dores no peito e por que esse sinal n\u00e3o deve ser ignorado?"},"content":{"rendered":"\n<p><strong>Sentir dor no peito costuma gerar medo imediato e n\u00e3o \u00e9 \u00e0 toa. <\/strong>O corpo usa essa regi\u00e3o para alertar sobre diferentes situa\u00e7\u00f5es, que v\u00e3o de tens\u00e3o emocional a quest\u00f5es f\u00edsicas mais s\u00e9rias. A psicologia e a medicina concordam em um ponto: entender o contexto da dor \u00e9 essencial para agir com equil\u00edbrio, sem p\u00e2nico, mas tamb\u00e9m sem neglig\u00eancia.<\/p>\n\n\n\n<h2 class=\"wp-block-heading\">Dor no peito sempre indica um problema grave?<\/h2>\n\n\n\n<p><strong>N\u00e3o, dor no peito nem sempre indica um problema grave<\/strong>, mas sempre merece aten\u00e7\u00e3o. Muitas dores nessa regi\u00e3o est\u00e3o ligadas a causas musculares, digestivas ou emocionais, como estresse e ansiedade.<\/p>\n\n\n\n<p>O problema \u00e9 que o peito abriga \u00f3rg\u00e3os vitais, como o cora\u00e7\u00e3o e os pulm\u00f5es. Por isso, o organismo utiliza essa \u00e1rea como um \u201csinal de alerta\u201d. Ignorar o sintoma pode atrasar a identifica\u00e7\u00e3o da causa real, mesmo quando ela n\u00e3o \u00e9 perigosa.<\/p>\n\n\n<div class=\"wp-block-image\">\n<figure class=\"aligncenter size-large\"><img decoding=\"async\" width=\"1024\" height=\"576\" src=\"https:\/\/www.correiobraziliense.com.br\/cbradar\/wp-content\/uploads\/2025\/03\/heartache_1741322826039-1024x576.jpg\" alt=\"O que fazer ao sentir dores no peito e por que esse sinal n\u00e3o deve ser ignorado?\" class=\"wp-image-10081\" srcset=\"https:\/\/www.correiobraziliense.com.br\/cbradar\/wp-content\/uploads\/2025\/03\/heartache_1741322826039-1024x576.jpg 1024w, https:\/\/www.correiobraziliense.com.br\/cbradar\/wp-content\/uploads\/2025\/03\/heartache_1741322826039-300x169.jpg 300w, https:\/\/www.correiobraziliense.com.br\/cbradar\/wp-content\/uploads\/2025\/03\/heartache_1741322826039-768x432.jpg 768w, https:\/\/www.correiobraziliense.com.br\/cbradar\/wp-content\/uploads\/2025\/03\/heartache_1741322826039-750x422.jpg 750w, https:\/\/www.correiobraziliense.com.br\/cbradar\/wp-content\/uploads\/2025\/03\/heartache_1741322826039-1140x641.jpg 1140w, https:\/\/www.correiobraziliense.com.br\/cbradar\/wp-content\/uploads\/2025\/03\/heartache_1741322826039.jpg 1280w\" sizes=\"(max-width: 1024px) 100vw, 1024px\" \/><figcaption class=\"wp-element-caption\"> Isso pode aumentar a frequ\u00eancia card\u00edaca, a respira\u00e7\u00e3o e a tens\u00e3o muscular, o que muitas vezes intensifica a sensa\u00e7\u00e3o de desconforto. \/\/ Cr\u00e9ditos: depositphotos.com \/ leungchopan<\/figcaption><\/figure><\/div>\n\n\n<h2 class=\"wp-block-heading\">Como o corpo reage quando surge a dor no peito?<\/h2>\n\n\n\n<p><strong>Quando a dor aparece, o corpo entra em estado de alerta<\/strong>, ativando o sistema nervoso. Isso pode aumentar a frequ\u00eancia card\u00edaca, a respira\u00e7\u00e3o e a tens\u00e3o muscular, o que muitas vezes intensifica a sensa\u00e7\u00e3o de desconforto.<\/p>\n\n\n\n<p>Em situa\u00e7\u00f5es de estresse emocional, esse processo \u00e9 ainda mais comum. A mente interpreta a dor como amea\u00e7a, o que pode gerar um ciclo: dor \u2192 medo \u2192 mais tens\u00e3o \u2192 mais dor. Entender esse mecanismo ajuda a n\u00e3o entrar em p\u00e2nico imediatamente.<\/p>\n\n\n\n<h2 class=\"wp-block-heading\">Dor no peito pode estar ligada \u00e0 ansiedade?<\/h2>\n\n\n\n<p><strong>Sim, a dor no peito pode estar diretamente ligada \u00e0 ansiedade<\/strong>, especialmente em momentos de tens\u00e3o acumulada ou crises emocionais. Nesses casos, a dor costuma vir acompanhada de aperto, respira\u00e7\u00e3o curta ou sensa\u00e7\u00e3o de peso, segundo estudos publicados pela <strong><a href=\"https:\/\/www.mayoclinic.org\/diseases-conditions\/panic-attacks\/symptoms-causes\/syc-20376021\" target=\"_blank\" rel=\"noreferrer noopener\">Mayo Clinic.<\/a><\/strong><\/p>\n\n\n\n<p>Antes de concluir qualquer coisa, \u00e9 importante observar o contexto onde a dor surge. Algumas situa\u00e7\u00f5es costumam estar associadas \u00e0 dor emocional:<\/p>\n\n\n\n<ul class=\"wp-block-list\">\n<li>Momentos de estresse intenso<\/li>\n\n\n\n<li>Situa\u00e7\u00f5es de medo ou sobrecarga<\/li>\n\n\n\n<li>Per\u00edodos prolongados de tens\u00e3o<\/li>\n<\/ul>\n\n\n\n<p>Isso n\u00e3o significa que a dor seja \u201cimagina\u00e7\u00e3o\u201d, mas que o corpo est\u00e1 reagindo ao estado emocional.<\/p>\n\n\n\n<p><strong>Aprenda a diferenciar sinais de alerta graves de dores tor\u00e1cicas causadas por ansiedade ou problemas musculares. <\/strong>O v\u00eddeo \u00e9 do canal <strong>Cardio DF \u2014 Cardiologia e sa\u00fade cardiovascular em Bras\u00edlia (DF)<\/strong>, apresentado pelo cardiologista<strong> Dr. Andr\u00e9 Wambier,<\/strong> e detalha as diversas causas de dor no peito, desde o infarto at\u00e9 refluxo e inflama\u00e7\u00f5es pulmonares:<\/p>\n\n\n\n<figure class=\"wp-block-embed aligncenter is-type-video is-provider-youtube wp-block-embed-youtube wp-embed-aspect-16-9 wp-has-aspect-ratio\"><div class=\"wp-block-embed__wrapper\">\n<div class=\"jeg_video_container jeg_video_content\"><iframe loading=\"lazy\" title=\"DOR NO PEITO: Sintoma s\u00e9rio? Causas de dor tor\u00e1cica al\u00e9m do ataque card\u00edaco\" width=\"500\" height=\"281\" src=\"https:\/\/www.youtube.com\/embed\/fa8NHzHbmC4?feature=oembed\" frameborder=\"0\" allow=\"accelerometer; autoplay; clipboard-write; encrypted-media; gyroscope; picture-in-picture; web-share\" referrerpolicy=\"strict-origin-when-cross-origin\" allowfullscreen><\/iframe><\/div>\n<\/div><\/figure>\n\n\n\n<h2 class=\"wp-block-heading\">O que fazer no momento em que a dor aparece?<\/h2>\n\n\n\n<p><strong>A primeira atitude \u00e9 interromper atividades e observar o pr\u00f3prio corpo<\/strong>, sem ignorar nem amplificar o sintoma. Sentar-se, respirar de forma lenta e prestar aten\u00e7\u00e3o \u00e0 intensidade e dura\u00e7\u00e3o da dor ajuda a entender melhor o sinal.<\/p>\n\n\n\n<p>Evitar esfor\u00e7o f\u00edsico e movimentos bruscos nesse momento \u00e9 essencial. Caso a dor diminua rapidamente e n\u00e3o volte, pode ter sido uma resposta pontual do organismo. Se persistir ou se repetir, a orienta\u00e7\u00e3o \u00e9 buscar avalia\u00e7\u00e3o profissional.<\/p>\n\n\n\n<p><strong>Leia tamb\u00e9m: <a href=\"https:\/\/www.correiobraziliense.com.br\/cbradar\/os-nomes-que-nao-existiam-ha-10-anos-mas-estao-se-tornando-cada-vez-mais-populares\/\" target=\"_blank\" rel=\"noreferrer noopener\">Os nomes que n\u00e3o existiam h\u00e1 10 anos mas est\u00e3o se tornando cada vez mais populares<\/a><\/strong>.<\/p>\n\n\n\n<h2 class=\"wp-block-heading\">Quando \u00e9 importante procurar ajuda m\u00e9dica?<\/h2>\n\n\n\n<p><strong>\u00c9 importante procurar ajuda m\u00e9dica sempre que a dor no peito for intensa, diferente do habitual ou recorrente<\/strong>. A avalia\u00e7\u00e3o profissional \u00e9 a \u00fanica forma segura de diferenciar causas emocionais, musculares ou org\u00e2nicas.<\/p>\n\n\n\n<p>Veja a tabela abaixo com um resumo de situa\u00e7\u00f5es e condutas recomendadas:<\/p>\n\n\n\n<figure class=\"wp-block-table\"><table class=\"has-fixed-layout\"><thead><tr><th>Situa\u00e7\u00e3o<\/th><th>Conduta indicada<\/th><\/tr><\/thead><tbody><tr><td>Dor leve e passageira<\/td><td>Observa\u00e7\u00e3o e repouso<\/td><\/tr><tr><td>Dor recorrente<\/td><td>Avalia\u00e7\u00e3o m\u00e9dica<\/td><\/tr><tr><td>Dor intensa ou em aperto<\/td><td>Atendimento imediato<\/td><\/tr><tr><td>Dor + outros sintomas<\/td><td>Procura urgente por ajuda<\/td><\/tr><\/tbody><\/table><\/figure>\n\n\n\n<p>Essa an\u00e1lise n\u00e3o deve ser feita apenas com base em suposi\u00e7\u00f5es. O corpo pede aten\u00e7\u00e3o, n\u00e3o julgamento.<\/p>\n\n\n<div class=\"wp-block-image\">\n<figure class=\"aligncenter size-large\"><img decoding=\"async\" width=\"1024\" height=\"576\" src=\"https:\/\/www.correiobraziliense.com.br\/cbradar\/wp-content\/uploads\/2025\/06\/heart-ache_1749438204289-1024x576.jpg\" alt=\"O que fazer ao sentir dores no peito e por que esse sinal n\u00e3o deve ser ignorado?\" class=\"wp-image-50213\" srcset=\"https:\/\/www.correiobraziliense.com.br\/cbradar\/wp-content\/uploads\/2025\/06\/heart-ache_1749438204289-1024x576.jpg 1024w, https:\/\/www.correiobraziliense.com.br\/cbradar\/wp-content\/uploads\/2025\/06\/heart-ache_1749438204289-300x169.jpg 300w, https:\/\/www.correiobraziliense.com.br\/cbradar\/wp-content\/uploads\/2025\/06\/heart-ache_1749438204289-768x432.jpg 768w, https:\/\/www.correiobraziliense.com.br\/cbradar\/wp-content\/uploads\/2025\/06\/heart-ache_1749438204289-750x422.jpg 750w, https:\/\/www.correiobraziliense.com.br\/cbradar\/wp-content\/uploads\/2025\/06\/heart-ache_1749438204289-1140x641.jpg 1140w, https:\/\/www.correiobraziliense.com.br\/cbradar\/wp-content\/uploads\/2025\/06\/heart-ache_1749438204289.jpg 1280w\" sizes=\"(max-width: 1024px) 100vw, 1024px\" \/><figcaption class=\"wp-element-caption\">No fim, sentir dor no peito n\u00e3o significa entrar em p\u00e2nico, mas tamb\u00e9m nunca deve ser tratado como algo normal.  \/\/ Cr\u00e9ditos: depositphotos.com \/ Milkos<\/figcaption><\/figure><\/div>\n\n\n<h2 class=\"wp-block-heading\">Por que ouvir o corpo faz diferen\u00e7a?<\/h2>\n\n\n\n<p><strong>Ouvir o corpo \u00e9 uma forma de autocuidado e preven\u00e7\u00e3o<\/strong>, n\u00e3o de medo. A dor no peito \u00e9 um aviso de que algo \u2014 f\u00edsico ou emocional \u2014 precisa ser observado com mais cuidado.<\/p>\n\n\n\n<p>Ignorar sinais repetidos pode levar a agravamentos desnecess\u00e1rios, enquanto prestar aten\u00e7\u00e3o permite agir cedo, ajustar h\u00e1bitos e reduzir riscos. Em muitos casos, a dor \u00e9 um pedido de pausa, mudan\u00e7a de ritmo ou aten\u00e7\u00e3o \u00e0 sa\u00fade emocional.<\/p>\n\n\n\n<p>No fim, <strong>sentir dor no peito n\u00e3o significa entrar em p\u00e2nico, mas tamb\u00e9m nunca deve ser tratado como algo normal<\/strong>. O equil\u00edbrio est\u00e1 em escutar o corpo com responsabilidade, buscar orienta\u00e7\u00e3o quando necess\u00e1rio e lembrar que preven\u00e7\u00e3o \u00e9 sempre o melhor caminho.<\/p>\n","protected":false},"excerpt":{"rendered":"<p>Sentir dor no peito costuma gerar medo imediato e n\u00e3o \u00e9 \u00e0 toa. O corpo usa essa regi\u00e3o para alertar sobre diferentes situa\u00e7\u00f5es, que v\u00e3o de tens\u00e3o emocional a quest\u00f5es f\u00edsicas mais s\u00e9rias. A psicologia e a medicina concordam em um ponto: entender o contexto da dor \u00e9 essencial para agir com equil\u00edbrio, sem p\u00e2nico, [&hellip;]<\/p>\n","protected":false},"author":8,"featured_media":25664,"comment_status":"open","ping_status":"open","sticky":false,"template":"","format":"standard","meta":{"_yoast_wpseo_focuskw":"dores no peito","_yoast_wpseo_title":"","_yoast_wpseo_metadesc":"Nem toda dor no peito \u00e9 igual, mas todas merecem cuidado. Entenda por que esse sintoma \u00e9 um dos mais importantes sinais do corpo.","jnews-multi-image_gallery":[],"jnews_single_post":{"format":"standard"},"jnews_primary_category":[],"jnews_social_meta":[],"jnews_override_counter":[],"footnotes":""},"categories":[112],"post_tag":[3559,9193],"class_list":["post-177378","post","type-post","status-publish","format-standard","has-post-thumbnail","hentry","category-curiosidades","tag-corpo-humano","tag-dor-no-peito"],"yoast_head":"<!-- This site is optimized with the Yoast SEO plugin v24.6 - https:\/\/yoast.com\/wordpress\/plugins\/seo\/ -->\n<title>O que fazer ao sentir dores no peito e por que esse sinal n\u00e3o deve ser ignorado? - Correio Braziliense - Radar<\/title>\n<meta name=\"description\" content=\"Nem toda dor no peito \u00e9 igual, mas todas merecem cuidado. Entenda por que esse sintoma \u00e9 um dos mais importantes sinais do corpo.\" \/>\n<meta name=\"robots\" content=\"index, follow, max-snippet:-1, max-image-preview:large, max-video-preview:-1\" \/>\n<link rel=\"canonical\" href=\"https:\/\/www.correiobraziliense.com.br\/cbradar\/o-que-fazer-ao-sentir-dores-no-peito-e-por-que-esse-sinal-nao-deve-ser-ignorado\/\" \/>\n<meta property=\"og:locale\" content=\"pt_BR\" \/>\n<meta property=\"og:type\" content=\"article\" \/>\n<meta property=\"og:title\" content=\"O que fazer ao sentir dores no peito e por que esse sinal n\u00e3o deve ser ignorado? - Correio Braziliense - Radar\" \/>\n<meta property=\"og:description\" content=\"Nem toda dor no peito \u00e9 igual, mas todas merecem cuidado. Entenda por que esse sintoma \u00e9 um dos mais importantes sinais do corpo.\" \/>\n<meta property=\"og:url\" content=\"https:\/\/www.correiobraziliense.com.br\/cbradar\/o-que-fazer-ao-sentir-dores-no-peito-e-por-que-esse-sinal-nao-deve-ser-ignorado\/\" \/>\n<meta property=\"og:site_name\" content=\"Correio Braziliense - Radar\" \/>\n<meta property=\"article:published_time\" content=\"2026-01-19T14:25:00+00:00\" \/>\n<meta property=\"og:image\" content=\"https:\/\/www.correiobraziliense.com.br\/cbradar\/wp-content\/uploads\/2025\/04\/pain_1745016278078.jpg\" \/>\n\t<meta property=\"og:image:width\" content=\"1280\" \/>\n\t<meta property=\"og:image:height\" content=\"720\" \/>\n\t<meta property=\"og:image:type\" content=\"image\/jpeg\" \/>\n<meta name=\"author\" content=\"Maura Pereira\" \/>\n<meta name=\"twitter:card\" content=\"summary_large_image\" \/>\n<meta name=\"twitter:label1\" content=\"Escrito por\" \/>\n\t<meta name=\"twitter:data1\" content=\"Maura Pereira\" \/>\n\t<meta name=\"twitter:label2\" content=\"Est. tempo de leitura\" \/>\n\t<meta name=\"twitter:data2\" content=\"5 minutos\" \/>\n<!-- \/ Yoast SEO plugin. -->","yoast_head_json":{"title":"O que fazer ao sentir dores no peito e por que esse sinal n\u00e3o deve ser ignorado? - Correio Braziliense - Radar","description":"Nem toda dor no peito \u00e9 igual, mas todas merecem cuidado. Entenda por que esse sintoma \u00e9 um dos mais importantes sinais do corpo.","robots":{"index":"index","follow":"follow","max-snippet":"max-snippet:-1","max-image-preview":"max-image-preview:large","max-video-preview":"max-video-preview:-1"},"canonical":"https:\/\/www.correiobraziliense.com.br\/cbradar\/o-que-fazer-ao-sentir-dores-no-peito-e-por-que-esse-sinal-nao-deve-ser-ignorado\/","og_locale":"pt_BR","og_type":"article","og_title":"O que fazer ao sentir dores no peito e por que esse sinal n\u00e3o deve ser ignorado? - Correio Braziliense - Radar","og_description":"Nem toda dor no peito \u00e9 igual, mas todas merecem cuidado. Entenda por que esse sintoma \u00e9 um dos mais importantes sinais do corpo.","og_url":"https:\/\/www.correiobraziliense.com.br\/cbradar\/o-que-fazer-ao-sentir-dores-no-peito-e-por-que-esse-sinal-nao-deve-ser-ignorado\/","og_site_name":"Correio Braziliense - Radar","article_published_time":"2026-01-19T14:25:00+00:00","og_image":[{"width":1280,"height":720,"url":"https:\/\/www.correiobraziliense.com.br\/cbradar\/wp-content\/uploads\/2025\/04\/pain_1745016278078.jpg","type":"image\/jpeg"}],"author":"Maura Pereira","twitter_card":"summary_large_image","twitter_misc":{"Escrito por":"Maura Pereira","Est. tempo de leitura":"5 minutos"},"schema":{"@context":"https:\/\/schema.org","@graph":[{"@type":"WebPage","@id":"https:\/\/www.correiobraziliense.com.br\/cbradar\/o-que-fazer-ao-sentir-dores-no-peito-e-por-que-esse-sinal-nao-deve-ser-ignorado\/","url":"https:\/\/www.correiobraziliense.com.br\/cbradar\/o-que-fazer-ao-sentir-dores-no-peito-e-por-que-esse-sinal-nao-deve-ser-ignorado\/","name":"O que fazer ao sentir dores no peito e por que esse sinal n\u00e3o deve ser ignorado? - Correio Braziliense - Radar","isPartOf":{"@id":"https:\/\/www.correiobraziliense.com.br\/cbradar\/#website"},"primaryImageOfPage":{"@id":"https:\/\/www.correiobraziliense.com.br\/cbradar\/o-que-fazer-ao-sentir-dores-no-peito-e-por-que-esse-sinal-nao-deve-ser-ignorado\/#primaryimage"},"image":{"@id":"https:\/\/www.correiobraziliense.com.br\/cbradar\/o-que-fazer-ao-sentir-dores-no-peito-e-por-que-esse-sinal-nao-deve-ser-ignorado\/#primaryimage"},"thumbnailUrl":"https:\/\/www.correiobraziliense.com.br\/cbradar\/wp-content\/uploads\/2025\/04\/pain_1745016278078.jpg","datePublished":"2026-01-19T14:25:00+00:00","author":{"@id":"https:\/\/www.correiobraziliense.com.br\/cbradar\/#\/schema\/person\/4053c651a9bfc785afc6f4cbc9032fd3"},"description":"Nem toda dor no peito \u00e9 igual, mas todas merecem cuidado. Entenda por que esse sintoma \u00e9 um dos mais importantes sinais do corpo.","breadcrumb":{"@id":"https:\/\/www.correiobraziliense.com.br\/cbradar\/o-que-fazer-ao-sentir-dores-no-peito-e-por-que-esse-sinal-nao-deve-ser-ignorado\/#breadcrumb"},"inLanguage":"pt-BR","potentialAction":[{"@type":"ReadAction","target":["https:\/\/www.correiobraziliense.com.br\/cbradar\/o-que-fazer-ao-sentir-dores-no-peito-e-por-que-esse-sinal-nao-deve-ser-ignorado\/"]}]},{"@type":"ImageObject","inLanguage":"pt-BR","@id":"https:\/\/www.correiobraziliense.com.br\/cbradar\/o-que-fazer-ao-sentir-dores-no-peito-e-por-que-esse-sinal-nao-deve-ser-ignorado\/#primaryimage","url":"https:\/\/www.correiobraziliense.com.br\/cbradar\/wp-content\/uploads\/2025\/04\/pain_1745016278078.jpg","contentUrl":"https:\/\/www.correiobraziliense.com.br\/cbradar\/wp-content\/uploads\/2025\/04\/pain_1745016278078.jpg","width":1280,"height":720,"caption":"A primeira atitude \u00e9 interromper atividades e observar o pr\u00f3prio corpo, sem ignorar nem amplificar o sintoma. \/\/ Cr\u00e9ditos: depositphotos.com \/ ArturVerkhovetskiy"},{"@type":"BreadcrumbList","@id":"https:\/\/www.correiobraziliense.com.br\/cbradar\/o-que-fazer-ao-sentir-dores-no-peito-e-por-que-esse-sinal-nao-deve-ser-ignorado\/#breadcrumb","itemListElement":[{"@type":"ListItem","position":1,"name":"In\u00edcio","item":"https:\/\/www.correiobraziliense.com.br\/cbradar\/"},{"@type":"ListItem","position":2,"name":"O que fazer ao sentir dores no peito e por que esse sinal n\u00e3o deve ser ignorado?"}]},{"@type":"WebSite","@id":"https:\/\/www.correiobraziliense.com.br\/cbradar\/#website","url":"https:\/\/www.correiobraziliense.com.br\/cbradar\/","name":"Correio Braziliense - Radar","description":"Acompanhe as \u00faltimas not\u00edcias e fique bem informado sobre tudo o que acontece no Brasil e no mundo.","potentialAction":[{"@type":"SearchAction","target":{"@type":"EntryPoint","urlTemplate":"https:\/\/www.correiobraziliense.com.br\/cbradar\/?s={search_term_string}"},"query-input":{"@type":"PropertyValueSpecification","valueRequired":true,"valueName":"search_term_string"}}],"inLanguage":"pt-BR"},{"@type":"Person","@id":"https:\/\/www.correiobraziliense.com.br\/cbradar\/#\/schema\/person\/4053c651a9bfc785afc6f4cbc9032fd3","name":"Maura Pereira","image":{"@type":"ImageObject","inLanguage":"pt-BR","@id":"https:\/\/www.correiobraziliense.com.br\/cbradar\/#\/schema\/person\/image\/","url":"https:\/\/secure.gravatar.com\/avatar\/3effd6bdadfa447f15089c7f7144eaa6?s=96&d=mm&r=g","contentUrl":"https:\/\/secure.gravatar.com\/avatar\/3effd6bdadfa447f15089c7f7144eaa6?s=96&d=mm&r=g","caption":"Maura Pereira"},"sameAs":["https:\/\/www.correiobraziliense.com.br\/"],"url":"https:\/\/www.correiobraziliense.com.br\/cbradar\/author\/mauramyth\/"}]}},"_links":{"self":[{"href":"https:\/\/www.correiobraziliense.com.br\/cbradar\/wp-json\/wp\/v2\/posts\/177378","targetHints":{"allow":["GET"]}}],"collection":[{"href":"https:\/\/www.correiobraziliense.com.br\/cbradar\/wp-json\/wp\/v2\/posts"}],"about":[{"href":"https:\/\/www.correiobraziliense.com.br\/cbradar\/wp-json\/wp\/v2\/types\/post"}],"author":[{"embeddable":true,"href":"https:\/\/www.correiobraziliense.com.br\/cbradar\/wp-json\/wp\/v2\/users\/8"}],"replies":[{"embeddable":true,"href":"https:\/\/www.correiobraziliense.com.br\/cbradar\/wp-json\/wp\/v2\/comments?post=177378"}],"version-history":[{"count":13,"href":"https:\/\/www.correiobraziliense.com.br\/cbradar\/wp-json\/wp\/v2\/posts\/177378\/revisions"}],"predecessor-version":[{"id":177396,"href":"https:\/\/www.correiobraziliense.com.br\/cbradar\/wp-json\/wp\/v2\/posts\/177378\/revisions\/177396"}],"wp:featuredmedia":[{"embeddable":true,"href":"https:\/\/www.correiobraziliense.com.br\/cbradar\/wp-json\/wp\/v2\/media\/25664"}],"wp:attachment":[{"href":"https:\/\/www.correiobraziliense.com.br\/cbradar\/wp-json\/wp\/v2\/media?parent=177378"}],"wp:term":[{"taxonomy":"category","embeddable":true,"href":"https:\/\/www.correiobraziliense.com.br\/cbradar\/wp-json\/wp\/v2\/categories?post=177378"},{"taxonomy":"post_tag","embeddable":true,"href":"https:\/\/www.correiobraziliense.com.br\/cbradar\/wp-json\/wp\/v2\/post_tag?post=177378"}],"curies":[{"name":"wp","href":"https:\/\/api.w.org\/{rel}","templated":true}]}}