{"id":17751,"date":"2025-04-02T16:10:00","date_gmt":"2025-04-02T19:10:00","guid":{"rendered":"https:\/\/www.correiobraziliense.com.br\/cbradar\/?p=17751"},"modified":"2025-04-01T17:05:21","modified_gmt":"2025-04-01T20:05:21","slug":"esses-sao-os-sinais-de-que-esta-na-hora-de-trocar-o-capacete-da-moto","status":"publish","type":"post","link":"https:\/\/www.correiobraziliense.com.br\/cbradar\/esses-sao-os-sinais-de-que-esta-na-hora-de-trocar-o-capacete-da-moto\/","title":{"rendered":"Esses s\u00e3o os sinais de que est\u00e1 na hora de trocar o capacete da moto"},"content":{"rendered":"\n<p>O capacete \u00e9 um equipamento essencial para a seguran\u00e7a de quem pilota motocicletas. Ele protege a cabe\u00e7a em caso de acidentes, minimizando o risco de les\u00f5es graves. No entanto, muitos motociclistas n\u00e3o d\u00e3o a devida aten\u00e7\u00e3o \u00e0 necessidade de trocar o capacete regularmente, o que pode comprometer sua efic\u00e1cia. Um capacete desgastado ou danificado n\u00e3o oferece a prote\u00e7\u00e3o necess\u00e1ria, colocando em risco a vida do piloto.<\/p>\n\n\n\n<p>Escolher um capacete adequado e que atenda \u00e0s normas de seguran\u00e7a \u00e9 crucial. Al\u00e9m disso, \u00e9 importante verificar se o capacete possui o selo do INMETRO, que garante a qualidade do produto. A seguir, ser\u00e3o apresentados alguns sinais que indicam a hora de substituir o capacete, garantindo assim a seguran\u00e7a do motociclista.<\/p>\n\n\n\n<h2 class=\"wp-block-heading\"><strong>Quando \u00e9 hora de trocar o capacete de moto?<\/strong><\/h2>\n\n\n\n<p>Existem diversos fatores que podem indicar a necessidade de trocar o capacete de moto. Identificar esses sinais a tempo pode fazer a diferen\u00e7a entre um acidente sem consequ\u00eancias e um grave incidente. A seguir, s\u00e3o apresentados seis sinais que indicam que est\u00e1 na hora de adquirir um novo capacete.<\/p>\n\n\n\n<figure class=\"wp-block-image size-full\"><img decoding=\"async\" width=\"1280\" height=\"720\" src=\"https:\/\/www.correiobraziliense.com.br\/cbradar\/wp-content\/uploads\/2025\/04\/capacete-de-moto_1743511492438.jpg\" alt=\"Esses s\u00e3o os sinais de que est\u00e1 na hora de trocar o capacete da moto\" class=\"wp-image-17758\" srcset=\"https:\/\/www.correiobraziliense.com.br\/cbradar\/wp-content\/uploads\/2025\/04\/capacete-de-moto_1743511492438.jpg 1280w, https:\/\/www.correiobraziliense.com.br\/cbradar\/wp-content\/uploads\/2025\/04\/capacete-de-moto_1743511492438-300x169.jpg 300w, https:\/\/www.correiobraziliense.com.br\/cbradar\/wp-content\/uploads\/2025\/04\/capacete-de-moto_1743511492438-1024x576.jpg 1024w, https:\/\/www.correiobraziliense.com.br\/cbradar\/wp-content\/uploads\/2025\/04\/capacete-de-moto_1743511492438-768x432.jpg 768w, https:\/\/www.correiobraziliense.com.br\/cbradar\/wp-content\/uploads\/2025\/04\/capacete-de-moto_1743511492438-750x422.jpg 750w, https:\/\/www.correiobraziliense.com.br\/cbradar\/wp-content\/uploads\/2025\/04\/capacete-de-moto_1743511492438-1140x641.jpg 1140w\" sizes=\"(max-width: 1280px) 100vw, 1280px\" \/><figcaption class=\"wp-element-caption\">capacete de moto.Cr\u00e9ditos: depositphotos.com \/ EdZbarzhyvetsky<\/figcaption><\/figure>\n\n\n\n<h2 class=\"wp-block-heading\"><strong>1. Impacto forte no capacete<\/strong><\/h2>\n\n\n\n<p>Um dos principais motivos para substituir o capacete \u00e9 se ele sofreu um impacto significativo. Mesmo que n\u00e3o haja danos vis\u00edveis, a estrutura interna pode estar comprometida. Muitos capacetes s\u00e3o projetados para absorver impactos apenas uma vez, portanto, ap\u00f3s um acidente, \u00e9 essencial troc\u00e1-lo para garantir a seguran\u00e7a.<\/p>\n\n\n\n<h2 class=\"wp-block-heading\"><strong>2. Desgaste na espuma interna<\/strong><\/h2>\n\n\n\n<p>A espuma interna do capacete \u00e9 respons\u00e1vel por amortecer impactos e proporcionar conforto. Com o tempo, esse material pode se deformar ou perder sua densidade. Se o revestimento interno estiver desgastado ou n\u00e3o ajustar mais corretamente \u00e0 cabe\u00e7a, \u00e9 um forte indicativo de que est\u00e1 na hora de trocar o capacete.<\/p>\n\n\n\n<h2 class=\"wp-block-heading\"><strong>3. Danos na carapa\u00e7a externa<\/strong><\/h2>\n\n\n\n<p>A carapa\u00e7a externa \u00e9 a primeira linha de defesa contra impactos. Rachaduras, arranh\u00f5es profundos ou deforma\u00e7\u00f5es indicam que a integridade estrutural do capacete est\u00e1 comprometida. Um capacete danificado n\u00e3o oferece a mesma prote\u00e7\u00e3o e deve ser substitu\u00eddo imediatamente.<\/p>\n\n\n\n<h2 class=\"wp-block-heading\"><strong>4. Capacete ultrapassado<\/strong><\/h2>\n\n\n\n<p>Os capacetes t\u00eam um prazo de validade, mesmo que n\u00e3o conste oficialmente. A maioria dos fabricantes recomenda a troca a cada cinco anos devido \u00e0 degrada\u00e7\u00e3o dos materiais, principalmente pela exposi\u00e7\u00e3o ao sol e umidade. Um capacete \u201cvencido\u201d pode n\u00e3o resistir a um impacto como esperado.<\/p>\n\n\n\n<h2 class=\"wp-block-heading\"><strong>5. Ajuste inadequado<\/strong><\/h2>\n\n\n\n<p>Um capacete seguro deve ficar firme na cabe\u00e7a. Se o capacete est\u00e1 folgado ou causando desconforto, pode ser um sinal de desgaste da espuma interna ou mudan\u00e7as no peso do usu\u00e1rio. Um capacete mal ajustado \u00e9 perigoso, pois pode se soltar em uma colis\u00e3o.<\/p>\n\n\n\n<h2 class=\"wp-block-heading\"><strong>6. Cheiro forte ou mofo<\/strong><\/h2>\n\n\n\n<p>Capacetes guardados em locais \u00famidos ou n\u00e3o higienizados podem acumular mofo e bact\u00e9rias. Se o odor persistir mesmo ap\u00f3s a limpeza, \u00e9 sinal de que os materiais est\u00e3o deteriorados. Nesse caso, a melhor op\u00e7\u00e3o \u00e9 investir em um capacete novo.<\/p>\n\n\n\n<h2 class=\"wp-block-heading\"><strong>\u00c9 poss\u00edvel trocar a viseira do capacete?<\/strong><\/h2>\n\n\n\n<p>Sim, a maioria dos capacetes permite a substitui\u00e7\u00e3o da viseira. Essa troca pode ser feita de forma relativamente simples, seguindo as instru\u00e7\u00f5es do fabricante. A viseira \u00e9 uma parte importante do capacete, pois protege os olhos do piloto de detritos e condi\u00e7\u00f5es clim\u00e1ticas adversas.<\/p>\n\n\n\n<h2 class=\"wp-block-heading\"><strong>Capacete de moto tem validade?<\/strong><\/h2>\n\n\n\n<p>Embora n\u00e3o haja um prazo de validade oficial, fabricantes e especialistas recomendam a troca do capacete a cada 3 a 5 anos. Isso se deve ao desgaste natural dos materiais, que pode comprometer a efic\u00e1cia do capacete em proteger o usu\u00e1rio.<\/p>\n\n\n\n<p>Investir em um capacete de qualidade e fazer a substitui\u00e7\u00e3o sempre que necess\u00e1rio \u00e9 essencial para garantir a seguran\u00e7a do motociclista. A escolha de um modelo com certifica\u00e7\u00e3o de seguran\u00e7a, como o selo INMETRO no <strong>Brasil<\/strong>, \u00e9 fundamental para assegurar a prote\u00e7\u00e3o adequada em caso de acidentes.<\/p>\n","protected":false},"excerpt":{"rendered":"<p>Guia completo sobre a import\u00e2ncia da troca regular do capacete de moto, com dicas de seguran\u00e7a e sinais de desgaste.<\/p>\n","protected":false},"author":3,"featured_media":17762,"comment_status":"open","ping_status":"open","sticky":false,"template":"","format":"standard","meta":{"_yoast_wpseo_focuskw":"capacete de moto","_yoast_wpseo_title":"%%title%%","_yoast_wpseo_metadesc":"Guia completo sobre a import\u00e2ncia da troca regular do capacete de moto, com dicas de seguran\u00e7a e sinais de desgaste.","jnews-multi-image_gallery":[],"jnews_single_post":{"format":"standard"},"jnews_primary_category":[],"jnews_social_meta":[],"jnews_override_counter":[],"footnotes":""},"categories":[112],"tags":[2693,540],"class_list":["post-17751","post","type-post","status-publish","format-standard","has-post-thumbnail","hentry","category-curiosidades","tag-capacete","tag-moto"],"yoast_head":"<!-- This site is optimized with the Yoast SEO plugin v24.6 - https:\/\/yoast.com\/wordpress\/plugins\/seo\/ -->\n<title>Esses s\u00e3o os sinais de que est\u00e1 na hora de trocar o capacete da moto<\/title>\n<meta name=\"description\" content=\"Guia completo sobre a import\u00e2ncia da troca regular do capacete de moto, com dicas de seguran\u00e7a e sinais de desgaste.\" \/>\n<meta name=\"robots\" content=\"index, follow, max-snippet:-1, max-image-preview:large, max-video-preview:-1\" \/>\n<link rel=\"canonical\" href=\"https:\/\/www.correiobraziliense.com.br\/cbradar\/esses-sao-os-sinais-de-que-esta-na-hora-de-trocar-o-capacete-da-moto\/\" \/>\n<meta property=\"og:locale\" content=\"pt_BR\" \/>\n<meta property=\"og:type\" content=\"article\" \/>\n<meta property=\"og:title\" content=\"Esses s\u00e3o os sinais de que est\u00e1 na hora de trocar o capacete da moto\" \/>\n<meta property=\"og:description\" content=\"Guia completo sobre a import\u00e2ncia da troca regular do capacete de moto, com dicas de seguran\u00e7a e sinais de desgaste.\" \/>\n<meta property=\"og:url\" content=\"https:\/\/www.correiobraziliense.com.br\/cbradar\/esses-sao-os-sinais-de-que-esta-na-hora-de-trocar-o-capacete-da-moto\/\" \/>\n<meta property=\"og:site_name\" content=\"Correio Braziliense - Radar\" \/>\n<meta property=\"article:published_time\" content=\"2025-04-02T19:10:00+00:00\" \/>\n<meta property=\"og:image\" content=\"https:\/\/www.correiobraziliense.com.br\/cbradar\/wp-content\/uploads\/2025\/04\/capacete-de-moto_1743511558374.jpg\" \/>\n\t<meta property=\"og:image:width\" content=\"1280\" \/>\n\t<meta property=\"og:image:height\" content=\"720\" \/>\n\t<meta property=\"og:image:type\" content=\"image\/jpeg\" \/>\n<meta name=\"author\" content=\"Larissa Carvalho\" \/>\n<meta name=\"twitter:card\" content=\"summary_large_image\" \/>\n<meta name=\"twitter:label1\" content=\"Escrito por\" \/>\n\t<meta name=\"twitter:data1\" content=\"Larissa Carvalho\" \/>\n\t<meta name=\"twitter:label2\" content=\"Est. tempo de leitura\" \/>\n\t<meta name=\"twitter:data2\" content=\"4 minutos\" \/>\n<!-- \/ Yoast SEO plugin. -->","yoast_head_json":{"title":"Esses s\u00e3o os sinais de que est\u00e1 na hora de trocar o capacete da moto","description":"Guia completo sobre a import\u00e2ncia da troca regular do capacete de moto, com dicas de seguran\u00e7a e sinais de desgaste.","robots":{"index":"index","follow":"follow","max-snippet":"max-snippet:-1","max-image-preview":"max-image-preview:large","max-video-preview":"max-video-preview:-1"},"canonical":"https:\/\/www.correiobraziliense.com.br\/cbradar\/esses-sao-os-sinais-de-que-esta-na-hora-de-trocar-o-capacete-da-moto\/","og_locale":"pt_BR","og_type":"article","og_title":"Esses s\u00e3o os sinais de que est\u00e1 na hora de trocar o capacete da moto","og_description":"Guia completo sobre a import\u00e2ncia da troca regular do capacete de moto, com dicas de seguran\u00e7a e sinais de desgaste.","og_url":"https:\/\/www.correiobraziliense.com.br\/cbradar\/esses-sao-os-sinais-de-que-esta-na-hora-de-trocar-o-capacete-da-moto\/","og_site_name":"Correio Braziliense - Radar","article_published_time":"2025-04-02T19:10:00+00:00","og_image":[{"width":1280,"height":720,"url":"https:\/\/www.correiobraziliense.com.br\/cbradar\/wp-content\/uploads\/2025\/04\/capacete-de-moto_1743511558374.jpg","type":"image\/jpeg"}],"author":"Larissa Carvalho","twitter_card":"summary_large_image","twitter_misc":{"Escrito por":"Larissa Carvalho","Est. tempo de leitura":"4 minutos"},"schema":{"@context":"https:\/\/schema.org","@graph":[{"@type":"WebPage","@id":"https:\/\/www.correiobraziliense.com.br\/cbradar\/esses-sao-os-sinais-de-que-esta-na-hora-de-trocar-o-capacete-da-moto\/","url":"https:\/\/www.correiobraziliense.com.br\/cbradar\/esses-sao-os-sinais-de-que-esta-na-hora-de-trocar-o-capacete-da-moto\/","name":"Esses s\u00e3o os sinais de que est\u00e1 na hora de trocar o capacete da moto","isPartOf":{"@id":"https:\/\/www.correiobraziliense.com.br\/cbradar\/#website"},"primaryImageOfPage":{"@id":"https:\/\/www.correiobraziliense.com.br\/cbradar\/esses-sao-os-sinais-de-que-esta-na-hora-de-trocar-o-capacete-da-moto\/#primaryimage"},"image":{"@id":"https:\/\/www.correiobraziliense.com.br\/cbradar\/esses-sao-os-sinais-de-que-esta-na-hora-de-trocar-o-capacete-da-moto\/#primaryimage"},"thumbnailUrl":"https:\/\/www.correiobraziliense.com.br\/cbradar\/wp-content\/uploads\/2025\/04\/capacete-de-moto_1743511558374.jpg","datePublished":"2025-04-02T19:10:00+00:00","author":{"@id":"https:\/\/www.correiobraziliense.com.br\/cbradar\/#\/schema\/person\/58422787644df994b53a19d3e56c1513"},"description":"Guia completo sobre a import\u00e2ncia da troca regular do capacete de moto, com dicas de seguran\u00e7a e sinais de desgaste.","breadcrumb":{"@id":"https:\/\/www.correiobraziliense.com.br\/cbradar\/esses-sao-os-sinais-de-que-esta-na-hora-de-trocar-o-capacete-da-moto\/#breadcrumb"},"inLanguage":"pt-BR","potentialAction":[{"@type":"ReadAction","target":["https:\/\/www.correiobraziliense.com.br\/cbradar\/esses-sao-os-sinais-de-que-esta-na-hora-de-trocar-o-capacete-da-moto\/"]}]},{"@type":"ImageObject","inLanguage":"pt-BR","@id":"https:\/\/www.correiobraziliense.com.br\/cbradar\/esses-sao-os-sinais-de-que-esta-na-hora-de-trocar-o-capacete-da-moto\/#primaryimage","url":"https:\/\/www.correiobraziliense.com.br\/cbradar\/wp-content\/uploads\/2025\/04\/capacete-de-moto_1743511558374.jpg","contentUrl":"https:\/\/www.correiobraziliense.com.br\/cbradar\/wp-content\/uploads\/2025\/04\/capacete-de-moto_1743511558374.jpg","width":1280,"height":720,"caption":"capacete de moto.Cr\u00e9ditos: depositphotos.com \/ ArturVerkhovetskiy"},{"@type":"BreadcrumbList","@id":"https:\/\/www.correiobraziliense.com.br\/cbradar\/esses-sao-os-sinais-de-que-esta-na-hora-de-trocar-o-capacete-da-moto\/#breadcrumb","itemListElement":[{"@type":"ListItem","position":1,"name":"In\u00edcio","item":"https:\/\/www.correiobraziliense.com.br\/cbradar\/"},{"@type":"ListItem","position":2,"name":"Esses s\u00e3o os sinais de que est\u00e1 na hora de trocar o capacete da moto"}]},{"@type":"WebSite","@id":"https:\/\/www.correiobraziliense.com.br\/cbradar\/#website","url":"https:\/\/www.correiobraziliense.com.br\/cbradar\/","name":"Correio Braziliense - Radar","description":"Acompanhe as \u00faltimas not\u00edcias e fique bem informado sobre tudo o que acontece no Brasil e no mundo.","potentialAction":[{"@type":"SearchAction","target":{"@type":"EntryPoint","urlTemplate":"https:\/\/www.correiobraziliense.com.br\/cbradar\/?s={search_term_string}"},"query-input":{"@type":"PropertyValueSpecification","valueRequired":true,"valueName":"search_term_string"}}],"inLanguage":"pt-BR"},{"@type":"Person","@id":"https:\/\/www.correiobraziliense.com.br\/cbradar\/#\/schema\/person\/58422787644df994b53a19d3e56c1513","name":"Larissa Carvalho","image":{"@type":"ImageObject","inLanguage":"pt-BR","@id":"https:\/\/www.correiobraziliense.com.br\/cbradar\/#\/schema\/person\/image\/","url":"https:\/\/secure.gravatar.com\/avatar\/fe4f91a0de32b52a838d0d612abdc1aa?s=96&d=mm&r=g","contentUrl":"https:\/\/secure.gravatar.com\/avatar\/fe4f91a0de32b52a838d0d612abdc1aa?s=96&d=mm&r=g","caption":"Larissa Carvalho"},"url":"https:\/\/www.correiobraziliense.com.br\/cbradar\/author\/larissamyth\/"}]}},"_links":{"self":[{"href":"https:\/\/www.correiobraziliense.com.br\/cbradar\/wp-json\/wp\/v2\/posts\/17751","targetHints":{"allow":["GET"]}}],"collection":[{"href":"https:\/\/www.correiobraziliense.com.br\/cbradar\/wp-json\/wp\/v2\/posts"}],"about":[{"href":"https:\/\/www.correiobraziliense.com.br\/cbradar\/wp-json\/wp\/v2\/types\/post"}],"author":[{"embeddable":true,"href":"https:\/\/www.correiobraziliense.com.br\/cbradar\/wp-json\/wp\/v2\/users\/3"}],"replies":[{"embeddable":true,"href":"https:\/\/www.correiobraziliense.com.br\/cbradar\/wp-json\/wp\/v2\/comments?post=17751"}],"version-history":[{"count":2,"href":"https:\/\/www.correiobraziliense.com.br\/cbradar\/wp-json\/wp\/v2\/posts\/17751\/revisions"}],"predecessor-version":[{"id":17930,"href":"https:\/\/www.correiobraziliense.com.br\/cbradar\/wp-json\/wp\/v2\/posts\/17751\/revisions\/17930"}],"wp:featuredmedia":[{"embeddable":true,"href":"https:\/\/www.correiobraziliense.com.br\/cbradar\/wp-json\/wp\/v2\/media\/17762"}],"wp:attachment":[{"href":"https:\/\/www.correiobraziliense.com.br\/cbradar\/wp-json\/wp\/v2\/media?parent=17751"}],"wp:term":[{"taxonomy":"category","embeddable":true,"href":"https:\/\/www.correiobraziliense.com.br\/cbradar\/wp-json\/wp\/v2\/categories?post=17751"},{"taxonomy":"post_tag","embeddable":true,"href":"https:\/\/www.correiobraziliense.com.br\/cbradar\/wp-json\/wp\/v2\/tags?post=17751"}],"curies":[{"name":"wp","href":"https:\/\/api.w.org\/{rel}","templated":true}]}}