{"id":177633,"date":"2026-01-22T13:45:00","date_gmt":"2026-01-22T16:45:00","guid":{"rendered":"https:\/\/www.correiobraziliense.com.br\/cbradar\/?p=177633"},"modified":"2026-01-21T10:29:30","modified_gmt":"2026-01-21T13:29:30","slug":"os-sinais-de-que-alguem-cresceu-sem-amigos-proximos-mesmo-que-nao-fale-sobre-isso-segundo-a-psicologia","status":"publish","type":"post","link":"https:\/\/www.correiobraziliense.com.br\/cbradar\/os-sinais-de-que-alguem-cresceu-sem-amigos-proximos-mesmo-que-nao-fale-sobre-isso-segundo-a-psicologia\/","title":{"rendered":"Os sinais de que algu\u00e9m cresceu sem amigos pr\u00f3ximos (mesmo que n\u00e3o fale sobre isso), segundo a psicologia"},"content":{"rendered":"\n<p>Pessoas que cresceram sem ter um melhor amigo ou um grupo pr\u00f3ximo de conviv\u00eancia costumam carregar marcas discretas na vida adulta. N\u00e3o se trata de falta de simpatia ou de interesse pelos outros, mas de uma forma particular de se relacionar, mais cuidadosa e, em muitos casos, mais reservada. A palavra-chave nesse tema \u00e9 <strong>crescer sem amigos<\/strong>, uma experi\u00eancia que influencia rotinas, escolhas, autoestima e at\u00e9 a maneira como cada um interpreta gestos simples de conviv\u00eancia, podendo refor\u00e7ar tanto a sensa\u00e7\u00e3o de independ\u00eancia quanto um sentimento silencioso de solid\u00e3o.<\/p>\n\n\n\n<h2 class=\"wp-block-heading\">Crescer sem amigos muda a forma de enxergar as rela\u00e7\u00f5es<\/h2>\n\n\n\n<p>Quem passou a inf\u00e2ncia mais \u00e0 margem dos grupos costuma desenvolver uma <strong>aten\u00e7\u00e3o aguda ao ambiente social<\/strong>. Em vez de participar espontaneamente das conversas, tende a observar primeiro e falar depois. Essa leitura constante de clima, tom de voz e postura corporal funciona como uma esp\u00e9cie de radar interno, \u00fatil em reuni\u00f5es, negocia\u00e7\u00f5es e ambientes com muitas pessoas, como trouxe a pesquisa <a href=\"https:\/\/pmc.ncbi.nlm.nih.gov\/articles\/PMC4414255\/\" target=\"_blank\" rel=\"noreferrer noopener\">&#8220;The Autonomy-Connection Challenge in Adolescent Peer Relationships&#8221;.<\/a><\/p>\n\n\n\n<p>Ao mesmo tempo, o conceito de <strong>\u201cmelhor amigo\u201d<\/strong> nem sempre \u00e9 claro para quem <strong>cresceu sem amizades pr\u00f3ximas<\/strong>. H\u00e1 colegas, conhecidos, parceiros de projeto, mas a ideia de algu\u00e9m com quem se pode contar em qualquer situa\u00e7\u00e3o pode soar abstrata. Nesses casos, a confian\u00e7a costuma ser constru\u00edda de forma lenta, e a pessoa pode demorar a acreditar que um v\u00ednculo mais duradouro realmente vai se manter ao longo do tempo.<\/p>\n\n\n\n<h2 class=\"wp-block-heading\">Quais s\u00e3o os sinais comuns em quem cresceu sem amizades pr\u00f3ximas<\/h2>\n\n\n\n<p>Alguns padr\u00f5es aparecem com frequ\u00eancia em adultos que tiveram poucos la\u00e7os afetivos na inf\u00e2ncia. N\u00e3o s\u00e3o regras fixas, mas indicam <strong>tend\u00eancias comportamentais<\/strong> que chamam aten\u00e7\u00e3o em diferentes contextos sociais. Muitos alternam entre muita reserva e abertura intensa, o que \u00e0s vezes confunde quem se aproxima e pode gerar interpreta\u00e7\u00f5es equivocadas.<\/p>\n\n\n\n<p>Nesse cen\u00e1rio, certas atitudes funcionam como tentativas de prote\u00e7\u00e3o emocional, mesmo quando n\u00e3o parecem l\u00f3gicas \u00e0 primeira vista. Abaixo est\u00e3o alguns sinais que podem surgir no dia a dia, influenciando desde conversas r\u00e1pidas at\u00e9 a maneira de reagir a gestos de carinho ou apoio.<\/p>\n\n\n\n<ul class=\"wp-block-list\">\n<li><strong>Dificuldade em medir a intimidade:<\/strong> sem ter tido pr\u00e1tica na \u201cdan\u00e7a\u201d gradativa da amizade, a pessoa pode ficar s\u00f3 na conversa superficial ou, ao contr\u00e1rio, dividir quest\u00f5es muito pessoais cedo demais.<\/li>\n\n\n\n<li><strong>Medo de ser um peso:<\/strong> existe o receio de atrapalhar, incomodar ou exigir demais, o que leva a recuos frequentes, pedidos m\u00ednimos de ajuda e uma postura de autossufici\u00eancia exagerada.<\/li>\n\n\n\n<li><strong>Rea\u00e7\u00e3o inesperada \u00e0 ajuda:<\/strong> receber cuidado ou apoio pode causar estranhamento, desconfian\u00e7a ou at\u00e9 culpa, como se aceitar a ajuda criasse uma d\u00edvida dif\u00edcil de equilibrar.<\/li>\n\n\n\n<li><strong>Estranhamento com contato f\u00edsico:<\/strong> abra\u00e7os, toques no ombro ou gestos de proximidade podem gerar desconforto, mesmo quando a pessoa aprecia quem est\u00e1 por perto.<\/li>\n\n\n\n<li><strong>Preparo constante para o fim:<\/strong> h\u00e1 uma tend\u00eancia a esperar que os v\u00ednculos se enfraque\u00e7am ou terminem, o que faz com que a pessoa se mantenha sempre pronta para se afastar um pouco antes de se apegar demais.<\/li>\n<\/ul>\n\n\n\n<p>Para aprofundarmos no tema, trouxemos o v\u00eddeo do psic\u00f3logo Marcos, publicado no seu perfil pr\u00f3prio (@psicologiamarcos):<\/p>\n\n\n\n<blockquote class=\"tiktok-embed\" cite=\"https:\/\/www.tiktok.com\/@psicologiamarcos\/video\/7551417508050259211\" data-video-id=\"7551417508050259211\" style=\"max-width: 605px;min-width: 325px;\" > <section> <a target=\"_blank\" title=\"@psicologiamarcos\" href=\"https:\/\/www.tiktok.com\/@psicologiamarcos?refer=embed\">@psicologiamarcos<\/a> Uma inf\u00e2ncia sem amigos &#8211; Psic\u00f3logo Marcos Lacerda  <a title=\"vida\" target=\"_blank\" href=\"https:\/\/www.tiktok.com\/tag\/vida?refer=embed\">#vida<\/a> <a title=\"marcoslacerda\" target=\"_blank\" href=\"https:\/\/www.tiktok.com\/tag\/marcoslacerda?refer=embed\">#marcoslacerda<\/a> <a title=\"reflexaododia\" target=\"_blank\" href=\"https:\/\/www.tiktok.com\/tag\/reflexaododia?refer=embed\">#reflexaododia<\/a> <a title=\"motivacional\" target=\"_blank\" href=\"https:\/\/www.tiktok.com\/tag\/motivacional?refer=embed\">#motivacional<\/a> <a title=\"psicologia\" target=\"_blank\" href=\"https:\/\/www.tiktok.com\/tag\/psicologia?refer=embed\">#psicologia<\/a> <a target=\"_blank\" title=\"\u266c som original - Psicologia do Marcos\" href=\"https:\/\/www.tiktok.com\/music\/som-original-7551417488602024716?refer=embed\">\u266c som original &#8211; Psicologia do Marcos<\/a> <\/section> <\/blockquote> <script async src=\"https:\/\/www.tiktok.com\/embed.js\"><\/script>\n\n\n\n<h2 class=\"wp-block-heading\">Por que o trabalho pode virar o principal espa\u00e7o de conviv\u00eancia<\/h2>\n\n\n\n<p>Para quem <strong>cresceu sem amigos<\/strong>, o ambiente profissional costuma ser especialmente atraente por um motivo simples: ele tem <strong>regras claras e pap\u00e9is definidos<\/strong>. H\u00e1 hor\u00e1rios, fun\u00e7\u00f5es, metas e limites bem estabelecidos, o que reduz o risco de mal-entendidos. Essa previsibilidade contrasta com a fluidez das rela\u00e7\u00f5es informais, que podem parecer mais amea\u00e7adoras.<\/p>\n\n\n\n<p>Nesse contexto, \u00e9 comum que a carreira se torne a principal fonte de reconhecimento e pertencimento. O escrit\u00f3rio, a f\u00e1brica, a loja ou o home office viram cen\u00e1rio de quase todas as intera\u00e7\u00f5es sociais relevantes. Colegas e chefias passam a ocupar o espa\u00e7o que, em outros casos, seria dividido com amigos de longa data, embora muitos ainda mantenham dist\u00e2ncia entre vida profissional e pessoal ao fim do expediente.<\/p>\n\n\n\n<h2 class=\"wp-block-heading\">Como quem cresceu sem amigos costuma se aproximar de grupos<\/h2>\n\n\n\n<p>Atividades estruturadas s\u00e3o, em geral, o caminho preferido para o conv\u00edvio. Clubes de leitura, esportes amadores, cursos, grupos de estudo e projetos volunt\u00e1rios oferecem uma moldura que facilita a intera\u00e7\u00e3o. Existe um <strong>tema central<\/strong>, um hor\u00e1rio combinado e um motivo claro para as pessoas estarem ali, o que reduz a sensa\u00e7\u00e3o de improviso social.<\/p>\n\n\n\n<p>Em momentos de lazer sem roteiro \u2013 apenas \u201csair para conversar\u201d ou \u201cficar por a\u00ed\u201d \u2013 a inseguran\u00e7a tende a aumentar. Quest\u00f5es simples para outros, como escolher um tema de conversa ou decidir a hora de ir embora, podem gerar desconforto. Por isso, muitas pessoas que <strong>cresceram sem amigos na inf\u00e2ncia<\/strong> acabam sugerindo passeios com alguma atividade clara, como cinema, trilha, jogo de tabuleiro ou curso r\u00e1pido, onde as intera\u00e7\u00f5es surgem de forma mais natural.<\/p>\n\n\n\n<figure class=\"wp-block-image size-large\"><img decoding=\"async\" width=\"1024\" height=\"576\" src=\"https:\/\/www.correiobraziliense.com.br\/cbradar\/wp-content\/uploads\/2026\/01\/\u2705-BANNER-MYTH-5-20-1024x576.png\" alt=\"Os sinais de que algu\u00e9m cresceu sem amigos pr\u00f3ximos (mesmo que n\u00e3o fale sobre isso), segundo a psicologia\" class=\"wp-image-177635\" srcset=\"https:\/\/www.correiobraziliense.com.br\/cbradar\/wp-content\/uploads\/2026\/01\/\u2705-BANNER-MYTH-5-20-1024x576.png 1024w, https:\/\/www.correiobraziliense.com.br\/cbradar\/wp-content\/uploads\/2026\/01\/\u2705-BANNER-MYTH-5-20-300x169.png 300w, https:\/\/www.correiobraziliense.com.br\/cbradar\/wp-content\/uploads\/2026\/01\/\u2705-BANNER-MYTH-5-20-768x432.png 768w, https:\/\/www.correiobraziliense.com.br\/cbradar\/wp-content\/uploads\/2026\/01\/\u2705-BANNER-MYTH-5-20-750x422.png 750w, https:\/\/www.correiobraziliense.com.br\/cbradar\/wp-content\/uploads\/2026\/01\/\u2705-BANNER-MYTH-5-20-1140x641.png 1140w, https:\/\/www.correiobraziliense.com.br\/cbradar\/wp-content\/uploads\/2026\/01\/\u2705-BANNER-MYTH-5-20.png 1280w\" sizes=\"(max-width: 1024px) 100vw, 1024px\" \/><figcaption class=\"wp-element-caption\">Supere o vazio de crescer sem amigos: transforme solid\u00e3o em for\u00e7a para conex\u00f5es aut\u00eanticas e independ\u00eancia emocional na adulthood.<\/figcaption><\/figure>\n\n\n\n<h2 class=\"wp-block-heading\">Qual \u00e9 o papel das redes sociais e da sensa\u00e7\u00e3o de estar de fora<\/h2>\n\n\n\n<p>As redes sociais criaram uma vitrine constante de anivers\u00e1rios lotados, viagens em grupo e amizades que atravessam d\u00e9cadas. Para quem n\u00e3o teve essas experi\u00eancias, ver fotos e coment\u00e1rios cheios de refer\u00eancias internas pode refor\u00e7ar a ideia de estar <strong>\u201catrasado\u201d nas rela\u00e7\u00f5es<\/strong>. Em alguns casos, a pessoa se afasta quase totalmente das plataformas; em outros, usa esses espa\u00e7os de forma mais estrat\u00e9gica ou profissional, evitando exposi\u00e7\u00f5es mais \u00edntimas.<\/p>\n\n\n\n<p>Tamb\u00e9m \u00e9 comum que o conv\u00edvio online seja constru\u00eddo com certo cuidado: muitas conex\u00f5es, mas poucas confid\u00eancias. Mesmo em grupos animados de mensagem, a participa\u00e7\u00e3o pode ser discreta, limitada a respostas pontuais. A intimidade, quando aparece, costuma ser fruto de conversas privadas, desenvolvidas com mais calma e ao longo de um tempo maior. Entender esses padr\u00f5es ajuda a perceber que <strong>crescer sem amigos<\/strong> n\u00e3o impede ningu\u00e9m de formar la\u00e7os fortes na vida adulta, apenas torna esse processo menos autom\u00e1tico e mais consciente, com tentativas, erros e ajustes constantes.<\/p>\n","protected":false},"excerpt":{"rendered":"<p>Crescer sem amigos pr\u00f3ximos molda rela\u00e7\u00f5es adultas: descubra os sinais, impactos emocionais e caminhos para criar v\u00ednculos verdadeiros.<\/p>\n","protected":false},"author":3,"featured_media":179068,"comment_status":"open","ping_status":"open","sticky":false,"template":"","format":"standard","meta":{"_yoast_wpseo_focuskw":"pessoa sem amigos","_yoast_wpseo_title":"%%title%%","_yoast_wpseo_metadesc":"Crescer sem amigos pr\u00f3ximos molda rela\u00e7\u00f5es adultas: descubra os sinais, impactos emocionais e caminhos para criar v\u00ednculos verdadeiros.","jnews-multi-image_gallery":[],"jnews_single_post":{"format":"standard"},"jnews_primary_category":[],"jnews_social_meta":[],"jnews_override_counter":[],"footnotes":""},"categories":[112],"tags":[3277,14167,6742,144,404,2391],"class_list":["post-177633","post","type-post","status-publish","format-standard","has-post-thumbnail","hentry","category-curiosidades","tag-amigos","tag-amigos-proximos","tag-amizades","tag-curiosidades","tag-psicologia","tag-solidao"],"yoast_head":"<!-- This site is optimized with the Yoast SEO plugin v24.6 - https:\/\/yoast.com\/wordpress\/plugins\/seo\/ -->\n<title>Os sinais de que algu\u00e9m cresceu sem amigos pr\u00f3ximos (mesmo que n\u00e3o fale sobre isso), segundo a psicologia<\/title>\n<meta name=\"description\" content=\"Crescer sem amigos pr\u00f3ximos molda rela\u00e7\u00f5es adultas: descubra os sinais, impactos emocionais e caminhos para criar v\u00ednculos verdadeiros.\" \/>\n<meta name=\"robots\" content=\"index, follow, max-snippet:-1, max-image-preview:large, max-video-preview:-1\" \/>\n<link rel=\"canonical\" href=\"https:\/\/www.correiobraziliense.com.br\/cbradar\/os-sinais-de-que-alguem-cresceu-sem-amigos-proximos-mesmo-que-nao-fale-sobre-isso-segundo-a-psicologia\/\" \/>\n<meta property=\"og:locale\" content=\"pt_BR\" \/>\n<meta property=\"og:type\" content=\"article\" \/>\n<meta property=\"og:title\" content=\"Os sinais de que algu\u00e9m cresceu sem amigos pr\u00f3ximos (mesmo que n\u00e3o fale sobre isso), segundo a psicologia\" \/>\n<meta property=\"og:description\" content=\"Crescer sem amigos pr\u00f3ximos molda rela\u00e7\u00f5es adultas: descubra os sinais, impactos emocionais e caminhos para criar v\u00ednculos verdadeiros.\" \/>\n<meta property=\"og:url\" content=\"https:\/\/www.correiobraziliense.com.br\/cbradar\/os-sinais-de-que-alguem-cresceu-sem-amigos-proximos-mesmo-que-nao-fale-sobre-isso-segundo-a-psicologia\/\" \/>\n<meta property=\"og:site_name\" content=\"Correio Braziliense - Radar\" \/>\n<meta property=\"article:published_time\" content=\"2026-01-22T16:45:00+00:00\" \/>\n<meta property=\"og:image\" content=\"https:\/\/www.correiobraziliense.com.br\/cbradar\/wp-content\/uploads\/2026\/01\/freepik__imagem-realista-de-uma-criana-brincando-sozinha__13170.jpeg\" \/>\n\t<meta property=\"og:image:width\" content=\"1280\" \/>\n\t<meta property=\"og:image:height\" content=\"720\" \/>\n\t<meta property=\"og:image:type\" content=\"image\/jpeg\" \/>\n<meta name=\"author\" content=\"Larissa Carvalho\" \/>\n<meta name=\"twitter:card\" content=\"summary_large_image\" \/>\n<meta name=\"twitter:label1\" content=\"Escrito por\" \/>\n\t<meta name=\"twitter:data1\" content=\"Larissa Carvalho\" \/>\n\t<meta name=\"twitter:label2\" content=\"Est. tempo de leitura\" \/>\n\t<meta name=\"twitter:data2\" content=\"6 minutos\" \/>\n<!-- \/ Yoast SEO plugin. -->","yoast_head_json":{"title":"Os sinais de que algu\u00e9m cresceu sem amigos pr\u00f3ximos (mesmo que n\u00e3o fale sobre isso), segundo a psicologia","description":"Crescer sem amigos pr\u00f3ximos molda rela\u00e7\u00f5es adultas: descubra os sinais, impactos emocionais e caminhos para criar v\u00ednculos verdadeiros.","robots":{"index":"index","follow":"follow","max-snippet":"max-snippet:-1","max-image-preview":"max-image-preview:large","max-video-preview":"max-video-preview:-1"},"canonical":"https:\/\/www.correiobraziliense.com.br\/cbradar\/os-sinais-de-que-alguem-cresceu-sem-amigos-proximos-mesmo-que-nao-fale-sobre-isso-segundo-a-psicologia\/","og_locale":"pt_BR","og_type":"article","og_title":"Os sinais de que algu\u00e9m cresceu sem amigos pr\u00f3ximos (mesmo que n\u00e3o fale sobre isso), segundo a psicologia","og_description":"Crescer sem amigos pr\u00f3ximos molda rela\u00e7\u00f5es adultas: descubra os sinais, impactos emocionais e caminhos para criar v\u00ednculos verdadeiros.","og_url":"https:\/\/www.correiobraziliense.com.br\/cbradar\/os-sinais-de-que-alguem-cresceu-sem-amigos-proximos-mesmo-que-nao-fale-sobre-isso-segundo-a-psicologia\/","og_site_name":"Correio Braziliense - Radar","article_published_time":"2026-01-22T16:45:00+00:00","og_image":[{"width":1280,"height":720,"url":"https:\/\/www.correiobraziliense.com.br\/cbradar\/wp-content\/uploads\/2026\/01\/freepik__imagem-realista-de-uma-criana-brincando-sozinha__13170.jpeg","type":"image\/jpeg"}],"author":"Larissa Carvalho","twitter_card":"summary_large_image","twitter_misc":{"Escrito por":"Larissa Carvalho","Est. tempo de leitura":"6 minutos"},"schema":{"@context":"https:\/\/schema.org","@graph":[{"@type":"WebPage","@id":"https:\/\/www.correiobraziliense.com.br\/cbradar\/os-sinais-de-que-alguem-cresceu-sem-amigos-proximos-mesmo-que-nao-fale-sobre-isso-segundo-a-psicologia\/","url":"https:\/\/www.correiobraziliense.com.br\/cbradar\/os-sinais-de-que-alguem-cresceu-sem-amigos-proximos-mesmo-que-nao-fale-sobre-isso-segundo-a-psicologia\/","name":"Os sinais de que algu\u00e9m cresceu sem amigos pr\u00f3ximos (mesmo que n\u00e3o fale sobre isso), segundo a psicologia","isPartOf":{"@id":"https:\/\/www.correiobraziliense.com.br\/cbradar\/#website"},"primaryImageOfPage":{"@id":"https:\/\/www.correiobraziliense.com.br\/cbradar\/os-sinais-de-que-alguem-cresceu-sem-amigos-proximos-mesmo-que-nao-fale-sobre-isso-segundo-a-psicologia\/#primaryimage"},"image":{"@id":"https:\/\/www.correiobraziliense.com.br\/cbradar\/os-sinais-de-que-alguem-cresceu-sem-amigos-proximos-mesmo-que-nao-fale-sobre-isso-segundo-a-psicologia\/#primaryimage"},"thumbnailUrl":"https:\/\/www.correiobraziliense.com.br\/cbradar\/wp-content\/uploads\/2026\/01\/freepik__imagem-realista-de-uma-criana-brincando-sozinha__13170.jpeg","datePublished":"2026-01-22T16:45:00+00:00","author":{"@id":"https:\/\/www.correiobraziliense.com.br\/cbradar\/#\/schema\/person\/58422787644df994b53a19d3e56c1513"},"description":"Crescer sem amigos pr\u00f3ximos molda rela\u00e7\u00f5es adultas: descubra os sinais, impactos emocionais e caminhos para criar v\u00ednculos verdadeiros.","breadcrumb":{"@id":"https:\/\/www.correiobraziliense.com.br\/cbradar\/os-sinais-de-que-alguem-cresceu-sem-amigos-proximos-mesmo-que-nao-fale-sobre-isso-segundo-a-psicologia\/#breadcrumb"},"inLanguage":"pt-BR","potentialAction":[{"@type":"ReadAction","target":["https:\/\/www.correiobraziliense.com.br\/cbradar\/os-sinais-de-que-alguem-cresceu-sem-amigos-proximos-mesmo-que-nao-fale-sobre-isso-segundo-a-psicologia\/"]}]},{"@type":"ImageObject","inLanguage":"pt-BR","@id":"https:\/\/www.correiobraziliense.com.br\/cbradar\/os-sinais-de-que-alguem-cresceu-sem-amigos-proximos-mesmo-que-nao-fale-sobre-isso-segundo-a-psicologia\/#primaryimage","url":"https:\/\/www.correiobraziliense.com.br\/cbradar\/wp-content\/uploads\/2026\/01\/freepik__imagem-realista-de-uma-criana-brincando-sozinha__13170.jpeg","contentUrl":"https:\/\/www.correiobraziliense.com.br\/cbradar\/wp-content\/uploads\/2026\/01\/freepik__imagem-realista-de-uma-criana-brincando-sozinha__13170.jpeg","width":1280,"height":720,"caption":"Experi\u00eancia de crescer sem amigos pode influenciar a forma de criar v\u00ednculos na vida adulta"},{"@type":"BreadcrumbList","@id":"https:\/\/www.correiobraziliense.com.br\/cbradar\/os-sinais-de-que-alguem-cresceu-sem-amigos-proximos-mesmo-que-nao-fale-sobre-isso-segundo-a-psicologia\/#breadcrumb","itemListElement":[{"@type":"ListItem","position":1,"name":"In\u00edcio","item":"https:\/\/www.correiobraziliense.com.br\/cbradar\/"},{"@type":"ListItem","position":2,"name":"Os sinais de que algu\u00e9m cresceu sem amigos pr\u00f3ximos (mesmo que n\u00e3o fale sobre isso), segundo a psicologia"}]},{"@type":"WebSite","@id":"https:\/\/www.correiobraziliense.com.br\/cbradar\/#website","url":"https:\/\/www.correiobraziliense.com.br\/cbradar\/","name":"Correio Braziliense - Radar","description":"Acompanhe as \u00faltimas not\u00edcias e fique bem informado sobre tudo o que acontece no Brasil e no mundo.","potentialAction":[{"@type":"SearchAction","target":{"@type":"EntryPoint","urlTemplate":"https:\/\/www.correiobraziliense.com.br\/cbradar\/?s={search_term_string}"},"query-input":{"@type":"PropertyValueSpecification","valueRequired":true,"valueName":"search_term_string"}}],"inLanguage":"pt-BR"},{"@type":"Person","@id":"https:\/\/www.correiobraziliense.com.br\/cbradar\/#\/schema\/person\/58422787644df994b53a19d3e56c1513","name":"Larissa Carvalho","image":{"@type":"ImageObject","inLanguage":"pt-BR","@id":"https:\/\/www.correiobraziliense.com.br\/cbradar\/#\/schema\/person\/image\/","url":"https:\/\/secure.gravatar.com\/avatar\/fe4f91a0de32b52a838d0d612abdc1aa?s=96&d=mm&r=g","contentUrl":"https:\/\/secure.gravatar.com\/avatar\/fe4f91a0de32b52a838d0d612abdc1aa?s=96&d=mm&r=g","caption":"Larissa Carvalho"},"url":"https:\/\/www.correiobraziliense.com.br\/cbradar\/author\/larissamyth\/"}]}},"_links":{"self":[{"href":"https:\/\/www.correiobraziliense.com.br\/cbradar\/wp-json\/wp\/v2\/posts\/177633","targetHints":{"allow":["GET"]}}],"collection":[{"href":"https:\/\/www.correiobraziliense.com.br\/cbradar\/wp-json\/wp\/v2\/posts"}],"about":[{"href":"https:\/\/www.correiobraziliense.com.br\/cbradar\/wp-json\/wp\/v2\/types\/post"}],"author":[{"embeddable":true,"href":"https:\/\/www.correiobraziliense.com.br\/cbradar\/wp-json\/wp\/v2\/users\/3"}],"replies":[{"embeddable":true,"href":"https:\/\/www.correiobraziliense.com.br\/cbradar\/wp-json\/wp\/v2\/comments?post=177633"}],"version-history":[{"count":2,"href":"https:\/\/www.correiobraziliense.com.br\/cbradar\/wp-json\/wp\/v2\/posts\/177633\/revisions"}],"predecessor-version":[{"id":177636,"href":"https:\/\/www.correiobraziliense.com.br\/cbradar\/wp-json\/wp\/v2\/posts\/177633\/revisions\/177636"}],"wp:featuredmedia":[{"embeddable":true,"href":"https:\/\/www.correiobraziliense.com.br\/cbradar\/wp-json\/wp\/v2\/media\/179068"}],"wp:attachment":[{"href":"https:\/\/www.correiobraziliense.com.br\/cbradar\/wp-json\/wp\/v2\/media?parent=177633"}],"wp:term":[{"taxonomy":"category","embeddable":true,"href":"https:\/\/www.correiobraziliense.com.br\/cbradar\/wp-json\/wp\/v2\/categories?post=177633"},{"taxonomy":"post_tag","embeddable":true,"href":"https:\/\/www.correiobraziliense.com.br\/cbradar\/wp-json\/wp\/v2\/tags?post=177633"}],"curies":[{"name":"wp","href":"https:\/\/api.w.org\/{rel}","templated":true}]}}