{"id":177637,"date":"2026-01-22T15:45:00","date_gmt":"2026-01-22T18:45:00","guid":{"rendered":"https:\/\/www.correiobraziliense.com.br\/cbradar\/?p=177637"},"modified":"2026-01-21T10:31:40","modified_gmt":"2026-01-21T13:31:40","slug":"a-porta-do-congelador-e-o-pior-lugar-para-estes-6-alimentos","status":"publish","type":"post","link":"https:\/\/www.correiobraziliense.com.br\/cbradar\/a-porta-do-congelador-e-o-pior-lugar-para-estes-6-alimentos\/","title":{"rendered":"A porta do congelador \u00e9 o pior lugar para estes 6 alimentos"},"content":{"rendered":"\n<p>Organizar corretamente os alimentos no congelador faz diferen\u00e7a direta na <strong>seguran\u00e7a alimentar<\/strong> e na <strong>qualidade<\/strong> do que \u00e9 consumido no dia a dia. Embora muita gente trate o aparelho como um espa\u00e7o uniforme, a temperatura n\u00e3o \u00e9 a mesma em todos os pontos: a porta e as gavetas superiores costumam sofrer mais varia\u00e7\u00f5es t\u00e9rmicas, enquanto o fundo e a parte inferior tendem a se manter mais est\u00e1veis e frios, o que interfere no <strong>tempo de conserva\u00e7\u00e3o<\/strong> e na <strong>textura<\/strong> de carnes, latic\u00ednios, sobras e vegetais.<\/p>\n\n\n\n<h2 class=\"wp-block-heading\">O que n\u00e3o deve ser guardado na porta do congelador<\/h2>\n\n\n\n<p>A palavra-chave central aqui \u00e9 <strong>freezer door<\/strong>, ou porta do congelador, considerada a \u00e1rea menos indicada para alguns alimentos mais sens\u00edveis. Como abre e fecha com frequ\u00eancia, essa regi\u00e3o sofre com mudan\u00e7as de temperatura, que podem favorecer a forma\u00e7\u00e3o de cristais de gelo, ressecamento e perda de textura ao longo do tempo.<\/p>\n\n\n\n<p>Entre os itens que devem ficar longe da porta do congelador, destacam-se alimentos que exigem <strong>frio constante e intenso<\/strong> para manter suas caracter\u00edsticas e reduzir riscos microbiol\u00f3gicos:<\/p>\n\n\n\n<ul class=\"wp-block-list\">\n<li><strong>Carnes cruas e aves<\/strong> (frango, carne bovina, su\u00edna, cordeiro, etc.)<\/li>\n\n\n\n<li><strong>Peixes e frutos do mar<\/strong><\/li>\n\n\n\n<li><strong>Sorvetes e sobremesas cremosas<\/strong><\/li>\n\n\n\n<li><strong>Sobras de refei\u00e7\u00f5es prontas<\/strong><\/li>\n\n\n\n<li><strong>Frutas e vegetais congelados<\/strong><\/li>\n\n\n\n<li><strong>Leite materno armazenado para uso futuro<\/strong><\/li>\n<\/ul>\n\n\n\n<p>Outros alimentos tamb\u00e9m s\u00e3o comuns de serem colocados de forma errada na porta da geladeira, como mostra o v\u00eddeo do perfil @agorarelaxe:<\/p>\n\n\n\n<blockquote class=\"tiktok-embed\" cite=\"https:\/\/www.tiktok.com\/@agorarelaxe\/video\/7259873063389416710\" data-video-id=\"7259873063389416710\" style=\"max-width: 605px;min-width: 325px;\" > <section> <a target=\"_blank\" title=\"@agorarelaxe\" href=\"https:\/\/www.tiktok.com\/@agorarelaxe?refer=embed\">@agorarelaxe<\/a> voc\u00ea sabia??? <a title=\"drbacteria\" target=\"_blank\" href=\"https:\/\/www.tiktok.com\/tag\/drbacteria?refer=embed\">#drbacteria<\/a> <a title=\"curiosidades\" target=\"_blank\" href=\"https:\/\/www.tiktok.com\/tag\/curiosidades?refer=embed\">#curiosidades<\/a> <a title=\"limpeza\" target=\"_blank\" href=\"https:\/\/www.tiktok.com\/tag\/limpeza?refer=embed\">#limpeza<\/a> <a title=\"saude\" target=\"_blank\" href=\"https:\/\/www.tiktok.com\/tag\/saude?refer=embed\">#saude<\/a> <a title=\"dicasdecasa\" target=\"_blank\" href=\"https:\/\/www.tiktok.com\/tag\/dicasdecasa?refer=embed\">#dicasdecasa<\/a> <a title=\"cortespodcast\" target=\"_blank\" href=\"https:\/\/www.tiktok.com\/tag\/cortespodcast?refer=embed\">#cortespodcast<\/a> <a target=\"_blank\" title=\"\u266c Experience (Piano e Violin) - Pietro Scichilone\" href=\"https:\/\/www.tiktok.com\/music\/Experience-Piano-e-Violin-6932898293580040193?refer=embed\">\u266c Experience (Piano e Violin) &#8211; Pietro Scichilone<\/a> <\/section> <\/blockquote> <script async src=\"https:\/\/www.tiktok.com\/embed.js\"><\/script>\n\n\n\n<h2 class=\"wp-block-heading\">Como armazenar corretamente carnes pescados e sobras no congelador<\/h2>\n\n\n\n<p>No caso de <strong>carnes cruas e aves<\/strong>, o ideal \u00e9 reservar o fundo do congelador ou as gavetas inferiores, onde as oscila\u00e7\u00f5es de temperatura s\u00e3o menores. Embalar bem em sacos pr\u00f3prios para congelamento ou em papel alum\u00ednio resistente reduz o contato com o ar e ajuda a evitar a <strong>queimadura de congelamento<\/strong>, mantendo sabor e sucul\u00eancia por mais tempo.<\/p>\n\n\n\n<p>Com <strong>peixes e frutos do mar<\/strong>, o cuidado precisa ser ainda maior, pois s\u00e3o prote\u00ednas mais delicadas e sens\u00edveis ao descongelamento parcial. As <strong>sobras de refei\u00e7\u00f5es prontas<\/strong> tamb\u00e9m se beneficiam de recipientes herm\u00e9ticos, de prefer\u00eancia rasos, que permitem congelamento mais r\u00e1pido e uniforme, reduzindo o per\u00edodo em que o alimento permanece em temperaturas intermedi\u00e1rias.<\/p>\n\n\n\n<h2 class=\"wp-block-heading\">Por que sorvetes frutas e leite materno exigem aten\u00e7\u00e3o especial<\/h2>\n\n\n\n<p>Alimentos que dependem de uma textura espec\u00edfica, como <strong>sorvetes, picol\u00e9s e outras sobremesas l\u00e1cteas<\/strong>, n\u00e3o s\u00e3o bons candidatos para ficar na porta do congelador. A cada abertura da porta, a parte mais externa tende a esquentar e recongelar, formando cristais de gelo maiores que deixam o produto com textura arenosa e menos cremoso.<\/p>\n\n\n\n<p>O mesmo racioc\u00ednio vale para <strong>frutas e vegetais congelados<\/strong>, que podem ter suas fibras ainda mais rompidas, causando excesso de \u00e1gua e sensa\u00e7\u00e3o de alimento \u201cempapado\u201d ap\u00f3s o preparo. Quando o assunto \u00e9 <strong>leite materno<\/strong>, a recomenda\u00e7\u00e3o de guardar longe da porta \u00e9 ainda mais rigorosa, pois pequenas varia\u00e7\u00f5es de temperatura podem favorecer a multiplica\u00e7\u00e3o de microrganismos ao longo do tempo.<\/p>\n\n\n\n<h2 class=\"wp-block-heading\">Quais alimentos podem ficar na porta do congelador sem problemas<\/h2>\n\n\n\n<p>Apesar das restri\u00e7\u00f5es, a <strong>porta do congelador<\/strong> continua sendo \u00fatil para itens que suportam melhor mudan\u00e7as leves de temperatura. Em geral, s\u00e3o alimentos de uso frequente ou que permanecem pouco tempo armazenados, o que diminui o impacto de eventuais oscila\u00e7\u00f5es e poss\u00edveis perdas de qualidade.<\/p>\n\n\n\n<p>Entre os produtos que podem ser mantidos na porta ou na gaveta superior est\u00e3o muitos itens industrializados, formulados para maior <strong>estabilidade<\/strong> no congelamento e consumo r\u00e1pido no dia a dia:<\/p>\n\n\n\n<ul class=\"wp-block-list\">\n<li><strong>Alimentos congelados prontos<\/strong> de supermercado, como pizzas, waffles, batatas fritas e salgadinhos congelados<\/li>\n\n\n\n<li><strong>P\u00e3es e torradas congeladas<\/strong>, ensacados para evitar ressecamento<\/li>\n\n\n\n<li><strong>Castanhas, sementes e gr\u00e3os integrais<\/strong>, bem fechados em potes ou sacos herm\u00e9ticos<\/li>\n\n\n\n<li><strong>Manteiga<\/strong>, especialmente quando permanece na embalagem original refor\u00e7ada com um inv\u00f3lucro extra<\/li>\n\n\n\n<li><strong>Bebidas alc\u00f3olicas e concentrados de suco<\/strong> destinados ao congelamento<\/li>\n<\/ul>\n\n\n\n<figure class=\"wp-block-image size-large\"><img decoding=\"async\" width=\"1024\" height=\"576\" src=\"https:\/\/www.correiobraziliense.com.br\/cbradar\/wp-content\/uploads\/2026\/01\/\u2705-BANNER-MYTH-6-17-1024x576.png\" alt=\"A porta do congelador \u00e9 o pior lugar para estes 6 alimentos\" class=\"wp-image-177639\" srcset=\"https:\/\/www.correiobraziliense.com.br\/cbradar\/wp-content\/uploads\/2026\/01\/\u2705-BANNER-MYTH-6-17-1024x576.png 1024w, https:\/\/www.correiobraziliense.com.br\/cbradar\/wp-content\/uploads\/2026\/01\/\u2705-BANNER-MYTH-6-17-300x169.png 300w, https:\/\/www.correiobraziliense.com.br\/cbradar\/wp-content\/uploads\/2026\/01\/\u2705-BANNER-MYTH-6-17-768x432.png 768w, https:\/\/www.correiobraziliense.com.br\/cbradar\/wp-content\/uploads\/2026\/01\/\u2705-BANNER-MYTH-6-17-750x422.png 750w, https:\/\/www.correiobraziliense.com.br\/cbradar\/wp-content\/uploads\/2026\/01\/\u2705-BANNER-MYTH-6-17-1140x641.png 1140w, https:\/\/www.correiobraziliense.com.br\/cbradar\/wp-content\/uploads\/2026\/01\/\u2705-BANNER-MYTH-6-17.png 1280w\" sizes=\"(max-width: 1024px) 100vw, 1024px\" \/><figcaption class=\"wp-element-caption\">Fundo mant\u00e9m -18\u00b0C est\u00e1veis para latic\u00ednios longos; porta varia at\u00e9 5\u00b0C mais, ideal s\u00f3 para vegetais r\u00e1pidos; use FIFO para rota\u00e7\u00e3o. <\/figcaption><\/figure>\n\n\n\n<h2 class=\"wp-block-heading\">Como organizar o congelador para preservar melhor os alimentos<\/h2>\n\n\n\n<p>Uma organiza\u00e7\u00e3o simples ajuda a aproveitar melhor o espa\u00e7o e a proteger os itens mais delicados, mantendo o congelador ajustado em torno de <strong>0 \u00b0F (\u201318 \u00b0C)<\/strong>. Um m\u00e9todo pr\u00e1tico \u00e9 separar o interior em \u201czonas\u201d de acordo com a sensibilidade dos alimentos ao frio e ao descongelamento parcial.<\/p>\n\n\n\n<ol class=\"wp-block-list\">\n<li><strong>Parte mais ao fundo:<\/strong> carnes cruas, peixes, frutos do mar e leite materno.<\/li>\n\n\n\n<li><strong>Gavetas inferiores ou centrais:<\/strong> frutas, legumes, comidas prontas caseiras e sobras de refei\u00e7\u00f5es.<\/li>\n\n\n\n<li><strong>Gavetas superiores e laterais internas:<\/strong> sorvetes, sobremesas cremosas e queijos congelados.<\/li>\n\n\n\n<li><strong>Porta do congelador:<\/strong> p\u00e3es, manteiga, gr\u00e3os, castanhas, bebidas e alimentos industrializados congelados de consumo r\u00e1pido.<\/li>\n<\/ol>\n","protected":false},"excerpt":{"rendered":"<p>Evite guardar carne, sorvete e leite materno na porta do freezer: descubra quais alimentos v\u00e3o no fundo e como manter tudo seguro a 0 \u00baF<\/p>\n","protected":false},"author":3,"featured_media":179075,"comment_status":"open","ping_status":"open","sticky":false,"template":"","format":"standard","meta":{"_yoast_wpseo_focuskw":"guardar alimentos porta congelador","_yoast_wpseo_title":"%%title%%","_yoast_wpseo_metadesc":"Evite guardar carne, sorvete e leite materno na porta do freezer: descubra quais alimentos v\u00e3o no fundo e como manter tudo seguro a 0 \u00baF","jnews-multi-image_gallery":[],"jnews_single_post":{"format":"standard"},"jnews_primary_category":[],"jnews_social_meta":[],"jnews_override_counter":[],"footnotes":""},"categories":[112],"post_tag":[281,1423,14168,1056,144],"class_list":["post-177637","post","type-post","status-publish","format-standard","has-post-thumbnail","hentry","category-curiosidades","tag-alimentacao","tag-alimentos","tag-armazenar-alimentos","tag-congelador","tag-curiosidades"],"yoast_head":"<!-- This site is optimized with the Yoast SEO plugin v24.6 - https:\/\/yoast.com\/wordpress\/plugins\/seo\/ -->\n<title>A porta do congelador \u00e9 o pior lugar para estes 6 alimentos<\/title>\n<meta name=\"description\" content=\"Evite guardar carne, sorvete e leite materno na porta do freezer: descubra quais alimentos v\u00e3o no fundo e como manter tudo seguro a 0 \u00baF\" \/>\n<meta name=\"robots\" content=\"index, follow, max-snippet:-1, max-image-preview:large, max-video-preview:-1\" \/>\n<link rel=\"canonical\" href=\"https:\/\/www.correiobraziliense.com.br\/cbradar\/a-porta-do-congelador-e-o-pior-lugar-para-estes-6-alimentos\/\" \/>\n<meta property=\"og:locale\" content=\"pt_BR\" \/>\n<meta property=\"og:type\" content=\"article\" \/>\n<meta property=\"og:title\" content=\"A porta do congelador \u00e9 o pior lugar para estes 6 alimentos\" \/>\n<meta property=\"og:description\" content=\"Evite guardar carne, sorvete e leite materno na porta do freezer: descubra quais alimentos v\u00e3o no fundo e como manter tudo seguro a 0 \u00baF\" \/>\n<meta property=\"og:url\" content=\"https:\/\/www.correiobraziliense.com.br\/cbradar\/a-porta-do-congelador-e-o-pior-lugar-para-estes-6-alimentos\/\" \/>\n<meta property=\"og:site_name\" content=\"Correio Braziliense - Radar\" \/>\n<meta property=\"article:published_time\" content=\"2026-01-22T18:45:00+00:00\" \/>\n<meta property=\"og:image\" content=\"https:\/\/www.correiobraziliense.com.br\/cbradar\/wp-content\/uploads\/2026\/01\/freepik__imagem-realista-de-um-congelador-aberto-e-na-porta__67955.jpeg\" \/>\n\t<meta property=\"og:image:width\" content=\"1280\" \/>\n\t<meta property=\"og:image:height\" content=\"720\" \/>\n\t<meta property=\"og:image:type\" content=\"image\/jpeg\" \/>\n<meta name=\"author\" content=\"Larissa Carvalho\" \/>\n<meta name=\"twitter:card\" content=\"summary_large_image\" \/>\n<meta name=\"twitter:label1\" content=\"Escrito por\" \/>\n\t<meta name=\"twitter:data1\" content=\"Larissa Carvalho\" \/>\n\t<meta name=\"twitter:label2\" content=\"Est. tempo de leitura\" \/>\n\t<meta name=\"twitter:data2\" content=\"5 minutos\" \/>\n<!-- \/ Yoast SEO plugin. -->","yoast_head_json":{"title":"A porta do congelador \u00e9 o pior lugar para estes 6 alimentos","description":"Evite guardar carne, sorvete e leite materno na porta do freezer: descubra quais alimentos v\u00e3o no fundo e como manter tudo seguro a 0 \u00baF","robots":{"index":"index","follow":"follow","max-snippet":"max-snippet:-1","max-image-preview":"max-image-preview:large","max-video-preview":"max-video-preview:-1"},"canonical":"https:\/\/www.correiobraziliense.com.br\/cbradar\/a-porta-do-congelador-e-o-pior-lugar-para-estes-6-alimentos\/","og_locale":"pt_BR","og_type":"article","og_title":"A porta do congelador \u00e9 o pior lugar para estes 6 alimentos","og_description":"Evite guardar carne, sorvete e leite materno na porta do freezer: descubra quais alimentos v\u00e3o no fundo e como manter tudo seguro a 0 \u00baF","og_url":"https:\/\/www.correiobraziliense.com.br\/cbradar\/a-porta-do-congelador-e-o-pior-lugar-para-estes-6-alimentos\/","og_site_name":"Correio Braziliense - Radar","article_published_time":"2026-01-22T18:45:00+00:00","og_image":[{"width":1280,"height":720,"url":"https:\/\/www.correiobraziliense.com.br\/cbradar\/wp-content\/uploads\/2026\/01\/freepik__imagem-realista-de-um-congelador-aberto-e-na-porta__67955.jpeg","type":"image\/jpeg"}],"author":"Larissa Carvalho","twitter_card":"summary_large_image","twitter_misc":{"Escrito por":"Larissa Carvalho","Est. tempo de leitura":"5 minutos"},"schema":{"@context":"https:\/\/schema.org","@graph":[{"@type":"WebPage","@id":"https:\/\/www.correiobraziliense.com.br\/cbradar\/a-porta-do-congelador-e-o-pior-lugar-para-estes-6-alimentos\/","url":"https:\/\/www.correiobraziliense.com.br\/cbradar\/a-porta-do-congelador-e-o-pior-lugar-para-estes-6-alimentos\/","name":"A porta do congelador \u00e9 o pior lugar para estes 6 alimentos","isPartOf":{"@id":"https:\/\/www.correiobraziliense.com.br\/cbradar\/#website"},"primaryImageOfPage":{"@id":"https:\/\/www.correiobraziliense.com.br\/cbradar\/a-porta-do-congelador-e-o-pior-lugar-para-estes-6-alimentos\/#primaryimage"},"image":{"@id":"https:\/\/www.correiobraziliense.com.br\/cbradar\/a-porta-do-congelador-e-o-pior-lugar-para-estes-6-alimentos\/#primaryimage"},"thumbnailUrl":"https:\/\/www.correiobraziliense.com.br\/cbradar\/wp-content\/uploads\/2026\/01\/freepik__imagem-realista-de-um-congelador-aberto-e-na-porta__67955.jpeg","datePublished":"2026-01-22T18:45:00+00:00","author":{"@id":"https:\/\/www.correiobraziliense.com.br\/cbradar\/#\/schema\/person\/58422787644df994b53a19d3e56c1513"},"description":"Evite guardar carne, sorvete e leite materno na porta do freezer: descubra quais alimentos v\u00e3o no fundo e como manter tudo seguro a 0 \u00baF","breadcrumb":{"@id":"https:\/\/www.correiobraziliense.com.br\/cbradar\/a-porta-do-congelador-e-o-pior-lugar-para-estes-6-alimentos\/#breadcrumb"},"inLanguage":"pt-BR","potentialAction":[{"@type":"ReadAction","target":["https:\/\/www.correiobraziliense.com.br\/cbradar\/a-porta-do-congelador-e-o-pior-lugar-para-estes-6-alimentos\/"]}]},{"@type":"ImageObject","inLanguage":"pt-BR","@id":"https:\/\/www.correiobraziliense.com.br\/cbradar\/a-porta-do-congelador-e-o-pior-lugar-para-estes-6-alimentos\/#primaryimage","url":"https:\/\/www.correiobraziliense.com.br\/cbradar\/wp-content\/uploads\/2026\/01\/freepik__imagem-realista-de-um-congelador-aberto-e-na-porta__67955.jpeg","contentUrl":"https:\/\/www.correiobraziliense.com.br\/cbradar\/wp-content\/uploads\/2026\/01\/freepik__imagem-realista-de-um-congelador-aberto-e-na-porta__67955.jpeg","width":1280,"height":720,"caption":"A organiza\u00e7\u00e3o correta no congelador reduz riscos de contamina\u00e7\u00e3o alimentar"},{"@type":"BreadcrumbList","@id":"https:\/\/www.correiobraziliense.com.br\/cbradar\/a-porta-do-congelador-e-o-pior-lugar-para-estes-6-alimentos\/#breadcrumb","itemListElement":[{"@type":"ListItem","position":1,"name":"In\u00edcio","item":"https:\/\/www.correiobraziliense.com.br\/cbradar\/"},{"@type":"ListItem","position":2,"name":"A porta do congelador \u00e9 o pior lugar para estes 6 alimentos"}]},{"@type":"WebSite","@id":"https:\/\/www.correiobraziliense.com.br\/cbradar\/#website","url":"https:\/\/www.correiobraziliense.com.br\/cbradar\/","name":"Correio Braziliense - Radar","description":"Acompanhe as \u00faltimas not\u00edcias e fique bem informado sobre tudo o que acontece no Brasil e no mundo.","potentialAction":[{"@type":"SearchAction","target":{"@type":"EntryPoint","urlTemplate":"https:\/\/www.correiobraziliense.com.br\/cbradar\/?s={search_term_string}"},"query-input":{"@type":"PropertyValueSpecification","valueRequired":true,"valueName":"search_term_string"}}],"inLanguage":"pt-BR"},{"@type":"Person","@id":"https:\/\/www.correiobraziliense.com.br\/cbradar\/#\/schema\/person\/58422787644df994b53a19d3e56c1513","name":"Larissa Carvalho","image":{"@type":"ImageObject","inLanguage":"pt-BR","@id":"https:\/\/www.correiobraziliense.com.br\/cbradar\/#\/schema\/person\/image\/","url":"https:\/\/secure.gravatar.com\/avatar\/fe4f91a0de32b52a838d0d612abdc1aa?s=96&d=mm&r=g","contentUrl":"https:\/\/secure.gravatar.com\/avatar\/fe4f91a0de32b52a838d0d612abdc1aa?s=96&d=mm&r=g","caption":"Larissa Carvalho"},"url":"https:\/\/www.correiobraziliense.com.br\/cbradar\/author\/larissamyth\/"}]}},"_links":{"self":[{"href":"https:\/\/www.correiobraziliense.com.br\/cbradar\/wp-json\/wp\/v2\/posts\/177637","targetHints":{"allow":["GET"]}}],"collection":[{"href":"https:\/\/www.correiobraziliense.com.br\/cbradar\/wp-json\/wp\/v2\/posts"}],"about":[{"href":"https:\/\/www.correiobraziliense.com.br\/cbradar\/wp-json\/wp\/v2\/types\/post"}],"author":[{"embeddable":true,"href":"https:\/\/www.correiobraziliense.com.br\/cbradar\/wp-json\/wp\/v2\/users\/3"}],"replies":[{"embeddable":true,"href":"https:\/\/www.correiobraziliense.com.br\/cbradar\/wp-json\/wp\/v2\/comments?post=177637"}],"version-history":[{"count":2,"href":"https:\/\/www.correiobraziliense.com.br\/cbradar\/wp-json\/wp\/v2\/posts\/177637\/revisions"}],"predecessor-version":[{"id":177640,"href":"https:\/\/www.correiobraziliense.com.br\/cbradar\/wp-json\/wp\/v2\/posts\/177637\/revisions\/177640"}],"wp:featuredmedia":[{"embeddable":true,"href":"https:\/\/www.correiobraziliense.com.br\/cbradar\/wp-json\/wp\/v2\/media\/179075"}],"wp:attachment":[{"href":"https:\/\/www.correiobraziliense.com.br\/cbradar\/wp-json\/wp\/v2\/media?parent=177637"}],"wp:term":[{"taxonomy":"category","embeddable":true,"href":"https:\/\/www.correiobraziliense.com.br\/cbradar\/wp-json\/wp\/v2\/categories?post=177637"},{"taxonomy":"post_tag","embeddable":true,"href":"https:\/\/www.correiobraziliense.com.br\/cbradar\/wp-json\/wp\/v2\/post_tag?post=177637"}],"curies":[{"name":"wp","href":"https:\/\/api.w.org\/{rel}","templated":true}]}}