{"id":177649,"date":"2026-01-22T18:35:00","date_gmt":"2026-01-22T21:35:00","guid":{"rendered":"https:\/\/www.correiobraziliense.com.br\/cbradar\/?p=177649"},"modified":"2026-01-21T10:59:23","modified_gmt":"2026-01-21T13:59:23","slug":"os-alimentos-que-parecem-prejudiciais-mas-que-podem-ser-saudaveis-para-ter-na-dieta","status":"publish","type":"post","link":"https:\/\/www.correiobraziliense.com.br\/cbradar\/os-alimentos-que-parecem-prejudiciais-mas-que-podem-ser-saudaveis-para-ter-na-dieta\/","title":{"rendered":"Os alimentos que parecem prejudiciais, mas que podem ser saud\u00e1veis para ter na dieta"},"content":{"rendered":"\n<p>Entre as muitas tend\u00eancias de alimenta\u00e7\u00e3o que surgiram nos \u00faltimos anos, alguns itens acabaram ganhando fama de <strong>vil\u00f5es da sa\u00fade<\/strong> sem que isso fosse totalmente justificado. Em meio a r\u00f3tulos confusos, <strong>dietas da moda<\/strong> e informa\u00e7\u00f5es desencontradas, certos alimentos foram colocados na lista do \u201cproibido\u201d mesmo tendo boa qualidade nutricional. A partir de evid\u00eancias mais recentes, nutricionistas t\u00eam revisado essa vis\u00e3o e mostrado que alguns produtos podem, sim, fazer parte de uma rotina equilibrada, desde que inseridos em um <strong>padr\u00e3o alimentar variado e consciente<\/strong>.<\/p>\n\n\n\n<h2 class=\"wp-block-heading\">Alimentos \u201cvil\u00f5es\u201d que podem ser aliados \u00e0 sa\u00fade<\/h2>\n\n\n\n<p>O ponto central, segundo especialistas, n\u00e3o \u00e9 apenas o alimento isolado, mas o <strong>contexto em que ele \u00e9 consumido<\/strong>: quantidade, forma de preparo, combina\u00e7\u00f5es e frequ\u00eancia. Quando esses fatores s\u00e3o considerados, muitos itens ganham outra imagem e podem at\u00e9 contribuir para <strong>preven\u00e7\u00e3o de doen\u00e7as cr\u00f4nicas<\/strong>, como diabetes tipo 2 e problemas cardiovasculares.<\/p>\n\n\n\n<p>Um dos exemplos mais citados s\u00e3o os <strong>ovos<\/strong>, fonte de prote\u00ednas de alto valor biol\u00f3gico, vitaminas do complexo B e gorduras boas. Estudos recentes indicam que, para pessoas saud\u00e1veis, o consumo moderado de ovos n\u00e3o est\u00e1 diretamente ligado ao aumento do risco cardiovascular. Em vez de exclu\u00ed-los, a recomenda\u00e7\u00e3o \u00e9 observar o <strong>modo de preparo<\/strong> e o conjunto da dieta.<\/p>\n\n\n\n<h2 class=\"wp-block-heading\">Carboidratos realmente engordam ou podem ser aliados?<\/h2>\n\n\n\n<p>Outro grupo frequentemente mal interpretado s\u00e3o os <strong>carboidratos<\/strong>. P\u00e3es, massas, batata e aveia costumam ser associados ao ganho de peso, o que leva muita gente a cort\u00e1-los de forma radical. A literatura cient\u00edfica, por\u00e9m, aponta que o organismo utiliza os carboidratos como <strong>principal fonte de energia<\/strong>, especialmente para o funcionamento do c\u00e9rebro e dos m\u00fasculos.<\/p>\n\n\n\n<p>O foco atual recai mais na <strong>qualidade dessas fontes<\/strong> \u2013 como gr\u00e3os integrais e legumes ricos em fibra \u2013 do que em cortar completamente esse nutriente. Quando combinados com prote\u00ednas e gorduras boas, os carboidratos ajudam na <strong>saciedade<\/strong> e no controle da glicemia. J\u00e1 as vers\u00f5es muito refinadas e a\u00e7ucaradas tendem a favorecer picos de a\u00e7\u00facar no sangue e maior ac\u00famulo de gordura corporal.<\/p>\n\n\n\n<p>Para aprofundarmos no tema, trouxemos o v\u00eddeo do nutricionista Mauro Tkahashi (@maurotakahashinutri):<\/p>\n\n\n\n<blockquote class=\"tiktok-embed\" cite=\"https:\/\/www.tiktok.com\/@maurotakahashinutri\/video\/7581079471365639442\" data-video-id=\"7581079471365639442\" style=\"max-width: 605px;min-width: 325px;\" > <section> <a target=\"_blank\" title=\"@maurotakahashinutri\" href=\"https:\/\/www.tiktok.com\/@maurotakahashinutri?refer=embed\">@maurotakahashinutri<\/a> Carboidrato n\u00e3o \u00e9 vil\u00e3o. O problema n\u00e3o \u00e9 o p\u00e3o ou o arroz \u00e9 a forma como voc\u00ea foi ensinado a ter medo deles. Nesse v\u00eddeo eu quebro o maior mito do emagrecimento e te mostro por que dietas sem carbo s\u00f3 geram compuls\u00e3o e efeito sanfona. \t\u2022\tcarboidrato \t\u2022\tp\u00e3o engorda? \t\u2022\tarroz engorda? \t\u2022\temagrecimento \t\u2022\tnutri\u00e7\u00e3o sem terrorismo \t\u2022\tdieta low carb \t\u2022\tjejum intermitente \t\u2022\tcompuls\u00e3o alimentar \t\u2022\tefeito sanfona \t\u2022\td\u00e9ficit cal\u00f3rico \t\u2022\treeduca\u00e7\u00e3o alimentar \t\u2022\tsa\u00fade metab\u00f3lica \t\u2022\t\u00edndice glic\u00eamico \t\u2022\tcontrole glic\u00eamico \t\u2022\teduca\u00e7\u00e3o nutricional \t\u2022\tmentalidade alimentar \t\u2022\tdieta restritiva \t\u2022\temagrecer sem passar fome \t\u2022\tdomingo saud\u00e1vel \t\u2022\talimenta\u00e7\u00e3o sem culpa <a title=\"emagrecimento\" target=\"_blank\" href=\"https:\/\/www.tiktok.com\/tag\/emagrecimento?refer=embed\">#emagrecimento<\/a> <a title=\"dieta\" target=\"_blank\" href=\"https:\/\/www.tiktok.com\/tag\/dieta?refer=embed\">#dieta<\/a> <a title=\"reeducacaoalimentar\" target=\"_blank\" href=\"https:\/\/www.tiktok.com\/tag\/reeducacaoalimentar?refer=embed\">#reeducacaoalimentar<\/a> <a title=\"nutricionista\" target=\"_blank\" href=\"https:\/\/www.tiktok.com\/tag\/nutricionista?refer=embed\">#nutricionista<\/a> <a target=\"_blank\" title=\"\u266c som original - maurotakahashinutri\" href=\"https:\/\/www.tiktok.com\/music\/som-original-7581079482728647441?refer=embed\">\u266c som original &#8211; maurotakahashinutri<\/a> <\/section> <\/blockquote> <script async src=\"https:\/\/www.tiktok.com\/embed.js\"><\/script>\n\n\n\n<h2 class=\"wp-block-heading\">Caf\u00e9, l\u00e1cteos e gl\u00faten fazem mal ou podem ser consumidos com equil\u00edbrio?<\/h2>\n\n\n\n<p>O <strong>caf\u00e9<\/strong> tamb\u00e9m entra na lista dos alimentos que receberam fama complicada ao longo do tempo. Em quantidades exageradas, pode provocar desconfortos como taquicardia ou altera\u00e7\u00f5es no sono, mas pesquisas t\u00eam associado o consumo moderado da bebida a <strong>benef\u00edcios metab\u00f3licos<\/strong> em alguns grupos da popula\u00e7\u00e3o. A aten\u00e7\u00e3o maior recai sobre os acompanhamentos: grandes quantidades de a\u00e7\u00facar, cremes e coberturas cal\u00f3ricas costumam pesar mais na sa\u00fade do que o pr\u00f3prio caf\u00e9 em si.<\/p>\n\n\n\n<p>No caso dos <strong>l\u00e1cteos<\/strong>, o debate costuma envolver digest\u00e3o, peso corporal e sa\u00fade \u00f3ssea. Produtos como leite, queijos e iogurtes oferecem <strong>prote\u00ednas, c\u00e1lcio, pot\u00e1ssio<\/strong> e, em muitos casos, vitamina D adicionada. J\u00e1 o <strong>gl\u00faten<\/strong>, presente em cereais como trigo, cevada e centeio, deve ser evitado por quem tem doen\u00e7a cel\u00edaca, alergia ao trigo ou sensibilidade diagnosticada, mas n\u00e3o precisa ser retirado por toda a popula\u00e7\u00e3o. Nesses casos, vers\u00f5es integrais de trigo podem contribuir com <strong>fibras, vitaminas e minerais<\/strong>.<\/p>\n\n\n\n<h2 class=\"wp-block-heading\">Como aproveitar melhor iogurte, enlatados e carboidratos no dia a dia<\/h2>\n\n\n\n<p>Alimentos congelados costumam ser associados a refei\u00e7\u00f5es prontas muito industrializadas, mas o cen\u00e1rio atual \u00e9 mais amplo. Legumes e frutas congelados, por exemplo, s\u00e3o colhidos e processados em ponto de matura\u00e7\u00e3o adequado, o que ajuda a <strong>preservar nutrientes<\/strong>. Quando a lista de ingredientes \u00e9 simples \u2013 basicamente o alimento e, \u00e0s vezes, algum tempero leve \u2013 podem ser solu\u00e7\u00f5es pr\u00e1ticas para o dia a dia, sobretudo para quem tem pouco tempo para cozinhar.<\/p>\n\n\n\n<p>Algo semelhante ocorre com <strong>frutas e vegetais enlatados<\/strong>. Quando escolhidos sem adi\u00e7\u00e3o excessiva de sal, a\u00e7\u00facar ou caldas espessas, podem participar de refei\u00e7\u00f5es equilibradas. A leitura atenta dos r\u00f3tulos torna-se fundamental para diferenciar op\u00e7\u00f5es mais simples de vers\u00f5es altamente processadas. Lavar o conte\u00fado da lata em \u00e1gua corrente, em alguns casos, ajuda a reduzir o teor de s\u00f3dio e tornar a refei\u00e7\u00e3o mais <strong>adequada \u00e0 sa\u00fade cardiovascular<\/strong>.<\/p>\n\n\n\n<figure class=\"wp-block-image size-large\"><img decoding=\"async\" width=\"1024\" height=\"576\" src=\"https:\/\/www.correiobraziliense.com.br\/cbradar\/wp-content\/uploads\/2026\/01\/\u2705-BANNER-MYTH-10-15-1024x576.png\" alt=\"Os alimentos que parecem prejudiciais, mas que podem ser saud\u00e1veis para ter na dieta\" class=\"wp-image-177651\" srcset=\"https:\/\/www.correiobraziliense.com.br\/cbradar\/wp-content\/uploads\/2026\/01\/\u2705-BANNER-MYTH-10-15-1024x576.png 1024w, https:\/\/www.correiobraziliense.com.br\/cbradar\/wp-content\/uploads\/2026\/01\/\u2705-BANNER-MYTH-10-15-300x169.png 300w, https:\/\/www.correiobraziliense.com.br\/cbradar\/wp-content\/uploads\/2026\/01\/\u2705-BANNER-MYTH-10-15-768x432.png 768w, https:\/\/www.correiobraziliense.com.br\/cbradar\/wp-content\/uploads\/2026\/01\/\u2705-BANNER-MYTH-10-15-750x422.png 750w, https:\/\/www.correiobraziliense.com.br\/cbradar\/wp-content\/uploads\/2026\/01\/\u2705-BANNER-MYTH-10-15-1140x641.png 1140w, https:\/\/www.correiobraziliense.com.br\/cbradar\/wp-content\/uploads\/2026\/01\/\u2705-BANNER-MYTH-10-15.png 1280w\" sizes=\"(max-width: 1024px) 100vw, 1024px\" \/><figcaption class=\"wp-element-caption\">Redescubra vil\u00f5es da dieta: integre ovos e coco com equil\u00edbrio para nutrir corpo e mente em rotinas saud\u00e1veis e conscientes!<\/figcaption><\/figure>\n\n\n\n<h2 class=\"wp-block-heading\">Como organizar os diferentes tipos de carboidratos na rotina alimentar<\/h2>\n\n\n\n<p>Na discuss\u00e3o sobre <strong>carboidratos<\/strong>, uma forma pr\u00e1tica de organiza\u00e7\u00e3o \u00e9 observar o tipo de alimento escolhido e o quanto ele contribui com fibras, saciedade e controle glic\u00eamico. Assim, fica mais f\u00e1cil montar refei\u00e7\u00f5es que combinem <strong>energia, nutri\u00e7\u00e3o e prazer<\/strong>, sem excluir totalmente esse grupo alimentar t\u00e3o importante.<\/p>\n\n\n\n<ul class=\"wp-block-list\">\n<li><strong>Fontes integrais<\/strong>: arroz integral, aveia, p\u00e3es com farinha integral, quinoa, cevada;<\/li>\n\n\n\n<li><strong>Fontes ricas em amido<\/strong>: batata, mandioca, milho, inhame;<\/li>\n\n\n\n<li><strong>Fontes refinadas<\/strong>: p\u00e3es muito brancos, doces, sobremesas \u00e0 base de farinha e a\u00e7\u00facar.<\/li>\n<\/ul>\n\n\n\n<h2 class=\"wp-block-heading\">Como montar um prato equilibrado usando esses alimentos injusti\u00e7ados<\/h2>\n\n\n\n<p>Em vez de excluir totalmente os itens que carregam m\u00e1 fama, muitos profissionais orientam a organizar o prato de forma mais estrat\u00e9gica. Uma possibilidade \u00e9 adotar propor\u00e7\u00f5es aproximadas, ajustadas \u00e0 rotina de cada pessoa, favorecendo o consumo de <strong>vegetais<\/strong> e o equil\u00edbrio entre carboidratos, prote\u00ednas e gorduras boas. Essa l\u00f3gica tamb\u00e9m auxilia no controle de peso e na manuten\u00e7\u00e3o da <strong>energia ao longo do dia<\/strong>.<\/p>\n\n\n\n<p>Itens como <strong>caf\u00e9, l\u00e1cteos, alimentos congelados e enlatados<\/strong> podem ser incorporados ao longo do dia, respeitando planejamento, r\u00f3tulos e necessidades individuais. Em um cen\u00e1rio em que sobram informa\u00e7\u00f5es conflitantes, o <strong>acompanhamento profissional<\/strong> e a observa\u00e7\u00e3o do pr\u00f3prio organismo ainda s\u00e3o as ferramentas mais seguras para decidir se esses alimentos \u201cinjusti\u00e7ados\u201d podem ocupar um espa\u00e7o est\u00e1vel na rotina alimentar.<\/p>\n","protected":false},"excerpt":{"rendered":"<p>Alimentos injusti\u00e7ados na dieta: descubra por que ovos, caf\u00e9, carboidratos, gl\u00faten, latic\u00ednios e congelados podem ser op\u00e7\u00f5es saud\u00e1veis<\/p>\n","protected":false},"author":3,"featured_media":179108,"comment_status":"open","ping_status":"open","sticky":false,"template":"","format":"standard","meta":{"_yoast_wpseo_focuskw":"alimentos que s\u00e3o saud\u00e1veis","_yoast_wpseo_title":"%%title%%","_yoast_wpseo_metadesc":"Alimentos injusti\u00e7ados na dieta: descubra por que ovos, caf\u00e9, carboidratos, gl\u00faten, latic\u00ednios e congelados podem ser op\u00e7\u00f5es saud\u00e1veis","jnews-multi-image_gallery":[],"jnews_single_post":{"format":"standard"},"jnews_primary_category":[],"jnews_social_meta":[],"jnews_override_counter":[],"footnotes":""},"categories":[112],"post_tag":[281,1423,1499,144,1400,565],"class_list":["post-177649","post","type-post","status-publish","format-standard","has-post-thumbnail","hentry","category-curiosidades","tag-alimentacao","tag-alimentos","tag-alimentos-saudaveis","tag-curiosidades","tag-nutricao","tag-saude"],"yoast_head":"<!-- This site is optimized with the Yoast SEO plugin v24.6 - https:\/\/yoast.com\/wordpress\/plugins\/seo\/ -->\n<title>Os alimentos que parecem prejudiciais, mas que podem ser saud\u00e1veis para ter na dieta<\/title>\n<meta name=\"description\" content=\"Alimentos injusti\u00e7ados na dieta: descubra por que ovos, caf\u00e9, carboidratos, gl\u00faten, latic\u00ednios e congelados podem ser op\u00e7\u00f5es saud\u00e1veis\" \/>\n<meta name=\"robots\" content=\"index, follow, max-snippet:-1, max-image-preview:large, max-video-preview:-1\" \/>\n<link rel=\"canonical\" href=\"https:\/\/www.correiobraziliense.com.br\/cbradar\/os-alimentos-que-parecem-prejudiciais-mas-que-podem-ser-saudaveis-para-ter-na-dieta\/\" \/>\n<meta property=\"og:locale\" content=\"pt_BR\" \/>\n<meta property=\"og:type\" content=\"article\" \/>\n<meta property=\"og:title\" content=\"Os alimentos que parecem prejudiciais, mas que podem ser saud\u00e1veis para ter na dieta\" \/>\n<meta property=\"og:description\" content=\"Alimentos injusti\u00e7ados na dieta: descubra por que ovos, caf\u00e9, carboidratos, gl\u00faten, latic\u00ednios e congelados podem ser op\u00e7\u00f5es saud\u00e1veis\" \/>\n<meta property=\"og:url\" content=\"https:\/\/www.correiobraziliense.com.br\/cbradar\/os-alimentos-que-parecem-prejudiciais-mas-que-podem-ser-saudaveis-para-ter-na-dieta\/\" \/>\n<meta property=\"og:site_name\" content=\"Correio Braziliense - Radar\" \/>\n<meta property=\"article:published_time\" content=\"2026-01-22T21:35:00+00:00\" \/>\n<meta property=\"og:image\" content=\"https:\/\/www.correiobraziliense.com.br\/cbradar\/wp-content\/uploads\/2026\/01\/freepik__imagem-realista-dos-seguintes-alimentos-pes-massas__84029.jpeg\" \/>\n\t<meta property=\"og:image:width\" content=\"1280\" \/>\n\t<meta property=\"og:image:height\" content=\"720\" \/>\n\t<meta property=\"og:image:type\" content=\"image\/jpeg\" \/>\n<meta name=\"author\" content=\"Larissa Carvalho\" \/>\n<meta name=\"twitter:card\" content=\"summary_large_image\" \/>\n<meta name=\"twitter:label1\" content=\"Escrito por\" \/>\n\t<meta name=\"twitter:data1\" content=\"Larissa Carvalho\" \/>\n\t<meta name=\"twitter:label2\" content=\"Est. tempo de leitura\" \/>\n\t<meta name=\"twitter:data2\" content=\"6 minutos\" \/>\n<!-- \/ Yoast SEO plugin. -->","yoast_head_json":{"title":"Os alimentos que parecem prejudiciais, mas que podem ser saud\u00e1veis para ter na dieta","description":"Alimentos injusti\u00e7ados na dieta: descubra por que ovos, caf\u00e9, carboidratos, gl\u00faten, latic\u00ednios e congelados podem ser op\u00e7\u00f5es saud\u00e1veis","robots":{"index":"index","follow":"follow","max-snippet":"max-snippet:-1","max-image-preview":"max-image-preview:large","max-video-preview":"max-video-preview:-1"},"canonical":"https:\/\/www.correiobraziliense.com.br\/cbradar\/os-alimentos-que-parecem-prejudiciais-mas-que-podem-ser-saudaveis-para-ter-na-dieta\/","og_locale":"pt_BR","og_type":"article","og_title":"Os alimentos que parecem prejudiciais, mas que podem ser saud\u00e1veis para ter na dieta","og_description":"Alimentos injusti\u00e7ados na dieta: descubra por que ovos, caf\u00e9, carboidratos, gl\u00faten, latic\u00ednios e congelados podem ser op\u00e7\u00f5es saud\u00e1veis","og_url":"https:\/\/www.correiobraziliense.com.br\/cbradar\/os-alimentos-que-parecem-prejudiciais-mas-que-podem-ser-saudaveis-para-ter-na-dieta\/","og_site_name":"Correio Braziliense - Radar","article_published_time":"2026-01-22T21:35:00+00:00","og_image":[{"width":1280,"height":720,"url":"https:\/\/www.correiobraziliense.com.br\/cbradar\/wp-content\/uploads\/2026\/01\/freepik__imagem-realista-dos-seguintes-alimentos-pes-massas__84029.jpeg","type":"image\/jpeg"}],"author":"Larissa Carvalho","twitter_card":"summary_large_image","twitter_misc":{"Escrito por":"Larissa Carvalho","Est. tempo de leitura":"6 minutos"},"schema":{"@context":"https:\/\/schema.org","@graph":[{"@type":"WebPage","@id":"https:\/\/www.correiobraziliense.com.br\/cbradar\/os-alimentos-que-parecem-prejudiciais-mas-que-podem-ser-saudaveis-para-ter-na-dieta\/","url":"https:\/\/www.correiobraziliense.com.br\/cbradar\/os-alimentos-que-parecem-prejudiciais-mas-que-podem-ser-saudaveis-para-ter-na-dieta\/","name":"Os alimentos que parecem prejudiciais, mas que podem ser saud\u00e1veis para ter na dieta","isPartOf":{"@id":"https:\/\/www.correiobraziliense.com.br\/cbradar\/#website"},"primaryImageOfPage":{"@id":"https:\/\/www.correiobraziliense.com.br\/cbradar\/os-alimentos-que-parecem-prejudiciais-mas-que-podem-ser-saudaveis-para-ter-na-dieta\/#primaryimage"},"image":{"@id":"https:\/\/www.correiobraziliense.com.br\/cbradar\/os-alimentos-que-parecem-prejudiciais-mas-que-podem-ser-saudaveis-para-ter-na-dieta\/#primaryimage"},"thumbnailUrl":"https:\/\/www.correiobraziliense.com.br\/cbradar\/wp-content\/uploads\/2026\/01\/freepik__imagem-realista-dos-seguintes-alimentos-pes-massas__84029.jpeg","datePublished":"2026-01-22T21:35:00+00:00","author":{"@id":"https:\/\/www.correiobraziliense.com.br\/cbradar\/#\/schema\/person\/58422787644df994b53a19d3e56c1513"},"description":"Alimentos injusti\u00e7ados na dieta: descubra por que ovos, caf\u00e9, carboidratos, gl\u00faten, latic\u00ednios e congelados podem ser op\u00e7\u00f5es saud\u00e1veis","breadcrumb":{"@id":"https:\/\/www.correiobraziliense.com.br\/cbradar\/os-alimentos-que-parecem-prejudiciais-mas-que-podem-ser-saudaveis-para-ter-na-dieta\/#breadcrumb"},"inLanguage":"pt-BR","potentialAction":[{"@type":"ReadAction","target":["https:\/\/www.correiobraziliense.com.br\/cbradar\/os-alimentos-que-parecem-prejudiciais-mas-que-podem-ser-saudaveis-para-ter-na-dieta\/"]}]},{"@type":"ImageObject","inLanguage":"pt-BR","@id":"https:\/\/www.correiobraziliense.com.br\/cbradar\/os-alimentos-que-parecem-prejudiciais-mas-que-podem-ser-saudaveis-para-ter-na-dieta\/#primaryimage","url":"https:\/\/www.correiobraziliense.com.br\/cbradar\/wp-content\/uploads\/2026\/01\/freepik__imagem-realista-dos-seguintes-alimentos-pes-massas__84029.jpeg","contentUrl":"https:\/\/www.correiobraziliense.com.br\/cbradar\/wp-content\/uploads\/2026\/01\/freepik__imagem-realista-dos-seguintes-alimentos-pes-massas__84029.jpeg","width":1280,"height":720,"caption":"Alguns alimentos foram considerados vil\u00f5es por causa de modismos e informa\u00e7\u00f5es mal interpretadas"},{"@type":"BreadcrumbList","@id":"https:\/\/www.correiobraziliense.com.br\/cbradar\/os-alimentos-que-parecem-prejudiciais-mas-que-podem-ser-saudaveis-para-ter-na-dieta\/#breadcrumb","itemListElement":[{"@type":"ListItem","position":1,"name":"In\u00edcio","item":"https:\/\/www.correiobraziliense.com.br\/cbradar\/"},{"@type":"ListItem","position":2,"name":"Os alimentos que parecem prejudiciais, mas que podem ser saud\u00e1veis para ter na dieta"}]},{"@type":"WebSite","@id":"https:\/\/www.correiobraziliense.com.br\/cbradar\/#website","url":"https:\/\/www.correiobraziliense.com.br\/cbradar\/","name":"Correio Braziliense - Radar","description":"Acompanhe as \u00faltimas not\u00edcias e fique bem informado sobre tudo o que acontece no Brasil e no mundo.","potentialAction":[{"@type":"SearchAction","target":{"@type":"EntryPoint","urlTemplate":"https:\/\/www.correiobraziliense.com.br\/cbradar\/?s={search_term_string}"},"query-input":{"@type":"PropertyValueSpecification","valueRequired":true,"valueName":"search_term_string"}}],"inLanguage":"pt-BR"},{"@type":"Person","@id":"https:\/\/www.correiobraziliense.com.br\/cbradar\/#\/schema\/person\/58422787644df994b53a19d3e56c1513","name":"Larissa Carvalho","image":{"@type":"ImageObject","inLanguage":"pt-BR","@id":"https:\/\/www.correiobraziliense.com.br\/cbradar\/#\/schema\/person\/image\/","url":"https:\/\/secure.gravatar.com\/avatar\/fe4f91a0de32b52a838d0d612abdc1aa?s=96&d=mm&r=g","contentUrl":"https:\/\/secure.gravatar.com\/avatar\/fe4f91a0de32b52a838d0d612abdc1aa?s=96&d=mm&r=g","caption":"Larissa Carvalho"},"url":"https:\/\/www.correiobraziliense.com.br\/cbradar\/author\/larissamyth\/"}]}},"_links":{"self":[{"href":"https:\/\/www.correiobraziliense.com.br\/cbradar\/wp-json\/wp\/v2\/posts\/177649","targetHints":{"allow":["GET"]}}],"collection":[{"href":"https:\/\/www.correiobraziliense.com.br\/cbradar\/wp-json\/wp\/v2\/posts"}],"about":[{"href":"https:\/\/www.correiobraziliense.com.br\/cbradar\/wp-json\/wp\/v2\/types\/post"}],"author":[{"embeddable":true,"href":"https:\/\/www.correiobraziliense.com.br\/cbradar\/wp-json\/wp\/v2\/users\/3"}],"replies":[{"embeddable":true,"href":"https:\/\/www.correiobraziliense.com.br\/cbradar\/wp-json\/wp\/v2\/comments?post=177649"}],"version-history":[{"count":2,"href":"https:\/\/www.correiobraziliense.com.br\/cbradar\/wp-json\/wp\/v2\/posts\/177649\/revisions"}],"predecessor-version":[{"id":177652,"href":"https:\/\/www.correiobraziliense.com.br\/cbradar\/wp-json\/wp\/v2\/posts\/177649\/revisions\/177652"}],"wp:featuredmedia":[{"embeddable":true,"href":"https:\/\/www.correiobraziliense.com.br\/cbradar\/wp-json\/wp\/v2\/media\/179108"}],"wp:attachment":[{"href":"https:\/\/www.correiobraziliense.com.br\/cbradar\/wp-json\/wp\/v2\/media?parent=177649"}],"wp:term":[{"taxonomy":"category","embeddable":true,"href":"https:\/\/www.correiobraziliense.com.br\/cbradar\/wp-json\/wp\/v2\/categories?post=177649"},{"taxonomy":"post_tag","embeddable":true,"href":"https:\/\/www.correiobraziliense.com.br\/cbradar\/wp-json\/wp\/v2\/post_tag?post=177649"}],"curies":[{"name":"wp","href":"https:\/\/api.w.org\/{rel}","templated":true}]}}