{"id":177661,"date":"2026-01-21T10:15:00","date_gmt":"2026-01-21T13:15:00","guid":{"rendered":"https:\/\/www.correiobraziliense.com.br\/cbradar\/?p=177661"},"modified":"2026-01-20T10:15:34","modified_gmt":"2026-01-20T13:15:34","slug":"troque-a-luz-branca-de-hospital-por-lampadas-amarelas-que-custam-menos-de-20-reais-e-deixe-sua-sala-com-cara-de-novela-imediatamente","status":"publish","type":"post","link":"https:\/\/www.correiobraziliense.com.br\/cbradar\/troque-a-luz-branca-de-hospital-por-lampadas-amarelas-que-custam-menos-de-20-reais-e-deixe-sua-sala-com-cara-de-novela-imediatamente\/","title":{"rendered":"Troque a luz branca de hospital por l\u00e2mpadas amarelas que custam menos de 20 reais e deixe sua sala com cara de novela imediatamente"},"content":{"rendered":"\n<p>Muitas pessoas n\u00e3o percebem, mas o segredo para ter uma sala com &#8220;cara de novela&#8221; n\u00e3o est\u00e1 nos m\u00f3veis caros, mas na temperatura da <strong>ilumina\u00e7\u00e3o amarela<\/strong>. Substituir as l\u00e2mpadas brancas frias por op\u00e7\u00f5es quentes \u00e9 um truque de design acess\u00edvel que elimina a sensa\u00e7\u00e3o est\u00e9ril de hospital e cria instantaneamente um ambiente acolhedor e sofisticado.<\/p>\n\n\n\n<h2 class=\"wp-block-heading\">Por que a luz branca deixa a casa com aspecto frio?<\/h2>\n\n\n\n<p>A luz branca, tecnicamente classificada acima de 6000K (Kelvin), emite um espectro azulado que nosso c\u00e9rebro associa ao sol do meio-dia, momento de alerta m\u00e1ximo e atividade intensa. Esse tipo de ilumina\u00e7\u00e3o \u00e9 funcional para escrit\u00f3rios, cozinhas industriais e hospitais, onde a aten\u00e7\u00e3o e a higiene visual s\u00e3o priorit\u00e1rias, mas torna-se agressiva em \u00e1reas de lazer.<\/p>\n\n\n\n<p>Ao utilizar essa tonalidade na sala de estar, voc\u00ea inadvertidamente cria um espa\u00e7o que estimula o estado de vig\u00edlia constante, dificultando o relaxamento. O ambiente fica visualmente &#8220;duro&#8221;, ressaltando imperfei\u00e7\u00f5es nas paredes e criando uma atmosfera impessoal que cansa a vista ap\u00f3s um longo dia de trabalho.<\/p>\n\n\n\n<figure class=\"wp-block-image aligncenter size-large\"><img decoding=\"async\" width=\"1024\" height=\"576\" src=\"https:\/\/www.correiobraziliense.com.br\/cbradar\/wp-content\/uploads\/2026\/01\/imagem_2026-01-18_103730962-1024x576.png\" alt=\"Troca da luz branca por l\u00e2mpadas amarelas baratas transforma a sala em um ambiente acolhedor\n\" class=\"wp-image-177663\" srcset=\"https:\/\/www.correiobraziliense.com.br\/cbradar\/wp-content\/uploads\/2026\/01\/imagem_2026-01-18_103730962-1024x576.png 1024w, https:\/\/www.correiobraziliense.com.br\/cbradar\/wp-content\/uploads\/2026\/01\/imagem_2026-01-18_103730962-300x169.png 300w, https:\/\/www.correiobraziliense.com.br\/cbradar\/wp-content\/uploads\/2026\/01\/imagem_2026-01-18_103730962-768x432.png 768w, https:\/\/www.correiobraziliense.com.br\/cbradar\/wp-content\/uploads\/2026\/01\/imagem_2026-01-18_103730962-750x422.png 750w, https:\/\/www.correiobraziliense.com.br\/cbradar\/wp-content\/uploads\/2026\/01\/imagem_2026-01-18_103730962-1140x641.png 1140w, https:\/\/www.correiobraziliense.com.br\/cbradar\/wp-content\/uploads\/2026\/01\/imagem_2026-01-18_103730962.png 1280w\" sizes=\"(max-width: 1024px) 100vw, 1024px\" \/><figcaption class=\"wp-element-caption\">Troca da luz branca por l\u00e2mpadas amarelas baratas transforma a sala em um ambiente acolhedor\n<\/figcaption><\/figure>\n\n\n\n<h2 class=\"wp-block-heading\">Qual \u00e9 a diferen\u00e7a t\u00e9cnica entre 3000K e 6500K?<\/h2>\n\n\n\n<p>A escala Kelvin mede a temperatura de cor da luz: quanto maior o n\u00famero, mais fria e azulada ela \u00e9; quanto menor, mais quente e alaranjada. A luz de 6500K \u00e9 o branco frio intenso, enquanto a faixa de 2700K a 3000K corresponde \u00e0 luz amarela suave, que imita a tonalidade do p\u00f4r do sol ou da chama de uma vela.<\/p>\n\n\n\n<p>Essa mudan\u00e7a de espectro n\u00e3o afeta o consumo de energia, pois ambas s\u00e3o tecnologias LED. A diferen\u00e7a \u00e9 puramente sensorial e biol\u00f3gica, onde a luz quente (3000K) sinaliza ao corpo que \u00e9 hora de desacelerar, enquanto a fria mant\u00e9m o sistema nervoso em estado de alerta.<\/p>\n\n\n\n<p>Leia tamb\u00e9m: <a href=\"https:\/\/www.correiobraziliense.com.br\/cbradar\/teto-alto-vs-teto-baixo-como-a-altura-do-pe-direito-muda-a-sua-criatividade-ou-foco\/\" target=\"_blank\" rel=\"noreferrer noopener\">Teto alto vs Teto baixo: como a altura do p\u00e9-direito muda a sua criatividade ou foco<\/a><\/p>\n\n\n\n<h2 class=\"wp-block-heading\">Como a tonalidade amarela traz sofistica\u00e7\u00e3o imediata?<\/h2>\n\n\n\n<p>A ilumina\u00e7\u00e3o quente, ou &#8220;amarelinha&#8221;, adiciona uma camada de textura visual ao ambiente, tornando as cores dos m\u00f3veis, tapetes e quadros mais vivas e agrad\u00e1veis. Ela cria sombras mais suaves e difusas, o que gera a sensa\u00e7\u00e3o de profundidade e intimidade que vemos em cen\u00e1rios de televis\u00e3o e revistas de decora\u00e7\u00e3o.<\/p>\n\n\n\n<p>Al\u00e9m da est\u00e9tica, existe o conforto t\u00e9rmico psicol\u00f3gico. Mesmo em dias frios, entrar em uma sala banhada por luz dourada transmite uma sensa\u00e7\u00e3o imediata de abrigo e calor, transformando a sala de estar em um verdadeiro ref\u00fagio emocional contra o estresse externo.<\/p>\n\n\n\n<figure class=\"wp-block-image aligncenter size-large\"><img decoding=\"async\" width=\"1024\" height=\"576\" src=\"https:\/\/www.correiobraziliense.com.br\/cbradar\/wp-content\/uploads\/2026\/01\/imagem_2026-01-11_163725633-1024x576.png\" alt=\"Exposi\u00e7\u00e3o \u00e0 luz de LED atr\u00e1s de m\u00f3veis pode causar fadiga visual e desconforto nos olhos\" class=\"wp-image-172856\" srcset=\"https:\/\/www.correiobraziliense.com.br\/cbradar\/wp-content\/uploads\/2026\/01\/imagem_2026-01-11_163725633-1024x576.png 1024w, https:\/\/www.correiobraziliense.com.br\/cbradar\/wp-content\/uploads\/2026\/01\/imagem_2026-01-11_163725633-300x169.png 300w, https:\/\/www.correiobraziliense.com.br\/cbradar\/wp-content\/uploads\/2026\/01\/imagem_2026-01-11_163725633-768x432.png 768w, https:\/\/www.correiobraziliense.com.br\/cbradar\/wp-content\/uploads\/2026\/01\/imagem_2026-01-11_163725633-750x422.png 750w, https:\/\/www.correiobraziliense.com.br\/cbradar\/wp-content\/uploads\/2026\/01\/imagem_2026-01-11_163725633-1140x641.png 1140w, https:\/\/www.correiobraziliense.com.br\/cbradar\/wp-content\/uploads\/2026\/01\/imagem_2026-01-11_163725633.png 1280w\" sizes=\"(max-width: 1024px) 100vw, 1024px\" \/><figcaption class=\"wp-element-caption\">Troca da luz branca por l\u00e2mpadas amarelas baratas transforma a sala em um ambiente acolhedor\n<\/figcaption><\/figure>\n\n\n\n<h2 class=\"wp-block-heading\">O investimento realmente custa menos de 20 reais?<\/h2>\n\n\n\n<p>Sim, a mudan\u00e7a radical na atmosfera da sua casa custa apenas o pre\u00e7o de uma l\u00e2mpada LED comum encontrada em qualquer supermercado ou loja de constru\u00e7\u00e3o. Modelos de LED bulbo de 9W ou 12W na temperatura de cor 3000K (frequentemente rotuladas como &#8220;Luz Quente&#8221; ou &#8220;Branco Quente&#8221;) custam, em m\u00e9dia, entre R$ 12,00 e R$ 18,00.<\/p>\n\n\n\n<p>N\u00e3o \u00e9 necess\u00e1rio trocar lumin\u00e1rias, lustres ou fazer reformas el\u00e9tricas complexas. Basta desenroscar a l\u00e2mpada antiga de luz fria e colocar a nova op\u00e7\u00e3o amarela para ver o ambiente mudar completamente em segundos.<\/p>\n\n\n\n<h2 class=\"wp-block-heading\">Quais s\u00e3o as vantagens para o seu bem-estar?<\/h2>\n\n\n\n<p>A escolha correta da ilumina\u00e7\u00e3o vai muito al\u00e9m da decora\u00e7\u00e3o, impactando diretamente na qualidade do seu descanso e na sa\u00fade ocular. Ambientes de perman\u00eancia prolongada pedem luzes que n\u00e3o agridam a vis\u00e3o e que preparem o organismo para o sono.<\/p>\n\n\n\n<p>Os principais benef\u00edcios de adotar a luz amarela na sala incluem:<\/p>\n\n\n\n<ul class=\"wp-block-list\">\n<li><strong>Relaxamento Mental:<\/strong> Reduz a ansiedade visual causada pelo excesso de brilho branco.<\/li>\n\n\n\n<li><strong>Conforto Ocular:<\/strong> Diminui o ofuscamento e o cansa\u00e7o dos olhos ao assistir TV ou conversar.<\/li>\n\n\n\n<li><strong>Est\u00e9tica Valorizada:<\/strong> Deixa o tom de pele das pessoas mais bonito e natural.<\/li>\n\n\n\n<li><strong>Ciclo do Sono:<\/strong> Ajuda na transi\u00e7\u00e3o suave para a noite, interferindo menos na produ\u00e7\u00e3o de melatonina.<\/li>\n<\/ul>\n","protected":false},"excerpt":{"rendered":"<p>Muitas pessoas n\u00e3o percebem, mas o segredo para ter uma sala com &#8220;cara de novela&#8221; n\u00e3o est\u00e1 nos m\u00f3veis caros, mas na temperatura da ilumina\u00e7\u00e3o amarela. Substituir as l\u00e2mpadas brancas frias por op\u00e7\u00f5es quentes \u00e9 um truque de design acess\u00edvel que elimina a sensa\u00e7\u00e3o est\u00e9ril de hospital e cria instantaneamente um ambiente acolhedor e sofisticado. [&hellip;]<\/p>\n","protected":false},"author":11,"featured_media":178517,"comment_status":"open","ping_status":"open","sticky":false,"template":"","format":"standard","meta":{"_yoast_wpseo_focuskw":"Trocar a luz branca","_yoast_wpseo_title":"","_yoast_wpseo_metadesc":"Trocar a luz branca por l\u00e2mpadas amarelas acess\u00edveis transforma a sala com clima aconchegante elegante e apar\u00eancia de novela","jnews-multi-image_gallery":[],"jnews_single_post":{"format":"standard"},"jnews_primary_category":[],"jnews_social_meta":[],"jnews_override_counter":[],"footnotes":""},"categories":[143],"post_tag":[1288,14170],"class_list":["post-177661","post","type-post","status-publish","format-standard","has-post-thumbnail","hentry","category-casa-e-decoracao","tag-luz","tag-novela"],"yoast_head":"<!-- This site is optimized with the Yoast SEO plugin v24.6 - https:\/\/yoast.com\/wordpress\/plugins\/seo\/ -->\n<title>Troque a luz branca de hospital por l\u00e2mpadas amarelas que custam menos de 20 reais e deixe sua sala com cara de novela imediatamente - Correio Braziliense - Radar<\/title>\n<meta name=\"description\" content=\"Trocar a luz branca por l\u00e2mpadas amarelas acess\u00edveis transforma a sala com clima aconchegante elegante e apar\u00eancia de novela\" \/>\n<meta name=\"robots\" content=\"index, follow, max-snippet:-1, max-image-preview:large, max-video-preview:-1\" \/>\n<link rel=\"canonical\" href=\"https:\/\/www.correiobraziliense.com.br\/cbradar\/troque-a-luz-branca-de-hospital-por-lampadas-amarelas-que-custam-menos-de-20-reais-e-deixe-sua-sala-com-cara-de-novela-imediatamente\/\" \/>\n<meta property=\"og:locale\" content=\"pt_BR\" \/>\n<meta property=\"og:type\" content=\"article\" \/>\n<meta property=\"og:title\" content=\"Troque a luz branca de hospital por l\u00e2mpadas amarelas que custam menos de 20 reais e deixe sua sala com cara de novela imediatamente - Correio Braziliense - Radar\" \/>\n<meta property=\"og:description\" content=\"Trocar a luz branca por l\u00e2mpadas amarelas acess\u00edveis transforma a sala com clima aconchegante elegante e apar\u00eancia de novela\" \/>\n<meta property=\"og:url\" content=\"https:\/\/www.correiobraziliense.com.br\/cbradar\/troque-a-luz-branca-de-hospital-por-lampadas-amarelas-que-custam-menos-de-20-reais-e-deixe-sua-sala-com-cara-de-novela-imediatamente\/\" \/>\n<meta property=\"og:site_name\" content=\"Correio Braziliense - Radar\" \/>\n<meta property=\"article:published_time\" content=\"2026-01-21T13:15:00+00:00\" \/>\n<meta property=\"og:image\" content=\"https:\/\/www.correiobraziliense.com.br\/cbradar\/wp-content\/uploads\/2026\/01\/freepik__imagem-realista-de-duas-imagens-em-uma-a-primeira-__75414.jpeg\" \/>\n\t<meta property=\"og:image:width\" content=\"1280\" \/>\n\t<meta property=\"og:image:height\" content=\"720\" \/>\n\t<meta property=\"og:image:type\" content=\"image\/jpeg\" \/>\n<meta name=\"author\" content=\"Paulo Custodio\" \/>\n<meta name=\"twitter:card\" content=\"summary_large_image\" \/>\n<meta name=\"twitter:label1\" content=\"Escrito por\" \/>\n\t<meta name=\"twitter:data1\" content=\"Paulo Custodio\" \/>\n\t<meta name=\"twitter:label2\" content=\"Est. tempo de leitura\" \/>\n\t<meta name=\"twitter:data2\" content=\"4 minutos\" \/>\n<!-- \/ Yoast SEO plugin. -->","yoast_head_json":{"title":"Troque a luz branca de hospital por l\u00e2mpadas amarelas que custam menos de 20 reais e deixe sua sala com cara de novela imediatamente - Correio Braziliense - Radar","description":"Trocar a luz branca por l\u00e2mpadas amarelas acess\u00edveis transforma a sala com clima aconchegante elegante e apar\u00eancia de novela","robots":{"index":"index","follow":"follow","max-snippet":"max-snippet:-1","max-image-preview":"max-image-preview:large","max-video-preview":"max-video-preview:-1"},"canonical":"https:\/\/www.correiobraziliense.com.br\/cbradar\/troque-a-luz-branca-de-hospital-por-lampadas-amarelas-que-custam-menos-de-20-reais-e-deixe-sua-sala-com-cara-de-novela-imediatamente\/","og_locale":"pt_BR","og_type":"article","og_title":"Troque a luz branca de hospital por l\u00e2mpadas amarelas que custam menos de 20 reais e deixe sua sala com cara de novela imediatamente - Correio Braziliense - Radar","og_description":"Trocar a luz branca por l\u00e2mpadas amarelas acess\u00edveis transforma a sala com clima aconchegante elegante e apar\u00eancia de novela","og_url":"https:\/\/www.correiobraziliense.com.br\/cbradar\/troque-a-luz-branca-de-hospital-por-lampadas-amarelas-que-custam-menos-de-20-reais-e-deixe-sua-sala-com-cara-de-novela-imediatamente\/","og_site_name":"Correio Braziliense - Radar","article_published_time":"2026-01-21T13:15:00+00:00","og_image":[{"width":1280,"height":720,"url":"https:\/\/www.correiobraziliense.com.br\/cbradar\/wp-content\/uploads\/2026\/01\/freepik__imagem-realista-de-duas-imagens-em-uma-a-primeira-__75414.jpeg","type":"image\/jpeg"}],"author":"Paulo Custodio","twitter_card":"summary_large_image","twitter_misc":{"Escrito por":"Paulo Custodio","Est. tempo de leitura":"4 minutos"},"schema":{"@context":"https:\/\/schema.org","@graph":[{"@type":"WebPage","@id":"https:\/\/www.correiobraziliense.com.br\/cbradar\/troque-a-luz-branca-de-hospital-por-lampadas-amarelas-que-custam-menos-de-20-reais-e-deixe-sua-sala-com-cara-de-novela-imediatamente\/","url":"https:\/\/www.correiobraziliense.com.br\/cbradar\/troque-a-luz-branca-de-hospital-por-lampadas-amarelas-que-custam-menos-de-20-reais-e-deixe-sua-sala-com-cara-de-novela-imediatamente\/","name":"Troque a luz branca de hospital por l\u00e2mpadas amarelas que custam menos de 20 reais e deixe sua sala com cara de novela imediatamente - Correio Braziliense - Radar","isPartOf":{"@id":"https:\/\/www.correiobraziliense.com.br\/cbradar\/#website"},"primaryImageOfPage":{"@id":"https:\/\/www.correiobraziliense.com.br\/cbradar\/troque-a-luz-branca-de-hospital-por-lampadas-amarelas-que-custam-menos-de-20-reais-e-deixe-sua-sala-com-cara-de-novela-imediatamente\/#primaryimage"},"image":{"@id":"https:\/\/www.correiobraziliense.com.br\/cbradar\/troque-a-luz-branca-de-hospital-por-lampadas-amarelas-que-custam-menos-de-20-reais-e-deixe-sua-sala-com-cara-de-novela-imediatamente\/#primaryimage"},"thumbnailUrl":"https:\/\/www.correiobraziliense.com.br\/cbradar\/wp-content\/uploads\/2026\/01\/freepik__imagem-realista-de-duas-imagens-em-uma-a-primeira-__75414.jpeg","datePublished":"2026-01-21T13:15:00+00:00","author":{"@id":"https:\/\/www.correiobraziliense.com.br\/cbradar\/#\/schema\/person\/4cec7857301a9a1a2ef249893cd908d3"},"description":"Trocar a luz branca por l\u00e2mpadas amarelas acess\u00edveis transforma a sala com clima aconchegante elegante e apar\u00eancia de novela","breadcrumb":{"@id":"https:\/\/www.correiobraziliense.com.br\/cbradar\/troque-a-luz-branca-de-hospital-por-lampadas-amarelas-que-custam-menos-de-20-reais-e-deixe-sua-sala-com-cara-de-novela-imediatamente\/#breadcrumb"},"inLanguage":"pt-BR","potentialAction":[{"@type":"ReadAction","target":["https:\/\/www.correiobraziliense.com.br\/cbradar\/troque-a-luz-branca-de-hospital-por-lampadas-amarelas-que-custam-menos-de-20-reais-e-deixe-sua-sala-com-cara-de-novela-imediatamente\/"]}]},{"@type":"ImageObject","inLanguage":"pt-BR","@id":"https:\/\/www.correiobraziliense.com.br\/cbradar\/troque-a-luz-branca-de-hospital-por-lampadas-amarelas-que-custam-menos-de-20-reais-e-deixe-sua-sala-com-cara-de-novela-imediatamente\/#primaryimage","url":"https:\/\/www.correiobraziliense.com.br\/cbradar\/wp-content\/uploads\/2026\/01\/freepik__imagem-realista-de-duas-imagens-em-uma-a-primeira-__75414.jpeg","contentUrl":"https:\/\/www.correiobraziliense.com.br\/cbradar\/wp-content\/uploads\/2026\/01\/freepik__imagem-realista-de-duas-imagens-em-uma-a-primeira-__75414.jpeg","width":1280,"height":720,"caption":"A ilumina\u00e7\u00e3o amarela cria sensa\u00e7\u00e3o de aconchego e conforto visual"},{"@type":"BreadcrumbList","@id":"https:\/\/www.correiobraziliense.com.br\/cbradar\/troque-a-luz-branca-de-hospital-por-lampadas-amarelas-que-custam-menos-de-20-reais-e-deixe-sua-sala-com-cara-de-novela-imediatamente\/#breadcrumb","itemListElement":[{"@type":"ListItem","position":1,"name":"In\u00edcio","item":"https:\/\/www.correiobraziliense.com.br\/cbradar\/"},{"@type":"ListItem","position":2,"name":"Troque a luz branca de hospital por l\u00e2mpadas amarelas que custam menos de 20 reais e deixe sua sala com cara de novela imediatamente"}]},{"@type":"WebSite","@id":"https:\/\/www.correiobraziliense.com.br\/cbradar\/#website","url":"https:\/\/www.correiobraziliense.com.br\/cbradar\/","name":"Correio Braziliense - Radar","description":"Acompanhe as \u00faltimas not\u00edcias e fique bem informado sobre tudo o que acontece no Brasil e no mundo.","potentialAction":[{"@type":"SearchAction","target":{"@type":"EntryPoint","urlTemplate":"https:\/\/www.correiobraziliense.com.br\/cbradar\/?s={search_term_string}"},"query-input":{"@type":"PropertyValueSpecification","valueRequired":true,"valueName":"search_term_string"}}],"inLanguage":"pt-BR"},{"@type":"Person","@id":"https:\/\/www.correiobraziliense.com.br\/cbradar\/#\/schema\/person\/4cec7857301a9a1a2ef249893cd908d3","name":"Paulo Custodio","image":{"@type":"ImageObject","inLanguage":"pt-BR","@id":"https:\/\/www.correiobraziliense.com.br\/cbradar\/#\/schema\/person\/image\/","url":"https:\/\/secure.gravatar.com\/avatar\/bcd67168d1534e8fcf4f45c726a87cea?s=96&d=mm&r=g","contentUrl":"https:\/\/secure.gravatar.com\/avatar\/bcd67168d1534e8fcf4f45c726a87cea?s=96&d=mm&r=g","caption":"Paulo Custodio"},"sameAs":["https:\/\/www.correiobraziliense.com.br\/cbradar"],"url":"https:\/\/www.correiobraziliense.com.br\/cbradar\/author\/paulomyth\/"}]}},"_links":{"self":[{"href":"https:\/\/www.correiobraziliense.com.br\/cbradar\/wp-json\/wp\/v2\/posts\/177661","targetHints":{"allow":["GET"]}}],"collection":[{"href":"https:\/\/www.correiobraziliense.com.br\/cbradar\/wp-json\/wp\/v2\/posts"}],"about":[{"href":"https:\/\/www.correiobraziliense.com.br\/cbradar\/wp-json\/wp\/v2\/types\/post"}],"author":[{"embeddable":true,"href":"https:\/\/www.correiobraziliense.com.br\/cbradar\/wp-json\/wp\/v2\/users\/11"}],"replies":[{"embeddable":true,"href":"https:\/\/www.correiobraziliense.com.br\/cbradar\/wp-json\/wp\/v2\/comments?post=177661"}],"version-history":[{"count":1,"href":"https:\/\/www.correiobraziliense.com.br\/cbradar\/wp-json\/wp\/v2\/posts\/177661\/revisions"}],"predecessor-version":[{"id":177664,"href":"https:\/\/www.correiobraziliense.com.br\/cbradar\/wp-json\/wp\/v2\/posts\/177661\/revisions\/177664"}],"wp:featuredmedia":[{"embeddable":true,"href":"https:\/\/www.correiobraziliense.com.br\/cbradar\/wp-json\/wp\/v2\/media\/178517"}],"wp:attachment":[{"href":"https:\/\/www.correiobraziliense.com.br\/cbradar\/wp-json\/wp\/v2\/media?parent=177661"}],"wp:term":[{"taxonomy":"category","embeddable":true,"href":"https:\/\/www.correiobraziliense.com.br\/cbradar\/wp-json\/wp\/v2\/categories?post=177661"},{"taxonomy":"post_tag","embeddable":true,"href":"https:\/\/www.correiobraziliense.com.br\/cbradar\/wp-json\/wp\/v2\/post_tag?post=177661"}],"curies":[{"name":"wp","href":"https:\/\/api.w.org\/{rel}","templated":true}]}}