{"id":177673,"date":"2026-01-22T20:15:00","date_gmt":"2026-01-22T23:15:00","guid":{"rendered":"https:\/\/www.correiobraziliense.com.br\/cbradar\/?p=177673"},"modified":"2026-01-21T11:03:19","modified_gmt":"2026-01-21T14:03:19","slug":"qual-a-diferenca-entre-agua-com-gas-agua-tonica-e-agua-gaseificada","status":"publish","type":"post","link":"https:\/\/www.correiobraziliense.com.br\/cbradar\/qual-a-diferenca-entre-agua-com-gas-agua-tonica-e-agua-gaseificada\/","title":{"rendered":"Qual a diferen\u00e7a entre \u00e1gua com g\u00e1s, \u00e1gua t\u00f4nica e \u00e1gua gaseificada?"},"content":{"rendered":"\n<p>Em muitas mesas de bares e restaurantes, a pergunta \u201ccom g\u00e1s ou sem g\u00e1s?\u201d se tornou parte da rotina. Por tr\u00e1s dessa escolha aparentemente simples, existe um universo de tipos de \u00e1gua gaseificada que costuma gerar d\u00favida: \u00e1gua com g\u00e1s, \u00e1gua t\u00f4nica e \u00e1gua gaseificada, cada uma com composi\u00e7\u00e3o, sabor, textura de borbulhas e usos espec\u00edficos em receitas, hidrata\u00e7\u00e3o di\u00e1ria e coquetelaria.<\/p>\n\n\n\n<h2 class=\"wp-block-heading\">O que \u00e9 \u00e1gua gaseificada e por que \u00e9 considerada a op\u00e7\u00e3o mais neutra<\/h2>\n\n\n\n<p>A palavra-chave central aqui \u00e9 <strong>\u00e1gua gaseificada<\/strong>, termo utilizado para descrever uma \u00e1gua com g\u00e1s simples, sem adi\u00e7\u00e3o intencional de minerais ou outros compostos arom\u00e1ticos. Em ess\u00eancia, trata-se de <strong>\u00e1gua pot\u00e1vel com di\u00f3xido de carbono injetado<\/strong>, resultando em sabor bastante neutro e limpo, sem tra\u00e7os salinos percept\u00edveis ou interfer\u00eancia forte no paladar.<\/p>\n\n\n\n<p>Justamente por essa neutralidade, a <strong>\u00e1gua gaseificada<\/strong> \u00e9 vista como um \u201cfundo em branco\u201d em termos de gosto, ideal como base para sucos, xaropes ou destilados. Em casa, aparelhos de gaseifica\u00e7\u00e3o dom\u00e9stica costumam produzir algo equivalente \u00e0 \u00e1gua gaseificada, com <strong>borbulhas moderadas e sensa\u00e7\u00e3o de leveza<\/strong>, o que agrada quem deseja apenas variar a hidrata\u00e7\u00e3o sem alterar demais o sabor da \u00e1gua.<\/p>\n\n\n\n<p>Para aprofundarmos no tema, trouxemos o v\u00eddeo do perfil da Dra Edilene Pucci (@draedilenepucci):<\/p>\n\n\n\n<blockquote class=\"tiktok-embed\" cite=\"https:\/\/www.tiktok.com\/@draedilenepucci\/video\/7151391274468117766\" data-video-id=\"7151391274468117766\" style=\"max-width: 605px;min-width: 325px;\" > <section> <a target=\"_blank\" title=\"@draedilenepucci\" href=\"https:\/\/www.tiktok.com\/@draedilenepucci?refer=embed\">@draedilenepucci<\/a> <a title=\"capcut\" target=\"_blank\" href=\"https:\/\/www.tiktok.com\/tag\/capcut?refer=embed\">#CapCut<\/a>  <a title=\"nutrologo\" target=\"_blank\" href=\"https:\/\/www.tiktok.com\/tag\/nutrologo?refer=embed\">#nutrologo<\/a> <a title=\"nutrologia\" target=\"_blank\" href=\"https:\/\/www.tiktok.com\/tag\/nutrologia?refer=embed\">#nutrologia<\/a> <a title=\"nutrologiafuncional\" target=\"_blank\" href=\"https:\/\/www.tiktok.com\/tag\/nutrologiafuncional?refer=embed\">#nutrologiafuncional<\/a><a title=\"emagrecimento\" target=\"_blank\" href=\"https:\/\/www.tiktok.com\/tag\/emagrecimento?refer=embed\">#emagrecimento<\/a> <a target=\"_blank\" title=\"\u266c som original - draedilenepucci\" href=\"https:\/\/www.tiktok.com\/music\/som-original-7151391295688772357?refer=embed\">\u266c som original &#8211; draedilenepucci<\/a> <\/section> <\/blockquote> <script async src=\"https:\/\/www.tiktok.com\/embed.js\"><\/script>\n\n\n\n<h2 class=\"wp-block-heading\">Quais s\u00e3o as diferen\u00e7as pr\u00e1ticas entre \u00e1gua gaseificada, \u00e1gua com g\u00e1s e \u00e1gua t\u00f4nica<\/h2>\n\n\n\n<p>Quando se compara <strong>\u00e1gua gaseificada, \u00e1gua com g\u00e1s e \u00e1gua t\u00f4nica<\/strong>, o ponto principal \u00e9 a presen\u00e7a e a origem dos minerais e de outros ingredientes. A chamada \u00e1gua com g\u00e1s natural, ou <strong>\u00e1gua mineral com g\u00e1s<\/strong>, vem de fontes espec\u00edficas que j\u00e1 cont\u00eam sais minerais, podendo receber g\u00e1s posteriormente, mas mantendo o perfil mineral caracter\u00edstico que influencia sabor e textura.<\/p>\n\n\n\n<p>J\u00e1 a <strong>\u00e1gua t\u00f4nica<\/strong> tamb\u00e9m \u00e9 uma bebida carbonatada, por\u00e9m com adi\u00e7\u00e3o de ingredientes espec\u00edficos, como <strong>quinino<\/strong> (respons\u00e1vel pelo amargor caracter\u00edstico), ado\u00e7antes (a\u00e7\u00facar ou edulcorantes) e, em alguns casos, aromas c\u00edtricos. Isso confere um sabor marcante, levemente amargo e adocicado, e efervesc\u00eancia geralmente mais incisiva, frequentemente valorizada em coquetelaria, onde se busca <strong>mais personalidade de sabor<\/strong> e textura de bolhas para complementar destilados como gin e vodka.<\/p>\n\n\n\n<h2 class=\"wp-block-heading\">Quando escolher \u00e1gua gaseificada, \u00e1gua t\u00f4nica ou \u00e1gua com g\u00e1s<\/h2>\n\n\n\n<p>Na pr\u00e1tica, a escolha entre <strong>\u00e1gua gaseificada, \u00e1gua t\u00f4nica e \u00e1gua com g\u00e1s<\/strong> depende do objetivo no momento do consumo. Para hidrata\u00e7\u00e3o cotidiana, \u00e1gua gaseificada e \u00e1gua com g\u00e1s mineral contribuem com a ingest\u00e3o de \u00e1gua, desde que n\u00e3o tenham a\u00e7\u00facares ou aromas artificiais cal\u00f3ricos. J\u00e1 a \u00e1gua t\u00f4nica, por conter quinino e geralmente a\u00e7\u00facar ou ado\u00e7ante, aproxima-se mais de um refrigerante leve em termos de uso e deve ser consumida com mais modera\u00e7\u00e3o por quem controla o consumo de calorias ou de a\u00e7\u00facares.<\/p>\n\n\n\n<p>Em receitas de drinques, bartenders usam cada tipo de bebida carbonatada de forma estrat\u00e9gica para ajustar textura, frescor e equil\u00edbrio de sabor. De modo geral, \u00e9 poss\u00edvel resumir esses usos em algumas indica\u00e7\u00f5es principais:<\/p>\n\n\n\n<ul class=\"wp-block-list\">\n<li><strong>\u00c1gua gaseificada<\/strong>: indicada para misturas leves, coquet\u00e9is de baixa gradua\u00e7\u00e3o alco\u00f3lica e combina\u00e7\u00f5es com sabores delicados, em que a \u00e1gua n\u00e3o deve competir com os demais ingredientes.<\/li>\n\n\n\n<li><strong>\u00c1gua t\u00f4nica<\/strong>: preferida em drinques que pedem sabor amargo e adocicado caracter\u00edstico, como o cl\u00e1ssico gin t\u00f4nica, ou em coquet\u00e9is que se beneficiam do amargor do quinino para dar profundidade e equil\u00edbrio.<\/li>\n\n\n\n<li><strong>\u00c1gua com g\u00e1s mineral<\/strong>: usada tanto para consumo puro quanto em prepara\u00e7\u00f5es simples, nas quais o car\u00e1ter mineral da \u00e1gua faz parte do charme e da complexidade da bebida, al\u00e9m de acompanhar refei\u00e7\u00f5es, vinhos e destilados de forma mais neutra.<\/li>\n<\/ul>\n\n\n\n<figure class=\"wp-block-image size-large\"><img decoding=\"async\" width=\"1024\" height=\"576\" src=\"https:\/\/www.correiobraziliense.com.br\/cbradar\/wp-content\/uploads\/2026\/01\/\u2705-BANNER-MYTH-13-15-1024x576.png\" alt=\"Qual a diferen\u00e7a entre \u00e1gua com g\u00e1s, \u00e1gua t\u00f4nica e \u00e1gua gaseificada?\" class=\"wp-image-177678\" srcset=\"https:\/\/www.correiobraziliense.com.br\/cbradar\/wp-content\/uploads\/2026\/01\/\u2705-BANNER-MYTH-13-15-1024x576.png 1024w, https:\/\/www.correiobraziliense.com.br\/cbradar\/wp-content\/uploads\/2026\/01\/\u2705-BANNER-MYTH-13-15-300x169.png 300w, https:\/\/www.correiobraziliense.com.br\/cbradar\/wp-content\/uploads\/2026\/01\/\u2705-BANNER-MYTH-13-15-768x432.png 768w, https:\/\/www.correiobraziliense.com.br\/cbradar\/wp-content\/uploads\/2026\/01\/\u2705-BANNER-MYTH-13-15-750x422.png 750w, https:\/\/www.correiobraziliense.com.br\/cbradar\/wp-content\/uploads\/2026\/01\/\u2705-BANNER-MYTH-13-15-1140x641.png 1140w, https:\/\/www.correiobraziliense.com.br\/cbradar\/wp-content\/uploads\/2026\/01\/\u2705-BANNER-MYTH-13-15.png 1280w\" sizes=\"(max-width: 1024px) 100vw, 1024px\" \/><figcaption class=\"wp-element-caption\">Escolha sua g\u00e1s perfeita: refresque hidrata\u00e7\u00e3o di\u00e1ria ou eleve coquet\u00e9is com texturas efervescentes para momentos vibrantes \u00e0 mesa! <\/figcaption><\/figure>\n\n\n\n<h2 class=\"wp-block-heading\">Como identificar cada tipo de \u00e1gua gaseificada no r\u00f3tulo<\/h2>\n\n\n\n<p>Em meio \u00e0 grande variedade de marcas dispon\u00edveis em 2026, <strong>ler o r\u00f3tulo com aten\u00e7\u00e3o<\/strong> \u00e9 o caminho mais seguro para entender o que h\u00e1 na garrafa ou na lata. Alguns elementos de informa\u00e7\u00e3o ajudam a diferenciar \u00e1gua gaseificada, \u00e1gua com g\u00e1s e \u00e1gua t\u00f4nica, especialmente para quem controla o consumo de s\u00f3dio, de a\u00e7\u00facar ou prefere sabores mais neutros.<\/p>\n\n\n\n<p>Esses itens do r\u00f3tulo permitem reconhecer a composi\u00e7\u00e3o e escolher a op\u00e7\u00e3o mais adequada para hidrata\u00e7\u00e3o, coquet\u00e9is ou acompanhamento de refei\u00e7\u00f5es:<\/p>\n\n\n\n<ol class=\"wp-block-list\">\n<li><strong>Nome do produto<\/strong>: termos como \u201c\u00e1gua gaseificada\u201d, \u201c\u00e1gua mineral com g\u00e1s\u201d, \u201c\u00e1gua t\u00f4nica\u201d ou \u201cbebida carbonatada\u201d d\u00e3o pistas iniciais; a \u00e1gua t\u00f4nica normalmente aparece claramente identificada, pois \u00e9 regulada como bebida espec\u00edfica.<\/li>\n\n\n\n<li><strong>Lista de ingredientes<\/strong>: na \u00e1gua gaseificada, tende a aparecer apenas \u00e1gua e di\u00f3xido de carbono; na \u00e1gua com g\u00e1s mineral, os minerais s\u00e3o listados como parte da composi\u00e7\u00e3o natural da fonte; na \u00e1gua t\u00f4nica, surgem elementos adicionais como quinino, a\u00e7\u00facares, ado\u00e7antes e aromas c\u00edtricos.<\/li>\n\n\n\n<li><strong>Teor de s\u00f3dio e outros minerais<\/strong>: o quadro de informa\u00e7\u00e3o nutricional mostra a quantidade em miligramas, o que ajuda quem precisa controlar o consumo de s\u00f3dio; no caso da \u00e1gua t\u00f4nica, \u00e9 \u00fatil observar tamb\u00e9m o teor de a\u00e7\u00facar ou carboidratos totais.<\/li>\n\n\n\n<li><strong>Aromas e ado\u00e7antes<\/strong>: vers\u00f5es saborizadas de \u00e1gua com g\u00e1s ou \u00e1gua gaseificada podem incluir ess\u00eancias naturais ou artificiais e, em alguns casos, a\u00e7\u00facar ou edulcorantes, o que altera o <strong>perfil cal\u00f3rico e sensorial<\/strong> da bebida. Na \u00e1gua t\u00f4nica, a presen\u00e7a de ado\u00e7antes e aromas \u00e9 regra, e esses elementos definem grande parte do seu sabor final.<\/li>\n<\/ol>\n","protected":false},"excerpt":{"rendered":"<p>Diferen\u00e7a entre \u00e1gua com g\u00e1s, \u00e1gua t\u00f4nica e \u00e1gua gaseificada: descubra qual escolher para beber puro ou em coquet\u00e9is, sabores e efervesc\u00eancia.<\/p>\n","protected":false},"author":3,"featured_media":179104,"comment_status":"open","ping_status":"open","sticky":false,"template":"","format":"standard","meta":{"jnews-multi-image_gallery":[],"jnews_single_post":{"format":"standard"},"jnews_primary_category":[],"jnews_social_meta":[],"jnews_override_counter":[],"footnotes":""},"categories":[112],"post_tag":[1167,5232,281,1423,144],"class_list":["post-177673","post","type-post","status-publish","format-standard","has-post-thumbnail","hentry","category-curiosidades","tag-agua","tag-agua-com-gas","tag-alimentacao","tag-alimentos","tag-curiosidades"],"yoast_head":"<!-- This site is optimized with the Yoast SEO plugin v24.6 - https:\/\/yoast.com\/wordpress\/plugins\/seo\/ -->\n<title>Qual a diferen\u00e7a entre \u00e1gua com g\u00e1s, \u00e1gua t\u00f4nica e \u00e1gua gaseificada?<\/title>\n<meta name=\"description\" content=\"Diferen\u00e7a entre \u00e1gua com g\u00e1s, \u00e1gua t\u00f4nica e \u00e1gua gaseificada: descubra qual escolher para beber puro ou em coquet\u00e9is, sabores e efervesc\u00eancia.\" \/>\n<meta name=\"robots\" content=\"index, follow, max-snippet:-1, max-image-preview:large, max-video-preview:-1\" \/>\n<link rel=\"canonical\" href=\"https:\/\/www.correiobraziliense.com.br\/cbradar\/qual-a-diferenca-entre-agua-com-gas-agua-tonica-e-agua-gaseificada\/\" \/>\n<meta property=\"og:locale\" content=\"pt_BR\" \/>\n<meta property=\"og:type\" content=\"article\" \/>\n<meta property=\"og:title\" content=\"Qual a diferen\u00e7a entre \u00e1gua com g\u00e1s, \u00e1gua t\u00f4nica e \u00e1gua gaseificada?\" \/>\n<meta property=\"og:description\" content=\"Diferen\u00e7a entre \u00e1gua com g\u00e1s, \u00e1gua t\u00f4nica e \u00e1gua gaseificada: descubra qual escolher para beber puro ou em coquet\u00e9is, sabores e efervesc\u00eancia.\" \/>\n<meta property=\"og:url\" content=\"https:\/\/www.correiobraziliense.com.br\/cbradar\/qual-a-diferenca-entre-agua-com-gas-agua-tonica-e-agua-gaseificada\/\" \/>\n<meta property=\"og:site_name\" content=\"Correio Braziliense - Radar\" \/>\n<meta property=\"article:published_time\" content=\"2026-01-22T23:15:00+00:00\" \/>\n<meta property=\"og:image\" content=\"https:\/\/www.correiobraziliense.com.br\/cbradar\/wp-content\/uploads\/2026\/01\/freepik__imagem-realista-de-um-copo-com-gua-com-gs-outro-co__84025.jpeg\" \/>\n\t<meta property=\"og:image:width\" content=\"1280\" \/>\n\t<meta property=\"og:image:height\" content=\"720\" \/>\n\t<meta property=\"og:image:type\" content=\"image\/jpeg\" \/>\n<meta name=\"author\" content=\"Larissa Carvalho\" \/>\n<meta name=\"twitter:card\" content=\"summary_large_image\" \/>\n<meta name=\"twitter:label1\" content=\"Escrito por\" \/>\n\t<meta name=\"twitter:data1\" content=\"Larissa Carvalho\" \/>\n\t<meta name=\"twitter:label2\" content=\"Est. tempo de leitura\" \/>\n\t<meta name=\"twitter:data2\" content=\"5 minutos\" \/>\n<!-- \/ Yoast SEO plugin. -->","yoast_head_json":{"title":"Qual a diferen\u00e7a entre \u00e1gua com g\u00e1s, \u00e1gua t\u00f4nica e \u00e1gua gaseificada?","description":"Diferen\u00e7a entre \u00e1gua com g\u00e1s, \u00e1gua t\u00f4nica e \u00e1gua gaseificada: descubra qual escolher para beber puro ou em coquet\u00e9is, sabores e efervesc\u00eancia.","robots":{"index":"index","follow":"follow","max-snippet":"max-snippet:-1","max-image-preview":"max-image-preview:large","max-video-preview":"max-video-preview:-1"},"canonical":"https:\/\/www.correiobraziliense.com.br\/cbradar\/qual-a-diferenca-entre-agua-com-gas-agua-tonica-e-agua-gaseificada\/","og_locale":"pt_BR","og_type":"article","og_title":"Qual a diferen\u00e7a entre \u00e1gua com g\u00e1s, \u00e1gua t\u00f4nica e \u00e1gua gaseificada?","og_description":"Diferen\u00e7a entre \u00e1gua com g\u00e1s, \u00e1gua t\u00f4nica e \u00e1gua gaseificada: descubra qual escolher para beber puro ou em coquet\u00e9is, sabores e efervesc\u00eancia.","og_url":"https:\/\/www.correiobraziliense.com.br\/cbradar\/qual-a-diferenca-entre-agua-com-gas-agua-tonica-e-agua-gaseificada\/","og_site_name":"Correio Braziliense - Radar","article_published_time":"2026-01-22T23:15:00+00:00","og_image":[{"width":1280,"height":720,"url":"https:\/\/www.correiobraziliense.com.br\/cbradar\/wp-content\/uploads\/2026\/01\/freepik__imagem-realista-de-um-copo-com-gua-com-gs-outro-co__84025.jpeg","type":"image\/jpeg"}],"author":"Larissa Carvalho","twitter_card":"summary_large_image","twitter_misc":{"Escrito por":"Larissa Carvalho","Est. tempo de leitura":"5 minutos"},"schema":{"@context":"https:\/\/schema.org","@graph":[{"@type":"WebPage","@id":"https:\/\/www.correiobraziliense.com.br\/cbradar\/qual-a-diferenca-entre-agua-com-gas-agua-tonica-e-agua-gaseificada\/","url":"https:\/\/www.correiobraziliense.com.br\/cbradar\/qual-a-diferenca-entre-agua-com-gas-agua-tonica-e-agua-gaseificada\/","name":"Qual a diferen\u00e7a entre \u00e1gua com g\u00e1s, \u00e1gua t\u00f4nica e \u00e1gua gaseificada?","isPartOf":{"@id":"https:\/\/www.correiobraziliense.com.br\/cbradar\/#website"},"primaryImageOfPage":{"@id":"https:\/\/www.correiobraziliense.com.br\/cbradar\/qual-a-diferenca-entre-agua-com-gas-agua-tonica-e-agua-gaseificada\/#primaryimage"},"image":{"@id":"https:\/\/www.correiobraziliense.com.br\/cbradar\/qual-a-diferenca-entre-agua-com-gas-agua-tonica-e-agua-gaseificada\/#primaryimage"},"thumbnailUrl":"https:\/\/www.correiobraziliense.com.br\/cbradar\/wp-content\/uploads\/2026\/01\/freepik__imagem-realista-de-um-copo-com-gua-com-gs-outro-co__84025.jpeg","datePublished":"2026-01-22T23:15:00+00:00","author":{"@id":"https:\/\/www.correiobraziliense.com.br\/cbradar\/#\/schema\/person\/58422787644df994b53a19d3e56c1513"},"description":"Diferen\u00e7a entre \u00e1gua com g\u00e1s, \u00e1gua t\u00f4nica e \u00e1gua gaseificada: descubra qual escolher para beber puro ou em coquet\u00e9is, sabores e efervesc\u00eancia.","breadcrumb":{"@id":"https:\/\/www.correiobraziliense.com.br\/cbradar\/qual-a-diferenca-entre-agua-com-gas-agua-tonica-e-agua-gaseificada\/#breadcrumb"},"inLanguage":"pt-BR","potentialAction":[{"@type":"ReadAction","target":["https:\/\/www.correiobraziliense.com.br\/cbradar\/qual-a-diferenca-entre-agua-com-gas-agua-tonica-e-agua-gaseificada\/"]}]},{"@type":"ImageObject","inLanguage":"pt-BR","@id":"https:\/\/www.correiobraziliense.com.br\/cbradar\/qual-a-diferenca-entre-agua-com-gas-agua-tonica-e-agua-gaseificada\/#primaryimage","url":"https:\/\/www.correiobraziliense.com.br\/cbradar\/wp-content\/uploads\/2026\/01\/freepik__imagem-realista-de-um-copo-com-gua-com-gs-outro-co__84025.jpeg","contentUrl":"https:\/\/www.correiobraziliense.com.br\/cbradar\/wp-content\/uploads\/2026\/01\/freepik__imagem-realista-de-um-copo-com-gua-com-gs-outro-co__84025.jpeg","width":1280,"height":720,"caption":"Cada tipo apresenta diferen\u00e7as de uso em bebidas, receitas e consumo di\u00e1rio"},{"@type":"BreadcrumbList","@id":"https:\/\/www.correiobraziliense.com.br\/cbradar\/qual-a-diferenca-entre-agua-com-gas-agua-tonica-e-agua-gaseificada\/#breadcrumb","itemListElement":[{"@type":"ListItem","position":1,"name":"In\u00edcio","item":"https:\/\/www.correiobraziliense.com.br\/cbradar\/"},{"@type":"ListItem","position":2,"name":"Qual a diferen\u00e7a entre \u00e1gua com g\u00e1s, \u00e1gua t\u00f4nica e \u00e1gua gaseificada?"}]},{"@type":"WebSite","@id":"https:\/\/www.correiobraziliense.com.br\/cbradar\/#website","url":"https:\/\/www.correiobraziliense.com.br\/cbradar\/","name":"Correio Braziliense - Radar","description":"Acompanhe as \u00faltimas not\u00edcias e fique bem informado sobre tudo o que acontece no Brasil e no mundo.","potentialAction":[{"@type":"SearchAction","target":{"@type":"EntryPoint","urlTemplate":"https:\/\/www.correiobraziliense.com.br\/cbradar\/?s={search_term_string}"},"query-input":{"@type":"PropertyValueSpecification","valueRequired":true,"valueName":"search_term_string"}}],"inLanguage":"pt-BR"},{"@type":"Person","@id":"https:\/\/www.correiobraziliense.com.br\/cbradar\/#\/schema\/person\/58422787644df994b53a19d3e56c1513","name":"Larissa Carvalho","image":{"@type":"ImageObject","inLanguage":"pt-BR","@id":"https:\/\/www.correiobraziliense.com.br\/cbradar\/#\/schema\/person\/image\/","url":"https:\/\/secure.gravatar.com\/avatar\/fe4f91a0de32b52a838d0d612abdc1aa?s=96&d=mm&r=g","contentUrl":"https:\/\/secure.gravatar.com\/avatar\/fe4f91a0de32b52a838d0d612abdc1aa?s=96&d=mm&r=g","caption":"Larissa Carvalho"},"url":"https:\/\/www.correiobraziliense.com.br\/cbradar\/author\/larissamyth\/"}]}},"_links":{"self":[{"href":"https:\/\/www.correiobraziliense.com.br\/cbradar\/wp-json\/wp\/v2\/posts\/177673","targetHints":{"allow":["GET"]}}],"collection":[{"href":"https:\/\/www.correiobraziliense.com.br\/cbradar\/wp-json\/wp\/v2\/posts"}],"about":[{"href":"https:\/\/www.correiobraziliense.com.br\/cbradar\/wp-json\/wp\/v2\/types\/post"}],"author":[{"embeddable":true,"href":"https:\/\/www.correiobraziliense.com.br\/cbradar\/wp-json\/wp\/v2\/users\/3"}],"replies":[{"embeddable":true,"href":"https:\/\/www.correiobraziliense.com.br\/cbradar\/wp-json\/wp\/v2\/comments?post=177673"}],"version-history":[{"count":3,"href":"https:\/\/www.correiobraziliense.com.br\/cbradar\/wp-json\/wp\/v2\/posts\/177673\/revisions"}],"predecessor-version":[{"id":179062,"href":"https:\/\/www.correiobraziliense.com.br\/cbradar\/wp-json\/wp\/v2\/posts\/177673\/revisions\/179062"}],"wp:featuredmedia":[{"embeddable":true,"href":"https:\/\/www.correiobraziliense.com.br\/cbradar\/wp-json\/wp\/v2\/media\/179104"}],"wp:attachment":[{"href":"https:\/\/www.correiobraziliense.com.br\/cbradar\/wp-json\/wp\/v2\/media?parent=177673"}],"wp:term":[{"taxonomy":"category","embeddable":true,"href":"https:\/\/www.correiobraziliense.com.br\/cbradar\/wp-json\/wp\/v2\/categories?post=177673"},{"taxonomy":"post_tag","embeddable":true,"href":"https:\/\/www.correiobraziliense.com.br\/cbradar\/wp-json\/wp\/v2\/post_tag?post=177673"}],"curies":[{"name":"wp","href":"https:\/\/api.w.org\/{rel}","templated":true}]}}