{"id":177687,"date":"2026-01-22T22:05:00","date_gmt":"2026-01-23T01:05:00","guid":{"rendered":"https:\/\/www.correiobraziliense.com.br\/cbradar\/?p=177687"},"modified":"2026-01-21T11:07:04","modified_gmt":"2026-01-21T14:07:04","slug":"os-habitos-necessarios-para-comecar-a-confiar-mais-em-si-segundo-a-psicologia","status":"publish","type":"post","link":"https:\/\/www.correiobraziliense.com.br\/cbradar\/os-habitos-necessarios-para-comecar-a-confiar-mais-em-si-segundo-a-psicologia\/","title":{"rendered":"Os h\u00e1bitos necess\u00e1rios para come\u00e7ar a confiar mais em si, segundo a psicologia"},"content":{"rendered":"\n<p>A confian\u00e7a em si mesmo costuma ser tratada como algo que a pessoa simplesmente tem ou n\u00e3o tem. No dia a dia, por\u00e9m, o que se observa \u00e9 menos um tra\u00e7o fixo de personalidade e mais um padr\u00e3o que se repete nas decis\u00f5es, nas escolhas e na forma de lidar com erros. A chamada <strong>autoconfian\u00e7a<\/strong>, ou <strong>autoconfian\u00e7a emocional<\/strong>, se revela sobretudo na maneira como algu\u00e9m responde \u00e0s pr\u00f3prias promessas, d\u00favidas e falhas ao longo do tempo, funcionando como um <strong>relacionamento interno<\/strong> que pode ser nutrido com pr\u00e1tica e consci\u00eancia.<\/p>\n\n\n\n<h2 class=\"wp-block-heading\">O que \u00e9 autoconfian\u00e7a na pr\u00e1tica e como ela aparece no cotidiano<\/h2>\n\n\n\n<p>A palavra-chave principal aqui \u00e9 <strong>autoconfian\u00e7a<\/strong>, entendida como a percep\u00e7\u00e3o de que a pr\u00f3pria pessoa \u00e9 <strong>confi\u00e1vel aos pr\u00f3prios olhos<\/strong>. N\u00e3o se trata de acertar sempre, mas de sentir que, mesmo quando algo n\u00e3o sai como esperado, ser\u00e1 poss\u00edvel lidar com as consequ\u00eancias com responsabilidade e flexibilidade emocional.<\/p>\n\n\n\n<p>Na pr\u00e1tica, a <strong>autoconfian\u00e7a interna<\/strong> se manifesta quando algu\u00e9m consegue tomar decis\u00f5es sem depender exclusivamente da opini\u00e3o de terceiros e, ao mesmo tempo, assumir os ajustes necess\u00e1rios depois. Pequenos gestos di\u00e1rios, como respeitar limites pessoais, dizer \u201cn\u00e3o\u201d quando algo fere seus valores e reconhecer sinais de exaust\u00e3o, refor\u00e7am essa sensa\u00e7\u00e3o de que se pode <strong>contar com a pr\u00f3pria palavra<\/strong>.<\/p>\n\n\n\n<figure class=\"wp-block-image size-large\"><img decoding=\"async\" width=\"1024\" height=\"576\" src=\"https:\/\/www.correiobraziliense.com.br\/cbradar\/wp-content\/uploads\/2026\/01\/\u2705-BANNER-MYTH-15-12-1024x576.png\" alt=\"Os h\u00e1bitos necess\u00e1rios para come\u00e7ar a confiar mais em si, segundo a psicologia\" class=\"wp-image-177696\" srcset=\"https:\/\/www.correiobraziliense.com.br\/cbradar\/wp-content\/uploads\/2026\/01\/\u2705-BANNER-MYTH-15-12-1024x576.png 1024w, https:\/\/www.correiobraziliense.com.br\/cbradar\/wp-content\/uploads\/2026\/01\/\u2705-BANNER-MYTH-15-12-300x169.png 300w, https:\/\/www.correiobraziliense.com.br\/cbradar\/wp-content\/uploads\/2026\/01\/\u2705-BANNER-MYTH-15-12-768x432.png 768w, https:\/\/www.correiobraziliense.com.br\/cbradar\/wp-content\/uploads\/2026\/01\/\u2705-BANNER-MYTH-15-12-750x422.png 750w, https:\/\/www.correiobraziliense.com.br\/cbradar\/wp-content\/uploads\/2026\/01\/\u2705-BANNER-MYTH-15-12-1140x641.png 1140w, https:\/\/www.correiobraziliense.com.br\/cbradar\/wp-content\/uploads\/2026\/01\/\u2705-BANNER-MYTH-15-12.png 1280w\" sizes=\"(max-width: 1024px) 100vw, 1024px\" \/><figcaption class=\"wp-element-caption\">Cultive confian\u00e7a interna: responda falhas com aprendizado e promessas cumpridas para decis\u00f5es empoderadas e vida aut\u00eantica plena!<\/figcaption><\/figure>\n\n\n\n<h2 class=\"wp-block-heading\">Quais sinais mostram como est\u00e1 sua rela\u00e7\u00e3o de autoconfian\u00e7a<\/h2>\n\n\n\n<p>Alguns sinais ajudam a identificar como anda essa rela\u00e7\u00e3o consigo mesmo, revelando se h\u00e1 um hist\u00f3rico de <strong>autorespeito<\/strong> ou de promessas quebradas. Eles funcionam como indicadores de que a autoconfian\u00e7a est\u00e1 s\u00f3lida ou fragilizada, especialmente em momentos de press\u00e3o ou incerteza.<\/p>\n\n\n\n<ul class=\"wp-block-list\">\n<li><strong>Tend\u00eancia<\/strong> a revisar mentalmente conversas e decis\u00f5es por longos per\u00edodos;<\/li>\n\n\n\n<li><strong>Dificuldade<\/strong> de encerrar assuntos, mesmo depois de uma escolha j\u00e1 feita;<\/li>\n\n\n\n<li><strong>Sensa\u00e7\u00e3o<\/strong> de que promessas pessoais raramente s\u00e3o cumpridas;<\/li>\n\n\n\n<li><strong>Necessidade constante<\/strong> de aprova\u00e7\u00e3o antes de dar qualquer passo.<\/li>\n<\/ul>\n\n\n\n<p>Quando esse padr\u00e3o se repete, o c\u00e9rebro passa a registrar uma esp\u00e9cie de hist\u00f3rico de <strong>\u201crupturas internas\u201d<\/strong>, minando a percep\u00e7\u00e3o de que \u00e9 poss\u00edvel contar com a pr\u00f3pria palavra. Com o tempo, isso alimenta ciclos de autoquestionamento, arrependimento e busca cont\u00ednua por valida\u00e7\u00e3o externa, prejudicando tamb\u00e9m a <strong>autoestima<\/strong> e a motiva\u00e7\u00e3o.<\/p>\n\n\n\n<h2 class=\"wp-block-heading\">Como fortalecer a autoconfian\u00e7a com pequenos compromissos di\u00e1rios<\/h2>\n\n\n\n<p>Uma forma eficiente de desenvolver <strong>autoconfian\u00e7a<\/strong> \u00e9 come\u00e7ar por promessas simples e espec\u00edficas, que caibam na rotina real e n\u00e3o em um ideal perfeccionista. O c\u00e9rebro tende a confiar mais em <strong>evid\u00eancias acumuladas<\/strong> do que em discursos motivacionais, por isso uma sequ\u00eancia de pequenos compromimentos cumpridos funciona como um <strong>\u201chist\u00f3rico de cr\u00e9dito interno\u201d<\/strong>.<\/p>\n\n\n\n<p>Para que esse processo funcione, alguns crit\u00e9rios costumam ser \u00fateis e ajudam a diferenciar metas realistas de metas que geram frustra\u00e7\u00e3o cont\u00ednua:<\/p>\n\n\n\n<ol class=\"wp-block-list\">\n<li><strong>Ser pequeno o suficiente<\/strong>: o compromisso precisa caber em um dia comum, sem exigir condi\u00e7\u00f5es perfeitas.<\/li>\n\n\n\n<li><strong>Ser espec\u00edfico<\/strong>: metas vagas, como \u201cser mais disciplinado\u201d, n\u00e3o oferecem um par\u00e2metro claro de sucesso.<\/li>\n\n\n\n<li><strong>Depender apenas da pr\u00f3pria pessoa<\/strong>: resultados que exigem reconhecimento de outros n\u00e3o servem como base est\u00e1vel para autoconfian\u00e7a.<\/li>\n<\/ol>\n\n\n\n<p>Exemplos de compromissos poss\u00edveis incluem <strong>a\u00e7\u00f5es concretas<\/strong> que conectem comportamento e valores pessoais, sem depender de grandes mudan\u00e7as imediatas:<\/p>\n\n\n\n<ul class=\"wp-block-list\">\n<li>Definir um hor\u00e1rio fixo para encerrar o trabalho em pelo menos um dia da semana;<\/li>\n\n\n\n<li>Reservar alguns minutos para respirar antes de responder em situa\u00e7\u00f5es de tens\u00e3o;<\/li>\n\n\n\n<li>Fazer uma caminhada curta sem distra\u00e7\u00f5es digitais em um dia combinado;<\/li>\n\n\n\n<li>Anotar, ao fim do dia, uma decis\u00e3o que foi tomada com base em valores pessoais.<\/li>\n<\/ul>\n\n\n\n<p>Para aprofundarmos no tema, trouxemos o v\u00eddeo do psic\u00f3logo Edson Leal (@psiedsonleal):<\/p>\n\n\n\n<blockquote class=\"tiktok-embed\" cite=\"https:\/\/www.tiktok.com\/@psiedsonleal\/video\/7495793279284284727\" data-video-id=\"7495793279284284727\" style=\"max-width: 605px;min-width: 325px;\" > <section> <a target=\"_blank\" title=\"@psiedsonleal\" href=\"https:\/\/www.tiktok.com\/@psiedsonleal?refer=embed\">@psiedsonleal<\/a> <a title=\"creatorsearchinsights\" target=\"_blank\" href=\"https:\/\/www.tiktok.com\/tag\/creatorsearchinsights?refer=embed\">#creatorsearchinsights<\/a> <a target=\"_blank\" title=\"\u266c som original - Psic\u00f3logo Edson Leal\" href=\"https:\/\/www.tiktok.com\/music\/som-original-7495793276094827319?refer=embed\">\u266c som original &#8211; Psic\u00f3logo Edson Leal<\/a> <\/section> <\/blockquote> <script async src=\"https:\/\/www.tiktok.com\/embed.js\"><\/script>\n\n\n\n<h2 class=\"wp-block-heading\">Como lidar com falhas sem destruir a autoconfian\u00e7a<\/h2>\n\n\n\n<p>Quando um desses acordos n\u00e3o \u00e9 cumprido, o caminho mais funcional n\u00e3o passa pela <strong>autocr\u00edtica exagerada<\/strong>, que refor\u00e7a a ideia de que \u201cnada d\u00e1 certo\u201d. Em vez de r\u00f3tulos amplos como \u201csempre fracassa\u201d, costuma ser mais \u00fatil analisar se a meta estava adequada \u00e0 capacidade real daquele momento e, se necess\u00e1rio, <strong>reajustar o tamanho da promessa<\/strong>.<\/p>\n\n\n\n<p>Adotar uma postura de <strong>curiosidade em vez de julgamento<\/strong> ajuda a transformar o erro em informa\u00e7\u00e3o, n\u00e3o em prova de incapacidade. Assim, a pessoa aprende a revisar condi\u00e7\u00f5es de sono, estresse, suporte social e carga de trabalho, entendendo que a autoconfian\u00e7a cresce quando existe espa\u00e7o para ajustes, e n\u00e3o apenas cobran\u00e7a.<\/p>\n\n\n\n<h2 class=\"wp-block-heading\">Por que tratar decis\u00f5es como experimentos aumenta a autoconfian\u00e7a<\/h2>\n\n\n\n<p>Outro ponto importante para quem busca fortalecer a <strong>autoconfian\u00e7a<\/strong> \u00e9 a forma de lidar com decis\u00f5es j\u00e1 tomadas. A mente tende a permanecer em alerta quando um assunto \u00e9 percebido como aberto, revendo cen\u00e1rios e imaginando alternativas o tempo todo, o que prolonga a sensa\u00e7\u00e3o de amea\u00e7a e dificulta o descanso.<\/p>\n\n\n\n<p>Um h\u00e1bito que reduz esse desgaste \u00e9 tratar decis\u00f5es como <strong>experimentos<\/strong>, e n\u00e3o como julgamentos definitivos sobre valor pessoal. Em vez de perguntar repetidamente \u201cfoi a melhor op\u00e7\u00e3o?\u201d, a pessoa define, com anteced\u00eancia, um per\u00edodo para testar a escolha e um momento espec\u00edfico para reavali\u00e1-la, sinalizando ao c\u00e9rebro que n\u00e3o \u00e9 necess\u00e1rio monitorar a quest\u00e3o o tempo todo.<\/p>\n\n\n\n<h2 class=\"wp-block-heading\">Quais passos pr\u00e1ticos ajudam a \u201cfechar\u201d decis\u00f5es e reduzir a rumina\u00e7\u00e3o<\/h2>\n\n\n\n<p>Na pr\u00e1tica, esse processo pode seguir alguns passos simples, que organizam a mente e criam sensa\u00e7\u00e3o maior de controle interno. Eles ajudam a transformar decis\u00f5es em processos observ\u00e1veis, e n\u00e3o em fontes intermin\u00e1veis de d\u00favida e arrependimento.<\/p>\n\n\n\n<ol class=\"wp-block-list\">\n<li><strong>Decidir com inten\u00e7\u00e3o<\/strong>: reunir informa\u00e7\u00f5es relevantes e considerar o que \u00e9 realmente importante em termos de valores.<\/li>\n\n\n\n<li><strong>Definir a janela de decis\u00e3o<\/strong>: reconhecer que n\u00e3o existe certeza total e escolher um intervalo de teste, como semanas ou meses.<\/li>\n\n\n\n<li><strong>Encerrar a rumina\u00e7\u00e3o<\/strong>: ap\u00f3s decidir, redirecionar energia para executar o plano em vez de avali\u00e1-lo continuamente.<\/li>\n<\/ol>\n\n\n\n<p>Um exemplo \u00e9 recusar um projeto por um per\u00edodo determinado, estabelecendo desde o in\u00edcio que a decis\u00e3o ser\u00e1 revista em uma data espec\u00edfica, e n\u00e3o diariamente. Esse tipo de limite reduz a <strong>rumina\u00e7\u00e3o<\/strong>, favorece a <strong>regula\u00e7\u00e3o emocional<\/strong> e fortalece a sensa\u00e7\u00e3o de que a pr\u00f3pria pessoa est\u00e1 no comando das escolhas, ainda que continue aberta a ajustes futuros.<\/p>\n\n\n\n<h2 class=\"wp-block-heading\">Por que a autoconfian\u00e7a \u00e9 um processo cont\u00ednuo de constru\u00e7\u00e3o interna<\/h2>\n\n\n\n<p>Ao combinar pequenos compromissos cumpridos com o encerramento consciente de decis\u00f5es, a <strong>autoconfian\u00e7a<\/strong> deixa de ser vista como algo abstrato e passa a se apoiar em comportamentos observ\u00e1veis. Com o tempo, a pessoa tende a se perceber menos ref\u00e9m de d\u00favidas intermin\u00e1veis e mais capaz de aprender com resultados, sejam eles positivos ou n\u00e3o.<\/p>\n\n\n\n<p>Esse tipo de pr\u00e1tica n\u00e3o exige que a confian\u00e7a j\u00e1 esteja presente no in\u00edcio; ela \u00e9 justamente o que se constr\u00f3i no percurso. A repeti\u00e7\u00e3o de a\u00e7\u00f5es coerentes com valores e a disposi\u00e7\u00e3o para revisar escolhas em momentos definidos formam, juntas, um caminho consistente para uma rela\u00e7\u00e3o mais s\u00f3lida consigo mesmo, baseada em <strong>responsabilidade<\/strong>, <strong>flexibilidade<\/strong> e <strong>clareza interna<\/strong>.<\/p>\n","protected":false},"excerpt":{"rendered":"<p>Fortale\u00e7a a autoconfian\u00e7a com pequenos h\u00e1bitos di\u00e1rios e decis\u00e3o consciente, criando um padr\u00e3o de auto\u2011confian\u00e7a s\u00f3lida e duradoura.<\/p>\n","protected":false},"author":3,"featured_media":179102,"comment_status":"open","ping_status":"open","sticky":false,"template":"","format":"standard","meta":{"_yoast_wpseo_focuskw":"como aumentar a autoconfian\u00e7a","_yoast_wpseo_title":"%%title%%","_yoast_wpseo_metadesc":"Fortale\u00e7a a autoconfian\u00e7a com pequenos h\u00e1bitos di\u00e1rios e decis\u00e3o consciente, criando um padr\u00e3o de auto\u2011confian\u00e7a s\u00f3lida e duradoura.","jnews-multi-image_gallery":[],"jnews_single_post":{"format":"standard"},"jnews_primary_category":[],"jnews_social_meta":[],"jnews_override_counter":[],"footnotes":""},"categories":[112],"post_tag":[7316,1224,144,4400,404],"class_list":["post-177687","post","type-post","status-publish","format-standard","has-post-thumbnail","hentry","category-curiosidades","tag-autoconfianca","tag-confianca","tag-curiosidades","tag-personalidade","tag-psicologia"],"yoast_head":"<!-- This site is optimized with the Yoast SEO plugin v24.6 - https:\/\/yoast.com\/wordpress\/plugins\/seo\/ -->\n<title>Os h\u00e1bitos necess\u00e1rios para come\u00e7ar a confiar mais em si, segundo a psicologia<\/title>\n<meta name=\"description\" content=\"Fortale\u00e7a a autoconfian\u00e7a com pequenos h\u00e1bitos di\u00e1rios e decis\u00e3o consciente, criando um padr\u00e3o de auto\u2011confian\u00e7a s\u00f3lida e duradoura.\" \/>\n<meta name=\"robots\" content=\"index, follow, max-snippet:-1, max-image-preview:large, max-video-preview:-1\" \/>\n<link rel=\"canonical\" href=\"https:\/\/www.correiobraziliense.com.br\/cbradar\/os-habitos-necessarios-para-comecar-a-confiar-mais-em-si-segundo-a-psicologia\/\" \/>\n<meta property=\"og:locale\" content=\"pt_BR\" \/>\n<meta property=\"og:type\" content=\"article\" \/>\n<meta property=\"og:title\" content=\"Os h\u00e1bitos necess\u00e1rios para come\u00e7ar a confiar mais em si, segundo a psicologia\" \/>\n<meta property=\"og:description\" content=\"Fortale\u00e7a a autoconfian\u00e7a com pequenos h\u00e1bitos di\u00e1rios e decis\u00e3o consciente, criando um padr\u00e3o de auto\u2011confian\u00e7a s\u00f3lida e duradoura.\" \/>\n<meta property=\"og:url\" content=\"https:\/\/www.correiobraziliense.com.br\/cbradar\/os-habitos-necessarios-para-comecar-a-confiar-mais-em-si-segundo-a-psicologia\/\" \/>\n<meta property=\"og:site_name\" content=\"Correio Braziliense - Radar\" \/>\n<meta property=\"article:published_time\" content=\"2026-01-23T01:05:00+00:00\" \/>\n<meta property=\"og:image\" content=\"https:\/\/www.correiobraziliense.com.br\/cbradar\/wp-content\/uploads\/2026\/01\/freepik__imagem-realista-de-uma-pessoa-brasileira-demonstra__84021.jpeg\" \/>\n\t<meta property=\"og:image:width\" content=\"1280\" \/>\n\t<meta property=\"og:image:height\" content=\"720\" \/>\n\t<meta property=\"og:image:type\" content=\"image\/jpeg\" \/>\n<meta name=\"author\" content=\"Larissa Carvalho\" \/>\n<meta name=\"twitter:card\" content=\"summary_large_image\" \/>\n<meta name=\"twitter:label1\" content=\"Escrito por\" \/>\n\t<meta name=\"twitter:data1\" content=\"Larissa Carvalho\" \/>\n\t<meta name=\"twitter:label2\" content=\"Est. tempo de leitura\" \/>\n\t<meta name=\"twitter:data2\" content=\"7 minutos\" \/>\n<!-- \/ Yoast SEO plugin. -->","yoast_head_json":{"title":"Os h\u00e1bitos necess\u00e1rios para come\u00e7ar a confiar mais em si, segundo a psicologia","description":"Fortale\u00e7a a autoconfian\u00e7a com pequenos h\u00e1bitos di\u00e1rios e decis\u00e3o consciente, criando um padr\u00e3o de auto\u2011confian\u00e7a s\u00f3lida e duradoura.","robots":{"index":"index","follow":"follow","max-snippet":"max-snippet:-1","max-image-preview":"max-image-preview:large","max-video-preview":"max-video-preview:-1"},"canonical":"https:\/\/www.correiobraziliense.com.br\/cbradar\/os-habitos-necessarios-para-comecar-a-confiar-mais-em-si-segundo-a-psicologia\/","og_locale":"pt_BR","og_type":"article","og_title":"Os h\u00e1bitos necess\u00e1rios para come\u00e7ar a confiar mais em si, segundo a psicologia","og_description":"Fortale\u00e7a a autoconfian\u00e7a com pequenos h\u00e1bitos di\u00e1rios e decis\u00e3o consciente, criando um padr\u00e3o de auto\u2011confian\u00e7a s\u00f3lida e duradoura.","og_url":"https:\/\/www.correiobraziliense.com.br\/cbradar\/os-habitos-necessarios-para-comecar-a-confiar-mais-em-si-segundo-a-psicologia\/","og_site_name":"Correio Braziliense - Radar","article_published_time":"2026-01-23T01:05:00+00:00","og_image":[{"width":1280,"height":720,"url":"https:\/\/www.correiobraziliense.com.br\/cbradar\/wp-content\/uploads\/2026\/01\/freepik__imagem-realista-de-uma-pessoa-brasileira-demonstra__84021.jpeg","type":"image\/jpeg"}],"author":"Larissa Carvalho","twitter_card":"summary_large_image","twitter_misc":{"Escrito por":"Larissa Carvalho","Est. tempo de leitura":"7 minutos"},"schema":{"@context":"https:\/\/schema.org","@graph":[{"@type":"WebPage","@id":"https:\/\/www.correiobraziliense.com.br\/cbradar\/os-habitos-necessarios-para-comecar-a-confiar-mais-em-si-segundo-a-psicologia\/","url":"https:\/\/www.correiobraziliense.com.br\/cbradar\/os-habitos-necessarios-para-comecar-a-confiar-mais-em-si-segundo-a-psicologia\/","name":"Os h\u00e1bitos necess\u00e1rios para come\u00e7ar a confiar mais em si, segundo a psicologia","isPartOf":{"@id":"https:\/\/www.correiobraziliense.com.br\/cbradar\/#website"},"primaryImageOfPage":{"@id":"https:\/\/www.correiobraziliense.com.br\/cbradar\/os-habitos-necessarios-para-comecar-a-confiar-mais-em-si-segundo-a-psicologia\/#primaryimage"},"image":{"@id":"https:\/\/www.correiobraziliense.com.br\/cbradar\/os-habitos-necessarios-para-comecar-a-confiar-mais-em-si-segundo-a-psicologia\/#primaryimage"},"thumbnailUrl":"https:\/\/www.correiobraziliense.com.br\/cbradar\/wp-content\/uploads\/2026\/01\/freepik__imagem-realista-de-uma-pessoa-brasileira-demonstra__84021.jpeg","datePublished":"2026-01-23T01:05:00+00:00","author":{"@id":"https:\/\/www.correiobraziliense.com.br\/cbradar\/#\/schema\/person\/58422787644df994b53a19d3e56c1513"},"description":"Fortale\u00e7a a autoconfian\u00e7a com pequenos h\u00e1bitos di\u00e1rios e decis\u00e3o consciente, criando um padr\u00e3o de auto\u2011confian\u00e7a s\u00f3lida e duradoura.","breadcrumb":{"@id":"https:\/\/www.correiobraziliense.com.br\/cbradar\/os-habitos-necessarios-para-comecar-a-confiar-mais-em-si-segundo-a-psicologia\/#breadcrumb"},"inLanguage":"pt-BR","potentialAction":[{"@type":"ReadAction","target":["https:\/\/www.correiobraziliense.com.br\/cbradar\/os-habitos-necessarios-para-comecar-a-confiar-mais-em-si-segundo-a-psicologia\/"]}]},{"@type":"ImageObject","inLanguage":"pt-BR","@id":"https:\/\/www.correiobraziliense.com.br\/cbradar\/os-habitos-necessarios-para-comecar-a-confiar-mais-em-si-segundo-a-psicologia\/#primaryimage","url":"https:\/\/www.correiobraziliense.com.br\/cbradar\/wp-content\/uploads\/2026\/01\/freepik__imagem-realista-de-uma-pessoa-brasileira-demonstra__84021.jpeg","contentUrl":"https:\/\/www.correiobraziliense.com.br\/cbradar\/wp-content\/uploads\/2026\/01\/freepik__imagem-realista-de-uma-pessoa-brasileira-demonstra__84021.jpeg","width":1280,"height":720,"caption":"A autoconfian\u00e7a se manifesta em padr\u00f5es de decis\u00f5es e escolhas di\u00e1rias"},{"@type":"BreadcrumbList","@id":"https:\/\/www.correiobraziliense.com.br\/cbradar\/os-habitos-necessarios-para-comecar-a-confiar-mais-em-si-segundo-a-psicologia\/#breadcrumb","itemListElement":[{"@type":"ListItem","position":1,"name":"In\u00edcio","item":"https:\/\/www.correiobraziliense.com.br\/cbradar\/"},{"@type":"ListItem","position":2,"name":"Os h\u00e1bitos necess\u00e1rios para come\u00e7ar a confiar mais em si, segundo a psicologia"}]},{"@type":"WebSite","@id":"https:\/\/www.correiobraziliense.com.br\/cbradar\/#website","url":"https:\/\/www.correiobraziliense.com.br\/cbradar\/","name":"Correio Braziliense - Radar","description":"Acompanhe as \u00faltimas not\u00edcias e fique bem informado sobre tudo o que acontece no Brasil e no mundo.","potentialAction":[{"@type":"SearchAction","target":{"@type":"EntryPoint","urlTemplate":"https:\/\/www.correiobraziliense.com.br\/cbradar\/?s={search_term_string}"},"query-input":{"@type":"PropertyValueSpecification","valueRequired":true,"valueName":"search_term_string"}}],"inLanguage":"pt-BR"},{"@type":"Person","@id":"https:\/\/www.correiobraziliense.com.br\/cbradar\/#\/schema\/person\/58422787644df994b53a19d3e56c1513","name":"Larissa Carvalho","image":{"@type":"ImageObject","inLanguage":"pt-BR","@id":"https:\/\/www.correiobraziliense.com.br\/cbradar\/#\/schema\/person\/image\/","url":"https:\/\/secure.gravatar.com\/avatar\/fe4f91a0de32b52a838d0d612abdc1aa?s=96&d=mm&r=g","contentUrl":"https:\/\/secure.gravatar.com\/avatar\/fe4f91a0de32b52a838d0d612abdc1aa?s=96&d=mm&r=g","caption":"Larissa Carvalho"},"url":"https:\/\/www.correiobraziliense.com.br\/cbradar\/author\/larissamyth\/"}]}},"_links":{"self":[{"href":"https:\/\/www.correiobraziliense.com.br\/cbradar\/wp-json\/wp\/v2\/posts\/177687","targetHints":{"allow":["GET"]}}],"collection":[{"href":"https:\/\/www.correiobraziliense.com.br\/cbradar\/wp-json\/wp\/v2\/posts"}],"about":[{"href":"https:\/\/www.correiobraziliense.com.br\/cbradar\/wp-json\/wp\/v2\/types\/post"}],"author":[{"embeddable":true,"href":"https:\/\/www.correiobraziliense.com.br\/cbradar\/wp-json\/wp\/v2\/users\/3"}],"replies":[{"embeddable":true,"href":"https:\/\/www.correiobraziliense.com.br\/cbradar\/wp-json\/wp\/v2\/comments?post=177687"}],"version-history":[{"count":2,"href":"https:\/\/www.correiobraziliense.com.br\/cbradar\/wp-json\/wp\/v2\/posts\/177687\/revisions"}],"predecessor-version":[{"id":177697,"href":"https:\/\/www.correiobraziliense.com.br\/cbradar\/wp-json\/wp\/v2\/posts\/177687\/revisions\/177697"}],"wp:featuredmedia":[{"embeddable":true,"href":"https:\/\/www.correiobraziliense.com.br\/cbradar\/wp-json\/wp\/v2\/media\/179102"}],"wp:attachment":[{"href":"https:\/\/www.correiobraziliense.com.br\/cbradar\/wp-json\/wp\/v2\/media?parent=177687"}],"wp:term":[{"taxonomy":"category","embeddable":true,"href":"https:\/\/www.correiobraziliense.com.br\/cbradar\/wp-json\/wp\/v2\/categories?post=177687"},{"taxonomy":"post_tag","embeddable":true,"href":"https:\/\/www.correiobraziliense.com.br\/cbradar\/wp-json\/wp\/v2\/post_tag?post=177687"}],"curies":[{"name":"wp","href":"https:\/\/api.w.org\/{rel}","templated":true}]}}