{"id":177694,"date":"2026-01-21T22:55:00","date_gmt":"2026-01-22T01:55:00","guid":{"rendered":"https:\/\/www.correiobraziliense.com.br\/cbradar\/?p=177694"},"modified":"2026-01-20T10:18:28","modified_gmt":"2026-01-20T13:18:28","slug":"o-segredo-mais-ignorado-que-te-blinda-de-carunchos-e-te-da-alimentos-sempre-frescos","status":"publish","type":"post","link":"https:\/\/www.correiobraziliense.com.br\/cbradar\/o-segredo-mais-ignorado-que-te-blinda-de-carunchos-e-te-da-alimentos-sempre-frescos\/","title":{"rendered":"O segredo mais ignorado que te blinda de carunchos e te d\u00e1 alimentos sempre frescos"},"content":{"rendered":"\n<p>Transformar a bagun\u00e7a dos arm\u00e1rios na chamada &#8220;est\u00e9tica da organiza\u00e7\u00e3o&#8221; n\u00e3o \u00e9 apenas um capricho visual, mas uma estrat\u00e9gia financeira inteligente. Ao substituir embalagens abertas por <strong>potes herm\u00e9ticos<\/strong> de qualidade, voc\u00ea cria uma barreira f\u00edsica contra a umidade e pragas, estendendo a vida \u00fatil dos alimentos e evitando que seu dinheiro v\u00e1 literalmente para o lixo.<\/p>\n\n\n\n<h2 class=\"wp-block-heading\">Por que a veda\u00e7\u00e3o herm\u00e9tica \u00e9 inegoci\u00e1vel?<\/h2>\n\n\n\n<p>Diferente dos potes comuns que apenas &#8220;tampam&#8221;, os modelos herm\u00e9ticos possuem um anel de veda\u00e7\u00e3o em silicone que bloqueia totalmente a entrada de ar. Isso \u00e9 crucial porque o oxig\u00eanio \u00e9 o principal inimigo dos alimentos secos, acelerando a oxida\u00e7\u00e3o e criando o ambiente perfeito para a prolifera\u00e7\u00e3o de fungos e bact\u00e9rias invis\u00edveis.<\/p>\n\n\n\n<p>Al\u00e9m da prote\u00e7\u00e3o qu\u00edmica, a veda\u00e7\u00e3o impede a contamina\u00e7\u00e3o cruzada de cheiros. Caf\u00e9, temperos fortes e farinhas podem conviver no mesmo espa\u00e7o sem que um absorva o aroma do outro, mantendo o sabor original dos ingredientes por meses a fio.<\/p>\n\n\n\n<figure class=\"wp-block-image aligncenter size-large\"><img decoding=\"async\" width=\"1024\" height=\"576\" src=\"https:\/\/www.correiobraziliense.com.br\/cbradar\/wp-content\/uploads\/2026\/01\/imagem_2026-01-18_111259606-1024x576.png\" alt=\"Armazenamento correto de alimentos que evita carunchos e mant\u00e9m frescor\n\" class=\"wp-image-177708\" srcset=\"https:\/\/www.correiobraziliense.com.br\/cbradar\/wp-content\/uploads\/2026\/01\/imagem_2026-01-18_111259606-1024x576.png 1024w, https:\/\/www.correiobraziliense.com.br\/cbradar\/wp-content\/uploads\/2026\/01\/imagem_2026-01-18_111259606-300x169.png 300w, https:\/\/www.correiobraziliense.com.br\/cbradar\/wp-content\/uploads\/2026\/01\/imagem_2026-01-18_111259606-768x432.png 768w, https:\/\/www.correiobraziliense.com.br\/cbradar\/wp-content\/uploads\/2026\/01\/imagem_2026-01-18_111259606-750x422.png 750w, https:\/\/www.correiobraziliense.com.br\/cbradar\/wp-content\/uploads\/2026\/01\/imagem_2026-01-18_111259606-1140x641.png 1140w, https:\/\/www.correiobraziliense.com.br\/cbradar\/wp-content\/uploads\/2026\/01\/imagem_2026-01-18_111259606.png 1280w\" sizes=\"(max-width: 1024px) 100vw, 1024px\" \/><figcaption class=\"wp-element-caption\">Armazenamento correto de alimentos que evita carunchos e mant\u00e9m frescor\n<\/figcaption><\/figure>\n\n\n\n<h2 class=\"wp-block-heading\">Acr\u00edlico ou Vidro: qual o melhor material para voc\u00ea?<\/h2>\n\n\n\n<p>Ambos os materiais s\u00e3o excelentes barreiras, mas atendem a necessidades diferentes. O vidro (especialmente o borossilicato) \u00e9 inerte, n\u00e3o mancha e n\u00e3o pega cheiro, sendo a escolha premium para quem busca durabilidade eterna e higiene absoluta.<\/p>\n\n\n\n<p>J\u00e1 o acr\u00edlico ou poliestireno de alta qualidade ganha pontos na praticidade e seguran\u00e7a, sendo mais leve e resistente a quedas. Para despensas com prateleiras altas ou manuseadas por crian\u00e7as, o acr\u00edlico transparente \u00e9 a op\u00e7\u00e3o mais racional, pois oferece a mesma visualiza\u00e7\u00e3o cristalina do vidro sem o risco de estilha\u00e7os.<\/p>\n\n\n\n<p>Leia tamb\u00e9m: <a href=\"https:\/\/www.correiobraziliense.com.br\/cbradar\/teto-alto-vs-teto-baixo-como-a-altura-do-pe-direito-muda-a-sua-criatividade-ou-foco\/\" target=\"_blank\" rel=\"noreferrer noopener\">Teto alto vs Teto baixo: como a altura do p\u00e9-direito muda a sua criatividade ou foco<\/a><\/p>\n\n\n\n<h2 class=\"wp-block-heading\">Como os potes evitam a invas\u00e3o de carunchos?<\/h2>\n\n\n\n<p>Os temidos carunchos e tra\u00e7as de alimentos s\u00e3o capazes de perfurar embalagens pl\u00e1sticas finas e caixas de papel\u00e3o com facilidade. Uma vez que invadem um pacote de farinha ou macarr\u00e3o, eles se espalham rapidamente para todo o arm\u00e1rio.<\/p>\n\n\n\n<p>Ao transferir os mantimentos para potes r\u00edgidos assim que chega do mercado, voc\u00ea &#8220;blinda&#8221; seu estoque. Se por azar voc\u00ea comprar um alimento j\u00e1 contaminado (o que acontece na origem), a infesta\u00e7\u00e3o ficar\u00e1 contida dentro daquele \u00fanico pote, salvando o restante da sua despensa.<\/p>\n\n\n\n<figure class=\"wp-block-image aligncenter size-large\"><img decoding=\"async\" width=\"1024\" height=\"576\" src=\"https:\/\/www.correiobraziliense.com.br\/cbradar\/wp-content\/uploads\/2026\/01\/imagem_2026-01-18_111028239-1024x576.png\" alt=\"Armazenamento correto de alimentos que evita carunchos e mant\u00e9m frescor\n\" class=\"wp-image-177710\" srcset=\"https:\/\/www.correiobraziliense.com.br\/cbradar\/wp-content\/uploads\/2026\/01\/imagem_2026-01-18_111028239-1024x576.png 1024w, https:\/\/www.correiobraziliense.com.br\/cbradar\/wp-content\/uploads\/2026\/01\/imagem_2026-01-18_111028239-300x169.png 300w, https:\/\/www.correiobraziliense.com.br\/cbradar\/wp-content\/uploads\/2026\/01\/imagem_2026-01-18_111028239-768x432.png 768w, https:\/\/www.correiobraziliense.com.br\/cbradar\/wp-content\/uploads\/2026\/01\/imagem_2026-01-18_111028239-750x422.png 750w, https:\/\/www.correiobraziliense.com.br\/cbradar\/wp-content\/uploads\/2026\/01\/imagem_2026-01-18_111028239-1140x641.png 1140w, https:\/\/www.correiobraziliense.com.br\/cbradar\/wp-content\/uploads\/2026\/01\/imagem_2026-01-18_111028239.png 1280w\" sizes=\"(max-width: 1024px) 100vw, 1024px\" \/><figcaption class=\"wp-element-caption\">Armazenamento correto de alimentos que evita carunchos e mant\u00e9m frescor\n<\/figcaption><\/figure>\n\n\n\n<h2 class=\"wp-block-heading\">A visualiza\u00e7\u00e3o do estoque gera economia real?<\/h2>\n\n\n\n<p>O design modular e empilh\u00e1vel desses potes permite aproveitar a altura das prateleiras, mas o grande trunfo \u00e9 a transpar\u00eancia. Quando voc\u00ea enxerga exatamente a quantidade de arroz, feij\u00e3o ou a\u00e7\u00facar que possui, elimina o erro de comprar itens duplicados ou descobrir no meio da receita que um ingrediente acabou.<\/p>\n\n\n\n<p>Essa clareza visual facilita a cria\u00e7\u00e3o da lista de compras e incentiva o consumo do que j\u00e1 est\u00e1 em casa. A regra \u00e9 simples: o que n\u00e3o \u00e9 visto, n\u00e3o \u00e9 lembrado \u2013 e acaba vencendo no fundo do arm\u00e1rio.<\/p>\n\n\n\n<h2 class=\"wp-block-heading\">Dicas para manter a organiza\u00e7\u00e3o funcionando<\/h2>\n\n\n\n<p>Para que o sistema seja sustent\u00e1vel, crie o h\u00e1bito de etiquetar os potes. Use canetas de giz ou etiquetas adesivas no fundo do recipiente para anotar a data de validade original da embalagem sempre que reabastecer.<\/p>\n\n\n\n<p>Outra dica de ouro \u00e9 o m\u00e9todo PEPS (Primeiro que Entra, Primeiro que Sai). Se sobrou um pouco de macarr\u00e3o no pote, n\u00e3o despeje o pacote novo por cima; consuma o antigo primeiro ou reserve-o em um pote menor para evitar que o alimento velho fique soterrado no fundo.<\/p>\n","protected":false},"excerpt":{"rendered":"<p>Transformar a bagun\u00e7a dos arm\u00e1rios na chamada &#8220;est\u00e9tica da organiza\u00e7\u00e3o&#8221; n\u00e3o \u00e9 apenas um capricho visual, mas uma estrat\u00e9gia financeira inteligente. Ao substituir embalagens abertas por potes herm\u00e9ticos de qualidade, voc\u00ea cria uma barreira f\u00edsica contra a umidade e pragas, estendendo a vida \u00fatil dos alimentos e evitando que seu dinheiro v\u00e1 literalmente para o [&hellip;]<\/p>\n","protected":false},"author":11,"featured_media":178524,"comment_status":"open","ping_status":"open","sticky":false,"template":"","format":"standard","meta":{"_yoast_wpseo_focuskw":"potes hermeticos","_yoast_wpseo_title":"","_yoast_wpseo_metadesc":"M\u00e9todo simples e pouco comentado cria barreira eficaz contra carunchos mantendo gr\u00e3os e mantimentos frescos por muito mais tempo","jnews-multi-image_gallery":[],"jnews_single_post":{"format":"standard"},"jnews_primary_category":[],"jnews_social_meta":[],"jnews_override_counter":[],"footnotes":""},"categories":[143],"post_tag":[13450,14175],"class_list":["post-177694","post","type-post","status-publish","format-standard","has-post-thumbnail","hentry","category-casa-e-decoracao","tag-pote","tag-vedacao"],"yoast_head":"<!-- This site is optimized with the Yoast SEO plugin v24.6 - https:\/\/yoast.com\/wordpress\/plugins\/seo\/ -->\n<title>O segredo mais ignorado que te blinda de carunchos e te d\u00e1 alimentos sempre frescos - Correio Braziliense - Radar<\/title>\n<meta name=\"description\" content=\"M\u00e9todo simples e pouco comentado cria barreira eficaz contra carunchos mantendo gr\u00e3os e mantimentos frescos por muito mais tempo\" \/>\n<meta name=\"robots\" content=\"index, follow, max-snippet:-1, max-image-preview:large, max-video-preview:-1\" \/>\n<link rel=\"canonical\" href=\"https:\/\/www.correiobraziliense.com.br\/cbradar\/o-segredo-mais-ignorado-que-te-blinda-de-carunchos-e-te-da-alimentos-sempre-frescos\/\" \/>\n<meta property=\"og:locale\" content=\"pt_BR\" \/>\n<meta property=\"og:type\" content=\"article\" \/>\n<meta property=\"og:title\" content=\"O segredo mais ignorado que te blinda de carunchos e te d\u00e1 alimentos sempre frescos - Correio Braziliense - Radar\" \/>\n<meta property=\"og:description\" content=\"M\u00e9todo simples e pouco comentado cria barreira eficaz contra carunchos mantendo gr\u00e3os e mantimentos frescos por muito mais tempo\" \/>\n<meta property=\"og:url\" content=\"https:\/\/www.correiobraziliense.com.br\/cbradar\/o-segredo-mais-ignorado-que-te-blinda-de-carunchos-e-te-da-alimentos-sempre-frescos\/\" \/>\n<meta property=\"og:site_name\" content=\"Correio Braziliense - Radar\" \/>\n<meta property=\"article:published_time\" content=\"2026-01-22T01:55:00+00:00\" \/>\n<meta property=\"og:image\" content=\"https:\/\/www.correiobraziliense.com.br\/cbradar\/wp-content\/uploads\/2026\/01\/freepik__imagem-realista-de-vrias-embalagens-de-alimentos-a__80230.jpeg\" \/>\n\t<meta property=\"og:image:width\" content=\"1280\" \/>\n\t<meta property=\"og:image:height\" content=\"720\" \/>\n\t<meta property=\"og:image:type\" content=\"image\/jpeg\" \/>\n<meta name=\"author\" content=\"Paulo Custodio\" \/>\n<meta name=\"twitter:card\" content=\"summary_large_image\" \/>\n<meta name=\"twitter:label1\" content=\"Escrito por\" \/>\n\t<meta name=\"twitter:data1\" content=\"Paulo Custodio\" \/>\n\t<meta name=\"twitter:label2\" content=\"Est. tempo de leitura\" \/>\n\t<meta name=\"twitter:data2\" content=\"4 minutos\" \/>\n<!-- \/ Yoast SEO plugin. -->","yoast_head_json":{"title":"O segredo mais ignorado que te blinda de carunchos e te d\u00e1 alimentos sempre frescos - Correio Braziliense - Radar","description":"M\u00e9todo simples e pouco comentado cria barreira eficaz contra carunchos mantendo gr\u00e3os e mantimentos frescos por muito mais tempo","robots":{"index":"index","follow":"follow","max-snippet":"max-snippet:-1","max-image-preview":"max-image-preview:large","max-video-preview":"max-video-preview:-1"},"canonical":"https:\/\/www.correiobraziliense.com.br\/cbradar\/o-segredo-mais-ignorado-que-te-blinda-de-carunchos-e-te-da-alimentos-sempre-frescos\/","og_locale":"pt_BR","og_type":"article","og_title":"O segredo mais ignorado que te blinda de carunchos e te d\u00e1 alimentos sempre frescos - Correio Braziliense - Radar","og_description":"M\u00e9todo simples e pouco comentado cria barreira eficaz contra carunchos mantendo gr\u00e3os e mantimentos frescos por muito mais tempo","og_url":"https:\/\/www.correiobraziliense.com.br\/cbradar\/o-segredo-mais-ignorado-que-te-blinda-de-carunchos-e-te-da-alimentos-sempre-frescos\/","og_site_name":"Correio Braziliense - Radar","article_published_time":"2026-01-22T01:55:00+00:00","og_image":[{"width":1280,"height":720,"url":"https:\/\/www.correiobraziliense.com.br\/cbradar\/wp-content\/uploads\/2026\/01\/freepik__imagem-realista-de-vrias-embalagens-de-alimentos-a__80230.jpeg","type":"image\/jpeg"}],"author":"Paulo Custodio","twitter_card":"summary_large_image","twitter_misc":{"Escrito por":"Paulo Custodio","Est. tempo de leitura":"4 minutos"},"schema":{"@context":"https:\/\/schema.org","@graph":[{"@type":"WebPage","@id":"https:\/\/www.correiobraziliense.com.br\/cbradar\/o-segredo-mais-ignorado-que-te-blinda-de-carunchos-e-te-da-alimentos-sempre-frescos\/","url":"https:\/\/www.correiobraziliense.com.br\/cbradar\/o-segredo-mais-ignorado-que-te-blinda-de-carunchos-e-te-da-alimentos-sempre-frescos\/","name":"O segredo mais ignorado que te blinda de carunchos e te d\u00e1 alimentos sempre frescos - Correio Braziliense - Radar","isPartOf":{"@id":"https:\/\/www.correiobraziliense.com.br\/cbradar\/#website"},"primaryImageOfPage":{"@id":"https:\/\/www.correiobraziliense.com.br\/cbradar\/o-segredo-mais-ignorado-que-te-blinda-de-carunchos-e-te-da-alimentos-sempre-frescos\/#primaryimage"},"image":{"@id":"https:\/\/www.correiobraziliense.com.br\/cbradar\/o-segredo-mais-ignorado-que-te-blinda-de-carunchos-e-te-da-alimentos-sempre-frescos\/#primaryimage"},"thumbnailUrl":"https:\/\/www.correiobraziliense.com.br\/cbradar\/wp-content\/uploads\/2026\/01\/freepik__imagem-realista-de-vrias-embalagens-de-alimentos-a__80230.jpeg","datePublished":"2026-01-22T01:55:00+00:00","author":{"@id":"https:\/\/www.correiobraziliense.com.br\/cbradar\/#\/schema\/person\/4cec7857301a9a1a2ef249893cd908d3"},"description":"M\u00e9todo simples e pouco comentado cria barreira eficaz contra carunchos mantendo gr\u00e3os e mantimentos frescos por muito mais tempo","breadcrumb":{"@id":"https:\/\/www.correiobraziliense.com.br\/cbradar\/o-segredo-mais-ignorado-que-te-blinda-de-carunchos-e-te-da-alimentos-sempre-frescos\/#breadcrumb"},"inLanguage":"pt-BR","potentialAction":[{"@type":"ReadAction","target":["https:\/\/www.correiobraziliense.com.br\/cbradar\/o-segredo-mais-ignorado-que-te-blinda-de-carunchos-e-te-da-alimentos-sempre-frescos\/"]}]},{"@type":"ImageObject","inLanguage":"pt-BR","@id":"https:\/\/www.correiobraziliense.com.br\/cbradar\/o-segredo-mais-ignorado-que-te-blinda-de-carunchos-e-te-da-alimentos-sempre-frescos\/#primaryimage","url":"https:\/\/www.correiobraziliense.com.br\/cbradar\/wp-content\/uploads\/2026\/01\/freepik__imagem-realista-de-vrias-embalagens-de-alimentos-a__80230.jpeg","contentUrl":"https:\/\/www.correiobraziliense.com.br\/cbradar\/wp-content\/uploads\/2026\/01\/freepik__imagem-realista-de-vrias-embalagens-de-alimentos-a__80230.jpeg","width":1280,"height":720,"caption":"Guardar alimentos de forma incorreta facilita o acesso de pragas e aumenta o risco de contamina\u00e7\u00e3o"},{"@type":"BreadcrumbList","@id":"https:\/\/www.correiobraziliense.com.br\/cbradar\/o-segredo-mais-ignorado-que-te-blinda-de-carunchos-e-te-da-alimentos-sempre-frescos\/#breadcrumb","itemListElement":[{"@type":"ListItem","position":1,"name":"In\u00edcio","item":"https:\/\/www.correiobraziliense.com.br\/cbradar\/"},{"@type":"ListItem","position":2,"name":"O segredo mais ignorado que te blinda de carunchos e te d\u00e1 alimentos sempre frescos"}]},{"@type":"WebSite","@id":"https:\/\/www.correiobraziliense.com.br\/cbradar\/#website","url":"https:\/\/www.correiobraziliense.com.br\/cbradar\/","name":"Correio Braziliense - Radar","description":"Acompanhe as \u00faltimas not\u00edcias e fique bem informado sobre tudo o que acontece no Brasil e no mundo.","potentialAction":[{"@type":"SearchAction","target":{"@type":"EntryPoint","urlTemplate":"https:\/\/www.correiobraziliense.com.br\/cbradar\/?s={search_term_string}"},"query-input":{"@type":"PropertyValueSpecification","valueRequired":true,"valueName":"search_term_string"}}],"inLanguage":"pt-BR"},{"@type":"Person","@id":"https:\/\/www.correiobraziliense.com.br\/cbradar\/#\/schema\/person\/4cec7857301a9a1a2ef249893cd908d3","name":"Paulo Custodio","image":{"@type":"ImageObject","inLanguage":"pt-BR","@id":"https:\/\/www.correiobraziliense.com.br\/cbradar\/#\/schema\/person\/image\/","url":"https:\/\/secure.gravatar.com\/avatar\/bcd67168d1534e8fcf4f45c726a87cea?s=96&d=mm&r=g","contentUrl":"https:\/\/secure.gravatar.com\/avatar\/bcd67168d1534e8fcf4f45c726a87cea?s=96&d=mm&r=g","caption":"Paulo Custodio"},"sameAs":["https:\/\/www.correiobraziliense.com.br\/cbradar"],"url":"https:\/\/www.correiobraziliense.com.br\/cbradar\/author\/paulomyth\/"}]}},"_links":{"self":[{"href":"https:\/\/www.correiobraziliense.com.br\/cbradar\/wp-json\/wp\/v2\/posts\/177694","targetHints":{"allow":["GET"]}}],"collection":[{"href":"https:\/\/www.correiobraziliense.com.br\/cbradar\/wp-json\/wp\/v2\/posts"}],"about":[{"href":"https:\/\/www.correiobraziliense.com.br\/cbradar\/wp-json\/wp\/v2\/types\/post"}],"author":[{"embeddable":true,"href":"https:\/\/www.correiobraziliense.com.br\/cbradar\/wp-json\/wp\/v2\/users\/11"}],"replies":[{"embeddable":true,"href":"https:\/\/www.correiobraziliense.com.br\/cbradar\/wp-json\/wp\/v2\/comments?post=177694"}],"version-history":[{"count":1,"href":"https:\/\/www.correiobraziliense.com.br\/cbradar\/wp-json\/wp\/v2\/posts\/177694\/revisions"}],"predecessor-version":[{"id":177712,"href":"https:\/\/www.correiobraziliense.com.br\/cbradar\/wp-json\/wp\/v2\/posts\/177694\/revisions\/177712"}],"wp:featuredmedia":[{"embeddable":true,"href":"https:\/\/www.correiobraziliense.com.br\/cbradar\/wp-json\/wp\/v2\/media\/178524"}],"wp:attachment":[{"href":"https:\/\/www.correiobraziliense.com.br\/cbradar\/wp-json\/wp\/v2\/media?parent=177694"}],"wp:term":[{"taxonomy":"category","embeddable":true,"href":"https:\/\/www.correiobraziliense.com.br\/cbradar\/wp-json\/wp\/v2\/categories?post=177694"},{"taxonomy":"post_tag","embeddable":true,"href":"https:\/\/www.correiobraziliense.com.br\/cbradar\/wp-json\/wp\/v2\/post_tag?post=177694"}],"curies":[{"name":"wp","href":"https:\/\/api.w.org\/{rel}","templated":true}]}}