{"id":177717,"date":"2026-01-22T13:25:00","date_gmt":"2026-01-22T16:25:00","guid":{"rendered":"https:\/\/www.correiobraziliense.com.br\/cbradar\/?p=177717"},"modified":"2026-01-20T17:10:43","modified_gmt":"2026-01-20T20:10:43","slug":"o-erro-silencioso-que-faz-a-umidade-subir-pelas-paredes-mesmo-em-casas-novas","status":"publish","type":"post","link":"https:\/\/www.correiobraziliense.com.br\/cbradar\/o-erro-silencioso-que-faz-a-umidade-subir-pelas-paredes-mesmo-em-casas-novas\/","title":{"rendered":"O erro silencioso que faz a umidade subir pelas paredes mesmo em casas novas"},"content":{"rendered":"\n<p>\u00c9 frustrante ver manchas de bolor e tinta descascando no rodap\u00e9 de uma casa rec\u00e9m-constru\u00edda, mas esse problema tem nome e sobrenome: <strong>umidade por capilaridade<\/strong>. Esse fen\u00f4meno ocorre quando h\u00e1 falha ou aus\u00eancia total de impermeabiliza\u00e7\u00e3o nas vigas baldrame (a funda\u00e7\u00e3o rasa), permitindo que a \u00e1gua do solo suba pelos poros dos tijolos e do concreto como se fosse um papel absorvendo l\u00edquido.<\/p>\n\n\n\n<h2 class=\"wp-block-heading\">Por que isso acontece mesmo em obras recentes?<\/h2>\n\n\n\n<p>O &#8220;erro silencioso&#8221; geralmente acontece na etapa mais crucial e invis\u00edvel da obra: a funda\u00e7\u00e3o. Muitos construtores, na pressa ou na tentativa de economizar, aplicam camadas insuficientes de impermeabilizante betuminoso (a tinta preta) ou esquecem de proteger a lateral das vigas que ficam em contato com a terra.<\/p>\n\n\n\n<p>Sem essa barreira qu\u00edmica e f\u00edsica robusta, a alvenaria fica conectada diretamente ao solo \u00famido. A f\u00edsica faz o resto: atrav\u00e9s da tens\u00e3o superficial, a \u00e1gua vence a gravidade e &#8220;escala&#8221; a parede, podendo atingir at\u00e9 1 metro de altura, levando consigo sais minerais que cristalizam e estouram o reboco e a pintura.<\/p>\n\n\n\n<figure class=\"wp-block-image aligncenter size-large\"><img decoding=\"async\" width=\"1024\" height=\"576\" src=\"https:\/\/www.correiobraziliense.com.br\/cbradar\/wp-content\/uploads\/2026\/01\/imagem_2026-01-18_113750199-1024x576.png\" alt=\"Falha construtiva que permite a umidade ascender pelas paredes em casas novas\n\" class=\"wp-image-177718\" srcset=\"https:\/\/www.correiobraziliense.com.br\/cbradar\/wp-content\/uploads\/2026\/01\/imagem_2026-01-18_113750199-1024x576.png 1024w, https:\/\/www.correiobraziliense.com.br\/cbradar\/wp-content\/uploads\/2026\/01\/imagem_2026-01-18_113750199-300x169.png 300w, https:\/\/www.correiobraziliense.com.br\/cbradar\/wp-content\/uploads\/2026\/01\/imagem_2026-01-18_113750199-768x432.png 768w, https:\/\/www.correiobraziliense.com.br\/cbradar\/wp-content\/uploads\/2026\/01\/imagem_2026-01-18_113750199-750x422.png 750w, https:\/\/www.correiobraziliense.com.br\/cbradar\/wp-content\/uploads\/2026\/01\/imagem_2026-01-18_113750199-1140x641.png 1140w, https:\/\/www.correiobraziliense.com.br\/cbradar\/wp-content\/uploads\/2026\/01\/imagem_2026-01-18_113750199.png 1280w\" sizes=\"(max-width: 1024px) 100vw, 1024px\" \/><figcaption class=\"wp-element-caption\">Falha construtiva que permite a umidade ascender pelas paredes em casas novas\n<\/figcaption><\/figure>\n\n\n\n<h2 class=\"wp-block-heading\">Quais s\u00e3o os sinais vis\u00edveis de que a parede est\u00e1 doente?<\/h2>\n\n\n\n<p>Diferente de uma infiltra\u00e7\u00e3o de chuva que vem de cima para baixo ou de um cano furado que cria uma mancha localizada, a umidade ascendente tem um padr\u00e3o visual claro. Ela sempre come\u00e7a no encontro da parede com o piso e sobe de forma horizontal e uniforme.<\/p>\n\n\n\n<p>Fique atento aos seguintes sintomas:<\/p>\n\n\n\n<ul class=\"wp-block-list\">\n<li><strong>Efloresc\u00eancia:<\/strong> O aparecimento de um p\u00f3 branco (parecido com sal) na superf\u00edcie da parede.<\/li>\n\n\n\n<li><strong>Tinta descascando:<\/strong> A umidade empurra a pintura para fora, criando bolhas no rodap\u00e9.<\/li>\n\n\n\n<li><strong>Rodap\u00e9 podre:<\/strong> Se for de madeira, ele apodrece; se for cer\u00e2mico, pode descolar.<\/li>\n\n\n\n<li><strong>Cheiro de mofo:<\/strong> O ambiente fica com odor caracter\u00edstico mesmo com janelas abertas.<\/li>\n<\/ul>\n\n\n\n<p>Leia tamb\u00e9m: <a href=\"https:\/\/www.correiobraziliense.com.br\/cbradar\/teto-alto-vs-teto-baixo-como-a-altura-do-pe-direito-muda-a-sua-criatividade-ou-foco\/\" target=\"_blank\" rel=\"noreferrer noopener\">Teto alto vs Teto baixo: como a altura do p\u00e9-direito muda a sua criatividade ou foco<\/a><\/p>\n\n\n\n<h2 class=\"wp-block-heading\">Como resolver o problema depois da casa pronta?<\/h2>\n\n\n\n<p>Corrigir a capilaridade em uma casa habitada \u00e9 mais complexo do que prevenir, mas existem tecnologias modernas que evitam a demoli\u00e7\u00e3o total. A solu\u00e7\u00e3o tradicional de quebrar todo o reboco e refazer a impermeabiliza\u00e7\u00e3o \u00e9 eficaz, mas gera muito entulho e transtorno.<\/p>\n\n\n\n<p>Uma alternativa menos invasiva \u00e9 a inje\u00e7\u00e3o qu\u00edmica. Nesse m\u00e9todo, s\u00e3o feitos furos na base da parede onde se injeta um produto \u00e0 base de silano ou siloxano. Esse l\u00edquido se espalha dentro dos tijolos e cristaliza, criando uma nova barreira horizontal que bloqueia a subida da \u00e1gua sem precisar derrubar a parede.<\/p>\n\n\n\n<figure class=\"wp-block-image aligncenter size-large\"><img decoding=\"async\" width=\"1024\" height=\"576\" src=\"https:\/\/www.correiobraziliense.com.br\/cbradar\/wp-content\/uploads\/2026\/01\/imagem_2026-01-18_114015787-1024x576.png\" alt=\"Falha construtiva que permite a umidade ascender pelas paredes em casas novas\n\" class=\"wp-image-177719\" srcset=\"https:\/\/www.correiobraziliense.com.br\/cbradar\/wp-content\/uploads\/2026\/01\/imagem_2026-01-18_114015787-1024x576.png 1024w, https:\/\/www.correiobraziliense.com.br\/cbradar\/wp-content\/uploads\/2026\/01\/imagem_2026-01-18_114015787-300x169.png 300w, https:\/\/www.correiobraziliense.com.br\/cbradar\/wp-content\/uploads\/2026\/01\/imagem_2026-01-18_114015787-768x432.png 768w, https:\/\/www.correiobraziliense.com.br\/cbradar\/wp-content\/uploads\/2026\/01\/imagem_2026-01-18_114015787-750x422.png 750w, https:\/\/www.correiobraziliense.com.br\/cbradar\/wp-content\/uploads\/2026\/01\/imagem_2026-01-18_114015787-1140x641.png 1140w, https:\/\/www.correiobraziliense.com.br\/cbradar\/wp-content\/uploads\/2026\/01\/imagem_2026-01-18_114015787.png 1280w\" sizes=\"(max-width: 1024px) 100vw, 1024px\" \/><figcaption class=\"wp-element-caption\">Falha construtiva que permite a umidade ascender pelas paredes em casas novas\n<\/figcaption><\/figure>\n\n\n\n<h2 class=\"wp-block-heading\">A ventila\u00e7\u00e3o ajuda ou atrapalha?<\/h2>\n\n\n\n<p>Muitas pessoas tentam resolver o problema colocando ventiladores ou abrindo janelas, mas isso ataca apenas o sintoma, n\u00e3o a causa. A ventila\u00e7\u00e3o ajuda a secar a superf\u00edcie, mas enquanto a &#8220;ponte&#8221; entre o solo e a parede existir, a \u00e1gua continuar\u00e1 subindo eternamente.<\/p>\n\n\n\n<p>Al\u00e9m disso, cobrir a \u00e1rea afetada com azulejos ou pedras para &#8220;esconder&#8221; a umidade \u00e9 um erro grave. A \u00e1gua continuar\u00e1 subindo por tr\u00e1s do revestimento e acabar\u00e1 saindo em uma altura ainda maior, ou pior, migrar\u00e1 para o outro lado da parede, espalhando o problema para c\u00f4modos vizinhos.<\/p>\n\n\n\n<h2 class=\"wp-block-heading\">\u00c9 poss\u00edvel prevenir 100% esse problema?<\/h2>\n\n\n\n<p>Sim, e a preven\u00e7\u00e3o custa uma fra\u00e7\u00e3o do valor do reparo. Durante a constru\u00e7\u00e3o, o uso de aditivos impermeabilizantes na massa de concreto da funda\u00e7\u00e3o e a aplica\u00e7\u00e3o correta de mantas asf\u00e1lticas ou polim\u00e9ricas sobre as vigas baldrame garantem a estanqueidade.<\/p>\n\n\n\n<p>Normas t\u00e9cnicas como a da [Associa\u00e7\u00e3o Brasileira de Normas T\u00e9cnicas &#8211; ABNT] recomendam que a impermeabiliza\u00e7\u00e3o suba pelo menos 15 a 20 cent\u00edmetros nas primeiras fiadas de alvenaria, criando uma &#8220;bacia&#8221; de prote\u00e7\u00e3o que isola a casa da umidade natural do terreno.<\/p>\n","protected":false},"excerpt":{"rendered":"<p>\u00c9 frustrante ver manchas de bolor e tinta descascando no rodap\u00e9 de uma casa rec\u00e9m-constru\u00edda, mas esse problema tem nome e sobrenome: umidade por capilaridade. Esse fen\u00f4meno ocorre quando h\u00e1 falha ou aus\u00eancia total de impermeabiliza\u00e7\u00e3o nas vigas baldrame (a funda\u00e7\u00e3o rasa), permitindo que a \u00e1gua do solo suba pelos poros dos tijolos e do [&hellip;]<\/p>\n","protected":false},"author":11,"featured_media":178704,"comment_status":"open","ping_status":"open","sticky":false,"template":"","format":"standard","meta":{"_yoast_wpseo_focuskw":"umidade suba pelas paredes","_yoast_wpseo_title":"","_yoast_wpseo_metadesc":"Falha pouco percebida permite que a umidade suba pelas paredes afetando casas novas com manchas, mofo e danos estruturais persistentes","jnews-multi-image_gallery":[],"jnews_single_post":{"format":"standard"},"jnews_primary_category":[],"jnews_social_meta":[],"jnews_override_counter":[],"footnotes":""},"categories":[143],"post_tag":[10176,2861],"class_list":["post-177717","post","type-post","status-publish","format-standard","has-post-thumbnail","hentry","category-casa-e-decoracao","tag-parede","tag-umidade"],"yoast_head":"<!-- This site is optimized with the Yoast SEO plugin v24.6 - https:\/\/yoast.com\/wordpress\/plugins\/seo\/ -->\n<title>O erro silencioso que faz a umidade subir pelas paredes mesmo em casas novas - Correio Braziliense - Radar<\/title>\n<meta name=\"description\" content=\"Falha pouco percebida permite que a umidade suba pelas paredes afetando casas novas com manchas, mofo e danos estruturais persistentes\" \/>\n<meta name=\"robots\" content=\"index, follow, max-snippet:-1, max-image-preview:large, max-video-preview:-1\" \/>\n<link rel=\"canonical\" href=\"https:\/\/www.correiobraziliense.com.br\/cbradar\/o-erro-silencioso-que-faz-a-umidade-subir-pelas-paredes-mesmo-em-casas-novas\/\" \/>\n<meta property=\"og:locale\" content=\"pt_BR\" \/>\n<meta property=\"og:type\" content=\"article\" \/>\n<meta property=\"og:title\" content=\"O erro silencioso que faz a umidade subir pelas paredes mesmo em casas novas - Correio Braziliense - Radar\" \/>\n<meta property=\"og:description\" content=\"Falha pouco percebida permite que a umidade suba pelas paredes afetando casas novas com manchas, mofo e danos estruturais persistentes\" \/>\n<meta property=\"og:url\" content=\"https:\/\/www.correiobraziliense.com.br\/cbradar\/o-erro-silencioso-que-faz-a-umidade-subir-pelas-paredes-mesmo-em-casas-novas\/\" \/>\n<meta property=\"og:site_name\" content=\"Correio Braziliense - Radar\" \/>\n<meta property=\"article:published_time\" content=\"2026-01-22T16:25:00+00:00\" \/>\n<meta property=\"og:image\" content=\"https:\/\/www.correiobraziliense.com.br\/cbradar\/wp-content\/uploads\/2026\/01\/freepik__imagem-realista-de-umidade-por-capilaridade-em-uma__48634.jpeg\" \/>\n\t<meta property=\"og:image:width\" content=\"1280\" \/>\n\t<meta property=\"og:image:height\" content=\"720\" \/>\n\t<meta property=\"og:image:type\" content=\"image\/jpeg\" \/>\n<meta name=\"author\" content=\"Paulo Custodio\" \/>\n<meta name=\"twitter:card\" content=\"summary_large_image\" \/>\n<meta name=\"twitter:label1\" content=\"Escrito por\" \/>\n\t<meta name=\"twitter:data1\" content=\"Paulo Custodio\" \/>\n\t<meta name=\"twitter:label2\" content=\"Est. tempo de leitura\" \/>\n\t<meta name=\"twitter:data2\" content=\"4 minutos\" \/>\n<!-- \/ Yoast SEO plugin. -->","yoast_head_json":{"title":"O erro silencioso que faz a umidade subir pelas paredes mesmo em casas novas - Correio Braziliense - Radar","description":"Falha pouco percebida permite que a umidade suba pelas paredes afetando casas novas com manchas, mofo e danos estruturais persistentes","robots":{"index":"index","follow":"follow","max-snippet":"max-snippet:-1","max-image-preview":"max-image-preview:large","max-video-preview":"max-video-preview:-1"},"canonical":"https:\/\/www.correiobraziliense.com.br\/cbradar\/o-erro-silencioso-que-faz-a-umidade-subir-pelas-paredes-mesmo-em-casas-novas\/","og_locale":"pt_BR","og_type":"article","og_title":"O erro silencioso que faz a umidade subir pelas paredes mesmo em casas novas - Correio Braziliense - Radar","og_description":"Falha pouco percebida permite que a umidade suba pelas paredes afetando casas novas com manchas, mofo e danos estruturais persistentes","og_url":"https:\/\/www.correiobraziliense.com.br\/cbradar\/o-erro-silencioso-que-faz-a-umidade-subir-pelas-paredes-mesmo-em-casas-novas\/","og_site_name":"Correio Braziliense - Radar","article_published_time":"2026-01-22T16:25:00+00:00","og_image":[{"width":1280,"height":720,"url":"https:\/\/www.correiobraziliense.com.br\/cbradar\/wp-content\/uploads\/2026\/01\/freepik__imagem-realista-de-umidade-por-capilaridade-em-uma__48634.jpeg","type":"image\/jpeg"}],"author":"Paulo Custodio","twitter_card":"summary_large_image","twitter_misc":{"Escrito por":"Paulo Custodio","Est. tempo de leitura":"4 minutos"},"schema":{"@context":"https:\/\/schema.org","@graph":[{"@type":"WebPage","@id":"https:\/\/www.correiobraziliense.com.br\/cbradar\/o-erro-silencioso-que-faz-a-umidade-subir-pelas-paredes-mesmo-em-casas-novas\/","url":"https:\/\/www.correiobraziliense.com.br\/cbradar\/o-erro-silencioso-que-faz-a-umidade-subir-pelas-paredes-mesmo-em-casas-novas\/","name":"O erro silencioso que faz a umidade subir pelas paredes mesmo em casas novas - Correio Braziliense - Radar","isPartOf":{"@id":"https:\/\/www.correiobraziliense.com.br\/cbradar\/#website"},"primaryImageOfPage":{"@id":"https:\/\/www.correiobraziliense.com.br\/cbradar\/o-erro-silencioso-que-faz-a-umidade-subir-pelas-paredes-mesmo-em-casas-novas\/#primaryimage"},"image":{"@id":"https:\/\/www.correiobraziliense.com.br\/cbradar\/o-erro-silencioso-que-faz-a-umidade-subir-pelas-paredes-mesmo-em-casas-novas\/#primaryimage"},"thumbnailUrl":"https:\/\/www.correiobraziliense.com.br\/cbradar\/wp-content\/uploads\/2026\/01\/freepik__imagem-realista-de-umidade-por-capilaridade-em-uma__48634.jpeg","datePublished":"2026-01-22T16:25:00+00:00","author":{"@id":"https:\/\/www.correiobraziliense.com.br\/cbradar\/#\/schema\/person\/4cec7857301a9a1a2ef249893cd908d3"},"description":"Falha pouco percebida permite que a umidade suba pelas paredes afetando casas novas com manchas, mofo e danos estruturais persistentes","breadcrumb":{"@id":"https:\/\/www.correiobraziliense.com.br\/cbradar\/o-erro-silencioso-que-faz-a-umidade-subir-pelas-paredes-mesmo-em-casas-novas\/#breadcrumb"},"inLanguage":"pt-BR","potentialAction":[{"@type":"ReadAction","target":["https:\/\/www.correiobraziliense.com.br\/cbradar\/o-erro-silencioso-que-faz-a-umidade-subir-pelas-paredes-mesmo-em-casas-novas\/"]}]},{"@type":"ImageObject","inLanguage":"pt-BR","@id":"https:\/\/www.correiobraziliense.com.br\/cbradar\/o-erro-silencioso-que-faz-a-umidade-subir-pelas-paredes-mesmo-em-casas-novas\/#primaryimage","url":"https:\/\/www.correiobraziliense.com.br\/cbradar\/wp-content\/uploads\/2026\/01\/freepik__imagem-realista-de-umidade-por-capilaridade-em-uma__48634.jpeg","contentUrl":"https:\/\/www.correiobraziliense.com.br\/cbradar\/wp-content\/uploads\/2026\/01\/freepik__imagem-realista-de-umidade-por-capilaridade-em-uma__48634.jpeg","width":1280,"height":720,"caption":"A \u00e1gua sobe pelos poros dos tijolos e do concreto como se fosse absorvida"},{"@type":"BreadcrumbList","@id":"https:\/\/www.correiobraziliense.com.br\/cbradar\/o-erro-silencioso-que-faz-a-umidade-subir-pelas-paredes-mesmo-em-casas-novas\/#breadcrumb","itemListElement":[{"@type":"ListItem","position":1,"name":"In\u00edcio","item":"https:\/\/www.correiobraziliense.com.br\/cbradar\/"},{"@type":"ListItem","position":2,"name":"O erro silencioso que faz a umidade subir pelas paredes mesmo em casas novas"}]},{"@type":"WebSite","@id":"https:\/\/www.correiobraziliense.com.br\/cbradar\/#website","url":"https:\/\/www.correiobraziliense.com.br\/cbradar\/","name":"Correio Braziliense - Radar","description":"Acompanhe as \u00faltimas not\u00edcias e fique bem informado sobre tudo o que acontece no Brasil e no mundo.","potentialAction":[{"@type":"SearchAction","target":{"@type":"EntryPoint","urlTemplate":"https:\/\/www.correiobraziliense.com.br\/cbradar\/?s={search_term_string}"},"query-input":{"@type":"PropertyValueSpecification","valueRequired":true,"valueName":"search_term_string"}}],"inLanguage":"pt-BR"},{"@type":"Person","@id":"https:\/\/www.correiobraziliense.com.br\/cbradar\/#\/schema\/person\/4cec7857301a9a1a2ef249893cd908d3","name":"Paulo Custodio","image":{"@type":"ImageObject","inLanguage":"pt-BR","@id":"https:\/\/www.correiobraziliense.com.br\/cbradar\/#\/schema\/person\/image\/","url":"https:\/\/secure.gravatar.com\/avatar\/bcd67168d1534e8fcf4f45c726a87cea?s=96&d=mm&r=g","contentUrl":"https:\/\/secure.gravatar.com\/avatar\/bcd67168d1534e8fcf4f45c726a87cea?s=96&d=mm&r=g","caption":"Paulo Custodio"},"sameAs":["https:\/\/www.correiobraziliense.com.br\/cbradar"],"url":"https:\/\/www.correiobraziliense.com.br\/cbradar\/author\/paulomyth\/"}]}},"_links":{"self":[{"href":"https:\/\/www.correiobraziliense.com.br\/cbradar\/wp-json\/wp\/v2\/posts\/177717","targetHints":{"allow":["GET"]}}],"collection":[{"href":"https:\/\/www.correiobraziliense.com.br\/cbradar\/wp-json\/wp\/v2\/posts"}],"about":[{"href":"https:\/\/www.correiobraziliense.com.br\/cbradar\/wp-json\/wp\/v2\/types\/post"}],"author":[{"embeddable":true,"href":"https:\/\/www.correiobraziliense.com.br\/cbradar\/wp-json\/wp\/v2\/users\/11"}],"replies":[{"embeddable":true,"href":"https:\/\/www.correiobraziliense.com.br\/cbradar\/wp-json\/wp\/v2\/comments?post=177717"}],"version-history":[{"count":1,"href":"https:\/\/www.correiobraziliense.com.br\/cbradar\/wp-json\/wp\/v2\/posts\/177717\/revisions"}],"predecessor-version":[{"id":177720,"href":"https:\/\/www.correiobraziliense.com.br\/cbradar\/wp-json\/wp\/v2\/posts\/177717\/revisions\/177720"}],"wp:featuredmedia":[{"embeddable":true,"href":"https:\/\/www.correiobraziliense.com.br\/cbradar\/wp-json\/wp\/v2\/media\/178704"}],"wp:attachment":[{"href":"https:\/\/www.correiobraziliense.com.br\/cbradar\/wp-json\/wp\/v2\/media?parent=177717"}],"wp:term":[{"taxonomy":"category","embeddable":true,"href":"https:\/\/www.correiobraziliense.com.br\/cbradar\/wp-json\/wp\/v2\/categories?post=177717"},{"taxonomy":"post_tag","embeddable":true,"href":"https:\/\/www.correiobraziliense.com.br\/cbradar\/wp-json\/wp\/v2\/post_tag?post=177717"}],"curies":[{"name":"wp","href":"https:\/\/api.w.org\/{rel}","templated":true}]}}