{"id":177736,"date":"2026-01-22T20:55:00","date_gmt":"2026-01-22T23:55:00","guid":{"rendered":"https:\/\/www.correiobraziliense.com.br\/cbradar\/?p=177736"},"modified":"2026-01-20T17:16:16","modified_gmt":"2026-01-20T20:16:16","slug":"o-erro-comum-ao-escolher-cortinas-que-faz-a-sala-parecer-menor","status":"publish","type":"post","link":"https:\/\/www.correiobraziliense.com.br\/cbradar\/o-erro-comum-ao-escolher-cortinas-que-faz-a-sala-parecer-menor\/","title":{"rendered":"O erro comum ao escolher cortinas que faz a sala parecer menor"},"content":{"rendered":"\n<p>Ao decorar uma sala, a cortina \u00e9 frequentemente tratada apenas como um acess\u00f3rio para bloquear a luz, mas ela \u00e9, na verdade, uma ferramenta arquitet\u00f4nica poderosa. O erro mais comum que comete quem n\u00e3o \u00e9 designer de interiores \u00e9 <strong>instalar o var\u00e3o ou trilho imediatamente acima da moldura da janela e limitar a largura do tecido ao tamanho exato do vidro<\/strong>.<\/p>\n\n\n\n<h2 class=\"wp-block-heading\">A regra de ouro: v\u00e1 para o alto e para os lados<\/h2>\n\n\n\n<p>Para reverter essa sensa\u00e7\u00e3o e criar uma ilus\u00e3o de \u00f3tica de amplitude, o segredo est\u00e1 na posi\u00e7\u00e3o da instala\u00e7\u00e3o. A regra \u00e9 simples: instale a cortina o mais alto poss\u00edvel.<\/p>\n\n\n\n<p>Se voc\u00ea tem molduras de gesso (sanca), o trilho deve ser embutido ou fixado logo abaixo delas. Se n\u00e3o houver gesso, o var\u00e3o deve ser fixado rente ao teto, e n\u00e3o na borda da janela. Isso obriga o olho a percorrer toda a extens\u00e3o da parede, criando uma linha vertical longa que &#8220;estica&#8221; o ambiente e d\u00e1 a impress\u00e3o de que a sala \u00e9 muito mais alta do que realmente \u00e9.<\/p>\n\n\n\n<figure class=\"wp-block-image aligncenter size-large\"><img decoding=\"async\" width=\"1024\" height=\"576\" src=\"https:\/\/www.correiobraziliense.com.br\/cbradar\/wp-content\/uploads\/2026\/01\/imagem_2026-01-18_130042372-1024x576.png\" alt=\"Escolha inadequada de cortinas que reduz visualmente o tamanho da sala\n\" class=\"wp-image-177737\" srcset=\"https:\/\/www.correiobraziliense.com.br\/cbradar\/wp-content\/uploads\/2026\/01\/imagem_2026-01-18_130042372-1024x576.png 1024w, https:\/\/www.correiobraziliense.com.br\/cbradar\/wp-content\/uploads\/2026\/01\/imagem_2026-01-18_130042372-300x169.png 300w, https:\/\/www.correiobraziliense.com.br\/cbradar\/wp-content\/uploads\/2026\/01\/imagem_2026-01-18_130042372-768x432.png 768w, https:\/\/www.correiobraziliense.com.br\/cbradar\/wp-content\/uploads\/2026\/01\/imagem_2026-01-18_130042372-750x422.png 750w, https:\/\/www.correiobraziliense.com.br\/cbradar\/wp-content\/uploads\/2026\/01\/imagem_2026-01-18_130042372-1140x641.png 1140w, https:\/\/www.correiobraziliense.com.br\/cbradar\/wp-content\/uploads\/2026\/01\/imagem_2026-01-18_130042372.png 1280w\" sizes=\"(max-width: 1024px) 100vw, 1024px\" \/><figcaption class=\"wp-element-caption\">Escolha inadequada de cortinas que reduz visualmente o tamanho da sala\n<\/figcaption><\/figure>\n\n\n\n<h2 class=\"wp-block-heading\">Largura: n\u00e3o esconda a luz natural<\/h2>\n\n\n\n<p>O segundo pilar desse erro est\u00e1 na largura. Quando o var\u00e3o tem o mesmo tamanho da janela, a cortina aberta acaba cobrindo as laterais do vidro, bloqueando a entrada de luz natural. Menos luz significa um ambiente visualmente menor.<\/p>\n\n\n\n<p>A solu\u00e7\u00e3o \u00e9 a t\u00e9cnica da <strong>sobra lateral<\/strong>. O var\u00e3o deve exceder a janela em cerca de 20 a 30 cent\u00edmetros para cada lado. Assim, quando a cortina estiver aberta, o tecido ficar\u00e1 recolhido sobre a parede, deixando o vidro totalmente exposto. Isso faz a janela parecer mais larga e maximiza a luminosidade, o que \u00e9 vital para a sensa\u00e7\u00e3o de espa\u00e7o.<\/p>\n\n\n\n<p>Leia tamb\u00e9m: <a href=\"https:\/\/www.correiobraziliense.com.br\/cbradar\/teto-alto-vs-teto-baixo-como-a-altura-do-pe-direito-muda-a-sua-criatividade-ou-foco\/\" target=\"_blank\" rel=\"noreferrer noopener\">Teto alto vs Teto baixo: como a altura do p\u00e9-direito muda a sua criatividade ou foco<\/a><\/p>\n\n\n\n<h2 class=\"wp-block-heading\">O comprimento: a cortina deve tocar o ch\u00e3o?<\/h2>\n\n\n\n<p>Sim. Cortinas curtas que terminam no parapeito da janela s\u00e3o visualmente &#8220;cortadas&#8221; e transmitem uma sensa\u00e7\u00e3o de desleixo ou de ambiente provis\u00f3rio, exceto em situa\u00e7\u00f5es muito espec\u00edficas (como acima de m\u00f3veis ou pias).<\/p>\n\n\n\n<p>Para a eleg\u00e2ncia e a amplitude, o tecido deve ir at\u00e9 o ch\u00e3o. Existem tr\u00eas caimentos aceit\u00e1veis:<\/p>\n\n\n\n<ul class=\"wp-block-list\">\n<li><strong>Beijando o ch\u00e3o:<\/strong> O tecido toca levemente o piso. \u00c9 o visual mais moderno e sob medida.<\/li>\n\n\n\n<li><strong>Flutuando:<\/strong> O tecido termina 1 ou 2 cent\u00edmetros acima do ch\u00e3o. \u00c9 o mais pr\u00e1tico para a limpeza e evita que a barra fique suja.<\/li>\n\n\n\n<li><strong>Arrastando (Puddle):<\/strong> Sobram de 5 a 10 cent\u00edmetros de tecido no ch\u00e3o. \u00c9 rom\u00e2ntico e cl\u00e1ssico, mas acumula poeira e exige arruma\u00e7\u00e3o constante.<\/li>\n<\/ul>\n\n\n\n<p>Evite o visual &#8220;cal\u00e7a pula-brejo&#8221;, onde a cortina termina 10 ou 15 cent\u00edmetros acima do ch\u00e3o, pois isso quebra a linha vertical que buscamos criar.<\/p>\n\n\n\n<figure class=\"wp-block-image aligncenter size-large\"><img decoding=\"async\" width=\"1024\" height=\"576\" src=\"https:\/\/www.correiobraziliense.com.br\/cbradar\/wp-content\/uploads\/2026\/01\/imagem_2026-01-18_130121507-1024x576.png\" alt=\"Escolha inadequada de cortinas que reduz visualmente o tamanho da sala\n\" class=\"wp-image-177738\" srcset=\"https:\/\/www.correiobraziliense.com.br\/cbradar\/wp-content\/uploads\/2026\/01\/imagem_2026-01-18_130121507-1024x576.png 1024w, https:\/\/www.correiobraziliense.com.br\/cbradar\/wp-content\/uploads\/2026\/01\/imagem_2026-01-18_130121507-300x169.png 300w, https:\/\/www.correiobraziliense.com.br\/cbradar\/wp-content\/uploads\/2026\/01\/imagem_2026-01-18_130121507-768x432.png 768w, https:\/\/www.correiobraziliense.com.br\/cbradar\/wp-content\/uploads\/2026\/01\/imagem_2026-01-18_130121507-750x422.png 750w, https:\/\/www.correiobraziliense.com.br\/cbradar\/wp-content\/uploads\/2026\/01\/imagem_2026-01-18_130121507-1140x641.png 1140w, https:\/\/www.correiobraziliense.com.br\/cbradar\/wp-content\/uploads\/2026\/01\/imagem_2026-01-18_130121507.png 1280w\" sizes=\"(max-width: 1024px) 100vw, 1024px\" \/><figcaption class=\"wp-element-caption\">Escolha inadequada de cortinas que reduz visualmente o tamanho da sala\n<\/figcaption><\/figure>\n\n\n\n<h2 class=\"wp-block-heading\">Tecidos e cores para ampliar<\/h2>\n\n\n\n<p>Al\u00e9m da instala\u00e7\u00e3o, o material influencia o tamanho percebido. Em salas pequenas, evite tecidos pesados, veludos escuros ou estampas grandes que criam &#8220;peso visual&#8221;.<\/p>\n\n\n\n<p>Prefira tecidos fluidos e cores claras (branco, off-white, linho natural ou cinza claro) que se fundam com a cor das paredes. Essa continuidade crom\u00e1tica elimina barreiras visuais, fazendo com que as paredes pare\u00e7am recuar e o espa\u00e7o se expandir. Se precisar de escurecimento (blackout), opte por camadas duplas onde a frente seja leve e o forro funcional fique escondido.<\/p>\n","protected":false},"excerpt":{"rendered":"<p>Ao decorar uma sala, a cortina \u00e9 frequentemente tratada apenas como um acess\u00f3rio para bloquear a luz, mas ela \u00e9, na verdade, uma ferramenta arquitet\u00f4nica poderosa. O erro mais comum que comete quem n\u00e3o \u00e9 designer de interiores \u00e9 instalar o var\u00e3o ou trilho imediatamente acima da moldura da janela e limitar a largura do [&hellip;]<\/p>\n","protected":false},"author":11,"featured_media":178710,"comment_status":"open","ping_status":"open","sticky":false,"template":"","format":"standard","meta":{"_yoast_wpseo_focuskw":"escolha da cortina","_yoast_wpseo_title":"","_yoast_wpseo_metadesc":"Escolha equivocada de cortinas reduz visualmente a sala interfere na luz e na altura criando sensa\u00e7\u00e3o constante de espa\u00e7o menor","jnews-multi-image_gallery":[],"jnews_single_post":{"format":"standard"},"jnews_primary_category":[],"jnews_social_meta":[],"jnews_override_counter":[],"footnotes":""},"categories":[143],"post_tag":[8781,917],"class_list":["post-177736","post","type-post","status-publish","format-standard","has-post-thumbnail","hentry","category-casa-e-decoracao","tag-cortina","tag-decoracao"],"yoast_head":"<!-- This site is optimized with the Yoast SEO plugin v24.6 - https:\/\/yoast.com\/wordpress\/plugins\/seo\/ -->\n<title>O erro comum ao escolher cortinas que faz a sala parecer menor - Correio Braziliense - Radar<\/title>\n<meta name=\"description\" content=\"Escolha equivocada de cortinas reduz visualmente a sala interfere na luz e na altura criando sensa\u00e7\u00e3o constante de espa\u00e7o menor\" \/>\n<meta name=\"robots\" content=\"index, follow, max-snippet:-1, max-image-preview:large, max-video-preview:-1\" \/>\n<link rel=\"canonical\" href=\"https:\/\/www.correiobraziliense.com.br\/cbradar\/o-erro-comum-ao-escolher-cortinas-que-faz-a-sala-parecer-menor\/\" \/>\n<meta property=\"og:locale\" content=\"pt_BR\" \/>\n<meta property=\"og:type\" content=\"article\" \/>\n<meta property=\"og:title\" content=\"O erro comum ao escolher cortinas que faz a sala parecer menor - Correio Braziliense - Radar\" \/>\n<meta property=\"og:description\" content=\"Escolha equivocada de cortinas reduz visualmente a sala interfere na luz e na altura criando sensa\u00e7\u00e3o constante de espa\u00e7o menor\" \/>\n<meta property=\"og:url\" content=\"https:\/\/www.correiobraziliense.com.br\/cbradar\/o-erro-comum-ao-escolher-cortinas-que-faz-a-sala-parecer-menor\/\" \/>\n<meta property=\"og:site_name\" content=\"Correio Braziliense - Radar\" \/>\n<meta property=\"article:published_time\" content=\"2026-01-22T23:55:00+00:00\" \/>\n<meta property=\"og:image\" content=\"https:\/\/www.correiobraziliense.com.br\/cbradar\/wp-content\/uploads\/2026\/01\/freepik__imagem-realista-de-uma-sala-com-cortinas__56818.jpeg\" \/>\n\t<meta property=\"og:image:width\" content=\"1280\" \/>\n\t<meta property=\"og:image:height\" content=\"720\" \/>\n\t<meta property=\"og:image:type\" content=\"image\/jpeg\" \/>\n<meta name=\"author\" content=\"Paulo Custodio\" \/>\n<meta name=\"twitter:card\" content=\"summary_large_image\" \/>\n<meta name=\"twitter:label1\" content=\"Escrito por\" \/>\n\t<meta name=\"twitter:data1\" content=\"Paulo Custodio\" \/>\n\t<meta name=\"twitter:label2\" content=\"Est. tempo de leitura\" \/>\n\t<meta name=\"twitter:data2\" content=\"4 minutos\" \/>\n<!-- \/ Yoast SEO plugin. -->","yoast_head_json":{"title":"O erro comum ao escolher cortinas que faz a sala parecer menor - Correio Braziliense - Radar","description":"Escolha equivocada de cortinas reduz visualmente a sala interfere na luz e na altura criando sensa\u00e7\u00e3o constante de espa\u00e7o menor","robots":{"index":"index","follow":"follow","max-snippet":"max-snippet:-1","max-image-preview":"max-image-preview:large","max-video-preview":"max-video-preview:-1"},"canonical":"https:\/\/www.correiobraziliense.com.br\/cbradar\/o-erro-comum-ao-escolher-cortinas-que-faz-a-sala-parecer-menor\/","og_locale":"pt_BR","og_type":"article","og_title":"O erro comum ao escolher cortinas que faz a sala parecer menor - Correio Braziliense - Radar","og_description":"Escolha equivocada de cortinas reduz visualmente a sala interfere na luz e na altura criando sensa\u00e7\u00e3o constante de espa\u00e7o menor","og_url":"https:\/\/www.correiobraziliense.com.br\/cbradar\/o-erro-comum-ao-escolher-cortinas-que-faz-a-sala-parecer-menor\/","og_site_name":"Correio Braziliense - Radar","article_published_time":"2026-01-22T23:55:00+00:00","og_image":[{"width":1280,"height":720,"url":"https:\/\/www.correiobraziliense.com.br\/cbradar\/wp-content\/uploads\/2026\/01\/freepik__imagem-realista-de-uma-sala-com-cortinas__56818.jpeg","type":"image\/jpeg"}],"author":"Paulo Custodio","twitter_card":"summary_large_image","twitter_misc":{"Escrito por":"Paulo Custodio","Est. tempo de leitura":"4 minutos"},"schema":{"@context":"https:\/\/schema.org","@graph":[{"@type":"WebPage","@id":"https:\/\/www.correiobraziliense.com.br\/cbradar\/o-erro-comum-ao-escolher-cortinas-que-faz-a-sala-parecer-menor\/","url":"https:\/\/www.correiobraziliense.com.br\/cbradar\/o-erro-comum-ao-escolher-cortinas-que-faz-a-sala-parecer-menor\/","name":"O erro comum ao escolher cortinas que faz a sala parecer menor - Correio Braziliense - Radar","isPartOf":{"@id":"https:\/\/www.correiobraziliense.com.br\/cbradar\/#website"},"primaryImageOfPage":{"@id":"https:\/\/www.correiobraziliense.com.br\/cbradar\/o-erro-comum-ao-escolher-cortinas-que-faz-a-sala-parecer-menor\/#primaryimage"},"image":{"@id":"https:\/\/www.correiobraziliense.com.br\/cbradar\/o-erro-comum-ao-escolher-cortinas-que-faz-a-sala-parecer-menor\/#primaryimage"},"thumbnailUrl":"https:\/\/www.correiobraziliense.com.br\/cbradar\/wp-content\/uploads\/2026\/01\/freepik__imagem-realista-de-uma-sala-com-cortinas__56818.jpeg","datePublished":"2026-01-22T23:55:00+00:00","author":{"@id":"https:\/\/www.correiobraziliense.com.br\/cbradar\/#\/schema\/person\/4cec7857301a9a1a2ef249893cd908d3"},"description":"Escolha equivocada de cortinas reduz visualmente a sala interfere na luz e na altura criando sensa\u00e7\u00e3o constante de espa\u00e7o menor","breadcrumb":{"@id":"https:\/\/www.correiobraziliense.com.br\/cbradar\/o-erro-comum-ao-escolher-cortinas-que-faz-a-sala-parecer-menor\/#breadcrumb"},"inLanguage":"pt-BR","potentialAction":[{"@type":"ReadAction","target":["https:\/\/www.correiobraziliense.com.br\/cbradar\/o-erro-comum-ao-escolher-cortinas-que-faz-a-sala-parecer-menor\/"]}]},{"@type":"ImageObject","inLanguage":"pt-BR","@id":"https:\/\/www.correiobraziliense.com.br\/cbradar\/o-erro-comum-ao-escolher-cortinas-que-faz-a-sala-parecer-menor\/#primaryimage","url":"https:\/\/www.correiobraziliense.com.br\/cbradar\/wp-content\/uploads\/2026\/01\/freepik__imagem-realista-de-uma-sala-com-cortinas__56818.jpeg","contentUrl":"https:\/\/www.correiobraziliense.com.br\/cbradar\/wp-content\/uploads\/2026\/01\/freepik__imagem-realista-de-uma-sala-com-cortinas__56818.jpeg","width":1280,"height":720,"caption":"Cortinas podem alterar visualmente a altura e a largura de uma sala"},{"@type":"BreadcrumbList","@id":"https:\/\/www.correiobraziliense.com.br\/cbradar\/o-erro-comum-ao-escolher-cortinas-que-faz-a-sala-parecer-menor\/#breadcrumb","itemListElement":[{"@type":"ListItem","position":1,"name":"In\u00edcio","item":"https:\/\/www.correiobraziliense.com.br\/cbradar\/"},{"@type":"ListItem","position":2,"name":"O erro comum ao escolher cortinas que faz a sala parecer menor"}]},{"@type":"WebSite","@id":"https:\/\/www.correiobraziliense.com.br\/cbradar\/#website","url":"https:\/\/www.correiobraziliense.com.br\/cbradar\/","name":"Correio Braziliense - Radar","description":"Acompanhe as \u00faltimas not\u00edcias e fique bem informado sobre tudo o que acontece no Brasil e no mundo.","potentialAction":[{"@type":"SearchAction","target":{"@type":"EntryPoint","urlTemplate":"https:\/\/www.correiobraziliense.com.br\/cbradar\/?s={search_term_string}"},"query-input":{"@type":"PropertyValueSpecification","valueRequired":true,"valueName":"search_term_string"}}],"inLanguage":"pt-BR"},{"@type":"Person","@id":"https:\/\/www.correiobraziliense.com.br\/cbradar\/#\/schema\/person\/4cec7857301a9a1a2ef249893cd908d3","name":"Paulo Custodio","image":{"@type":"ImageObject","inLanguage":"pt-BR","@id":"https:\/\/www.correiobraziliense.com.br\/cbradar\/#\/schema\/person\/image\/","url":"https:\/\/secure.gravatar.com\/avatar\/bcd67168d1534e8fcf4f45c726a87cea?s=96&d=mm&r=g","contentUrl":"https:\/\/secure.gravatar.com\/avatar\/bcd67168d1534e8fcf4f45c726a87cea?s=96&d=mm&r=g","caption":"Paulo Custodio"},"sameAs":["https:\/\/www.correiobraziliense.com.br\/cbradar"],"url":"https:\/\/www.correiobraziliense.com.br\/cbradar\/author\/paulomyth\/"}]}},"_links":{"self":[{"href":"https:\/\/www.correiobraziliense.com.br\/cbradar\/wp-json\/wp\/v2\/posts\/177736","targetHints":{"allow":["GET"]}}],"collection":[{"href":"https:\/\/www.correiobraziliense.com.br\/cbradar\/wp-json\/wp\/v2\/posts"}],"about":[{"href":"https:\/\/www.correiobraziliense.com.br\/cbradar\/wp-json\/wp\/v2\/types\/post"}],"author":[{"embeddable":true,"href":"https:\/\/www.correiobraziliense.com.br\/cbradar\/wp-json\/wp\/v2\/users\/11"}],"replies":[{"embeddable":true,"href":"https:\/\/www.correiobraziliense.com.br\/cbradar\/wp-json\/wp\/v2\/comments?post=177736"}],"version-history":[{"count":1,"href":"https:\/\/www.correiobraziliense.com.br\/cbradar\/wp-json\/wp\/v2\/posts\/177736\/revisions"}],"predecessor-version":[{"id":177739,"href":"https:\/\/www.correiobraziliense.com.br\/cbradar\/wp-json\/wp\/v2\/posts\/177736\/revisions\/177739"}],"wp:featuredmedia":[{"embeddable":true,"href":"https:\/\/www.correiobraziliense.com.br\/cbradar\/wp-json\/wp\/v2\/media\/178710"}],"wp:attachment":[{"href":"https:\/\/www.correiobraziliense.com.br\/cbradar\/wp-json\/wp\/v2\/media?parent=177736"}],"wp:term":[{"taxonomy":"category","embeddable":true,"href":"https:\/\/www.correiobraziliense.com.br\/cbradar\/wp-json\/wp\/v2\/categories?post=177736"},{"taxonomy":"post_tag","embeddable":true,"href":"https:\/\/www.correiobraziliense.com.br\/cbradar\/wp-json\/wp\/v2\/post_tag?post=177736"}],"curies":[{"name":"wp","href":"https:\/\/api.w.org\/{rel}","templated":true}]}}