{"id":177749,"date":"2026-01-23T10:55:00","date_gmt":"2026-01-23T13:55:00","guid":{"rendered":"https:\/\/www.correiobraziliense.com.br\/cbradar\/?p=177749"},"modified":"2026-01-22T16:33:23","modified_gmt":"2026-01-22T19:33:23","slug":"o-que-acontece-com-o-seu-corpo-quando-voce-come-pao-de-fermentacao-natural-regularmente","status":"publish","type":"post","link":"https:\/\/www.correiobraziliense.com.br\/cbradar\/o-que-acontece-com-o-seu-corpo-quando-voce-come-pao-de-fermentacao-natural-regularmente\/","title":{"rendered":"O que acontece com o seu corpo quando voc\u00ea come p\u00e3o de fermenta\u00e7\u00e3o natural regularmente?"},"content":{"rendered":"\n<p>A fermenta\u00e7\u00e3o natural do p\u00e3o de fermenta\u00e7\u00e3o lenta, conhecido como <strong>p\u00e3o de fermenta\u00e7\u00e3o natural<\/strong>, tem despertado aten\u00e7\u00e3o na \u00e1rea da <strong>nutri\u00e7\u00e3o<\/strong> e da <strong>sa\u00fade digestiva<\/strong>. Diferente dos p\u00e3es feitos com fermento biol\u00f3gico comercial, esse tipo de p\u00e3o \u00e9 preparado com uma cultura de leveduras e bact\u00e9rias selvagens que atuam por mais tempo na massa, modificando a estrutura dos <strong>carboidratos<\/strong>, das <strong>prote\u00ednas<\/strong> e de outros compostos do trigo, o que pode alterar a forma como o organismo reage ao alimento e como os nutrientes s\u00e3o absorvidos.<\/p>\n\n\n\n<h2 class=\"wp-block-heading\">O que \u00e9 p\u00e3o de fermenta\u00e7\u00e3o natural e como ele \u00e9 produzido<\/h2>\n\n\n\n<p>O p\u00e3o de fermenta\u00e7\u00e3o natural \u00e9 preparado a partir de um <strong>levain<\/strong>, tamb\u00e9m chamado de massa-m\u00e3e, que \u00e9 uma mistura de farinha e \u00e1gua colonizada por leveduras e <strong>bact\u00e9rias l\u00e1ticas<\/strong>. Essa cultura \u00e9 alimentada regularmente e, quando est\u00e1 ativa, \u00e9 incorporada \u00e0 massa do p\u00e3o, permitindo uma <strong>fermenta\u00e7\u00e3o lenta<\/strong> que pode durar muitas horas, como trouxe a pesquisa <a href=\"https:\/\/www.mdpi.com\/1422-0067\/24\/7\/6283\" target=\"_blank\" rel=\"noreferrer noopener\">&#8220;Sourdough Fermentation Improves the Antioxidant, Antihypertensive, and Anti-Inflammatory Properties of\u00a0<em>Triticum dicoccum<\/em>&#8220;.<\/a><\/p>\n\n\n\n<p>Durante esse per\u00edodo prolongado, os microrganismos consomem a\u00e7\u00facares da farinha, produzem <strong>\u00e1cidos org\u00e2nicos<\/strong> e enzimas e modificam gradualmente o gl\u00faten e o amido. A composi\u00e7\u00e3o final do p\u00e3o de fermenta\u00e7\u00e3o natural depende de fatores como <strong>tipo de farinha<\/strong>, hidrata\u00e7\u00e3o da massa, temperatura e tempo de fermenta\u00e7\u00e3o, o que explica a grande variedade de texturas e sabores entre receitas e marcas.<\/p>\n\n\n\n<h2 class=\"wp-block-heading\">Quais s\u00e3o os benef\u00edcios do p\u00e3o de fermenta\u00e7\u00e3o natural para a digest\u00e3o e o gl\u00faten<\/h2>\n\n\n\n<p>Um dos pontos mais citados sobre o <strong>p\u00e3o de fermenta\u00e7\u00e3o natural<\/strong> \u00e9 sua rela\u00e7\u00e3o com o <strong>gl\u00faten<\/strong>, prote\u00edna presente em gr\u00e3os como trigo, centeio e cevada. As bact\u00e9rias e leveduras da massa-m\u00e3e produzem enzimas capazes de quebrar parcialmente essas prote\u00ednas, reduzindo o tamanho de alguns fragmentos e a quantidade de compostos associados a <strong>desconfortos digestivos<\/strong>.<\/p>\n\n\n\n<p>Estudos indicam que pessoas que substitu\u00edram p\u00e3es comuns por p\u00e3es de fermenta\u00e7\u00e3o natural relataram melhora em sintomas como <strong>estufamento<\/strong>, gases e desconforto abdominal, especialmente quando n\u00e3o h\u00e1 diagn\u00f3stico de doen\u00e7a cel\u00edaca. Ainda assim, por conter gl\u00faten, o p\u00e3o de fermenta\u00e7\u00e3o natural tradicional n\u00e3o \u00e9 indicado para quem tem <strong>doen\u00e7a cel\u00edaca<\/strong> ou alergia ao trigo, sendo necess\u00e1rio optar por vers\u00f5es naturalmente sem gl\u00faten.<\/p>\n\n\n\n<p>Para aprofundarmos no tema, trouxemos o v\u00eddeo do perfil Magna Vieira, especializada no assunto (@dofermentoaopao):<\/p>\n\n\n\n<blockquote class=\"tiktok-embed\" cite=\"https:\/\/www.tiktok.com\/@dofermentoaopao\/video\/7255490103412411653\" data-video-id=\"7255490103412411653\" style=\"max-width: 605px;min-width: 325px;\" > <section> <a target=\"_blank\" title=\"@dofermentoaopao\" href=\"https:\/\/www.tiktok.com\/@dofermentoaopao?refer=embed\">@dofermentoaopao<\/a> Aqui eu te conto apenas 4 dos in\u00fameros benef\u00edcios do p\u00e3o de fermenta\u00e7\u00e3o natural. Ele \u00e9 uma alternativa saud\u00e1vel, deliciosa e muito f\u00e1cil de preparar. Voc\u00ea s\u00f3 precisa de conhecimento e pr\u00e1tica. O que te falta pra come\u00e7ar agora mesmo? Me conta aqui embaixo.  <a title=\"p\u00e3o\" target=\"_blank\" href=\"https:\/\/www.tiktok.com\/tag\/p%C3%A3o?refer=embed\">#p\u00e3o<\/a> <a title=\"p\u00e3o\" target=\"_blank\" href=\"https:\/\/www.tiktok.com\/tag\/p%C3%A3o?refer=embed\">#p\u00e3o<\/a> <a title=\"fermentacaonatural\" target=\"_blank\" href=\"https:\/\/www.tiktok.com\/tag\/fermentacaonatural?refer=embed\">#fermentacaonatural<\/a> <a title=\"paocaseiro\" target=\"_blank\" href=\"https:\/\/www.tiktok.com\/tag\/paocaseiro?refer=embed\">#paocaseiro<\/a> <a title=\"paoartesanal\" target=\"_blank\" href=\"https:\/\/www.tiktok.com\/tag\/paoartesanal?refer=embed\">#paoartesanal<\/a> <a title=\"panificacao\" target=\"_blank\" href=\"https:\/\/www.tiktok.com\/tag\/panificacao?refer=embed\">#panificacao<\/a> <a title=\"panificacaoartesanal\" target=\"_blank\" href=\"https:\/\/www.tiktok.com\/tag\/panificacaoartesanal?refer=embed\">#panificacaoartesanal<\/a> <a target=\"_blank\" title=\"\u266c In the Mood - Glenn Miller\" href=\"https:\/\/www.tiktok.com\/music\/In-the-Mood-6736016676434757633?refer=embed\">\u266c In the Mood &#8211; Glenn Miller<\/a> <\/section> <\/blockquote> <script async src=\"https:\/\/www.tiktok.com\/embed.js\"><\/script>\n\n\n\n<h2 class=\"wp-block-heading\">Como o p\u00e3o de fermenta\u00e7\u00e3o natural afeta a glicemia e o \u00edndice glic\u00eamico<\/h2>\n\n\n\n<p>O impacto do <strong>p\u00e3o de fermenta\u00e7\u00e3o natural<\/strong> na glicemia p\u00f3s-refei\u00e7\u00e3o est\u00e1 ligado \u00e0 forma\u00e7\u00e3o de <strong>\u00e1cidos org\u00e2nicos<\/strong>, como o \u00e1cido l\u00e1tico e o \u00e1cido ac\u00e9tico, durante a fermenta\u00e7\u00e3o natural. Esses compostos interagem com o amido da farinha e podem tornar sua digest\u00e3o mais lenta, levando a uma libera\u00e7\u00e3o de <strong>glicose<\/strong> mais gradual na corrente sangu\u00ednea.<\/p>\n\n\n\n<p>Alimentos com digest\u00e3o mais lenta tendem a ter menor <strong>\u00edndice glic\u00eamico<\/strong>, medida de qu\u00e3o r\u00e1pido um carboidrato eleva a glicose sangu\u00ednea. Em compara\u00e7\u00f5es entre p\u00e3es tradicionais de farinha branca e p\u00e3es de fermenta\u00e7\u00e3o natural, o p\u00e3o de fermenta\u00e7\u00e3o natural costuma apresentar valores mais baixos, o que pode ser \u00fatil para quem busca <strong>controle glic\u00eamico<\/strong>, inclusive pessoas com resist\u00eancia \u00e0 insulina ou diabetes, sempre dentro de um plano alimentar adequado.<\/p>\n\n\n\n<h2 class=\"wp-block-heading\">O p\u00e3o de fermenta\u00e7\u00e3o natural melhora a absor\u00e7\u00e3o de nutrientes<\/h2>\n\n\n\n<p>Gr\u00e3os integrais e alguns tipos de farinha cont\u00eam <strong>fatores antinutricionais<\/strong>, como fitatos, taninos e inibidores de enzimas digestivas, que podem reduzir a absor\u00e7\u00e3o de minerais. A fermenta\u00e7\u00e3o natural do p\u00e3o de fermenta\u00e7\u00e3o natural favorece a a\u00e7\u00e3o de enzimas que degradam parte desses compostos, tornando certos nutrientes mais <strong>biodispon\u00edveis<\/strong> para o organismo.<\/p>\n\n\n\n<p>Com a redu\u00e7\u00e3o dos <strong>fitatos<\/strong> na massa, a absor\u00e7\u00e3o de minerais como ferro, zinco, c\u00e1lcio e magn\u00e9sio pode aumentar, sobretudo em p\u00e3es integrais de fermenta\u00e7\u00e3o lenta. Pesquisas apontam que formula\u00e7\u00f5es espec\u00edficas de p\u00e3o de fermenta\u00e7\u00e3o natural conseguem reduzir de forma expressiva o teor de \u00e1cido f\u00edtico na massa crua, o que diferencia esse p\u00e3o de vers\u00f5es integrais preparadas com fermento biol\u00f3gico comum e fermenta\u00e7\u00e3o r\u00e1pida.<\/p>\n\n\n\n<h2 class=\"wp-block-heading\">Quais s\u00e3o os riscos e limita\u00e7\u00f5es do p\u00e3o de fermenta\u00e7\u00e3o natural<\/h2>\n\n\n\n<p>Apesar dos poss\u00edveis benef\u00edcios, o <strong>p\u00e3o de fermenta\u00e7\u00e3o natural<\/strong> n\u00e3o \u00e9 isento de cuidados e n\u00e3o deve ser visto como um alimento \u201clivre de gl\u00faten\u201d. Por ainda conter gl\u00faten, n\u00e3o \u00e9 adequado para pessoas com <strong>doen\u00e7a cel\u00edaca<\/strong> ou com sensibilidade severa ao gl\u00faten diagnosticada, que precisam de orienta\u00e7\u00e3o profissional e de produtos certificados sem gl\u00faten.<\/p>\n\n\n\n<p>Para esse p\u00fablico, existem vers\u00f5es de p\u00e3o de fermenta\u00e7\u00e3o natural feitas com farinhas naturalmente sem gl\u00faten, como as de arroz, milho, sorgo, pain\u00e7o, trigo-sarraceno, teff ou quinoa. Nesses casos, a textura e o sabor ser\u00e3o diferentes, j\u00e1 que o <strong>gl\u00faten<\/strong> \u00e9 respons\u00e1vel por parte da estrutura el\u00e1stica do p\u00e3o tradicional, e a leitura atenta de r\u00f3tulos continua sendo fundamental.<\/p>\n\n\n\n<figure class=\"wp-block-image size-large\"><img decoding=\"async\" width=\"1024\" height=\"576\" src=\"https:\/\/www.correiobraziliense.com.br\/cbradar\/wp-content\/uploads\/2026\/01\/\u2705-BANNER-MYTH-19-7-1024x576.png\" alt=\"O que acontece com o seu corpo quando voc\u00ea come p\u00e3o de fermenta\u00e7\u00e3o natural regularmente?\" class=\"wp-image-177751\" srcset=\"https:\/\/www.correiobraziliense.com.br\/cbradar\/wp-content\/uploads\/2026\/01\/\u2705-BANNER-MYTH-19-7-1024x576.png 1024w, https:\/\/www.correiobraziliense.com.br\/cbradar\/wp-content\/uploads\/2026\/01\/\u2705-BANNER-MYTH-19-7-300x169.png 300w, https:\/\/www.correiobraziliense.com.br\/cbradar\/wp-content\/uploads\/2026\/01\/\u2705-BANNER-MYTH-19-7-768x432.png 768w, https:\/\/www.correiobraziliense.com.br\/cbradar\/wp-content\/uploads\/2026\/01\/\u2705-BANNER-MYTH-19-7-750x422.png 750w, https:\/\/www.correiobraziliense.com.br\/cbradar\/wp-content\/uploads\/2026\/01\/\u2705-BANNER-MYTH-19-7-1140x641.png 1140w, https:\/\/www.correiobraziliense.com.br\/cbradar\/wp-content\/uploads\/2026\/01\/\u2705-BANNER-MYTH-19-7.png 1280w\" sizes=\"(max-width: 1024px) 100vw, 1024px\" \/><figcaption class=\"wp-element-caption\">P\u00e3o de fermenta\u00e7\u00e3o natural usa leveduras selvagens em massa lenta, quebrando gl\u00faten e carboidratos para melhor digest\u00e3o e absor\u00e7\u00e3o nutricional.<\/figcaption><\/figure>\n\n\n\n<h2 class=\"wp-block-heading\">Como incluir p\u00e3o de fermenta\u00e7\u00e3o natural na alimenta\u00e7\u00e3o do dia a dia<\/h2>\n\n\n\n<p>Para quem deseja incorporar o p\u00e3o de fermenta\u00e7\u00e3o natural \u00e0 rotina, algumas atitudes simples ajudam a tornar o consumo mais equilibrado e alinhado \u00e0s necessidades individuais. A escolha do tipo de farinha, das por\u00e7\u00f5es e das combina\u00e7\u00f5es com outros alimentos pode potencializar os <strong>benef\u00edcios digestivos<\/strong> e metab\u00f3licos do p\u00e3o de fermenta\u00e7\u00e3o natural.<\/p>\n\n\n\n<p>Entre as estrat\u00e9gias pr\u00e1ticas para aproveitar melhor o <strong>p\u00e3o de fermenta\u00e7\u00e3o natural<\/strong> no dia a dia, destacam-se ajustes na qualidade dos ingredientes e no contexto da refei\u00e7\u00e3o, como por exemplo:<\/p>\n\n\n\n<ul class=\"wp-block-list\">\n<li>Dar prefer\u00eancia a p\u00e3es de fermenta\u00e7\u00e3o natural preparados com <strong>farinhas integrais<\/strong> ou mistura de farinhas integrais e brancas.<\/li>\n\n\n\n<li>Combinar o p\u00e3o com fontes de <strong>prote\u00edna<\/strong> (como ovos, queijos magros ou leguminosas) e <strong>gorduras boas<\/strong> (como abacate ou azeite).<\/li>\n\n\n\n<li>Observar a resposta do pr\u00f3prio organismo em rela\u00e7\u00e3o \u00e0 <strong>saciedade<\/strong> e ao conforto digestivo ap\u00f3s o consumo.<\/li>\n\n\n\n<li>Consultar profissionais de sa\u00fade em casos de condi\u00e7\u00f5es espec\u00edficas, como <strong>diabetes<\/strong>, doen\u00e7a cel\u00edaca ou alergias alimentares.<\/li>\n<\/ul>\n","protected":false},"excerpt":{"rendered":"<p>Fermenta\u00e7\u00e3o natural que melhora digest\u00e3o, controla glicemia e aumenta absor\u00e7\u00e3o de nutrientes de forma saborosa e saud\u00e1vel.<\/p>\n","protected":false},"author":3,"featured_media":179694,"comment_status":"open","ping_status":"open","sticky":false,"template":"","format":"standard","meta":{"jnews-multi-image_gallery":[],"jnews_single_post":{"format":"standard"},"jnews_primary_category":[],"jnews_social_meta":[],"jnews_override_counter":[],"footnotes":""},"categories":[112],"post_tag":[281,1423,144,11787,4185,14179],"class_list":["post-177749","post","type-post","status-publish","format-standard","has-post-thumbnail","hentry","category-curiosidades","tag-alimentacao","tag-alimentos","tag-curiosidades","tag-paes","tag-pao","tag-pao-de-fermentacao-natural"],"yoast_head":"<!-- This site is optimized with the Yoast SEO plugin v24.6 - https:\/\/yoast.com\/wordpress\/plugins\/seo\/ -->\n<title>O que acontece com o seu corpo quando voc\u00ea come p\u00e3o de fermenta\u00e7\u00e3o natural regularmente?<\/title>\n<meta name=\"description\" content=\"Fermenta\u00e7\u00e3o natural que melhora digest\u00e3o, controla glicemia e aumenta absor\u00e7\u00e3o de nutrientes de forma saborosa e saud\u00e1vel.\" \/>\n<meta name=\"robots\" content=\"index, follow, max-snippet:-1, max-image-preview:large, max-video-preview:-1\" \/>\n<link rel=\"canonical\" href=\"https:\/\/www.correiobraziliense.com.br\/cbradar\/o-que-acontece-com-o-seu-corpo-quando-voce-come-pao-de-fermentacao-natural-regularmente\/\" \/>\n<meta property=\"og:locale\" content=\"pt_BR\" \/>\n<meta property=\"og:type\" content=\"article\" \/>\n<meta property=\"og:title\" content=\"O que acontece com o seu corpo quando voc\u00ea come p\u00e3o de fermenta\u00e7\u00e3o natural regularmente?\" \/>\n<meta property=\"og:description\" content=\"Fermenta\u00e7\u00e3o natural que melhora digest\u00e3o, controla glicemia e aumenta absor\u00e7\u00e3o de nutrientes de forma saborosa e saud\u00e1vel.\" \/>\n<meta property=\"og:url\" content=\"https:\/\/www.correiobraziliense.com.br\/cbradar\/o-que-acontece-com-o-seu-corpo-quando-voce-come-pao-de-fermentacao-natural-regularmente\/\" \/>\n<meta property=\"og:site_name\" content=\"Correio Braziliense - Radar\" \/>\n<meta property=\"article:published_time\" content=\"2026-01-23T13:55:00+00:00\" \/>\n<meta property=\"og:image\" content=\"https:\/\/www.correiobraziliense.com.br\/cbradar\/wp-content\/uploads\/2026\/01\/freepik__imagem-realista-de-uma-pessoa-brasileira-mos-e-boc__7581.jpeg\" \/>\n\t<meta property=\"og:image:width\" content=\"1280\" \/>\n\t<meta property=\"og:image:height\" content=\"720\" \/>\n\t<meta property=\"og:image:type\" content=\"image\/jpeg\" \/>\n<meta name=\"author\" content=\"Larissa Carvalho\" \/>\n<meta name=\"twitter:card\" content=\"summary_large_image\" \/>\n<meta name=\"twitter:label1\" content=\"Escrito por\" \/>\n\t<meta name=\"twitter:data1\" content=\"Larissa Carvalho\" \/>\n\t<meta name=\"twitter:label2\" content=\"Est. tempo de leitura\" \/>\n\t<meta name=\"twitter:data2\" content=\"6 minutos\" \/>\n<!-- \/ Yoast SEO plugin. -->","yoast_head_json":{"title":"O que acontece com o seu corpo quando voc\u00ea come p\u00e3o de fermenta\u00e7\u00e3o natural regularmente?","description":"Fermenta\u00e7\u00e3o natural que melhora digest\u00e3o, controla glicemia e aumenta absor\u00e7\u00e3o de nutrientes de forma saborosa e saud\u00e1vel.","robots":{"index":"index","follow":"follow","max-snippet":"max-snippet:-1","max-image-preview":"max-image-preview:large","max-video-preview":"max-video-preview:-1"},"canonical":"https:\/\/www.correiobraziliense.com.br\/cbradar\/o-que-acontece-com-o-seu-corpo-quando-voce-come-pao-de-fermentacao-natural-regularmente\/","og_locale":"pt_BR","og_type":"article","og_title":"O que acontece com o seu corpo quando voc\u00ea come p\u00e3o de fermenta\u00e7\u00e3o natural regularmente?","og_description":"Fermenta\u00e7\u00e3o natural que melhora digest\u00e3o, controla glicemia e aumenta absor\u00e7\u00e3o de nutrientes de forma saborosa e saud\u00e1vel.","og_url":"https:\/\/www.correiobraziliense.com.br\/cbradar\/o-que-acontece-com-o-seu-corpo-quando-voce-come-pao-de-fermentacao-natural-regularmente\/","og_site_name":"Correio Braziliense - Radar","article_published_time":"2026-01-23T13:55:00+00:00","og_image":[{"width":1280,"height":720,"url":"https:\/\/www.correiobraziliense.com.br\/cbradar\/wp-content\/uploads\/2026\/01\/freepik__imagem-realista-de-uma-pessoa-brasileira-mos-e-boc__7581.jpeg","type":"image\/jpeg"}],"author":"Larissa Carvalho","twitter_card":"summary_large_image","twitter_misc":{"Escrito por":"Larissa Carvalho","Est. tempo de leitura":"6 minutos"},"schema":{"@context":"https:\/\/schema.org","@graph":[{"@type":"WebPage","@id":"https:\/\/www.correiobraziliense.com.br\/cbradar\/o-que-acontece-com-o-seu-corpo-quando-voce-come-pao-de-fermentacao-natural-regularmente\/","url":"https:\/\/www.correiobraziliense.com.br\/cbradar\/o-que-acontece-com-o-seu-corpo-quando-voce-come-pao-de-fermentacao-natural-regularmente\/","name":"O que acontece com o seu corpo quando voc\u00ea come p\u00e3o de fermenta\u00e7\u00e3o natural regularmente?","isPartOf":{"@id":"https:\/\/www.correiobraziliense.com.br\/cbradar\/#website"},"primaryImageOfPage":{"@id":"https:\/\/www.correiobraziliense.com.br\/cbradar\/o-que-acontece-com-o-seu-corpo-quando-voce-come-pao-de-fermentacao-natural-regularmente\/#primaryimage"},"image":{"@id":"https:\/\/www.correiobraziliense.com.br\/cbradar\/o-que-acontece-com-o-seu-corpo-quando-voce-come-pao-de-fermentacao-natural-regularmente\/#primaryimage"},"thumbnailUrl":"https:\/\/www.correiobraziliense.com.br\/cbradar\/wp-content\/uploads\/2026\/01\/freepik__imagem-realista-de-uma-pessoa-brasileira-mos-e-boc__7581.jpeg","datePublished":"2026-01-23T13:55:00+00:00","author":{"@id":"https:\/\/www.correiobraziliense.com.br\/cbradar\/#\/schema\/person\/58422787644df994b53a19d3e56c1513"},"description":"Fermenta\u00e7\u00e3o natural que melhora digest\u00e3o, controla glicemia e aumenta absor\u00e7\u00e3o de nutrientes de forma saborosa e saud\u00e1vel.","breadcrumb":{"@id":"https:\/\/www.correiobraziliense.com.br\/cbradar\/o-que-acontece-com-o-seu-corpo-quando-voce-come-pao-de-fermentacao-natural-regularmente\/#breadcrumb"},"inLanguage":"pt-BR","potentialAction":[{"@type":"ReadAction","target":["https:\/\/www.correiobraziliense.com.br\/cbradar\/o-que-acontece-com-o-seu-corpo-quando-voce-come-pao-de-fermentacao-natural-regularmente\/"]}]},{"@type":"ImageObject","inLanguage":"pt-BR","@id":"https:\/\/www.correiobraziliense.com.br\/cbradar\/o-que-acontece-com-o-seu-corpo-quando-voce-come-pao-de-fermentacao-natural-regularmente\/#primaryimage","url":"https:\/\/www.correiobraziliense.com.br\/cbradar\/wp-content\/uploads\/2026\/01\/freepik__imagem-realista-de-uma-pessoa-brasileira-mos-e-boc__7581.jpeg","contentUrl":"https:\/\/www.correiobraziliense.com.br\/cbradar\/wp-content\/uploads\/2026\/01\/freepik__imagem-realista-de-uma-pessoa-brasileira-mos-e-boc__7581.jpeg","width":1280,"height":720,"caption":"Digest\u00e3o mais lenta que contribui para sensa\u00e7\u00e3o de saciedade prolongada"},{"@type":"BreadcrumbList","@id":"https:\/\/www.correiobraziliense.com.br\/cbradar\/o-que-acontece-com-o-seu-corpo-quando-voce-come-pao-de-fermentacao-natural-regularmente\/#breadcrumb","itemListElement":[{"@type":"ListItem","position":1,"name":"In\u00edcio","item":"https:\/\/www.correiobraziliense.com.br\/cbradar\/"},{"@type":"ListItem","position":2,"name":"O que acontece com o seu corpo quando voc\u00ea come p\u00e3o de fermenta\u00e7\u00e3o natural regularmente?"}]},{"@type":"WebSite","@id":"https:\/\/www.correiobraziliense.com.br\/cbradar\/#website","url":"https:\/\/www.correiobraziliense.com.br\/cbradar\/","name":"Correio Braziliense - Radar","description":"Acompanhe as \u00faltimas not\u00edcias e fique bem informado sobre tudo o que acontece no Brasil e no mundo.","potentialAction":[{"@type":"SearchAction","target":{"@type":"EntryPoint","urlTemplate":"https:\/\/www.correiobraziliense.com.br\/cbradar\/?s={search_term_string}"},"query-input":{"@type":"PropertyValueSpecification","valueRequired":true,"valueName":"search_term_string"}}],"inLanguage":"pt-BR"},{"@type":"Person","@id":"https:\/\/www.correiobraziliense.com.br\/cbradar\/#\/schema\/person\/58422787644df994b53a19d3e56c1513","name":"Larissa Carvalho","image":{"@type":"ImageObject","inLanguage":"pt-BR","@id":"https:\/\/www.correiobraziliense.com.br\/cbradar\/#\/schema\/person\/image\/","url":"https:\/\/secure.gravatar.com\/avatar\/fe4f91a0de32b52a838d0d612abdc1aa?s=96&d=mm&r=g","contentUrl":"https:\/\/secure.gravatar.com\/avatar\/fe4f91a0de32b52a838d0d612abdc1aa?s=96&d=mm&r=g","caption":"Larissa Carvalho"},"url":"https:\/\/www.correiobraziliense.com.br\/cbradar\/author\/larissamyth\/"}]}},"_links":{"self":[{"href":"https:\/\/www.correiobraziliense.com.br\/cbradar\/wp-json\/wp\/v2\/posts\/177749","targetHints":{"allow":["GET"]}}],"collection":[{"href":"https:\/\/www.correiobraziliense.com.br\/cbradar\/wp-json\/wp\/v2\/posts"}],"about":[{"href":"https:\/\/www.correiobraziliense.com.br\/cbradar\/wp-json\/wp\/v2\/types\/post"}],"author":[{"embeddable":true,"href":"https:\/\/www.correiobraziliense.com.br\/cbradar\/wp-json\/wp\/v2\/users\/3"}],"replies":[{"embeddable":true,"href":"https:\/\/www.correiobraziliense.com.br\/cbradar\/wp-json\/wp\/v2\/comments?post=177749"}],"version-history":[{"count":2,"href":"https:\/\/www.correiobraziliense.com.br\/cbradar\/wp-json\/wp\/v2\/posts\/177749\/revisions"}],"predecessor-version":[{"id":177752,"href":"https:\/\/www.correiobraziliense.com.br\/cbradar\/wp-json\/wp\/v2\/posts\/177749\/revisions\/177752"}],"wp:featuredmedia":[{"embeddable":true,"href":"https:\/\/www.correiobraziliense.com.br\/cbradar\/wp-json\/wp\/v2\/media\/179694"}],"wp:attachment":[{"href":"https:\/\/www.correiobraziliense.com.br\/cbradar\/wp-json\/wp\/v2\/media?parent=177749"}],"wp:term":[{"taxonomy":"category","embeddable":true,"href":"https:\/\/www.correiobraziliense.com.br\/cbradar\/wp-json\/wp\/v2\/categories?post=177749"},{"taxonomy":"post_tag","embeddable":true,"href":"https:\/\/www.correiobraziliense.com.br\/cbradar\/wp-json\/wp\/v2\/post_tag?post=177749"}],"curies":[{"name":"wp","href":"https:\/\/api.w.org\/{rel}","templated":true}]}}