{"id":177774,"date":"2026-01-23T13:25:00","date_gmt":"2026-01-23T16:25:00","guid":{"rendered":"https:\/\/www.correiobraziliense.com.br\/cbradar\/?p=177774"},"modified":"2026-01-21T17:18:41","modified_gmt":"2026-01-21T20:18:41","slug":"nem-marmore-nem-granito-o-material-que-virou-favorito-em-bancadas-modernas","status":"publish","type":"post","link":"https:\/\/www.correiobraziliense.com.br\/cbradar\/nem-marmore-nem-granito-o-material-que-virou-favorito-em-bancadas-modernas\/","title":{"rendered":"Nem m\u00e1rmore, nem granito: o material que virou favorito em bancadas modernas"},"content":{"rendered":"\n<p>O Quartzo assumiu a lideran\u00e7a absoluta em projetos de bancadas modernas ao oferecer uma resist\u00eancia superior a manchas que nem o m\u00e1rmore nem o granito conseguem igualar. Essa pedra industrializada une a est\u00e9tica sofisticada \u00e0 tecnologia de porosidade nula, garantindo cozinhas impec\u00e1veis sem a necessidade de manuten\u00e7\u00e3o constante.<\/p>\n\n\n\n<h2 class=\"wp-block-heading\">O que \u00e9 exatamente a bancada de quartzo?<\/h2>\n\n\n\n<p>Diferente do m\u00e1rmore e do granito, que s\u00e3o extra\u00eddos em blocos da natureza, o quartzo \u00e9 uma <strong>pedra de engenharia<\/strong>. Ela \u00e9 composta, em m\u00e9dia, por 90% a 93% de quartzo natural mo\u00eddo (um dos minerais mais duros da Terra) misturado com resinas polim\u00e9ricas e pigmentos.<\/p>\n\n\n\n<p>Essa &#8220;receita&#8221; cria uma superf\u00edcie extremamente dura e com uma vantagem que a natureza n\u00e3o consegue oferecer: <strong>uniformidade<\/strong>. Enquanto uma placa de granito pode vir com veios e manchas imprevis\u00edveis, o quartzo entrega exatamente a cor e o padr\u00e3o escolhidos no cat\u00e1logo.<\/p>\n\n\n\n<figure class=\"wp-block-image aligncenter size-large\"><img decoding=\"async\" width=\"1024\" height=\"576\" src=\"https:\/\/www.correiobraziliense.com.br\/cbradar\/wp-content\/uploads\/2026\/01\/imagem_2026-01-18_135706925-1024x576.png\" alt=\"Material moderno adotado em bancadas contempor\u00e2neas por unir est\u00e9tica, resist\u00eancia e praticidade\n\" class=\"wp-image-177777\" srcset=\"https:\/\/www.correiobraziliense.com.br\/cbradar\/wp-content\/uploads\/2026\/01\/imagem_2026-01-18_135706925-1024x576.png 1024w, https:\/\/www.correiobraziliense.com.br\/cbradar\/wp-content\/uploads\/2026\/01\/imagem_2026-01-18_135706925-300x169.png 300w, https:\/\/www.correiobraziliense.com.br\/cbradar\/wp-content\/uploads\/2026\/01\/imagem_2026-01-18_135706925-768x432.png 768w, https:\/\/www.correiobraziliense.com.br\/cbradar\/wp-content\/uploads\/2026\/01\/imagem_2026-01-18_135706925-750x422.png 750w, https:\/\/www.correiobraziliense.com.br\/cbradar\/wp-content\/uploads\/2026\/01\/imagem_2026-01-18_135706925-1140x641.png 1140w, https:\/\/www.correiobraziliense.com.br\/cbradar\/wp-content\/uploads\/2026\/01\/imagem_2026-01-18_135706925.png 1280w\" sizes=\"(max-width: 1024px) 100vw, 1024px\" \/><figcaption class=\"wp-element-caption\">Material moderno adotado em bancadas contempor\u00e2neas por unir est\u00e9tica, resist\u00eancia e praticidade\n<\/figcaption><\/figure>\n\n\n\n<h2 class=\"wp-block-heading\">Por que ele superou as pedras naturais?<\/h2>\n\n\n\n<p>A ascens\u00e3o do quartzo se deve a tr\u00eas fatores que alinham perfeitamente com o estilo de vida pr\u00e1tico e a est\u00e9tica minimalista atual:<\/p>\n\n\n\n<ol start=\"1\" class=\"wp-block-list\">\n<li><strong>Porosidade Nula:<\/strong> A resina que une as part\u00edculas blinda a superf\u00edcie. Isso significa que ele \u00e9 antibacteriano e altamente resistente a manchas. Voc\u00ea pode limpar molho de tomate horas depois sem deixar marcas.<\/li>\n\n\n\n<li><strong>Cores S\u00f3lidas:<\/strong> Para quem deseja uma cozinha &#8220;all white&#8221; ou preta absoluta, o granito falha por ter pigmenta\u00e7\u00e3o granulada. O quartzo permite bancadas de cores lisas e vibrantes.<\/li>\n\n\n\n<li><strong>Imita\u00e7\u00e3o Perfeita:<\/strong> A tecnologia permite criar padr\u00f5es que imitam m\u00e1rmores nobres (como Carrara e Calacatta) com perfei\u00e7\u00e3o, unindo a beleza cl\u00e1ssica \u00e0 resist\u00eancia moderna.<\/li>\n<\/ol>\n\n\n\n<p>Leia tamb\u00e9m: <a href=\"https:\/\/www.correiobraziliense.com.br\/cbradar\/teto-alto-vs-teto-baixo-como-a-altura-do-pe-direito-muda-a-sua-criatividade-ou-foco\/\" target=\"_blank\" rel=\"noreferrer noopener\">Teto alto vs Teto baixo: como a altura do p\u00e9-direito muda a sua criatividade ou foco<\/a><\/p>\n\n\n\n<h2 class=\"wp-block-heading\">Existe algum ponto fraco? (Aten\u00e7\u00e3o ao calor)<\/h2>\n\n\n\n<p>Apesar de ser superior em resist\u00eancia a impactos e manchas, o quartzo tem um ponto vulner\u00e1vel: <strong>o calor excessivo<\/strong>.<\/p>\n\n\n\n<p>Como sua composi\u00e7\u00e3o leva resina, panelas tiradas diretamente do fogo e colocadas sobre a bancada podem causar manchas de queimadura ou deforma\u00e7\u00f5es. Diferente do granito, que aguenta altas temperaturas, o quartzo exige o uso de descansos de panela. Tamb\u00e9m n\u00e3o \u00e9 indicado para \u00e1reas externas, pois os raios UV podem desbotar a cor.<\/p>\n\n\n\n<figure class=\"wp-block-image aligncenter size-large\"><img decoding=\"async\" width=\"1024\" height=\"576\" src=\"https:\/\/www.correiobraziliense.com.br\/cbradar\/wp-content\/uploads\/2026\/01\/imagem_2026-01-18_135754869-1024x576.png\" alt=\"Material moderno adotado em bancadas contempor\u00e2neas por unir est\u00e9tica, resist\u00eancia e praticidade\n\" class=\"wp-image-177780\" srcset=\"https:\/\/www.correiobraziliense.com.br\/cbradar\/wp-content\/uploads\/2026\/01\/imagem_2026-01-18_135754869-1024x576.png 1024w, https:\/\/www.correiobraziliense.com.br\/cbradar\/wp-content\/uploads\/2026\/01\/imagem_2026-01-18_135754869-300x169.png 300w, https:\/\/www.correiobraziliense.com.br\/cbradar\/wp-content\/uploads\/2026\/01\/imagem_2026-01-18_135754869-768x432.png 768w, https:\/\/www.correiobraziliense.com.br\/cbradar\/wp-content\/uploads\/2026\/01\/imagem_2026-01-18_135754869-750x422.png 750w, https:\/\/www.correiobraziliense.com.br\/cbradar\/wp-content\/uploads\/2026\/01\/imagem_2026-01-18_135754869-1140x641.png 1140w, https:\/\/www.correiobraziliense.com.br\/cbradar\/wp-content\/uploads\/2026\/01\/imagem_2026-01-18_135754869.png 1280w\" sizes=\"(max-width: 1024px) 100vw, 1024px\" \/><figcaption class=\"wp-element-caption\">Material moderno adotado em bancadas contempor\u00e2neas por unir est\u00e9tica, resist\u00eancia e praticidade\n<\/figcaption><\/figure>\n\n\n\n<h2 class=\"wp-block-heading\">Comparativo r\u00e1pido: quartzo vs. naturais<\/h2>\n\n\n\n<figure class=\"wp-block-table\"><table class=\"has-fixed-layout\"><thead><tr><td><strong>Caracter\u00edstica<\/strong><\/td><td><strong>Granito<\/strong><\/td><td><strong>M\u00e1rmore<\/strong><\/td><td><strong>Quartzo (Industrializado)<\/strong><\/td><\/tr><\/thead><tbody><tr><td><strong>Resist\u00eancia a Manchas<\/strong><\/td><td>M\u00e9dia (precisa selar)<\/td><td>Baixa (mancha f\u00e1cil)<\/td><td><strong>Alt\u00edssima<\/strong><\/td><\/tr><tr><td><strong>Resist\u00eancia a Riscos<\/strong><\/td><td>Alta<\/td><td>Baixa<\/td><td><strong>Alta<\/strong><\/td><\/tr><tr><td><strong>Resist\u00eancia ao Calor<\/strong><\/td><td>Alta<\/td><td>Alta<\/td><td><strong>M\u00e9dia (cuidado com panelas)<\/strong><\/td><\/tr><tr><td><strong>Manuten\u00e7\u00e3o<\/strong><\/td><td>Anual (impermeabilizante)<\/td><td>Alta frequ\u00eancia<\/td><td><strong>Zero (apenas limpeza)<\/strong><\/td><\/tr><tr><td><strong>Est\u00e9tica<\/strong><\/td><td>Granulada\/Manchada<\/td><td>Veios Naturais<\/td><td><strong>Uniforme ou Veios Controlados<\/strong><\/td><\/tr><\/tbody><\/table><\/figure>\n\n\n\n<h2 class=\"wp-block-heading\">Vale o investimento?<\/h2>\n\n\n\n<p>O quartzo geralmente custa mais que os granitos nacionais comuns, mas compete em pre\u00e7o com pedras ex\u00f3ticas e m\u00e1rmores importados. O custo-benef\u00edcio se justifica pela <strong>longevidade<\/strong>. Enquanto pedras naturais exigem cuidado com \u00e1cidos (lim\u00e3o\/vinagre) e selantes, o quartzo mant\u00e9m o aspecto de novo por d\u00e9cadas apenas com \u00e1gua e sab\u00e3o neutro.<\/p>\n","protected":false},"excerpt":{"rendered":"<p>O Quartzo assumiu a lideran\u00e7a absoluta em projetos de bancadas modernas ao oferecer uma resist\u00eancia superior a manchas que nem o m\u00e1rmore nem o granito conseguem igualar. Essa pedra industrializada une a est\u00e9tica sofisticada \u00e0 tecnologia de porosidade nula, garantindo cozinhas impec\u00e1veis sem a necessidade de manuten\u00e7\u00e3o constante. O que \u00e9 exatamente a bancada de [&hellip;]<\/p>\n","protected":false},"author":11,"featured_media":179313,"comment_status":"open","ping_status":"open","sticky":false,"template":"","format":"standard","meta":{"_yoast_wpseo_focuskw":"m\u00e1rmore e granito","_yoast_wpseo_title":"","_yoast_wpseo_metadesc":"Material contempor\u00e2neo supera m\u00e1rmore e granito em bancadas modernas oferecendo resist\u00eancia limpa e manuten\u00e7\u00e3o pr\u00e1tica no dia a dia","jnews-multi-image_gallery":[],"jnews_single_post":{"format":"standard"},"jnews_primary_category":[],"jnews_social_meta":[],"jnews_override_counter":[],"footnotes":""},"categories":[143],"post_tag":[14181,14180],"class_list":["post-177774","post","type-post","status-publish","format-standard","has-post-thumbnail","hentry","category-casa-e-decoracao","tag-granito","tag-marmore"],"yoast_head":"<!-- This site is optimized with the Yoast SEO plugin v24.6 - https:\/\/yoast.com\/wordpress\/plugins\/seo\/ -->\n<title>Nem m\u00e1rmore, nem granito: o material que virou favorito em bancadas modernas - Correio Braziliense - Radar<\/title>\n<meta name=\"description\" content=\"Material contempor\u00e2neo supera m\u00e1rmore e granito em bancadas modernas oferecendo resist\u00eancia limpa e manuten\u00e7\u00e3o pr\u00e1tica no dia a dia\" \/>\n<meta name=\"robots\" content=\"index, follow, max-snippet:-1, max-image-preview:large, max-video-preview:-1\" \/>\n<link rel=\"canonical\" href=\"https:\/\/www.correiobraziliense.com.br\/cbradar\/nem-marmore-nem-granito-o-material-que-virou-favorito-em-bancadas-modernas\/\" \/>\n<meta property=\"og:locale\" content=\"pt_BR\" \/>\n<meta property=\"og:type\" content=\"article\" \/>\n<meta property=\"og:title\" content=\"Nem m\u00e1rmore, nem granito: o material que virou favorito em bancadas modernas - Correio Braziliense - Radar\" \/>\n<meta property=\"og:description\" content=\"Material contempor\u00e2neo supera m\u00e1rmore e granito em bancadas modernas oferecendo resist\u00eancia limpa e manuten\u00e7\u00e3o pr\u00e1tica no dia a dia\" \/>\n<meta property=\"og:url\" content=\"https:\/\/www.correiobraziliense.com.br\/cbradar\/nem-marmore-nem-granito-o-material-que-virou-favorito-em-bancadas-modernas\/\" \/>\n<meta property=\"og:site_name\" content=\"Correio Braziliense - Radar\" \/>\n<meta property=\"article:published_time\" content=\"2026-01-23T16:25:00+00:00\" \/>\n<meta property=\"og:image\" content=\"https:\/\/www.correiobraziliense.com.br\/cbradar\/wp-content\/uploads\/2026\/01\/freepik__imagem-realista-de-uma-bancada-de-cozinha-feita-co__24450.png\" \/>\n\t<meta property=\"og:image:width\" content=\"1280\" \/>\n\t<meta property=\"og:image:height\" content=\"720\" \/>\n\t<meta property=\"og:image:type\" content=\"image\/png\" \/>\n<meta name=\"author\" content=\"Paulo Custodio\" \/>\n<meta name=\"twitter:card\" content=\"summary_large_image\" \/>\n<meta name=\"twitter:label1\" content=\"Escrito por\" \/>\n\t<meta name=\"twitter:data1\" content=\"Paulo Custodio\" \/>\n\t<meta name=\"twitter:label2\" content=\"Est. tempo de leitura\" \/>\n\t<meta name=\"twitter:data2\" content=\"4 minutos\" \/>\n<!-- \/ Yoast SEO plugin. -->","yoast_head_json":{"title":"Nem m\u00e1rmore, nem granito: o material que virou favorito em bancadas modernas - Correio Braziliense - Radar","description":"Material contempor\u00e2neo supera m\u00e1rmore e granito em bancadas modernas oferecendo resist\u00eancia limpa e manuten\u00e7\u00e3o pr\u00e1tica no dia a dia","robots":{"index":"index","follow":"follow","max-snippet":"max-snippet:-1","max-image-preview":"max-image-preview:large","max-video-preview":"max-video-preview:-1"},"canonical":"https:\/\/www.correiobraziliense.com.br\/cbradar\/nem-marmore-nem-granito-o-material-que-virou-favorito-em-bancadas-modernas\/","og_locale":"pt_BR","og_type":"article","og_title":"Nem m\u00e1rmore, nem granito: o material que virou favorito em bancadas modernas - Correio Braziliense - Radar","og_description":"Material contempor\u00e2neo supera m\u00e1rmore e granito em bancadas modernas oferecendo resist\u00eancia limpa e manuten\u00e7\u00e3o pr\u00e1tica no dia a dia","og_url":"https:\/\/www.correiobraziliense.com.br\/cbradar\/nem-marmore-nem-granito-o-material-que-virou-favorito-em-bancadas-modernas\/","og_site_name":"Correio Braziliense - Radar","article_published_time":"2026-01-23T16:25:00+00:00","og_image":[{"width":1280,"height":720,"url":"https:\/\/www.correiobraziliense.com.br\/cbradar\/wp-content\/uploads\/2026\/01\/freepik__imagem-realista-de-uma-bancada-de-cozinha-feita-co__24450.png","type":"image\/png"}],"author":"Paulo Custodio","twitter_card":"summary_large_image","twitter_misc":{"Escrito por":"Paulo Custodio","Est. tempo de leitura":"4 minutos"},"schema":{"@context":"https:\/\/schema.org","@graph":[{"@type":"WebPage","@id":"https:\/\/www.correiobraziliense.com.br\/cbradar\/nem-marmore-nem-granito-o-material-que-virou-favorito-em-bancadas-modernas\/","url":"https:\/\/www.correiobraziliense.com.br\/cbradar\/nem-marmore-nem-granito-o-material-que-virou-favorito-em-bancadas-modernas\/","name":"Nem m\u00e1rmore, nem granito: o material que virou favorito em bancadas modernas - Correio Braziliense - Radar","isPartOf":{"@id":"https:\/\/www.correiobraziliense.com.br\/cbradar\/#website"},"primaryImageOfPage":{"@id":"https:\/\/www.correiobraziliense.com.br\/cbradar\/nem-marmore-nem-granito-o-material-que-virou-favorito-em-bancadas-modernas\/#primaryimage"},"image":{"@id":"https:\/\/www.correiobraziliense.com.br\/cbradar\/nem-marmore-nem-granito-o-material-que-virou-favorito-em-bancadas-modernas\/#primaryimage"},"thumbnailUrl":"https:\/\/www.correiobraziliense.com.br\/cbradar\/wp-content\/uploads\/2026\/01\/freepik__imagem-realista-de-uma-bancada-de-cozinha-feita-co__24450.png","datePublished":"2026-01-23T16:25:00+00:00","author":{"@id":"https:\/\/www.correiobraziliense.com.br\/cbradar\/#\/schema\/person\/4cec7857301a9a1a2ef249893cd908d3"},"description":"Material contempor\u00e2neo supera m\u00e1rmore e granito em bancadas modernas oferecendo resist\u00eancia limpa e manuten\u00e7\u00e3o pr\u00e1tica no dia a dia","breadcrumb":{"@id":"https:\/\/www.correiobraziliense.com.br\/cbradar\/nem-marmore-nem-granito-o-material-que-virou-favorito-em-bancadas-modernas\/#breadcrumb"},"inLanguage":"pt-BR","potentialAction":[{"@type":"ReadAction","target":["https:\/\/www.correiobraziliense.com.br\/cbradar\/nem-marmore-nem-granito-o-material-que-virou-favorito-em-bancadas-modernas\/"]}]},{"@type":"ImageObject","inLanguage":"pt-BR","@id":"https:\/\/www.correiobraziliense.com.br\/cbradar\/nem-marmore-nem-granito-o-material-que-virou-favorito-em-bancadas-modernas\/#primaryimage","url":"https:\/\/www.correiobraziliense.com.br\/cbradar\/wp-content\/uploads\/2026\/01\/freepik__imagem-realista-de-uma-bancada-de-cozinha-feita-co__24450.png","contentUrl":"https:\/\/www.correiobraziliense.com.br\/cbradar\/wp-content\/uploads\/2026\/01\/freepik__imagem-realista-de-uma-bancada-de-cozinha-feita-co__24450.png","width":1280,"height":720,"caption":"Resist\u00eancia a manchas tornando superf\u00edcies mais dur\u00e1veis"},{"@type":"BreadcrumbList","@id":"https:\/\/www.correiobraziliense.com.br\/cbradar\/nem-marmore-nem-granito-o-material-que-virou-favorito-em-bancadas-modernas\/#breadcrumb","itemListElement":[{"@type":"ListItem","position":1,"name":"In\u00edcio","item":"https:\/\/www.correiobraziliense.com.br\/cbradar\/"},{"@type":"ListItem","position":2,"name":"Nem m\u00e1rmore, nem granito: o material que virou favorito em bancadas modernas"}]},{"@type":"WebSite","@id":"https:\/\/www.correiobraziliense.com.br\/cbradar\/#website","url":"https:\/\/www.correiobraziliense.com.br\/cbradar\/","name":"Correio Braziliense - Radar","description":"Acompanhe as \u00faltimas not\u00edcias e fique bem informado sobre tudo o que acontece no Brasil e no mundo.","potentialAction":[{"@type":"SearchAction","target":{"@type":"EntryPoint","urlTemplate":"https:\/\/www.correiobraziliense.com.br\/cbradar\/?s={search_term_string}"},"query-input":{"@type":"PropertyValueSpecification","valueRequired":true,"valueName":"search_term_string"}}],"inLanguage":"pt-BR"},{"@type":"Person","@id":"https:\/\/www.correiobraziliense.com.br\/cbradar\/#\/schema\/person\/4cec7857301a9a1a2ef249893cd908d3","name":"Paulo Custodio","image":{"@type":"ImageObject","inLanguage":"pt-BR","@id":"https:\/\/www.correiobraziliense.com.br\/cbradar\/#\/schema\/person\/image\/","url":"https:\/\/secure.gravatar.com\/avatar\/bcd67168d1534e8fcf4f45c726a87cea?s=96&d=mm&r=g","contentUrl":"https:\/\/secure.gravatar.com\/avatar\/bcd67168d1534e8fcf4f45c726a87cea?s=96&d=mm&r=g","caption":"Paulo Custodio"},"sameAs":["https:\/\/www.correiobraziliense.com.br\/cbradar"],"url":"https:\/\/www.correiobraziliense.com.br\/cbradar\/author\/paulomyth\/"}]}},"_links":{"self":[{"href":"https:\/\/www.correiobraziliense.com.br\/cbradar\/wp-json\/wp\/v2\/posts\/177774","targetHints":{"allow":["GET"]}}],"collection":[{"href":"https:\/\/www.correiobraziliense.com.br\/cbradar\/wp-json\/wp\/v2\/posts"}],"about":[{"href":"https:\/\/www.correiobraziliense.com.br\/cbradar\/wp-json\/wp\/v2\/types\/post"}],"author":[{"embeddable":true,"href":"https:\/\/www.correiobraziliense.com.br\/cbradar\/wp-json\/wp\/v2\/users\/11"}],"replies":[{"embeddable":true,"href":"https:\/\/www.correiobraziliense.com.br\/cbradar\/wp-json\/wp\/v2\/comments?post=177774"}],"version-history":[{"count":1,"href":"https:\/\/www.correiobraziliense.com.br\/cbradar\/wp-json\/wp\/v2\/posts\/177774\/revisions"}],"predecessor-version":[{"id":177781,"href":"https:\/\/www.correiobraziliense.com.br\/cbradar\/wp-json\/wp\/v2\/posts\/177774\/revisions\/177781"}],"wp:featuredmedia":[{"embeddable":true,"href":"https:\/\/www.correiobraziliense.com.br\/cbradar\/wp-json\/wp\/v2\/media\/179313"}],"wp:attachment":[{"href":"https:\/\/www.correiobraziliense.com.br\/cbradar\/wp-json\/wp\/v2\/media?parent=177774"}],"wp:term":[{"taxonomy":"category","embeddable":true,"href":"https:\/\/www.correiobraziliense.com.br\/cbradar\/wp-json\/wp\/v2\/categories?post=177774"},{"taxonomy":"post_tag","embeddable":true,"href":"https:\/\/www.correiobraziliense.com.br\/cbradar\/wp-json\/wp\/v2\/post_tag?post=177774"}],"curies":[{"name":"wp","href":"https:\/\/api.w.org\/{rel}","templated":true}]}}