{"id":177782,"date":"2026-01-23T16:55:00","date_gmt":"2026-01-23T19:55:00","guid":{"rendered":"https:\/\/www.correiobraziliense.com.br\/cbradar\/?p=177782"},"modified":"2026-01-22T16:06:54","modified_gmt":"2026-01-22T19:06:54","slug":"monte-um-jardim-vertical-na-sacada-usando-trelicas-de-madeira-baratas-que-escondem-a-vista-do-vizinho-e-trazem-privacidade-e-frescor","status":"publish","type":"post","link":"https:\/\/www.correiobraziliense.com.br\/cbradar\/monte-um-jardim-vertical-na-sacada-usando-trelicas-de-madeira-baratas-que-escondem-a-vista-do-vizinho-e-trazem-privacidade-e-frescor\/","title":{"rendered":"Monte um jardim vertical na sacada usando treli\u00e7as de madeira baratas que escondem a vista do vizinho e trazem privacidade e frescor"},"content":{"rendered":"\n<p>Instalar um jardim vertical com treli\u00e7as de madeira \u00e9 a estrat\u00e9gia mais charmosa e econ\u00f4mica para bloquear a vis\u00e3o dos vizinhos e transformar sua sacada em um ref\u00fagio particular. Essa barreira viva filtra o ar, reduz a temperatura do ambiente e decora o espa\u00e7o sem a necessidade de grandes obras ou fechamentos de vidro caros.<\/p>\n\n\n\n<h2 class=\"wp-block-heading\">A barreira visual que respira<\/h2>\n\n\n\n<p>Diferente de cortinas ou muros que bloqueiam a passagem de ar, o jardim vertical cria uma &#8220;parede verde&#8221; perme\u00e1vel. As folhas funcionam como um filtro natural que quebra a for\u00e7a do vento e diminui a incid\u00eancia direta do sol, tornando a varanda um local mais fresco e agrad\u00e1vel para ficar.<\/p>\n\n\n\n<p>Para quem mora em apartamentos pr\u00f3ximos a outros pr\u00e9dios, a densidade das plantas oferece a privacidade necess\u00e1ria para deixar a porta da sala aberta sem se sentir exposto. A treli\u00e7a de madeira atua como o esqueleto dessa estrutura, suportando o peso da vegeta\u00e7\u00e3o e adicionando um toque r\u00fastico e acolhedor \u00e0 decora\u00e7\u00e3o.<\/p>\n\n\n\n<figure class=\"wp-block-image aligncenter size-large\"><img decoding=\"async\" width=\"1024\" height=\"576\" src=\"https:\/\/www.correiobraziliense.com.br\/cbradar\/wp-content\/uploads\/2026\/01\/imagem_2026-01-18_140333827-1024x576.png\" alt=\"Treli\u00e7as de madeira baratas permitem criar jardim vertical na sacada com privacidade e frescor\n\" class=\"wp-image-177790\" srcset=\"https:\/\/www.correiobraziliense.com.br\/cbradar\/wp-content\/uploads\/2026\/01\/imagem_2026-01-18_140333827-1024x576.png 1024w, https:\/\/www.correiobraziliense.com.br\/cbradar\/wp-content\/uploads\/2026\/01\/imagem_2026-01-18_140333827-300x169.png 300w, https:\/\/www.correiobraziliense.com.br\/cbradar\/wp-content\/uploads\/2026\/01\/imagem_2026-01-18_140333827-768x432.png 768w, https:\/\/www.correiobraziliense.com.br\/cbradar\/wp-content\/uploads\/2026\/01\/imagem_2026-01-18_140333827-750x422.png 750w, https:\/\/www.correiobraziliense.com.br\/cbradar\/wp-content\/uploads\/2026\/01\/imagem_2026-01-18_140333827-1140x641.png 1140w, https:\/\/www.correiobraziliense.com.br\/cbradar\/wp-content\/uploads\/2026\/01\/imagem_2026-01-18_140333827.png 1280w\" sizes=\"(max-width: 1024px) 100vw, 1024px\" \/><figcaption class=\"wp-element-caption\">Treli\u00e7as de madeira baratas permitem criar jardim vertical na sacada com privacidade e frescor\n<\/figcaption><\/figure>\n\n\n\n<h2 class=\"wp-block-heading\">Como escolher e fixar a treli\u00e7a gastando pouco?<\/h2>\n\n\n\n<p>A op\u00e7\u00e3o mais acess\u00edvel e vers\u00e1til do mercado \u00e9 a <strong>treli\u00e7a pantogr\u00e1fica<\/strong> (aquela sanfonada). Ela se ajusta a diferentes larguras de parede e pode ser encontrada em lojas de jardinagem ou constru\u00e7\u00e3o por pre\u00e7os baixos.<\/p>\n\n\n\n<p>Para a fixa\u00e7\u00e3o, a estrat\u00e9gia depende da estrutura da sua sacada:<\/p>\n\n\n\n<ul class=\"wp-block-list\">\n<li><strong>Em paredes de alvenaria:<\/strong> Utilize buchas e parafusos em formato de gancho (esc\u00e1pula) para pendurar a treli\u00e7a com seguran\u00e7a.<\/li>\n\n\n\n<li><strong>Em grades ou guarda-corpos:<\/strong> Se voc\u00ea mora de aluguel e n\u00e3o pode furar a parede, use abra\u00e7adeiras de nylon resistentes (os populares &#8220;enforca-gato&#8221;) para prender a treli\u00e7a firmemente na grade da varanda. Certifique-se de prender em v\u00e1rios pontos para evitar que ela balance com o vento.<\/li>\n<\/ul>\n\n\n\n<p>Leia tamb\u00e9m: <a href=\"https:\/\/www.correiobraziliense.com.br\/cbradar\/teto-alto-vs-teto-baixo-como-a-altura-do-pe-direito-muda-a-sua-criatividade-ou-foco\/\" target=\"_blank\" rel=\"noreferrer noopener\">Teto alto vs Teto baixo: como a altura do p\u00e9-direito muda a sua criatividade ou foco<\/a><\/p>\n\n\n\n<h2 class=\"wp-block-heading\">As melhores plantas para &#8220;fechar&#8221; a vis\u00e3o<\/h2>\n\n\n\n<p>O segredo para a privacidade total \u00e9 escolher plantas pendentes que criam volume e cascata. Para sacadas que recebem claridade, mas pouco sol direto (meia-sombra), as esp\u00e9cies cl\u00e1ssicas s\u00e3o as mais eficientes e resistentes.<\/p>\n\n\n\n<p>As campe\u00e3s de preenchimento s\u00e3o:<\/p>\n\n\n\n<ul class=\"wp-block-list\">\n<li><strong>Samambaias:<\/strong> Criam uma &#8220;moita&#8221; densa e volumosa. Ideais para a parte mais alta da treli\u00e7a.<\/li>\n\n\n\n<li><strong>Jiboia:<\/strong> Planta trepadeira e pendente de crescimento r\u00e1pido. Suas folhas largas cobrem bem os espa\u00e7os vazios e ela \u00e9 extremamente resistente.<\/li>\n\n\n\n<li><strong>Peper\u00f4mia:<\/strong> Oferece um visual mais delicado com folhas arredondadas, perfeita para compor texturas diferentes.<\/li>\n\n\n\n<li><strong>V\u00e9u-de-noiva:<\/strong> Produz muitas flores pequenas e folhas finas que criam uma cortina delicada.<\/li>\n<\/ul>\n\n\n\n<figure class=\"wp-block-image aligncenter size-large\"><img decoding=\"async\" width=\"1024\" height=\"576\" src=\"https:\/\/www.correiobraziliense.com.br\/cbradar\/wp-content\/uploads\/2026\/01\/imagem_2026-01-18_140533196-1024x576.png\" alt=\"Treli\u00e7as de madeira baratas permitem criar jardim vertical na sacada com privacidade e frescor\n\" class=\"wp-image-177789\" srcset=\"https:\/\/www.correiobraziliense.com.br\/cbradar\/wp-content\/uploads\/2026\/01\/imagem_2026-01-18_140533196-1024x576.png 1024w, https:\/\/www.correiobraziliense.com.br\/cbradar\/wp-content\/uploads\/2026\/01\/imagem_2026-01-18_140533196-300x169.png 300w, https:\/\/www.correiobraziliense.com.br\/cbradar\/wp-content\/uploads\/2026\/01\/imagem_2026-01-18_140533196-768x432.png 768w, https:\/\/www.correiobraziliense.com.br\/cbradar\/wp-content\/uploads\/2026\/01\/imagem_2026-01-18_140533196-750x422.png 750w, https:\/\/www.correiobraziliense.com.br\/cbradar\/wp-content\/uploads\/2026\/01\/imagem_2026-01-18_140533196-1140x641.png 1140w, https:\/\/www.correiobraziliense.com.br\/cbradar\/wp-content\/uploads\/2026\/01\/imagem_2026-01-18_140533196.png 1280w\" sizes=\"(max-width: 1024px) 100vw, 1024px\" \/><figcaption class=\"wp-element-caption\">Treli\u00e7as de madeira baratas permitem criar jardim vertical na sacada com privacidade e frescor\n<\/figcaption><\/figure>\n\n\n\n<h3 class=\"wp-block-heading\">A montagem R\u00e1pida<\/h3>\n\n\n\n<p>Veja detalhes na tabela a seguir:<\/p>\n\n\n\n<figure class=\"wp-block-table\"><table class=\"has-fixed-layout\"><thead><tr><td><strong>Passo<\/strong><\/td><td><strong>A\u00e7\u00e3o<\/strong><\/td><td><strong>Dica Extra<\/strong><\/td><\/tr><\/thead><tbody><tr><td><strong>1. Estrutura<\/strong><\/td><td>Fixar treli\u00e7a de madeira<\/td><td>Use verniz naval para proteger a madeira da chuva.<\/td><\/tr><tr><td><strong>2. Vasos<\/strong><\/td><td>Ganchos ou suporte de ferro<\/td><td>Distribua o peso; vasos maiores embaixo.<\/td><\/tr><tr><td><strong>3. Plantas<\/strong><\/td><td>Samambaia e Jiboia<\/td><td>Intercale as esp\u00e9cies para fechar os buracos visuais.<\/td><\/tr><tr><td><strong>4. Manuten\u00e7\u00e3o<\/strong><\/td><td>Poda de limpeza<\/td><td>Corte folhas secas para estimular o volume.<\/td><\/tr><\/tbody><\/table><\/figure>\n\n\n\n<h2 class=\"wp-block-heading\">Cuidados com a rega em apartamentos<\/h2>\n\n\n\n<p>O maior desafio do jardim vertical em sacadas \u00e9 a \u00e1gua escorrendo para o andar de baixo ou manchando o piso. Para evitar conflitos com vizinhos e sujeira, a solu\u00e7\u00e3o ideal \u00e9 utilizar <strong>vasos autoirrig\u00e1veis<\/strong>.<\/p>\n\n\n\n<p>Esses recipientes possuem um reservat\u00f3rio interno que armazena a \u00e1gua e a libera gradualmente para a raiz, eliminando a necessidade de pratinhos externos que transbordam. Al\u00e9m de limpo, esse sistema garante que as plantas sobrevivam mesmo se voc\u00ea esquecer de regar por alguns dias.<\/p>\n","protected":false},"excerpt":{"rendered":"<p>Instalar um jardim vertical com treli\u00e7as de madeira \u00e9 a estrat\u00e9gia mais charmosa e econ\u00f4mica para bloquear a vis\u00e3o dos vizinhos e transformar sua sacada em um ref\u00fagio particular. Essa barreira viva filtra o ar, reduz a temperatura do ambiente e decora o espa\u00e7o sem a necessidade de grandes obras ou fechamentos de vidro caros. [&hellip;]<\/p>\n","protected":false},"author":11,"featured_media":179316,"comment_status":"open","ping_status":"open","sticky":false,"template":"","format":"standard","meta":{"_yoast_wpseo_focuskw":"Jardim vertical","_yoast_wpseo_title":"","_yoast_wpseo_metadesc":"Jardim vertical na sacada com treli\u00e7as de madeira acess\u00edveis, garante privacidade, bloqueia a vista do vizinho e traz frescor natural ao espa\u00e7o","jnews-multi-image_gallery":[],"jnews_single_post":{"format":"standard"},"jnews_primary_category":[],"jnews_social_meta":[],"jnews_override_counter":[],"footnotes":""},"categories":[143],"post_tag":[733,14182],"class_list":["post-177782","post","type-post","status-publish","format-standard","has-post-thumbnail","hentry","category-casa-e-decoracao","tag-jardim","tag-sacada"],"yoast_head":"<!-- This site is optimized with the Yoast SEO plugin v24.6 - https:\/\/yoast.com\/wordpress\/plugins\/seo\/ -->\n<title>Monte um jardim vertical na sacada usando treli\u00e7as de madeira baratas que escondem a vista do vizinho e trazem privacidade e frescor - Correio Braziliense - Radar<\/title>\n<meta name=\"description\" content=\"Jardim vertical na sacada com treli\u00e7as de madeira acess\u00edveis, garante privacidade, bloqueia a vista do vizinho e traz frescor natural ao espa\u00e7o\" \/>\n<meta name=\"robots\" content=\"index, follow, max-snippet:-1, max-image-preview:large, max-video-preview:-1\" \/>\n<link rel=\"canonical\" href=\"https:\/\/www.correiobraziliense.com.br\/cbradar\/monte-um-jardim-vertical-na-sacada-usando-trelicas-de-madeira-baratas-que-escondem-a-vista-do-vizinho-e-trazem-privacidade-e-frescor\/\" \/>\n<meta property=\"og:locale\" content=\"pt_BR\" \/>\n<meta property=\"og:type\" content=\"article\" \/>\n<meta property=\"og:title\" content=\"Monte um jardim vertical na sacada usando treli\u00e7as de madeira baratas que escondem a vista do vizinho e trazem privacidade e frescor - Correio Braziliense - Radar\" \/>\n<meta property=\"og:description\" content=\"Jardim vertical na sacada com treli\u00e7as de madeira acess\u00edveis, garante privacidade, bloqueia a vista do vizinho e traz frescor natural ao espa\u00e7o\" \/>\n<meta property=\"og:url\" content=\"https:\/\/www.correiobraziliense.com.br\/cbradar\/monte-um-jardim-vertical-na-sacada-usando-trelicas-de-madeira-baratas-que-escondem-a-vista-do-vizinho-e-trazem-privacidade-e-frescor\/\" \/>\n<meta property=\"og:site_name\" content=\"Correio Braziliense - Radar\" \/>\n<meta property=\"article:published_time\" content=\"2026-01-23T19:55:00+00:00\" \/>\n<meta property=\"og:image\" content=\"https:\/\/www.correiobraziliense.com.br\/cbradar\/wp-content\/uploads\/2026\/01\/freepik__imagem-realista-de-um-jardim-vertical-na-sacada-co__24452.png\" \/>\n\t<meta property=\"og:image:width\" content=\"1280\" \/>\n\t<meta property=\"og:image:height\" content=\"720\" \/>\n\t<meta property=\"og:image:type\" content=\"image\/png\" \/>\n<meta name=\"author\" content=\"Paulo Custodio\" \/>\n<meta name=\"twitter:card\" content=\"summary_large_image\" \/>\n<meta name=\"twitter:label1\" content=\"Escrito por\" \/>\n\t<meta name=\"twitter:data1\" content=\"Paulo Custodio\" \/>\n\t<meta name=\"twitter:label2\" content=\"Est. tempo de leitura\" \/>\n\t<meta name=\"twitter:data2\" content=\"4 minutos\" \/>\n<!-- \/ Yoast SEO plugin. -->","yoast_head_json":{"title":"Monte um jardim vertical na sacada usando treli\u00e7as de madeira baratas que escondem a vista do vizinho e trazem privacidade e frescor - Correio Braziliense - Radar","description":"Jardim vertical na sacada com treli\u00e7as de madeira acess\u00edveis, garante privacidade, bloqueia a vista do vizinho e traz frescor natural ao espa\u00e7o","robots":{"index":"index","follow":"follow","max-snippet":"max-snippet:-1","max-image-preview":"max-image-preview:large","max-video-preview":"max-video-preview:-1"},"canonical":"https:\/\/www.correiobraziliense.com.br\/cbradar\/monte-um-jardim-vertical-na-sacada-usando-trelicas-de-madeira-baratas-que-escondem-a-vista-do-vizinho-e-trazem-privacidade-e-frescor\/","og_locale":"pt_BR","og_type":"article","og_title":"Monte um jardim vertical na sacada usando treli\u00e7as de madeira baratas que escondem a vista do vizinho e trazem privacidade e frescor - Correio Braziliense - Radar","og_description":"Jardim vertical na sacada com treli\u00e7as de madeira acess\u00edveis, garante privacidade, bloqueia a vista do vizinho e traz frescor natural ao espa\u00e7o","og_url":"https:\/\/www.correiobraziliense.com.br\/cbradar\/monte-um-jardim-vertical-na-sacada-usando-trelicas-de-madeira-baratas-que-escondem-a-vista-do-vizinho-e-trazem-privacidade-e-frescor\/","og_site_name":"Correio Braziliense - Radar","article_published_time":"2026-01-23T19:55:00+00:00","og_image":[{"width":1280,"height":720,"url":"https:\/\/www.correiobraziliense.com.br\/cbradar\/wp-content\/uploads\/2026\/01\/freepik__imagem-realista-de-um-jardim-vertical-na-sacada-co__24452.png","type":"image\/png"}],"author":"Paulo Custodio","twitter_card":"summary_large_image","twitter_misc":{"Escrito por":"Paulo Custodio","Est. tempo de leitura":"4 minutos"},"schema":{"@context":"https:\/\/schema.org","@graph":[{"@type":"WebPage","@id":"https:\/\/www.correiobraziliense.com.br\/cbradar\/monte-um-jardim-vertical-na-sacada-usando-trelicas-de-madeira-baratas-que-escondem-a-vista-do-vizinho-e-trazem-privacidade-e-frescor\/","url":"https:\/\/www.correiobraziliense.com.br\/cbradar\/monte-um-jardim-vertical-na-sacada-usando-trelicas-de-madeira-baratas-que-escondem-a-vista-do-vizinho-e-trazem-privacidade-e-frescor\/","name":"Monte um jardim vertical na sacada usando treli\u00e7as de madeira baratas que escondem a vista do vizinho e trazem privacidade e frescor - Correio Braziliense - Radar","isPartOf":{"@id":"https:\/\/www.correiobraziliense.com.br\/cbradar\/#website"},"primaryImageOfPage":{"@id":"https:\/\/www.correiobraziliense.com.br\/cbradar\/monte-um-jardim-vertical-na-sacada-usando-trelicas-de-madeira-baratas-que-escondem-a-vista-do-vizinho-e-trazem-privacidade-e-frescor\/#primaryimage"},"image":{"@id":"https:\/\/www.correiobraziliense.com.br\/cbradar\/monte-um-jardim-vertical-na-sacada-usando-trelicas-de-madeira-baratas-que-escondem-a-vista-do-vizinho-e-trazem-privacidade-e-frescor\/#primaryimage"},"thumbnailUrl":"https:\/\/www.correiobraziliense.com.br\/cbradar\/wp-content\/uploads\/2026\/01\/freepik__imagem-realista-de-um-jardim-vertical-na-sacada-co__24452.png","datePublished":"2026-01-23T19:55:00+00:00","author":{"@id":"https:\/\/www.correiobraziliense.com.br\/cbradar\/#\/schema\/person\/4cec7857301a9a1a2ef249893cd908d3"},"description":"Jardim vertical na sacada com treli\u00e7as de madeira acess\u00edveis, garante privacidade, bloqueia a vista do vizinho e traz frescor natural ao espa\u00e7o","breadcrumb":{"@id":"https:\/\/www.correiobraziliense.com.br\/cbradar\/monte-um-jardim-vertical-na-sacada-usando-trelicas-de-madeira-baratas-que-escondem-a-vista-do-vizinho-e-trazem-privacidade-e-frescor\/#breadcrumb"},"inLanguage":"pt-BR","potentialAction":[{"@type":"ReadAction","target":["https:\/\/www.correiobraziliense.com.br\/cbradar\/monte-um-jardim-vertical-na-sacada-usando-trelicas-de-madeira-baratas-que-escondem-a-vista-do-vizinho-e-trazem-privacidade-e-frescor\/"]}]},{"@type":"ImageObject","inLanguage":"pt-BR","@id":"https:\/\/www.correiobraziliense.com.br\/cbradar\/monte-um-jardim-vertical-na-sacada-usando-trelicas-de-madeira-baratas-que-escondem-a-vista-do-vizinho-e-trazem-privacidade-e-frescor\/#primaryimage","url":"https:\/\/www.correiobraziliense.com.br\/cbradar\/wp-content\/uploads\/2026\/01\/freepik__imagem-realista-de-um-jardim-vertical-na-sacada-co__24452.png","contentUrl":"https:\/\/www.correiobraziliense.com.br\/cbradar\/wp-content\/uploads\/2026\/01\/freepik__imagem-realista-de-um-jardim-vertical-na-sacada-co__24452.png","width":1280,"height":720,"caption":"Cria\u00e7\u00e3o de barreira verde que melhora a privacidade da sacada"},{"@type":"BreadcrumbList","@id":"https:\/\/www.correiobraziliense.com.br\/cbradar\/monte-um-jardim-vertical-na-sacada-usando-trelicas-de-madeira-baratas-que-escondem-a-vista-do-vizinho-e-trazem-privacidade-e-frescor\/#breadcrumb","itemListElement":[{"@type":"ListItem","position":1,"name":"In\u00edcio","item":"https:\/\/www.correiobraziliense.com.br\/cbradar\/"},{"@type":"ListItem","position":2,"name":"Monte um jardim vertical na sacada usando treli\u00e7as de madeira baratas que escondem a vista do vizinho e trazem privacidade e frescor"}]},{"@type":"WebSite","@id":"https:\/\/www.correiobraziliense.com.br\/cbradar\/#website","url":"https:\/\/www.correiobraziliense.com.br\/cbradar\/","name":"Correio Braziliense - Radar","description":"Acompanhe as \u00faltimas not\u00edcias e fique bem informado sobre tudo o que acontece no Brasil e no mundo.","potentialAction":[{"@type":"SearchAction","target":{"@type":"EntryPoint","urlTemplate":"https:\/\/www.correiobraziliense.com.br\/cbradar\/?s={search_term_string}"},"query-input":{"@type":"PropertyValueSpecification","valueRequired":true,"valueName":"search_term_string"}}],"inLanguage":"pt-BR"},{"@type":"Person","@id":"https:\/\/www.correiobraziliense.com.br\/cbradar\/#\/schema\/person\/4cec7857301a9a1a2ef249893cd908d3","name":"Paulo Custodio","image":{"@type":"ImageObject","inLanguage":"pt-BR","@id":"https:\/\/www.correiobraziliense.com.br\/cbradar\/#\/schema\/person\/image\/","url":"https:\/\/secure.gravatar.com\/avatar\/bcd67168d1534e8fcf4f45c726a87cea?s=96&d=mm&r=g","contentUrl":"https:\/\/secure.gravatar.com\/avatar\/bcd67168d1534e8fcf4f45c726a87cea?s=96&d=mm&r=g","caption":"Paulo Custodio"},"sameAs":["https:\/\/www.correiobraziliense.com.br\/cbradar"],"url":"https:\/\/www.correiobraziliense.com.br\/cbradar\/author\/paulomyth\/"}]}},"_links":{"self":[{"href":"https:\/\/www.correiobraziliense.com.br\/cbradar\/wp-json\/wp\/v2\/posts\/177782","targetHints":{"allow":["GET"]}}],"collection":[{"href":"https:\/\/www.correiobraziliense.com.br\/cbradar\/wp-json\/wp\/v2\/posts"}],"about":[{"href":"https:\/\/www.correiobraziliense.com.br\/cbradar\/wp-json\/wp\/v2\/types\/post"}],"author":[{"embeddable":true,"href":"https:\/\/www.correiobraziliense.com.br\/cbradar\/wp-json\/wp\/v2\/users\/11"}],"replies":[{"embeddable":true,"href":"https:\/\/www.correiobraziliense.com.br\/cbradar\/wp-json\/wp\/v2\/comments?post=177782"}],"version-history":[{"count":2,"href":"https:\/\/www.correiobraziliense.com.br\/cbradar\/wp-json\/wp\/v2\/posts\/177782\/revisions"}],"predecessor-version":[{"id":179688,"href":"https:\/\/www.correiobraziliense.com.br\/cbradar\/wp-json\/wp\/v2\/posts\/177782\/revisions\/179688"}],"wp:featuredmedia":[{"embeddable":true,"href":"https:\/\/www.correiobraziliense.com.br\/cbradar\/wp-json\/wp\/v2\/media\/179316"}],"wp:attachment":[{"href":"https:\/\/www.correiobraziliense.com.br\/cbradar\/wp-json\/wp\/v2\/media?parent=177782"}],"wp:term":[{"taxonomy":"category","embeddable":true,"href":"https:\/\/www.correiobraziliense.com.br\/cbradar\/wp-json\/wp\/v2\/categories?post=177782"},{"taxonomy":"post_tag","embeddable":true,"href":"https:\/\/www.correiobraziliense.com.br\/cbradar\/wp-json\/wp\/v2\/post_tag?post=177782"}],"curies":[{"name":"wp","href":"https:\/\/api.w.org\/{rel}","templated":true}]}}