{"id":177783,"date":"2026-01-23T15:45:00","date_gmt":"2026-01-23T18:45:00","guid":{"rendered":"https:\/\/www.correiobraziliense.com.br\/cbradar\/?p=177783"},"modified":"2026-01-22T16:39:11","modified_gmt":"2026-01-22T19:39:11","slug":"qual-a-quantidade-de-acucar-segura-para-voce-por-dia","status":"publish","type":"post","link":"https:\/\/www.correiobraziliense.com.br\/cbradar\/qual-a-quantidade-de-acucar-segura-para-voce-por-dia\/","title":{"rendered":"Qual a quantidade de a\u00e7\u00facar segura para voc\u00ea por dia?"},"content":{"rendered":"\n<p>A quantidade de <strong>a\u00e7\u00facar<\/strong> que uma pessoa consome todos os dias tornou-se um dos temas centrais nas discuss\u00f5es sobre <strong>sa\u00fade p\u00fablica<\/strong>. Especialistas apontam que o ponto cr\u00edtico n\u00e3o \u00e9 apenas o a\u00e7\u00facar em si, mas a soma dos <strong>a\u00e7\u00facares adicionados<\/strong> aos alimentos e bebidas ao longo do dia. Em um cen\u00e1rio em que refrigerantes, doces, lanches prontos e at\u00e9 molhos industrializados fazem parte da rotina, entender quanto a\u00e7\u00facar \u00e9 considerado adequado torna-se essencial para reduzir o risco de diversas complica\u00e7\u00f5es de sa\u00fade e promover um padr\u00e3o alimentar mais equilibrado.<\/p>\n\n\n\n<h2 class=\"wp-block-heading\">Quanto a\u00e7\u00facar por dia \u00e9 recomendado pelos especialistas<\/h2>\n\n\n\n<p>A principal refer\u00eancia para a <strong>ingest\u00e3o di\u00e1ria de a\u00e7\u00facar<\/strong> vem de \u00f3rg\u00e3os como o Dietary Guidelines for Americans (DGA) e associa\u00e7\u00f5es cardiol\u00f3gicas. Essas diretrizes sugerem que o <strong>a\u00e7\u00facar adicionado<\/strong> n\u00e3o ultrapasse 10% das calorias consumidas por dia; em uma dieta de 2.000 calorias, isso corresponde a cerca de <strong>50 gramas<\/strong>, algo em torno de 12 colheres de ch\u00e1, <a href=\"https:\/\/www.dietaryguidelines.gov\/sites\/default\/files\/2020-12\/Dietary_Guidelines_for_Americans_2020-2025.pdf\" target=\"_blank\" rel=\"noreferrer noopener\">como trouxe as novas diretrizes americanas.<\/a><\/p>\n\n\n\n<p>Algumas entidades defendem metas ainda mais restritivas para maior prote\u00e7\u00e3o cardiovascular e metab\u00f3lica. A American Heart Association recomenda limitar o a\u00e7\u00facar extra a cerca de <strong>6% do total cal\u00f3rico<\/strong>, algo pr\u00f3ximo de 30 gramas ao dia, e, para crian\u00e7as menores de 2 anos, a orienta\u00e7\u00e3o \u00e9 evitar totalmente o a\u00e7\u00facar adicionado.<\/p>\n\n\n\n<h2 class=\"wp-block-heading\">Como diferenciar a\u00e7\u00facar natural e a\u00e7\u00facar adicionado no r\u00f3tulo<\/h2>\n\n\n\n<p>Uma das d\u00favidas mais comuns \u00e9 como saber, na pr\u00e1tica, quanto <strong>a\u00e7\u00facar adicionado<\/strong> est\u00e1 presente em um alimento industrializado. Em muitos r\u00f3tulos, a tabela nutricional separa \u201c<strong>a\u00e7\u00facares totais<\/strong>\u201d de \u201c<strong>a\u00e7\u00facares adicionados<\/strong>\u201d, permitindo identificar o que foi colocado al\u00e9m do a\u00e7\u00facar que j\u00e1 existia naturalmente no alimento in natura.<\/p>\n\n\n\n<p>Nos ingredientes, o a\u00e7\u00facar extra pode aparecer sob diversos nomes e, por isso, \u00e9 importante reconhecer essas varia\u00e7\u00f5es. Entre as formas mais frequentes de <strong>a\u00e7\u00facares adicionados<\/strong> est\u00e3o:<\/p>\n\n\n\n<ul class=\"wp-block-list\">\n<li><strong>A\u00e7\u00facar<\/strong> ou sacarose<\/li>\n\n\n\n<li><strong>Xarope de milho<\/strong> ou xarope de milho com alto teor de frutose<\/li>\n\n\n\n<li><strong>Maltodextrina<\/strong>, dextrose, glicose<\/li>\n\n\n\n<li><strong>Mel<\/strong>, xarope de agave, a\u00e7\u00facar mascavo, a\u00e7\u00facar de coco<\/li>\n<\/ul>\n\n\n\n<p>Para aprofundarmos no tema, trouxemos o v\u00eddeo do Dr. Julio Luchmann (@julioluchmann):<\/p>\n\n\n\n<blockquote class=\"tiktok-embed\" cite=\"https:\/\/www.tiktok.com\/@julioluchmann\/video\/7405957082962234629\" data-video-id=\"7405957082962234629\" style=\"max-width: 605px;min-width: 325px;\" > <section> <a target=\"_blank\" title=\"@julioluchmann\" href=\"https:\/\/www.tiktok.com\/@julioluchmann?refer=embed\">@julioluchmann<\/a> <a title=\"acucar\" target=\"_blank\" href=\"https:\/\/www.tiktok.com\/tag\/acucar?refer=embed\">#acucar<\/a> <a title=\"saude\" target=\"_blank\" href=\"https:\/\/www.tiktok.com\/tag\/saude?refer=embed\">#saude<\/a> <a title=\"julioluchmann\" target=\"_blank\" href=\"https:\/\/www.tiktok.com\/tag\/julioluchmann?refer=embed\">#julioluchmann<\/a> <a target=\"_blank\" title=\"\u266c som original - J\u00falio\u2002luchmann\" href=\"https:\/\/www.tiktok.com\/music\/som-original-7405957223463062277?refer=embed\">\u266c som original &#8211; J\u00falio\u2002luchmann<\/a> <\/section> <\/blockquote> <script async src=\"https:\/\/www.tiktok.com\/embed.js\"><\/script>\n\n\n\n<h2 class=\"wp-block-heading\">Por que limitar o consumo de a\u00e7\u00facar adicionado \u00e9 importante para a sa\u00fade<\/h2>\n\n\n\n<p>O foco na redu\u00e7\u00e3o do <strong>a\u00e7\u00facar refinado<\/strong> est\u00e1 ligado ao impacto desse nutriente no <strong>balan\u00e7o cal\u00f3rico di\u00e1rio<\/strong>. Quando se consome muito a\u00e7\u00facar extra, sobretudo em bebidas a\u00e7ucaradas e lanches ricos em carboidratos simples, \u00e9 f\u00e1cil ultrapassar a quantidade de calorias que o corpo utiliza, favorecendo o <strong>ac\u00famulo de gordura corporal<\/strong>.<\/p>\n\n\n\n<p>Esse padr\u00e3o alimentar est\u00e1 associado ao aumento do risco de v\u00e1rias condi\u00e7\u00f5es cr\u00f4nicas, principalmente quando mantido por muitos anos. Entre os problemas de sa\u00fade mais relacionados ao consumo excessivo de <strong>a\u00e7\u00facar adicionado<\/strong> destacam-se <strong>excesso de peso<\/strong>, doen\u00e7as cardiovasculares, c\u00e1ries dent\u00e1rias e ac\u00famulo de gordura no f\u00edgado, al\u00e9m de maior risco de diabetes tipo 2 em pessoas suscet\u00edveis.<\/p>\n\n\n\n<h2 class=\"wp-block-heading\">Quais s\u00e3o as principais fontes de a\u00e7\u00facar adicionado na alimenta\u00e7\u00e3o<\/h2>\n\n\n\n<p>Mapeamentos recentes apontam que as <strong>bebidas a\u00e7ucaradas<\/strong> respondem por grande parte da ingest\u00e3o di\u00e1ria de a\u00e7\u00facar extra. Refrigerantes, refrescos artificiais, sucos de caixinha, ch\u00e1s ado\u00e7ados, caf\u00e9s prontos e bebidas esportivas podem representar at\u00e9 metade de todo o a\u00e7\u00facar adicionado consumido em alguns grupos populacionais.<\/p>\n\n\n\n<p>Outras fontes importantes incluem <strong>doces, chocolates e produtos de confeitaria<\/strong>, al\u00e9m de itens considerados saud\u00e1veis, como iogurtes e granolas com muito a\u00e7\u00facar escondido. Ler o r\u00f3tulo, comparar marcas e observar a quantidade de <strong>a\u00e7\u00facares adicionados<\/strong> na tabela nutricional s\u00e3o estrat\u00e9gias essenciais para se aproximar da <strong>quantidade de a\u00e7\u00facar recomendada por dia<\/strong>.<\/p>\n\n\n\n<figure class=\"wp-block-image size-large\"><img decoding=\"async\" width=\"1024\" height=\"576\" src=\"https:\/\/www.correiobraziliense.com.br\/cbradar\/wp-content\/uploads\/2026\/01\/\u2705-BANNER-MYTH-25-4-1024x576.png\" alt=\"Qual a quantidade de a\u00e7\u00facar segura para voc\u00ea por dia?\" class=\"wp-image-177785\" srcset=\"https:\/\/www.correiobraziliense.com.br\/cbradar\/wp-content\/uploads\/2026\/01\/\u2705-BANNER-MYTH-25-4-1024x576.png 1024w, https:\/\/www.correiobraziliense.com.br\/cbradar\/wp-content\/uploads\/2026\/01\/\u2705-BANNER-MYTH-25-4-300x169.png 300w, https:\/\/www.correiobraziliense.com.br\/cbradar\/wp-content\/uploads\/2026\/01\/\u2705-BANNER-MYTH-25-4-768x432.png 768w, https:\/\/www.correiobraziliense.com.br\/cbradar\/wp-content\/uploads\/2026\/01\/\u2705-BANNER-MYTH-25-4-750x422.png 750w, https:\/\/www.correiobraziliense.com.br\/cbradar\/wp-content\/uploads\/2026\/01\/\u2705-BANNER-MYTH-25-4-1140x641.png 1140w, https:\/\/www.correiobraziliense.com.br\/cbradar\/wp-content\/uploads\/2026\/01\/\u2705-BANNER-MYTH-25-4.png 1280w\" sizes=\"(max-width: 1024px) 100vw, 1024px\" \/><figcaption class=\"wp-element-caption\">Reduza a\u00e7\u00facares ocultos: conquiste energia est\u00e1vel, vitalidade duradoura e bem-estar em rotinas nutritivas conscientes e leves!<\/figcaption><\/figure>\n\n\n\n<h2 class=\"wp-block-heading\">Como reduzir o a\u00e7\u00facar no dia a dia de forma gradual e sustent\u00e1vel<\/h2>\n\n\n\n<p>Profissionais de sa\u00fade sugerem que a redu\u00e7\u00e3o do <strong>a\u00e7\u00facar na alimenta\u00e7\u00e3o<\/strong> seja feita de modo gradual, permitindo que o <strong>paladar<\/strong> se adapte aos poucos. Pequenas mudan\u00e7as consistentes, como ajustar o a\u00e7\u00facar do caf\u00e9 ou trocar refrigerantes por \u00e1gua, podem gerar grande impacto ao longo do tempo sem exigir uma mudan\u00e7a radical imediata.<\/p>\n\n\n\n<p>Algumas estrat\u00e9gias pr\u00e1ticas incluem diminuir o a\u00e7\u00facar de bebidas quentes semana a semana, priorizar <strong>\u00e1gua e bebidas sem adi\u00e7\u00e3o de a\u00e7\u00facar<\/strong>, preferir frutas inteiras no lugar de sobremesas a\u00e7ucaradas, controlar por\u00e7\u00f5es de doces e escolher produtos com menos a\u00e7\u00facar na lista de ingredientes. Assim, o consumo tende a ficar mais pr\u00f3ximo dos limites indicados por especialistas, dentro de um contexto de <strong>alimenta\u00e7\u00e3o variada<\/strong> e h\u00e1bitos de vida ativos.<\/p>\n","protected":false},"excerpt":{"rendered":"<p>Quanto a\u00e7\u00facar por dia \u00e9 saud\u00e1vel? Descubra quanto a\u00e7\u00facar adicionado \u00e9 recomendado, riscos do excesso e como reduzir sem abrir m\u00e3o do sabor.<\/p>\n","protected":false},"author":3,"featured_media":179701,"comment_status":"open","ping_status":"open","sticky":false,"template":"","format":"standard","meta":{"_yoast_wpseo_focuskw":"quantidade de a\u00e7\u00facar segura","_yoast_wpseo_title":"%%title%%","_yoast_wpseo_metadesc":"Quanto a\u00e7\u00facar por dia \u00e9 saud\u00e1vel? Descubra quanto a\u00e7\u00facar adicionado \u00e9 recomendado, riscos do excesso e como reduzir sem abrir m\u00e3o do sabor.","jnews-multi-image_gallery":[],"jnews_single_post":{"format":"standard"},"jnews_primary_category":[],"jnews_social_meta":[],"jnews_override_counter":[],"footnotes":""},"categories":[112],"post_tag":[1808,281,1423,144,565,5173],"class_list":["post-177783","post","type-post","status-publish","format-standard","has-post-thumbnail","hentry","category-curiosidades","tag-acucar","tag-alimentacao","tag-alimentos","tag-curiosidades","tag-saude","tag-sobremesa"],"yoast_head":"<!-- This site is optimized with the Yoast SEO plugin v24.6 - https:\/\/yoast.com\/wordpress\/plugins\/seo\/ -->\n<title>Qual a quantidade de a\u00e7\u00facar segura para voc\u00ea por dia?<\/title>\n<meta name=\"description\" content=\"Quanto a\u00e7\u00facar por dia \u00e9 saud\u00e1vel? Descubra quanto a\u00e7\u00facar adicionado \u00e9 recomendado, riscos do excesso e como reduzir sem abrir m\u00e3o do sabor.\" \/>\n<meta name=\"robots\" content=\"index, follow, max-snippet:-1, max-image-preview:large, max-video-preview:-1\" \/>\n<link rel=\"canonical\" href=\"https:\/\/www.correiobraziliense.com.br\/cbradar\/qual-a-quantidade-de-acucar-segura-para-voce-por-dia\/\" \/>\n<meta property=\"og:locale\" content=\"pt_BR\" \/>\n<meta property=\"og:type\" content=\"article\" \/>\n<meta property=\"og:title\" content=\"Qual a quantidade de a\u00e7\u00facar segura para voc\u00ea por dia?\" \/>\n<meta property=\"og:description\" content=\"Quanto a\u00e7\u00facar por dia \u00e9 saud\u00e1vel? Descubra quanto a\u00e7\u00facar adicionado \u00e9 recomendado, riscos do excesso e como reduzir sem abrir m\u00e3o do sabor.\" \/>\n<meta property=\"og:url\" content=\"https:\/\/www.correiobraziliense.com.br\/cbradar\/qual-a-quantidade-de-acucar-segura-para-voce-por-dia\/\" \/>\n<meta property=\"og:site_name\" content=\"Correio Braziliense - Radar\" \/>\n<meta property=\"article:published_time\" content=\"2026-01-23T18:45:00+00:00\" \/>\n<meta property=\"og:image\" content=\"https:\/\/www.correiobraziliense.com.br\/cbradar\/wp-content\/uploads\/2026\/01\/freepik__imagem-realista-de-vrias-medidas-com-acar__26699.jpeg\" \/>\n\t<meta property=\"og:image:width\" content=\"1280\" \/>\n\t<meta property=\"og:image:height\" content=\"720\" \/>\n\t<meta property=\"og:image:type\" content=\"image\/jpeg\" \/>\n<meta name=\"author\" content=\"Larissa Carvalho\" \/>\n<meta name=\"twitter:card\" content=\"summary_large_image\" \/>\n<meta name=\"twitter:label1\" content=\"Escrito por\" \/>\n\t<meta name=\"twitter:data1\" content=\"Larissa Carvalho\" \/>\n\t<meta name=\"twitter:label2\" content=\"Est. tempo de leitura\" \/>\n\t<meta name=\"twitter:data2\" content=\"5 minutos\" \/>\n<!-- \/ Yoast SEO plugin. -->","yoast_head_json":{"title":"Qual a quantidade de a\u00e7\u00facar segura para voc\u00ea por dia?","description":"Quanto a\u00e7\u00facar por dia \u00e9 saud\u00e1vel? Descubra quanto a\u00e7\u00facar adicionado \u00e9 recomendado, riscos do excesso e como reduzir sem abrir m\u00e3o do sabor.","robots":{"index":"index","follow":"follow","max-snippet":"max-snippet:-1","max-image-preview":"max-image-preview:large","max-video-preview":"max-video-preview:-1"},"canonical":"https:\/\/www.correiobraziliense.com.br\/cbradar\/qual-a-quantidade-de-acucar-segura-para-voce-por-dia\/","og_locale":"pt_BR","og_type":"article","og_title":"Qual a quantidade de a\u00e7\u00facar segura para voc\u00ea por dia?","og_description":"Quanto a\u00e7\u00facar por dia \u00e9 saud\u00e1vel? Descubra quanto a\u00e7\u00facar adicionado \u00e9 recomendado, riscos do excesso e como reduzir sem abrir m\u00e3o do sabor.","og_url":"https:\/\/www.correiobraziliense.com.br\/cbradar\/qual-a-quantidade-de-acucar-segura-para-voce-por-dia\/","og_site_name":"Correio Braziliense - Radar","article_published_time":"2026-01-23T18:45:00+00:00","og_image":[{"width":1280,"height":720,"url":"https:\/\/www.correiobraziliense.com.br\/cbradar\/wp-content\/uploads\/2026\/01\/freepik__imagem-realista-de-vrias-medidas-com-acar__26699.jpeg","type":"image\/jpeg"}],"author":"Larissa Carvalho","twitter_card":"summary_large_image","twitter_misc":{"Escrito por":"Larissa Carvalho","Est. tempo de leitura":"5 minutos"},"schema":{"@context":"https:\/\/schema.org","@graph":[{"@type":"WebPage","@id":"https:\/\/www.correiobraziliense.com.br\/cbradar\/qual-a-quantidade-de-acucar-segura-para-voce-por-dia\/","url":"https:\/\/www.correiobraziliense.com.br\/cbradar\/qual-a-quantidade-de-acucar-segura-para-voce-por-dia\/","name":"Qual a quantidade de a\u00e7\u00facar segura para voc\u00ea por dia?","isPartOf":{"@id":"https:\/\/www.correiobraziliense.com.br\/cbradar\/#website"},"primaryImageOfPage":{"@id":"https:\/\/www.correiobraziliense.com.br\/cbradar\/qual-a-quantidade-de-acucar-segura-para-voce-por-dia\/#primaryimage"},"image":{"@id":"https:\/\/www.correiobraziliense.com.br\/cbradar\/qual-a-quantidade-de-acucar-segura-para-voce-por-dia\/#primaryimage"},"thumbnailUrl":"https:\/\/www.correiobraziliense.com.br\/cbradar\/wp-content\/uploads\/2026\/01\/freepik__imagem-realista-de-vrias-medidas-com-acar__26699.jpeg","datePublished":"2026-01-23T18:45:00+00:00","author":{"@id":"https:\/\/www.correiobraziliense.com.br\/cbradar\/#\/schema\/person\/58422787644df994b53a19d3e56c1513"},"description":"Quanto a\u00e7\u00facar por dia \u00e9 saud\u00e1vel? Descubra quanto a\u00e7\u00facar adicionado \u00e9 recomendado, riscos do excesso e como reduzir sem abrir m\u00e3o do sabor.","breadcrumb":{"@id":"https:\/\/www.correiobraziliense.com.br\/cbradar\/qual-a-quantidade-de-acucar-segura-para-voce-por-dia\/#breadcrumb"},"inLanguage":"pt-BR","potentialAction":[{"@type":"ReadAction","target":["https:\/\/www.correiobraziliense.com.br\/cbradar\/qual-a-quantidade-de-acucar-segura-para-voce-por-dia\/"]}]},{"@type":"ImageObject","inLanguage":"pt-BR","@id":"https:\/\/www.correiobraziliense.com.br\/cbradar\/qual-a-quantidade-de-acucar-segura-para-voce-por-dia\/#primaryimage","url":"https:\/\/www.correiobraziliense.com.br\/cbradar\/wp-content\/uploads\/2026\/01\/freepik__imagem-realista-de-vrias-medidas-com-acar__26699.jpeg","contentUrl":"https:\/\/www.correiobraziliense.com.br\/cbradar\/wp-content\/uploads\/2026\/01\/freepik__imagem-realista-de-vrias-medidas-com-acar__26699.jpeg","width":1280,"height":720,"caption":"Consumo excessivo de a\u00e7\u00facar aumenta o risco de obesidade e diabetes tipo 2"},{"@type":"BreadcrumbList","@id":"https:\/\/www.correiobraziliense.com.br\/cbradar\/qual-a-quantidade-de-acucar-segura-para-voce-por-dia\/#breadcrumb","itemListElement":[{"@type":"ListItem","position":1,"name":"In\u00edcio","item":"https:\/\/www.correiobraziliense.com.br\/cbradar\/"},{"@type":"ListItem","position":2,"name":"Qual a quantidade de a\u00e7\u00facar segura para voc\u00ea por dia?"}]},{"@type":"WebSite","@id":"https:\/\/www.correiobraziliense.com.br\/cbradar\/#website","url":"https:\/\/www.correiobraziliense.com.br\/cbradar\/","name":"Correio Braziliense - Radar","description":"Acompanhe as \u00faltimas not\u00edcias e fique bem informado sobre tudo o que acontece no Brasil e no mundo.","potentialAction":[{"@type":"SearchAction","target":{"@type":"EntryPoint","urlTemplate":"https:\/\/www.correiobraziliense.com.br\/cbradar\/?s={search_term_string}"},"query-input":{"@type":"PropertyValueSpecification","valueRequired":true,"valueName":"search_term_string"}}],"inLanguage":"pt-BR"},{"@type":"Person","@id":"https:\/\/www.correiobraziliense.com.br\/cbradar\/#\/schema\/person\/58422787644df994b53a19d3e56c1513","name":"Larissa Carvalho","image":{"@type":"ImageObject","inLanguage":"pt-BR","@id":"https:\/\/www.correiobraziliense.com.br\/cbradar\/#\/schema\/person\/image\/","url":"https:\/\/secure.gravatar.com\/avatar\/fe4f91a0de32b52a838d0d612abdc1aa?s=96&d=mm&r=g","contentUrl":"https:\/\/secure.gravatar.com\/avatar\/fe4f91a0de32b52a838d0d612abdc1aa?s=96&d=mm&r=g","caption":"Larissa Carvalho"},"url":"https:\/\/www.correiobraziliense.com.br\/cbradar\/author\/larissamyth\/"}]}},"_links":{"self":[{"href":"https:\/\/www.correiobraziliense.com.br\/cbradar\/wp-json\/wp\/v2\/posts\/177783","targetHints":{"allow":["GET"]}}],"collection":[{"href":"https:\/\/www.correiobraziliense.com.br\/cbradar\/wp-json\/wp\/v2\/posts"}],"about":[{"href":"https:\/\/www.correiobraziliense.com.br\/cbradar\/wp-json\/wp\/v2\/types\/post"}],"author":[{"embeddable":true,"href":"https:\/\/www.correiobraziliense.com.br\/cbradar\/wp-json\/wp\/v2\/users\/3"}],"replies":[{"embeddable":true,"href":"https:\/\/www.correiobraziliense.com.br\/cbradar\/wp-json\/wp\/v2\/comments?post=177783"}],"version-history":[{"count":2,"href":"https:\/\/www.correiobraziliense.com.br\/cbradar\/wp-json\/wp\/v2\/posts\/177783\/revisions"}],"predecessor-version":[{"id":177786,"href":"https:\/\/www.correiobraziliense.com.br\/cbradar\/wp-json\/wp\/v2\/posts\/177783\/revisions\/177786"}],"wp:featuredmedia":[{"embeddable":true,"href":"https:\/\/www.correiobraziliense.com.br\/cbradar\/wp-json\/wp\/v2\/media\/179701"}],"wp:attachment":[{"href":"https:\/\/www.correiobraziliense.com.br\/cbradar\/wp-json\/wp\/v2\/media?parent=177783"}],"wp:term":[{"taxonomy":"category","embeddable":true,"href":"https:\/\/www.correiobraziliense.com.br\/cbradar\/wp-json\/wp\/v2\/categories?post=177783"},{"taxonomy":"post_tag","embeddable":true,"href":"https:\/\/www.correiobraziliense.com.br\/cbradar\/wp-json\/wp\/v2\/post_tag?post=177783"}],"curies":[{"name":"wp","href":"https:\/\/api.w.org\/{rel}","templated":true}]}}