{"id":177794,"date":"2026-01-23T20:55:00","date_gmt":"2026-01-23T23:55:00","guid":{"rendered":"https:\/\/www.correiobraziliense.com.br\/cbradar\/?p=177794"},"modified":"2026-01-21T17:19:42","modified_gmt":"2026-01-21T20:19:42","slug":"adeus-rodapes-brancos-a-tendencia-de-pintar-tudo-da-mesma-cor-que-alonga-as-paredes","status":"publish","type":"post","link":"https:\/\/www.correiobraziliense.com.br\/cbradar\/adeus-rodapes-brancos-a-tendencia-de-pintar-tudo-da-mesma-cor-que-alonga-as-paredes\/","title":{"rendered":"Adeus, rodap\u00e9s brancos: a tend\u00eancia de pintar tudo da mesma cor que alonga as paredes"},"content":{"rendered":"\n<p>A tend\u00eancia de pintar os rodap\u00e9s da mesma cor da parede, t\u00e9cnica conhecida mundialmente como <em>color drenching<\/em>, chegou para aposentar o padr\u00e3o branco e transformar a percep\u00e7\u00e3o espacial dos ambientes. Ao eliminar a &#8220;linha de corte&#8221; visual pr\u00f3xima ao ch\u00e3o, cria-se uma continuidade vertical que alonga o p\u00e9-direito e confere uma sofistica\u00e7\u00e3o contempor\u00e2nea imediata ao im\u00f3vel.<\/p>\n\n\n\n<h2 class=\"wp-block-heading\">O fim da interrup\u00e7\u00e3o visual<\/h2>\n\n\n\n<p>Por d\u00e9cadas, o rodap\u00e9 branco foi a escolha segura, mas ele traz um efeito colateral indesejado: ele desenha uma linha horizontal que delimita onde a parede termina. Em apartamentos com teto baixo (comuns nas constru\u00e7\u00f5es atuais), essa faixa branca &#8220;achata&#8221; o c\u00f4modo, fazendo com que a parede pare\u00e7a menor do que realmente \u00e9.<\/p>\n\n\n\n<p>Ao aplicar a mesma tinta na alvenaria e na madeira (ou poliestireno), voc\u00ea engana o olho humano. O olhar percorre a superf\u00edcie do ch\u00e3o ao teto sem encontrar barreiras, criando a ilus\u00e3o de que as paredes s\u00e3o infinitas e o espa\u00e7o \u00e9 mais amplo e arejado.<\/p>\n\n\n\n<figure class=\"wp-block-image aligncenter size-large\"><img decoding=\"async\" width=\"1024\" height=\"576\" src=\"https:\/\/www.correiobraziliense.com.br\/cbradar\/wp-content\/uploads\/2026\/01\/imagem_2026-01-18_141852277-1024x576.png\" alt=\"Tend\u00eancia de pintar rodap\u00e9s e paredes na mesma cor para alongar visualmente os ambientes\n\" class=\"wp-image-177801\" srcset=\"https:\/\/www.correiobraziliense.com.br\/cbradar\/wp-content\/uploads\/2026\/01\/imagem_2026-01-18_141852277-1024x576.png 1024w, https:\/\/www.correiobraziliense.com.br\/cbradar\/wp-content\/uploads\/2026\/01\/imagem_2026-01-18_141852277-300x169.png 300w, https:\/\/www.correiobraziliense.com.br\/cbradar\/wp-content\/uploads\/2026\/01\/imagem_2026-01-18_141852277-768x432.png 768w, https:\/\/www.correiobraziliense.com.br\/cbradar\/wp-content\/uploads\/2026\/01\/imagem_2026-01-18_141852277-750x422.png 750w, https:\/\/www.correiobraziliense.com.br\/cbradar\/wp-content\/uploads\/2026\/01\/imagem_2026-01-18_141852277-1140x641.png 1140w, https:\/\/www.correiobraziliense.com.br\/cbradar\/wp-content\/uploads\/2026\/01\/imagem_2026-01-18_141852277.png 1280w\" sizes=\"(max-width: 1024px) 100vw, 1024px\" \/><figcaption class=\"wp-element-caption\">Tend\u00eancia de pintar rodap\u00e9s e paredes na mesma cor para alongar visualmente os ambientes\n<\/figcaption><\/figure>\n\n\n\n<h2 class=\"wp-block-heading\">O que \u00e9 exatamente o Color Drenching?<\/h2>\n\n\n\n<p>O termo, que pode ser traduzido como &#8220;banho de cor&#8221;, prop\u00f5e saturar o ambiente com uma \u00fanica tonalidade. A aplica\u00e7\u00e3o mais b\u00e1sica envolve parede e rodap\u00e9, mas a vers\u00e3o completa da t\u00e9cnica inclui pintar tamb\u00e9m as guarni\u00e7\u00f5es, as portas e, em projetos mais ousados, at\u00e9 o teto.<\/p>\n\n\n\n<p>Essa monocromia n\u00e3o serve apenas para ampliar; ela resolve problemas est\u00e9ticos. Rodap\u00e9s antigos, com design ultrapassado ou muitas emendas, s\u00e3o camuflados pela cor, tornando-se uma textura sutil em vez de um ponto focal de distra\u00e7\u00e3o.<\/p>\n\n\n\n<p>Leia tamb\u00e9m: <a href=\"https:\/\/www.correiobraziliense.com.br\/cbradar\/teto-alto-vs-teto-baixo-como-a-altura-do-pe-direito-muda-a-sua-criatividade-ou-foco\/\" target=\"_blank\" rel=\"noreferrer noopener\">Teto alto vs Teto baixo: como a altura do p\u00e9-direito muda a sua criatividade ou foco<\/a><\/p>\n\n\n\n<h2 class=\"wp-block-heading\">O segredo est\u00e1 no acabamento da tinta<\/h2>\n\n\n\n<p>Para que a t\u00e9cnica funcione com perfei\u00e7\u00e3o e durabilidade, n\u00e3o se deve usar a mesma lata de tinta para tudo. Embora a <strong>cor<\/strong> seja id\u00eantica, o <strong>acabamento<\/strong> (brilho) deve respeitar a fun\u00e7\u00e3o de cada superf\u00edcie:<\/p>\n\n\n\n<ul class=\"wp-block-list\">\n<li><strong>Paredes:<\/strong> Devem receber acabamento <strong>Fosco<\/strong> ou <strong>Aveludado<\/strong>. Isso esconde as imperfei\u00e7\u00f5es do reboco e traz conforto visual.<\/li>\n\n\n\n<li><strong>Rodap\u00e9s e Portas:<\/strong> Devem ser pintados com Esmalte Sint\u00e9tico ou Tinta Acr\u00edlica de acabamento <strong>Acetinado<\/strong> ou <strong>Semibrilho<\/strong>. Essas \u00e1reas sofrem impacto de vassouras, aspiradores e sapatos, exigindo uma tinta que crie uma pel\u00edcula lav\u00e1vel e resistente.<\/li>\n<\/ul>\n\n\n\n<p>O contraste sutil entre o fosco da parede e o leve brilho do rodap\u00e9 adiciona uma camada de eleg\u00e2ncia e riqueza t\u00e1til ao ambiente.<\/p>\n\n\n\n<figure class=\"wp-block-image aligncenter size-large\"><img decoding=\"async\" width=\"1024\" height=\"576\" src=\"https:\/\/www.correiobraziliense.com.br\/cbradar\/wp-content\/uploads\/2026\/01\/imagem_2026-01-18_141934052-1024x576.png\" alt=\"Tend\u00eancia de pintar rodap\u00e9s e paredes na mesma cor para alongar visualmente os ambientes\n\" class=\"wp-image-177803\" srcset=\"https:\/\/www.correiobraziliense.com.br\/cbradar\/wp-content\/uploads\/2026\/01\/imagem_2026-01-18_141934052-1024x576.png 1024w, https:\/\/www.correiobraziliense.com.br\/cbradar\/wp-content\/uploads\/2026\/01\/imagem_2026-01-18_141934052-300x169.png 300w, https:\/\/www.correiobraziliense.com.br\/cbradar\/wp-content\/uploads\/2026\/01\/imagem_2026-01-18_141934052-768x432.png 768w, https:\/\/www.correiobraziliense.com.br\/cbradar\/wp-content\/uploads\/2026\/01\/imagem_2026-01-18_141934052-750x422.png 750w, https:\/\/www.correiobraziliense.com.br\/cbradar\/wp-content\/uploads\/2026\/01\/imagem_2026-01-18_141934052-1140x641.png 1140w, https:\/\/www.correiobraziliense.com.br\/cbradar\/wp-content\/uploads\/2026\/01\/imagem_2026-01-18_141934052.png 1280w\" sizes=\"(max-width: 1024px) 100vw, 1024px\" \/><figcaption class=\"wp-element-caption\">Tend\u00eancia de pintar rodap\u00e9s e paredes na mesma cor para alongar visualmente os ambientes\n<\/figcaption><\/figure>\n\n\n\n<h2 class=\"wp-block-heading\">Devo pintar as portas tamb\u00e9m?<\/h2>\n\n\n\n<p>Estender a cor para as portas e batentes \u00e9 o &#8220;pulo do gato&#8221; para corredores e halls de entrada pequenos. Uma porta branca em uma parede colorida &#8220;quebra&#8221; o ambiente e atrai o olhar para a marcenaria, muitas vezes sem necessidade.<\/p>\n\n\n\n<p>Ao pintar a porta na mesma cor da parede, ela &#8220;desaparece&#8221; no conjunto, permitindo que a decora\u00e7\u00e3o (quadros, m\u00f3veis e tapetes) ganhe o destaque principal. O resultado \u00e9 um visual limpo, organizado e arquitetonicamente fluido.<\/p>\n\n\n\n<p>Veja algumas vantagens:<\/p>\n\n\n\n<ul class=\"wp-block-list\">\n<li><strong>Amplitude:<\/strong> Sensa\u00e7\u00e3o de p\u00e9-direito mais alto.<\/li>\n\n\n\n<li><strong>Camuflagem:<\/strong> Esconde defeitos e designs antigos de rodap\u00e9s.<\/li>\n\n\n\n<li><strong>Modernidade:<\/strong> Tira o aspecto de &#8220;im\u00f3vel alugado&#8221; ou padr\u00e3o de construtora.<\/li>\n\n\n\n<li><strong>Foco na Decora\u00e7\u00e3o:<\/strong> Cria um fundo neutro (mesmo que colorido) para seus m\u00f3veis brilharem.<\/li>\n<\/ul>\n","protected":false},"excerpt":{"rendered":"<p>A tend\u00eancia de pintar os rodap\u00e9s da mesma cor da parede, t\u00e9cnica conhecida mundialmente como color drenching, chegou para aposentar o padr\u00e3o branco e transformar a percep\u00e7\u00e3o espacial dos ambientes. Ao eliminar a &#8220;linha de corte&#8221; visual pr\u00f3xima ao ch\u00e3o, cria-se uma continuidade vertical que alonga o p\u00e9-direito e confere uma sofistica\u00e7\u00e3o contempor\u00e2nea imediata ao [&hellip;]<\/p>\n","protected":false},"author":11,"featured_media":179312,"comment_status":"open","ping_status":"open","sticky":false,"template":"","format":"standard","meta":{"_yoast_wpseo_focuskw":"rodap\u00e9s brancos","_yoast_wpseo_title":"","_yoast_wpseo_metadesc":"Tend\u00eancia elimina rodap\u00e9s brancos ao pintar tudo na mesma cor criando paredes mais altas, continuidade visual e eleg\u00e2ncia atual nos ambientes modernos","jnews-multi-image_gallery":[],"jnews_single_post":{"format":"standard"},"jnews_primary_category":[],"jnews_social_meta":[],"jnews_override_counter":[],"footnotes":""},"categories":[143],"post_tag":[591,14183],"class_list":["post-177794","post","type-post","status-publish","format-standard","has-post-thumbnail","hentry","category-casa-e-decoracao","tag-pintura","tag-rodape"],"yoast_head":"<!-- This site is optimized with the Yoast SEO plugin v24.6 - https:\/\/yoast.com\/wordpress\/plugins\/seo\/ -->\n<title>Adeus, rodap\u00e9s brancos: a tend\u00eancia de pintar tudo da mesma cor que alonga as paredes - Correio Braziliense - Radar<\/title>\n<meta name=\"description\" content=\"Tend\u00eancia elimina rodap\u00e9s brancos ao pintar tudo na mesma cor criando paredes mais altas, continuidade visual e eleg\u00e2ncia atual nos ambientes modernos\" \/>\n<meta name=\"robots\" content=\"index, follow, max-snippet:-1, max-image-preview:large, max-video-preview:-1\" \/>\n<link rel=\"canonical\" href=\"https:\/\/www.correiobraziliense.com.br\/cbradar\/adeus-rodapes-brancos-a-tendencia-de-pintar-tudo-da-mesma-cor-que-alonga-as-paredes\/\" \/>\n<meta property=\"og:locale\" content=\"pt_BR\" \/>\n<meta property=\"og:type\" content=\"article\" \/>\n<meta property=\"og:title\" content=\"Adeus, rodap\u00e9s brancos: a tend\u00eancia de pintar tudo da mesma cor que alonga as paredes - Correio Braziliense - Radar\" \/>\n<meta property=\"og:description\" content=\"Tend\u00eancia elimina rodap\u00e9s brancos ao pintar tudo na mesma cor criando paredes mais altas, continuidade visual e eleg\u00e2ncia atual nos ambientes modernos\" \/>\n<meta property=\"og:url\" content=\"https:\/\/www.correiobraziliense.com.br\/cbradar\/adeus-rodapes-brancos-a-tendencia-de-pintar-tudo-da-mesma-cor-que-alonga-as-paredes\/\" \/>\n<meta property=\"og:site_name\" content=\"Correio Braziliense - Radar\" \/>\n<meta property=\"article:published_time\" content=\"2026-01-23T23:55:00+00:00\" \/>\n<meta property=\"og:image\" content=\"https:\/\/www.correiobraziliense.com.br\/cbradar\/wp-content\/uploads\/2026\/01\/freepik__imagem-realista-de-rodaps-brancos-e-um-x-vermelho-__24454.png\" \/>\n\t<meta property=\"og:image:width\" content=\"1280\" \/>\n\t<meta property=\"og:image:height\" content=\"720\" \/>\n\t<meta property=\"og:image:type\" content=\"image\/png\" \/>\n<meta name=\"author\" content=\"Paulo Custodio\" \/>\n<meta name=\"twitter:card\" content=\"summary_large_image\" \/>\n<meta name=\"twitter:label1\" content=\"Escrito por\" \/>\n\t<meta name=\"twitter:data1\" content=\"Paulo Custodio\" \/>\n\t<meta name=\"twitter:label2\" content=\"Est. tempo de leitura\" \/>\n\t<meta name=\"twitter:data2\" content=\"4 minutos\" \/>\n<!-- \/ Yoast SEO plugin. -->","yoast_head_json":{"title":"Adeus, rodap\u00e9s brancos: a tend\u00eancia de pintar tudo da mesma cor que alonga as paredes - Correio Braziliense - Radar","description":"Tend\u00eancia elimina rodap\u00e9s brancos ao pintar tudo na mesma cor criando paredes mais altas, continuidade visual e eleg\u00e2ncia atual nos ambientes modernos","robots":{"index":"index","follow":"follow","max-snippet":"max-snippet:-1","max-image-preview":"max-image-preview:large","max-video-preview":"max-video-preview:-1"},"canonical":"https:\/\/www.correiobraziliense.com.br\/cbradar\/adeus-rodapes-brancos-a-tendencia-de-pintar-tudo-da-mesma-cor-que-alonga-as-paredes\/","og_locale":"pt_BR","og_type":"article","og_title":"Adeus, rodap\u00e9s brancos: a tend\u00eancia de pintar tudo da mesma cor que alonga as paredes - Correio Braziliense - Radar","og_description":"Tend\u00eancia elimina rodap\u00e9s brancos ao pintar tudo na mesma cor criando paredes mais altas, continuidade visual e eleg\u00e2ncia atual nos ambientes modernos","og_url":"https:\/\/www.correiobraziliense.com.br\/cbradar\/adeus-rodapes-brancos-a-tendencia-de-pintar-tudo-da-mesma-cor-que-alonga-as-paredes\/","og_site_name":"Correio Braziliense - Radar","article_published_time":"2026-01-23T23:55:00+00:00","og_image":[{"width":1280,"height":720,"url":"https:\/\/www.correiobraziliense.com.br\/cbradar\/wp-content\/uploads\/2026\/01\/freepik__imagem-realista-de-rodaps-brancos-e-um-x-vermelho-__24454.png","type":"image\/png"}],"author":"Paulo Custodio","twitter_card":"summary_large_image","twitter_misc":{"Escrito por":"Paulo Custodio","Est. tempo de leitura":"4 minutos"},"schema":{"@context":"https:\/\/schema.org","@graph":[{"@type":"WebPage","@id":"https:\/\/www.correiobraziliense.com.br\/cbradar\/adeus-rodapes-brancos-a-tendencia-de-pintar-tudo-da-mesma-cor-que-alonga-as-paredes\/","url":"https:\/\/www.correiobraziliense.com.br\/cbradar\/adeus-rodapes-brancos-a-tendencia-de-pintar-tudo-da-mesma-cor-que-alonga-as-paredes\/","name":"Adeus, rodap\u00e9s brancos: a tend\u00eancia de pintar tudo da mesma cor que alonga as paredes - Correio Braziliense - Radar","isPartOf":{"@id":"https:\/\/www.correiobraziliense.com.br\/cbradar\/#website"},"primaryImageOfPage":{"@id":"https:\/\/www.correiobraziliense.com.br\/cbradar\/adeus-rodapes-brancos-a-tendencia-de-pintar-tudo-da-mesma-cor-que-alonga-as-paredes\/#primaryimage"},"image":{"@id":"https:\/\/www.correiobraziliense.com.br\/cbradar\/adeus-rodapes-brancos-a-tendencia-de-pintar-tudo-da-mesma-cor-que-alonga-as-paredes\/#primaryimage"},"thumbnailUrl":"https:\/\/www.correiobraziliense.com.br\/cbradar\/wp-content\/uploads\/2026\/01\/freepik__imagem-realista-de-rodaps-brancos-e-um-x-vermelho-__24454.png","datePublished":"2026-01-23T23:55:00+00:00","author":{"@id":"https:\/\/www.correiobraziliense.com.br\/cbradar\/#\/schema\/person\/4cec7857301a9a1a2ef249893cd908d3"},"description":"Tend\u00eancia elimina rodap\u00e9s brancos ao pintar tudo na mesma cor criando paredes mais altas, continuidade visual e eleg\u00e2ncia atual nos ambientes modernos","breadcrumb":{"@id":"https:\/\/www.correiobraziliense.com.br\/cbradar\/adeus-rodapes-brancos-a-tendencia-de-pintar-tudo-da-mesma-cor-que-alonga-as-paredes\/#breadcrumb"},"inLanguage":"pt-BR","potentialAction":[{"@type":"ReadAction","target":["https:\/\/www.correiobraziliense.com.br\/cbradar\/adeus-rodapes-brancos-a-tendencia-de-pintar-tudo-da-mesma-cor-que-alonga-as-paredes\/"]}]},{"@type":"ImageObject","inLanguage":"pt-BR","@id":"https:\/\/www.correiobraziliense.com.br\/cbradar\/adeus-rodapes-brancos-a-tendencia-de-pintar-tudo-da-mesma-cor-que-alonga-as-paredes\/#primaryimage","url":"https:\/\/www.correiobraziliense.com.br\/cbradar\/wp-content\/uploads\/2026\/01\/freepik__imagem-realista-de-rodaps-brancos-e-um-x-vermelho-__24454.png","contentUrl":"https:\/\/www.correiobraziliense.com.br\/cbradar\/wp-content\/uploads\/2026\/01\/freepik__imagem-realista-de-rodaps-brancos-e-um-x-vermelho-__24454.png","width":1280,"height":720,"caption":"T\u00e9cnica substitui o padr\u00e3o cl\u00e1ssico de rodap\u00e9s brancos"},{"@type":"BreadcrumbList","@id":"https:\/\/www.correiobraziliense.com.br\/cbradar\/adeus-rodapes-brancos-a-tendencia-de-pintar-tudo-da-mesma-cor-que-alonga-as-paredes\/#breadcrumb","itemListElement":[{"@type":"ListItem","position":1,"name":"In\u00edcio","item":"https:\/\/www.correiobraziliense.com.br\/cbradar\/"},{"@type":"ListItem","position":2,"name":"Adeus, rodap\u00e9s brancos: a tend\u00eancia de pintar tudo da mesma cor que alonga as paredes"}]},{"@type":"WebSite","@id":"https:\/\/www.correiobraziliense.com.br\/cbradar\/#website","url":"https:\/\/www.correiobraziliense.com.br\/cbradar\/","name":"Correio Braziliense - Radar","description":"Acompanhe as \u00faltimas not\u00edcias e fique bem informado sobre tudo o que acontece no Brasil e no mundo.","potentialAction":[{"@type":"SearchAction","target":{"@type":"EntryPoint","urlTemplate":"https:\/\/www.correiobraziliense.com.br\/cbradar\/?s={search_term_string}"},"query-input":{"@type":"PropertyValueSpecification","valueRequired":true,"valueName":"search_term_string"}}],"inLanguage":"pt-BR"},{"@type":"Person","@id":"https:\/\/www.correiobraziliense.com.br\/cbradar\/#\/schema\/person\/4cec7857301a9a1a2ef249893cd908d3","name":"Paulo Custodio","image":{"@type":"ImageObject","inLanguage":"pt-BR","@id":"https:\/\/www.correiobraziliense.com.br\/cbradar\/#\/schema\/person\/image\/","url":"https:\/\/secure.gravatar.com\/avatar\/bcd67168d1534e8fcf4f45c726a87cea?s=96&d=mm&r=g","contentUrl":"https:\/\/secure.gravatar.com\/avatar\/bcd67168d1534e8fcf4f45c726a87cea?s=96&d=mm&r=g","caption":"Paulo Custodio"},"sameAs":["https:\/\/www.correiobraziliense.com.br\/cbradar"],"url":"https:\/\/www.correiobraziliense.com.br\/cbradar\/author\/paulomyth\/"}]}},"_links":{"self":[{"href":"https:\/\/www.correiobraziliense.com.br\/cbradar\/wp-json\/wp\/v2\/posts\/177794","targetHints":{"allow":["GET"]}}],"collection":[{"href":"https:\/\/www.correiobraziliense.com.br\/cbradar\/wp-json\/wp\/v2\/posts"}],"about":[{"href":"https:\/\/www.correiobraziliense.com.br\/cbradar\/wp-json\/wp\/v2\/types\/post"}],"author":[{"embeddable":true,"href":"https:\/\/www.correiobraziliense.com.br\/cbradar\/wp-json\/wp\/v2\/users\/11"}],"replies":[{"embeddable":true,"href":"https:\/\/www.correiobraziliense.com.br\/cbradar\/wp-json\/wp\/v2\/comments?post=177794"}],"version-history":[{"count":1,"href":"https:\/\/www.correiobraziliense.com.br\/cbradar\/wp-json\/wp\/v2\/posts\/177794\/revisions"}],"predecessor-version":[{"id":177805,"href":"https:\/\/www.correiobraziliense.com.br\/cbradar\/wp-json\/wp\/v2\/posts\/177794\/revisions\/177805"}],"wp:featuredmedia":[{"embeddable":true,"href":"https:\/\/www.correiobraziliense.com.br\/cbradar\/wp-json\/wp\/v2\/media\/179312"}],"wp:attachment":[{"href":"https:\/\/www.correiobraziliense.com.br\/cbradar\/wp-json\/wp\/v2\/media?parent=177794"}],"wp:term":[{"taxonomy":"category","embeddable":true,"href":"https:\/\/www.correiobraziliense.com.br\/cbradar\/wp-json\/wp\/v2\/categories?post=177794"},{"taxonomy":"post_tag","embeddable":true,"href":"https:\/\/www.correiobraziliense.com.br\/cbradar\/wp-json\/wp\/v2\/post_tag?post=177794"}],"curies":[{"name":"wp","href":"https:\/\/api.w.org\/{rel}","templated":true}]}}