{"id":177806,"date":"2026-01-23T22:55:00","date_gmt":"2026-01-24T01:55:00","guid":{"rendered":"https:\/\/www.correiobraziliense.com.br\/cbradar\/?p=177806"},"modified":"2026-01-21T17:20:01","modified_gmt":"2026-01-21T20:20:01","slug":"a-psicologia-da-porta-de-entrada-o-que-a-cor-da-sua-porta-diz-sobre-a-sua-hospitalidade","status":"publish","type":"post","link":"https:\/\/www.correiobraziliense.com.br\/cbradar\/a-psicologia-da-porta-de-entrada-o-que-a-cor-da-sua-porta-diz-sobre-a-sua-hospitalidade\/","title":{"rendered":"A psicologia da porta de entrada: o que a cor da sua porta diz sobre a sua hospitalidade"},"content":{"rendered":"\n<p>A porta de entrada atua como o &#8220;aperto de m\u00e3o&#8221; da sua casa, enviando mensagens subconscientes imediatas aos visitantes sobre a personalidade dos anfitri\u00f5es e o clima do interior. A escolha da cor define o tom da hospitalidade antes mesmo da campainha tocar, revelando se o ambiente \u00e9 um ref\u00fagio de paz, um local de festas ou um espa\u00e7o reservado.<\/p>\n\n\n\n<h2 class=\"wp-block-heading\">Por que a porta vermelha \u00e9 considerada um convite universal?<\/h2>\n\n\n\n<p>O vermelho \u00e9 a cor da <strong>hospitalidade extrovertida<\/strong> e da energia vibrante. Historicamente associada a um sinal de &#8220;porto seguro&#8221; para viajantes cansados, uma porta vermelha comunica que aquela casa \u00e9 um local cheio de vida, onde a celebra\u00e7\u00e3o e a intera\u00e7\u00e3o social s\u00e3o prioridades.<\/p>\n\n\n\n<p>Psicologicamente, quem escolhe esse tom n\u00e3o tem medo de ser o centro das aten\u00e7\u00f5es. A mensagem transmitida \u00e9 de calor humano e prote\u00e7\u00e3o, sugerindo que os anfitri\u00f5es s\u00e3o apaixonados, din\u00e2micos e est\u00e3o sempre prontos para receber amigos com mesa farta e conversas animadas.<\/p>\n\n\n\n<figure class=\"wp-block-image aligncenter size-large\"><img decoding=\"async\" width=\"1024\" height=\"576\" src=\"https:\/\/www.correiobraziliense.com.br\/cbradar\/wp-content\/uploads\/2026\/01\/imagem_2026-01-18_142642618-1024x576.png\" alt=\"Significados das cores da porta de entrada e como influenciam a percep\u00e7\u00e3o de hospitalidade\n\" class=\"wp-image-177810\" srcset=\"https:\/\/www.correiobraziliense.com.br\/cbradar\/wp-content\/uploads\/2026\/01\/imagem_2026-01-18_142642618-1024x576.png 1024w, https:\/\/www.correiobraziliense.com.br\/cbradar\/wp-content\/uploads\/2026\/01\/imagem_2026-01-18_142642618-300x169.png 300w, https:\/\/www.correiobraziliense.com.br\/cbradar\/wp-content\/uploads\/2026\/01\/imagem_2026-01-18_142642618-768x432.png 768w, https:\/\/www.correiobraziliense.com.br\/cbradar\/wp-content\/uploads\/2026\/01\/imagem_2026-01-18_142642618-750x422.png 750w, https:\/\/www.correiobraziliense.com.br\/cbradar\/wp-content\/uploads\/2026\/01\/imagem_2026-01-18_142642618-1140x641.png 1140w, https:\/\/www.correiobraziliense.com.br\/cbradar\/wp-content\/uploads\/2026\/01\/imagem_2026-01-18_142642618.png 1280w\" sizes=\"(max-width: 1024px) 100vw, 1024px\" \/><figcaption class=\"wp-element-caption\">Significados das cores da porta de entrada e como influenciam a percep\u00e7\u00e3o de hospitalidade\n<\/figcaption><\/figure>\n\n\n\n<h2 class=\"wp-block-heading\">O tom azul transforma a casa em um santu\u00e1rio?<\/h2>\n\n\n\n<p>Se o vermelho grita emo\u00e7\u00e3o, o azul sussurra tranquilidade e confian\u00e7a. Propriet\u00e1rios que pintam a entrada com tons de azul (do celeste ao marinho) est\u00e3o sinalizando que sua resid\u00eancia \u00e9 um <strong>ref\u00fagio contra o caos<\/strong> externo, valorizando a paz, a estabilidade e a harmonia familiar.<\/p>\n\n\n\n<p>O azul escuro transmite uma eleg\u00e2ncia tradicional e seriedade, enquanto os tons mais claros e turquesas sugerem uma hospitalidade relaxada e leve. A mensagem subjacente \u00e9: &#8220;deixe seus problemas na cal\u00e7ada, aqui dentro reina a calma e o descanso&#8221;.<\/p>\n\n\n\n<p>Leia tamb\u00e9m: <a href=\"https:\/\/www.correiobraziliense.com.br\/cbradar\/teto-alto-vs-teto-baixo-como-a-altura-do-pe-direito-muda-a-sua-criatividade-ou-foco\/\" target=\"_blank\" rel=\"noreferrer noopener\">Teto alto vs Teto baixo: como a altura do p\u00e9-direito muda a sua criatividade ou foco<\/a><\/p>\n\n\n\n<h2 class=\"wp-block-heading\">A cor preta sinaliza distanciamento ou eleg\u00e2ncia?<\/h2>\n\n\n\n<p>A porta preta \u00e9 um \u00edcone de design que exala <strong>autoridade, mist\u00e9rio e sofistica\u00e7\u00e3o<\/strong>. Ao contr\u00e1rio do que se pensa, ela n\u00e3o representa rejei\u00e7\u00e3o, mas sim uma hospitalidade seletiva e formal, indicando que os moradores valorizam a privacidade, a ordem e o controle sobre seu espa\u00e7o pessoal.<\/p>\n\n\n\n<p>\u00c9 a escolha de quem busca uma est\u00e9tica atemporal e impec\u00e1vel. Psicologicamente, o preto na fachada sugere que o interior da casa \u00e9 moderno e bem decorado, e que a entrada naquele espa\u00e7o \u00e9 um privil\u00e9gio reservado a quem realmente importa para o anfitri\u00e3o.<\/p>\n\n\n\n<figure class=\"wp-block-image aligncenter size-large\"><img decoding=\"async\" width=\"1024\" height=\"576\" src=\"https:\/\/www.correiobraziliense.com.br\/cbradar\/wp-content\/uploads\/2026\/01\/imagem_2026-01-18_142746754-1024x576.png\" alt=\"Significados das cores da porta de entrada e como influenciam a percep\u00e7\u00e3o de hospitalidade\n\" class=\"wp-image-177811\" srcset=\"https:\/\/www.correiobraziliense.com.br\/cbradar\/wp-content\/uploads\/2026\/01\/imagem_2026-01-18_142746754-1024x576.png 1024w, https:\/\/www.correiobraziliense.com.br\/cbradar\/wp-content\/uploads\/2026\/01\/imagem_2026-01-18_142746754-300x169.png 300w, https:\/\/www.correiobraziliense.com.br\/cbradar\/wp-content\/uploads\/2026\/01\/imagem_2026-01-18_142746754-768x432.png 768w, https:\/\/www.correiobraziliense.com.br\/cbradar\/wp-content\/uploads\/2026\/01\/imagem_2026-01-18_142746754-750x422.png 750w, https:\/\/www.correiobraziliense.com.br\/cbradar\/wp-content\/uploads\/2026\/01\/imagem_2026-01-18_142746754-1140x641.png 1140w, https:\/\/www.correiobraziliense.com.br\/cbradar\/wp-content\/uploads\/2026\/01\/imagem_2026-01-18_142746754.png 1280w\" sizes=\"(max-width: 1024px) 100vw, 1024px\" \/><figcaption class=\"wp-element-caption\">Significados das cores da porta de entrada e como influenciam a percep\u00e7\u00e3o de hospitalidade\n<\/figcaption><\/figure>\n\n\n\n<h2 class=\"wp-block-heading\">O que o amarelo e o verde comunicam aos vizinhos?<\/h2>\n\n\n\n<p>Cores fora do padr\u00e3o cl\u00e1ssico carregam significados emocionais muito espec\u00edficos sobre a abertura social dos moradores.<\/p>\n\n\n\n<p>Veja alguns detalhes:<\/p>\n\n\n\n<ul class=\"wp-block-list\">\n<li><strong>Amarelo:<\/strong> \u00c9 o &#8220;sorriso&#8221; da arquitetura. Indica otimismo, criatividade e uma personalidade jovem. Diz ao mundo que ali moram pessoas amig\u00e1veis e com senso de humor.<\/li>\n\n\n\n<li><strong>Verde:<\/strong> Representa sa\u00fade, prosperidade e conex\u00e3o com a comunidade. Uma porta verde sugere equil\u00edbrio emocional e uma recep\u00e7\u00e3o natural, sem cerim\u00f4nias r\u00edgidas, onde todos s\u00e3o bem-vindos.<\/li>\n<\/ul>\n\n\n\n<h2 class=\"wp-block-heading\">Como essa escolha altera a energia da fachada?<\/h2>\n\n\n\n<p>A cor da porta funciona como uma moldura para a experi\u00eancia de entrada, influenciando a expectativa do visitante em segundos. \u00c9 a maneira mais r\u00e1pida e impactante de renovar a fachada, pois cria um ponto focal que orienta o olhar e quebra a monotonia de muros e janelas neutras.<\/p>\n\n\n\n<p>N\u00e3o existe escolha errada, apenas a mensagem que melhor se alinha com a &#8220;vibe&#8221; que voc\u00ea deseja transmitir. Se a inten\u00e7\u00e3o \u00e9 mudar a percep\u00e7\u00e3o que o mundo tem da sua casa, uma simples lata de tinta pode reescrever completamente o seu cart\u00e3o de visitas visual.<\/p>\n","protected":false},"excerpt":{"rendered":"<p>A porta de entrada atua como o &#8220;aperto de m\u00e3o&#8221; da sua casa, enviando mensagens subconscientes imediatas aos visitantes sobre a personalidade dos anfitri\u00f5es e o clima do interior. A escolha da cor define o tom da hospitalidade antes mesmo da campainha tocar, revelando se o ambiente \u00e9 um ref\u00fagio de paz, um local de [&hellip;]<\/p>\n","protected":false},"author":11,"featured_media":179310,"comment_status":"open","ping_status":"open","sticky":false,"template":"","format":"standard","meta":{"_yoast_wpseo_focuskw":"Cores da porta","_yoast_wpseo_title":"","_yoast_wpseo_metadesc":"Cores da porta de entrada influenciam percep\u00e7\u00f5es de hospitalidade personalidade e acolhimento antes mesmo de algu\u00e9m entrar na casa","jnews-multi-image_gallery":[],"jnews_single_post":{"format":"standard"},"jnews_primary_category":[],"jnews_social_meta":[],"jnews_override_counter":[],"footnotes":""},"categories":[143],"post_tag":[887,5895,8366],"class_list":["post-177806","post","type-post","status-publish","format-standard","has-post-thumbnail","hentry","category-casa-e-decoracao","tag-casa","tag-hospitalidade","tag-porta"],"yoast_head":"<!-- This site is optimized with the Yoast SEO plugin v24.6 - https:\/\/yoast.com\/wordpress\/plugins\/seo\/ -->\n<title>A psicologia da porta de entrada: o que a cor da sua porta diz sobre a sua hospitalidade - Correio Braziliense - Radar<\/title>\n<meta name=\"description\" content=\"Cores da porta de entrada influenciam percep\u00e7\u00f5es de hospitalidade personalidade e acolhimento antes mesmo de algu\u00e9m entrar na casa\" \/>\n<meta name=\"robots\" content=\"index, follow, max-snippet:-1, max-image-preview:large, max-video-preview:-1\" \/>\n<link rel=\"canonical\" href=\"https:\/\/www.correiobraziliense.com.br\/cbradar\/a-psicologia-da-porta-de-entrada-o-que-a-cor-da-sua-porta-diz-sobre-a-sua-hospitalidade\/\" \/>\n<meta property=\"og:locale\" content=\"pt_BR\" \/>\n<meta property=\"og:type\" content=\"article\" \/>\n<meta property=\"og:title\" content=\"A psicologia da porta de entrada: o que a cor da sua porta diz sobre a sua hospitalidade - Correio Braziliense - Radar\" \/>\n<meta property=\"og:description\" content=\"Cores da porta de entrada influenciam percep\u00e7\u00f5es de hospitalidade personalidade e acolhimento antes mesmo de algu\u00e9m entrar na casa\" \/>\n<meta property=\"og:url\" content=\"https:\/\/www.correiobraziliense.com.br\/cbradar\/a-psicologia-da-porta-de-entrada-o-que-a-cor-da-sua-porta-diz-sobre-a-sua-hospitalidade\/\" \/>\n<meta property=\"og:site_name\" content=\"Correio Braziliense - Radar\" \/>\n<meta property=\"article:published_time\" content=\"2026-01-24T01:55:00+00:00\" \/>\n<meta property=\"og:image\" content=\"https:\/\/www.correiobraziliense.com.br\/cbradar\/wp-content\/uploads\/2026\/01\/freepik__imagem-realista-da-porta-de-entrada-de-uma-casa__24455.png\" \/>\n\t<meta property=\"og:image:width\" content=\"1280\" \/>\n\t<meta property=\"og:image:height\" content=\"720\" \/>\n\t<meta property=\"og:image:type\" content=\"image\/png\" \/>\n<meta name=\"author\" content=\"Paulo Custodio\" \/>\n<meta name=\"twitter:card\" content=\"summary_large_image\" \/>\n<meta name=\"twitter:label1\" content=\"Escrito por\" \/>\n\t<meta name=\"twitter:data1\" content=\"Paulo Custodio\" \/>\n\t<meta name=\"twitter:label2\" content=\"Est. tempo de leitura\" \/>\n\t<meta name=\"twitter:data2\" content=\"4 minutos\" \/>\n<!-- \/ Yoast SEO plugin. -->","yoast_head_json":{"title":"A psicologia da porta de entrada: o que a cor da sua porta diz sobre a sua hospitalidade - Correio Braziliense - Radar","description":"Cores da porta de entrada influenciam percep\u00e7\u00f5es de hospitalidade personalidade e acolhimento antes mesmo de algu\u00e9m entrar na casa","robots":{"index":"index","follow":"follow","max-snippet":"max-snippet:-1","max-image-preview":"max-image-preview:large","max-video-preview":"max-video-preview:-1"},"canonical":"https:\/\/www.correiobraziliense.com.br\/cbradar\/a-psicologia-da-porta-de-entrada-o-que-a-cor-da-sua-porta-diz-sobre-a-sua-hospitalidade\/","og_locale":"pt_BR","og_type":"article","og_title":"A psicologia da porta de entrada: o que a cor da sua porta diz sobre a sua hospitalidade - Correio Braziliense - Radar","og_description":"Cores da porta de entrada influenciam percep\u00e7\u00f5es de hospitalidade personalidade e acolhimento antes mesmo de algu\u00e9m entrar na casa","og_url":"https:\/\/www.correiobraziliense.com.br\/cbradar\/a-psicologia-da-porta-de-entrada-o-que-a-cor-da-sua-porta-diz-sobre-a-sua-hospitalidade\/","og_site_name":"Correio Braziliense - Radar","article_published_time":"2026-01-24T01:55:00+00:00","og_image":[{"width":1280,"height":720,"url":"https:\/\/www.correiobraziliense.com.br\/cbradar\/wp-content\/uploads\/2026\/01\/freepik__imagem-realista-da-porta-de-entrada-de-uma-casa__24455.png","type":"image\/png"}],"author":"Paulo Custodio","twitter_card":"summary_large_image","twitter_misc":{"Escrito por":"Paulo Custodio","Est. tempo de leitura":"4 minutos"},"schema":{"@context":"https:\/\/schema.org","@graph":[{"@type":"WebPage","@id":"https:\/\/www.correiobraziliense.com.br\/cbradar\/a-psicologia-da-porta-de-entrada-o-que-a-cor-da-sua-porta-diz-sobre-a-sua-hospitalidade\/","url":"https:\/\/www.correiobraziliense.com.br\/cbradar\/a-psicologia-da-porta-de-entrada-o-que-a-cor-da-sua-porta-diz-sobre-a-sua-hospitalidade\/","name":"A psicologia da porta de entrada: o que a cor da sua porta diz sobre a sua hospitalidade - Correio Braziliense - Radar","isPartOf":{"@id":"https:\/\/www.correiobraziliense.com.br\/cbradar\/#website"},"primaryImageOfPage":{"@id":"https:\/\/www.correiobraziliense.com.br\/cbradar\/a-psicologia-da-porta-de-entrada-o-que-a-cor-da-sua-porta-diz-sobre-a-sua-hospitalidade\/#primaryimage"},"image":{"@id":"https:\/\/www.correiobraziliense.com.br\/cbradar\/a-psicologia-da-porta-de-entrada-o-que-a-cor-da-sua-porta-diz-sobre-a-sua-hospitalidade\/#primaryimage"},"thumbnailUrl":"https:\/\/www.correiobraziliense.com.br\/cbradar\/wp-content\/uploads\/2026\/01\/freepik__imagem-realista-da-porta-de-entrada-de-uma-casa__24455.png","datePublished":"2026-01-24T01:55:00+00:00","author":{"@id":"https:\/\/www.correiobraziliense.com.br\/cbradar\/#\/schema\/person\/4cec7857301a9a1a2ef249893cd908d3"},"description":"Cores da porta de entrada influenciam percep\u00e7\u00f5es de hospitalidade personalidade e acolhimento antes mesmo de algu\u00e9m entrar na casa","breadcrumb":{"@id":"https:\/\/www.correiobraziliense.com.br\/cbradar\/a-psicologia-da-porta-de-entrada-o-que-a-cor-da-sua-porta-diz-sobre-a-sua-hospitalidade\/#breadcrumb"},"inLanguage":"pt-BR","potentialAction":[{"@type":"ReadAction","target":["https:\/\/www.correiobraziliense.com.br\/cbradar\/a-psicologia-da-porta-de-entrada-o-que-a-cor-da-sua-porta-diz-sobre-a-sua-hospitalidade\/"]}]},{"@type":"ImageObject","inLanguage":"pt-BR","@id":"https:\/\/www.correiobraziliense.com.br\/cbradar\/a-psicologia-da-porta-de-entrada-o-que-a-cor-da-sua-porta-diz-sobre-a-sua-hospitalidade\/#primaryimage","url":"https:\/\/www.correiobraziliense.com.br\/cbradar\/wp-content\/uploads\/2026\/01\/freepik__imagem-realista-da-porta-de-entrada-de-uma-casa__24455.png","contentUrl":"https:\/\/www.correiobraziliense.com.br\/cbradar\/wp-content\/uploads\/2026\/01\/freepik__imagem-realista-da-porta-de-entrada-de-uma-casa__24455.png","width":1280,"height":720,"caption":"Transmite a primeira impress\u00e3o sobre a personalidade dos moradores"},{"@type":"BreadcrumbList","@id":"https:\/\/www.correiobraziliense.com.br\/cbradar\/a-psicologia-da-porta-de-entrada-o-que-a-cor-da-sua-porta-diz-sobre-a-sua-hospitalidade\/#breadcrumb","itemListElement":[{"@type":"ListItem","position":1,"name":"In\u00edcio","item":"https:\/\/www.correiobraziliense.com.br\/cbradar\/"},{"@type":"ListItem","position":2,"name":"A psicologia da porta de entrada: o que a cor da sua porta diz sobre a sua hospitalidade"}]},{"@type":"WebSite","@id":"https:\/\/www.correiobraziliense.com.br\/cbradar\/#website","url":"https:\/\/www.correiobraziliense.com.br\/cbradar\/","name":"Correio Braziliense - Radar","description":"Acompanhe as \u00faltimas not\u00edcias e fique bem informado sobre tudo o que acontece no Brasil e no mundo.","potentialAction":[{"@type":"SearchAction","target":{"@type":"EntryPoint","urlTemplate":"https:\/\/www.correiobraziliense.com.br\/cbradar\/?s={search_term_string}"},"query-input":{"@type":"PropertyValueSpecification","valueRequired":true,"valueName":"search_term_string"}}],"inLanguage":"pt-BR"},{"@type":"Person","@id":"https:\/\/www.correiobraziliense.com.br\/cbradar\/#\/schema\/person\/4cec7857301a9a1a2ef249893cd908d3","name":"Paulo Custodio","image":{"@type":"ImageObject","inLanguage":"pt-BR","@id":"https:\/\/www.correiobraziliense.com.br\/cbradar\/#\/schema\/person\/image\/","url":"https:\/\/secure.gravatar.com\/avatar\/bcd67168d1534e8fcf4f45c726a87cea?s=96&d=mm&r=g","contentUrl":"https:\/\/secure.gravatar.com\/avatar\/bcd67168d1534e8fcf4f45c726a87cea?s=96&d=mm&r=g","caption":"Paulo Custodio"},"sameAs":["https:\/\/www.correiobraziliense.com.br\/cbradar"],"url":"https:\/\/www.correiobraziliense.com.br\/cbradar\/author\/paulomyth\/"}]}},"_links":{"self":[{"href":"https:\/\/www.correiobraziliense.com.br\/cbradar\/wp-json\/wp\/v2\/posts\/177806","targetHints":{"allow":["GET"]}}],"collection":[{"href":"https:\/\/www.correiobraziliense.com.br\/cbradar\/wp-json\/wp\/v2\/posts"}],"about":[{"href":"https:\/\/www.correiobraziliense.com.br\/cbradar\/wp-json\/wp\/v2\/types\/post"}],"author":[{"embeddable":true,"href":"https:\/\/www.correiobraziliense.com.br\/cbradar\/wp-json\/wp\/v2\/users\/11"}],"replies":[{"embeddable":true,"href":"https:\/\/www.correiobraziliense.com.br\/cbradar\/wp-json\/wp\/v2\/comments?post=177806"}],"version-history":[{"count":1,"href":"https:\/\/www.correiobraziliense.com.br\/cbradar\/wp-json\/wp\/v2\/posts\/177806\/revisions"}],"predecessor-version":[{"id":177813,"href":"https:\/\/www.correiobraziliense.com.br\/cbradar\/wp-json\/wp\/v2\/posts\/177806\/revisions\/177813"}],"wp:featuredmedia":[{"embeddable":true,"href":"https:\/\/www.correiobraziliense.com.br\/cbradar\/wp-json\/wp\/v2\/media\/179310"}],"wp:attachment":[{"href":"https:\/\/www.correiobraziliense.com.br\/cbradar\/wp-json\/wp\/v2\/media?parent=177806"}],"wp:term":[{"taxonomy":"category","embeddable":true,"href":"https:\/\/www.correiobraziliense.com.br\/cbradar\/wp-json\/wp\/v2\/categories?post=177806"},{"taxonomy":"post_tag","embeddable":true,"href":"https:\/\/www.correiobraziliense.com.br\/cbradar\/wp-json\/wp\/v2\/post_tag?post=177806"}],"curies":[{"name":"wp","href":"https:\/\/api.w.org\/{rel}","templated":true}]}}