{"id":177814,"date":"2026-01-24T10:15:00","date_gmt":"2026-01-24T13:15:00","guid":{"rendered":"https:\/\/www.correiobraziliense.com.br\/cbradar\/?p=177814"},"modified":"2026-01-22T17:16:56","modified_gmt":"2026-01-22T20:16:56","slug":"por-que-a-sua-casa-acumula-tanto-po-a-culpa-pode-ser-dos-texteis-sinteticos","status":"publish","type":"post","link":"https:\/\/www.correiobraziliense.com.br\/cbradar\/por-que-a-sua-casa-acumula-tanto-po-a-culpa-pode-ser-dos-texteis-sinteticos\/","title":{"rendered":"Por que a sua casa acumula tanto p\u00f3? A culpa pode ser dos t\u00eaxteis sint\u00e9ticos"},"content":{"rendered":"\n<p>Muitas pessoas limpam a casa constantemente e n\u00e3o compreendem a raz\u00e3o do ac\u00famulo veloz de p\u00f3, mas a resposta reside frequentemente na eletricidade est\u00e1tica gerada pelos t\u00eaxteis sint\u00e9ticos da decora\u00e7\u00e3o. Materiais como o poli\u00e9ster e o nylon transformam cortinas e tapetes em verdadeiros \u00edmanes de sujidade, dificultando a manuten\u00e7\u00e3o da limpeza dom\u00e9stica.<\/p>\n\n\n\n<h2 class=\"wp-block-heading\">Por que \u00e9 que os tecidos sint\u00e9ticos funcionam como \u00edmanes?<\/h2>\n\n\n\n<p>A grande diferen\u00e7a entre um ambiente limpo e um empoeirado est\u00e1 na f\u00edsica, especificamente na eletricidade est\u00e1tica. T\u00eaxteis sint\u00e9ticos, derivados do petr\u00f3leo, s\u00e3o isolantes el\u00e9tricos que acumulam carga est\u00e1tica facilmente atrav\u00e9s do atrito com o ar ou com o uso di\u00e1rio.<\/p>\n\n\n\n<p>Essa carga cria um campo magn\u00e9tico invis\u00edvel que atrai ativamente as part\u00edculas de p\u00f3 que flutuam no ambiente. Em vez de o p\u00f3 cair no ch\u00e3o, onde poderia ser aspirado, ele fixa-se nas superf\u00edcies verticais das cortinas ou nas fibras do sof\u00e1, criando uma camada cinzenta dif\u00edcil de remover apenas com um espanador.<\/p>\n\n\n\n<figure class=\"wp-block-image aligncenter size-large\"><img decoding=\"async\" width=\"1024\" height=\"576\" src=\"https:\/\/www.correiobraziliense.com.br\/cbradar\/wp-content\/uploads\/2026\/01\/imagem_2026-01-18_143353716-1024x576.png\" alt=\"Ac\u00famulo excessivo de p\u00f3 em casas relacionado ao uso frequente de t\u00eaxteis sint\u00e9ticos\n\" class=\"wp-image-177817\" srcset=\"https:\/\/www.correiobraziliense.com.br\/cbradar\/wp-content\/uploads\/2026\/01\/imagem_2026-01-18_143353716-1024x576.png 1024w, https:\/\/www.correiobraziliense.com.br\/cbradar\/wp-content\/uploads\/2026\/01\/imagem_2026-01-18_143353716-300x169.png 300w, https:\/\/www.correiobraziliense.com.br\/cbradar\/wp-content\/uploads\/2026\/01\/imagem_2026-01-18_143353716-768x432.png 768w, https:\/\/www.correiobraziliense.com.br\/cbradar\/wp-content\/uploads\/2026\/01\/imagem_2026-01-18_143353716-750x422.png 750w, https:\/\/www.correiobraziliense.com.br\/cbradar\/wp-content\/uploads\/2026\/01\/imagem_2026-01-18_143353716-1140x641.png 1140w, https:\/\/www.correiobraziliense.com.br\/cbradar\/wp-content\/uploads\/2026\/01\/imagem_2026-01-18_143353716.png 1280w\" sizes=\"(max-width: 1024px) 100vw, 1024px\" \/><figcaption class=\"wp-element-caption\">Ac\u00famulo excessivo de p\u00f3 em casas relacionado ao uso frequente de t\u00eaxteis sint\u00e9ticos\n<\/figcaption><\/figure>\n\n\n\n<h2 class=\"wp-block-heading\">Como \u00e9 que as fibras naturais ajudam a repelir as part\u00edculas?<\/h2>\n\n\n\n<p>Materiais org\u00e2nicos como o algod\u00e3o, o linho, a l\u00e3 e a seda possuem propriedades f\u00edsicas opostas: s\u00e3o &#8220;respir\u00e1veis&#8221; e tendem a ser neutros em rela\u00e7\u00e3o \u00e0 est\u00e1tica. Por reterem naturalmente um pouco mais de humidade do ambiente, dissipam a carga el\u00e9trica antes que esta se torne forte o suficiente para atrair detritos.<\/p>\n\n\n\n<p>Ao optar por uma cortina de linho ou um tapete de algod\u00e3o, a sujidade n\u00e3o \u00e9 atra\u00edda magneticamente para o tecido. A gravidade age normalmente, fazendo com que o p\u00f3 se deposite no pavimento, o que facilita imensamente a rotina de limpeza, j\u00e1 que a sujidade n\u00e3o fica incrustada nas fibras.<\/p>\n\n\n\n<h2 class=\"wp-block-heading\">O pr\u00f3prio tecido est\u00e1 a gerar mais sujidade?<\/h2>\n\n\n\n<p>Al\u00e9m de atrair a sujidade externa, os sint\u00e9ticos contribuem para o volume de p\u00f3 atrav\u00e9s da liberta\u00e7\u00e3o de micropl\u00e1sticos. Com o atrito do dia a dia \u2014 sentar no sof\u00e1 ou abrir as cortinas \u2014, estas fibras pl\u00e1sticas microsc\u00f3picas partem-se e soltam-se, passando a compor grande parte do p\u00f3 dom\u00e9stico.<\/p>\n\n\n\n<p>Enquanto a fibra natural se decomp\u00f5e, a poeira de micropl\u00e1stico persiste no ambiente e pode ser inalada. Portanto, o ac\u00famulo de p\u00f3 em casas com excesso de sint\u00e9ticos n\u00e3o \u00e9 apenas sujidade vinda da janela, mas o pr\u00f3prio mobili\u00e1rio a degradar-se lentamente.<\/p>\n\n\n\n<p>Leia tamb\u00e9m: <a href=\"https:\/\/www.correiobraziliense.com.br\/cbradar\/teto-alto-vs-teto-baixo-como-a-altura-do-pe-direito-muda-a-sua-criatividade-ou-foco\/\" target=\"_blank\" rel=\"noreferrer noopener\">Teto alto vs Teto baixo: como a altura do p\u00e9-direito muda a sua criatividade ou foco<\/a><\/p>\n\n\n\n<h2 class=\"wp-block-heading\">Quais s\u00e3o os principais vil\u00f5es da decora\u00e7\u00e3o?<\/h2>\n\n\n\n<p>Nem todos os itens t\u00eam o mesmo impacto, mas grandes superf\u00edcies verticais e t\u00eaxteis de alto atrito s\u00e3o os mais problem\u00e1ticos na reten\u00e7\u00e3o de \u00e1caros e part\u00edculas.<\/p>\n\n\n\n<p>Os materiais que deve evitar se sofre com alergias ou p\u00f3 excessivo incluem:<\/p>\n\n\n\n<ul class=\"wp-block-list\">\n<li><strong>Cortinas de voil sint\u00e9tico:<\/strong> Filtram o vento e capturam o p\u00f3 antes que o ar entre.<\/li>\n\n\n\n<li><strong>Tapetes de polipropileno:<\/strong> Geram muita est\u00e1tica ao caminhar.<\/li>\n\n\n\n<li><strong>Mantas polares (fleece) ou de microfibra:<\/strong> Possuem uma \u00e1rea de superf\u00edcie enorme para reten\u00e7\u00e3o de part\u00edculas.<\/li>\n\n\n\n<li><strong>Almofadas de pel\u00facia artificial:<\/strong> Acumulam p\u00f3 profundamente nas fibras longas.<\/li>\n\n\n\n<li><strong>Estofos 100% poli\u00e9ster:<\/strong> Atraem pelos de animais e cabelo com facilidade.<\/li>\n<\/ul>\n\n\n\n<figure class=\"wp-block-image aligncenter size-large\"><img decoding=\"async\" width=\"1024\" height=\"576\" src=\"https:\/\/www.correiobraziliense.com.br\/cbradar\/wp-content\/uploads\/2026\/01\/imagem_2026-01-18_143509593-1024x576.png\" alt=\"Ac\u00famulo excessivo de p\u00f3 em casas relacionado ao uso frequente de t\u00eaxteis sint\u00e9ticos\n\" class=\"wp-image-177818\" srcset=\"https:\/\/www.correiobraziliense.com.br\/cbradar\/wp-content\/uploads\/2026\/01\/imagem_2026-01-18_143509593-1024x576.png 1024w, https:\/\/www.correiobraziliense.com.br\/cbradar\/wp-content\/uploads\/2026\/01\/imagem_2026-01-18_143509593-300x169.png 300w, https:\/\/www.correiobraziliense.com.br\/cbradar\/wp-content\/uploads\/2026\/01\/imagem_2026-01-18_143509593-768x432.png 768w, https:\/\/www.correiobraziliense.com.br\/cbradar\/wp-content\/uploads\/2026\/01\/imagem_2026-01-18_143509593-750x422.png 750w, https:\/\/www.correiobraziliense.com.br\/cbradar\/wp-content\/uploads\/2026\/01\/imagem_2026-01-18_143509593-1140x641.png 1140w, https:\/\/www.correiobraziliense.com.br\/cbradar\/wp-content\/uploads\/2026\/01\/imagem_2026-01-18_143509593.png 1280w\" sizes=\"(max-width: 1024px) 100vw, 1024px\" \/><figcaption class=\"wp-element-caption\">Ac\u00famulo excessivo de p\u00f3 em casas relacionado ao uso frequente de t\u00eaxteis sint\u00e9ticos\n<\/figcaption><\/figure>\n\n\n\n<h2 class=\"wp-block-heading\">\u00c9 poss\u00edvel resolver o problema sem trocar tudo?<\/h2>\n\n\n\n<p>Se substituir toda a decora\u00e7\u00e3o por fibras naturais n\u00e3o for vi\u00e1vel financeiramente, \u00e9 poss\u00edvel mitigar a est\u00e1tica aumentando a humidade do ar. Ambientes muito secos favorecem o ac\u00famulo de carga el\u00e9trica; logo, o uso de humidificadores ajuda a neutralizar o efeito magn\u00e9tico dos sint\u00e9ticos.<\/p>\n\n\n\n<p>Outra t\u00e1tica eficiente \u00e9 o uso de sprays antiest\u00e1ticos caseiros ou amaciadores dilu\u00eddos durante a limpeza das superf\u00edcies. Na lavagem das roupas de cama e banho, substituir o amaciador comum por vinagre de limpeza tamb\u00e9m ajuda a relaxar as fibras e a reduzir a tens\u00e3o el\u00e9trica, diminuindo a atra\u00e7\u00e3o de p\u00f3 ap\u00f3s a secagem.<\/p>\n","protected":false},"excerpt":{"rendered":"<p>Muitas pessoas limpam a casa constantemente e n\u00e3o compreendem a raz\u00e3o do ac\u00famulo veloz de p\u00f3, mas a resposta reside frequentemente na eletricidade est\u00e1tica gerada pelos t\u00eaxteis sint\u00e9ticos da decora\u00e7\u00e3o. Materiais como o poli\u00e9ster e o nylon transformam cortinas e tapetes em verdadeiros \u00edmanes de sujidade, dificultando a manuten\u00e7\u00e3o da limpeza dom\u00e9stica. Por que \u00e9 [&hellip;]<\/p>\n","protected":false},"author":11,"featured_media":179734,"comment_status":"open","ping_status":"open","sticky":false,"template":"","format":"standard","meta":{"_yoast_wpseo_focuskw":"Ac\u00famulo excessivo de p\u00f3","_yoast_wpseo_title":"","_yoast_wpseo_metadesc":"Ac\u00famulo excessivo de p\u00f3 em casa pode estar ligado a t\u00eaxteis sint\u00e9ticos que liberam fibras finas e pioram a qualidade do ar e exigem cuidados espec\u00edficos na limpeza","jnews-multi-image_gallery":[],"jnews_single_post":{"format":"standard"},"jnews_primary_category":[],"jnews_social_meta":[],"jnews_override_counter":[],"footnotes":""},"categories":[143],"post_tag":[9779,6233,1296],"class_list":["post-177814","post","type-post","status-publish","format-standard","has-post-thumbnail","hentry","category-casa-e-decoracao","tag-po","tag-poeira","tag-tecido"],"yoast_head":"<!-- This site is optimized with the Yoast SEO plugin v24.6 - https:\/\/yoast.com\/wordpress\/plugins\/seo\/ -->\n<title>Por que a sua casa acumula tanto p\u00f3? A culpa pode ser dos t\u00eaxteis sint\u00e9ticos - Correio Braziliense - Radar<\/title>\n<meta name=\"description\" content=\"Ac\u00famulo excessivo de p\u00f3 em casa pode estar ligado a t\u00eaxteis sint\u00e9ticos que liberam fibras finas e pioram a qualidade do ar e exigem cuidados espec\u00edficos na limpeza\" \/>\n<meta name=\"robots\" content=\"index, follow, max-snippet:-1, max-image-preview:large, max-video-preview:-1\" \/>\n<link rel=\"canonical\" href=\"https:\/\/www.correiobraziliense.com.br\/cbradar\/por-que-a-sua-casa-acumula-tanto-po-a-culpa-pode-ser-dos-texteis-sinteticos\/\" \/>\n<meta property=\"og:locale\" content=\"pt_BR\" \/>\n<meta property=\"og:type\" content=\"article\" \/>\n<meta property=\"og:title\" content=\"Por que a sua casa acumula tanto p\u00f3? A culpa pode ser dos t\u00eaxteis sint\u00e9ticos - Correio Braziliense - Radar\" \/>\n<meta property=\"og:description\" content=\"Ac\u00famulo excessivo de p\u00f3 em casa pode estar ligado a t\u00eaxteis sint\u00e9ticos que liberam fibras finas e pioram a qualidade do ar e exigem cuidados espec\u00edficos na limpeza\" \/>\n<meta property=\"og:url\" content=\"https:\/\/www.correiobraziliense.com.br\/cbradar\/por-que-a-sua-casa-acumula-tanto-po-a-culpa-pode-ser-dos-texteis-sinteticos\/\" \/>\n<meta property=\"og:site_name\" content=\"Correio Braziliense - Radar\" \/>\n<meta property=\"article:published_time\" content=\"2026-01-24T13:15:00+00:00\" \/>\n<meta property=\"og:image\" content=\"https:\/\/www.correiobraziliense.com.br\/cbradar\/wp-content\/uploads\/2026\/01\/freepik__imagem-realista-de-uma-sala-de-estar-com-poeira-no__7594.jpeg\" \/>\n\t<meta property=\"og:image:width\" content=\"1280\" \/>\n\t<meta property=\"og:image:height\" content=\"720\" \/>\n\t<meta property=\"og:image:type\" content=\"image\/jpeg\" \/>\n<meta name=\"author\" content=\"Paulo Custodio\" \/>\n<meta name=\"twitter:card\" content=\"summary_large_image\" \/>\n<meta name=\"twitter:label1\" content=\"Escrito por\" \/>\n\t<meta name=\"twitter:data1\" content=\"Paulo Custodio\" \/>\n\t<meta name=\"twitter:label2\" content=\"Est. tempo de leitura\" \/>\n\t<meta name=\"twitter:data2\" content=\"4 minutos\" \/>\n<!-- \/ Yoast SEO plugin. -->","yoast_head_json":{"title":"Por que a sua casa acumula tanto p\u00f3? A culpa pode ser dos t\u00eaxteis sint\u00e9ticos - Correio Braziliense - Radar","description":"Ac\u00famulo excessivo de p\u00f3 em casa pode estar ligado a t\u00eaxteis sint\u00e9ticos que liberam fibras finas e pioram a qualidade do ar e exigem cuidados espec\u00edficos na limpeza","robots":{"index":"index","follow":"follow","max-snippet":"max-snippet:-1","max-image-preview":"max-image-preview:large","max-video-preview":"max-video-preview:-1"},"canonical":"https:\/\/www.correiobraziliense.com.br\/cbradar\/por-que-a-sua-casa-acumula-tanto-po-a-culpa-pode-ser-dos-texteis-sinteticos\/","og_locale":"pt_BR","og_type":"article","og_title":"Por que a sua casa acumula tanto p\u00f3? A culpa pode ser dos t\u00eaxteis sint\u00e9ticos - Correio Braziliense - Radar","og_description":"Ac\u00famulo excessivo de p\u00f3 em casa pode estar ligado a t\u00eaxteis sint\u00e9ticos que liberam fibras finas e pioram a qualidade do ar e exigem cuidados espec\u00edficos na limpeza","og_url":"https:\/\/www.correiobraziliense.com.br\/cbradar\/por-que-a-sua-casa-acumula-tanto-po-a-culpa-pode-ser-dos-texteis-sinteticos\/","og_site_name":"Correio Braziliense - Radar","article_published_time":"2026-01-24T13:15:00+00:00","og_image":[{"width":1280,"height":720,"url":"https:\/\/www.correiobraziliense.com.br\/cbradar\/wp-content\/uploads\/2026\/01\/freepik__imagem-realista-de-uma-sala-de-estar-com-poeira-no__7594.jpeg","type":"image\/jpeg"}],"author":"Paulo Custodio","twitter_card":"summary_large_image","twitter_misc":{"Escrito por":"Paulo Custodio","Est. tempo de leitura":"4 minutos"},"schema":{"@context":"https:\/\/schema.org","@graph":[{"@type":"WebPage","@id":"https:\/\/www.correiobraziliense.com.br\/cbradar\/por-que-a-sua-casa-acumula-tanto-po-a-culpa-pode-ser-dos-texteis-sinteticos\/","url":"https:\/\/www.correiobraziliense.com.br\/cbradar\/por-que-a-sua-casa-acumula-tanto-po-a-culpa-pode-ser-dos-texteis-sinteticos\/","name":"Por que a sua casa acumula tanto p\u00f3? A culpa pode ser dos t\u00eaxteis sint\u00e9ticos - Correio Braziliense - Radar","isPartOf":{"@id":"https:\/\/www.correiobraziliense.com.br\/cbradar\/#website"},"primaryImageOfPage":{"@id":"https:\/\/www.correiobraziliense.com.br\/cbradar\/por-que-a-sua-casa-acumula-tanto-po-a-culpa-pode-ser-dos-texteis-sinteticos\/#primaryimage"},"image":{"@id":"https:\/\/www.correiobraziliense.com.br\/cbradar\/por-que-a-sua-casa-acumula-tanto-po-a-culpa-pode-ser-dos-texteis-sinteticos\/#primaryimage"},"thumbnailUrl":"https:\/\/www.correiobraziliense.com.br\/cbradar\/wp-content\/uploads\/2026\/01\/freepik__imagem-realista-de-uma-sala-de-estar-com-poeira-no__7594.jpeg","datePublished":"2026-01-24T13:15:00+00:00","author":{"@id":"https:\/\/www.correiobraziliense.com.br\/cbradar\/#\/schema\/person\/4cec7857301a9a1a2ef249893cd908d3"},"description":"Ac\u00famulo excessivo de p\u00f3 em casa pode estar ligado a t\u00eaxteis sint\u00e9ticos que liberam fibras finas e pioram a qualidade do ar e exigem cuidados espec\u00edficos na limpeza","breadcrumb":{"@id":"https:\/\/www.correiobraziliense.com.br\/cbradar\/por-que-a-sua-casa-acumula-tanto-po-a-culpa-pode-ser-dos-texteis-sinteticos\/#breadcrumb"},"inLanguage":"pt-BR","potentialAction":[{"@type":"ReadAction","target":["https:\/\/www.correiobraziliense.com.br\/cbradar\/por-que-a-sua-casa-acumula-tanto-po-a-culpa-pode-ser-dos-texteis-sinteticos\/"]}]},{"@type":"ImageObject","inLanguage":"pt-BR","@id":"https:\/\/www.correiobraziliense.com.br\/cbradar\/por-que-a-sua-casa-acumula-tanto-po-a-culpa-pode-ser-dos-texteis-sinteticos\/#primaryimage","url":"https:\/\/www.correiobraziliense.com.br\/cbradar\/wp-content\/uploads\/2026\/01\/freepik__imagem-realista-de-uma-sala-de-estar-com-poeira-no__7594.jpeg","contentUrl":"https:\/\/www.correiobraziliense.com.br\/cbradar\/wp-content\/uploads\/2026\/01\/freepik__imagem-realista-de-uma-sala-de-estar-com-poeira-no__7594.jpeg","width":1280,"height":720,"caption":"Ac\u00famulo de p\u00f3 \u00e9 intensificado pela eletricidade est\u00e1tica gerada por tecidos sint\u00e9ticos"},{"@type":"BreadcrumbList","@id":"https:\/\/www.correiobraziliense.com.br\/cbradar\/por-que-a-sua-casa-acumula-tanto-po-a-culpa-pode-ser-dos-texteis-sinteticos\/#breadcrumb","itemListElement":[{"@type":"ListItem","position":1,"name":"In\u00edcio","item":"https:\/\/www.correiobraziliense.com.br\/cbradar\/"},{"@type":"ListItem","position":2,"name":"Por que a sua casa acumula tanto p\u00f3? A culpa pode ser dos t\u00eaxteis sint\u00e9ticos"}]},{"@type":"WebSite","@id":"https:\/\/www.correiobraziliense.com.br\/cbradar\/#website","url":"https:\/\/www.correiobraziliense.com.br\/cbradar\/","name":"Correio Braziliense - Radar","description":"Acompanhe as \u00faltimas not\u00edcias e fique bem informado sobre tudo o que acontece no Brasil e no mundo.","potentialAction":[{"@type":"SearchAction","target":{"@type":"EntryPoint","urlTemplate":"https:\/\/www.correiobraziliense.com.br\/cbradar\/?s={search_term_string}"},"query-input":{"@type":"PropertyValueSpecification","valueRequired":true,"valueName":"search_term_string"}}],"inLanguage":"pt-BR"},{"@type":"Person","@id":"https:\/\/www.correiobraziliense.com.br\/cbradar\/#\/schema\/person\/4cec7857301a9a1a2ef249893cd908d3","name":"Paulo Custodio","image":{"@type":"ImageObject","inLanguage":"pt-BR","@id":"https:\/\/www.correiobraziliense.com.br\/cbradar\/#\/schema\/person\/image\/","url":"https:\/\/secure.gravatar.com\/avatar\/bcd67168d1534e8fcf4f45c726a87cea?s=96&d=mm&r=g","contentUrl":"https:\/\/secure.gravatar.com\/avatar\/bcd67168d1534e8fcf4f45c726a87cea?s=96&d=mm&r=g","caption":"Paulo Custodio"},"sameAs":["https:\/\/www.correiobraziliense.com.br\/cbradar"],"url":"https:\/\/www.correiobraziliense.com.br\/cbradar\/author\/paulomyth\/"}]}},"_links":{"self":[{"href":"https:\/\/www.correiobraziliense.com.br\/cbradar\/wp-json\/wp\/v2\/posts\/177814","targetHints":{"allow":["GET"]}}],"collection":[{"href":"https:\/\/www.correiobraziliense.com.br\/cbradar\/wp-json\/wp\/v2\/posts"}],"about":[{"href":"https:\/\/www.correiobraziliense.com.br\/cbradar\/wp-json\/wp\/v2\/types\/post"}],"author":[{"embeddable":true,"href":"https:\/\/www.correiobraziliense.com.br\/cbradar\/wp-json\/wp\/v2\/users\/11"}],"replies":[{"embeddable":true,"href":"https:\/\/www.correiobraziliense.com.br\/cbradar\/wp-json\/wp\/v2\/comments?post=177814"}],"version-history":[{"count":1,"href":"https:\/\/www.correiobraziliense.com.br\/cbradar\/wp-json\/wp\/v2\/posts\/177814\/revisions"}],"predecessor-version":[{"id":177819,"href":"https:\/\/www.correiobraziliense.com.br\/cbradar\/wp-json\/wp\/v2\/posts\/177814\/revisions\/177819"}],"wp:featuredmedia":[{"embeddable":true,"href":"https:\/\/www.correiobraziliense.com.br\/cbradar\/wp-json\/wp\/v2\/media\/179734"}],"wp:attachment":[{"href":"https:\/\/www.correiobraziliense.com.br\/cbradar\/wp-json\/wp\/v2\/media?parent=177814"}],"wp:term":[{"taxonomy":"category","embeddable":true,"href":"https:\/\/www.correiobraziliense.com.br\/cbradar\/wp-json\/wp\/v2\/categories?post=177814"},{"taxonomy":"post_tag","embeddable":true,"href":"https:\/\/www.correiobraziliense.com.br\/cbradar\/wp-json\/wp\/v2\/post_tag?post=177814"}],"curies":[{"name":"wp","href":"https:\/\/api.w.org\/{rel}","templated":true}]}}