{"id":177828,"date":"2026-01-24T16:55:00","date_gmt":"2026-01-24T19:55:00","guid":{"rendered":"https:\/\/www.correiobraziliense.com.br\/cbradar\/?p=177828"},"modified":"2026-01-22T17:18:26","modified_gmt":"2026-01-22T20:18:26","slug":"como-uma-bandeja-bonita-na-mesa-de-centro-pode-transformar-bagunca-em-uma-decoracao-incrivel","status":"publish","type":"post","link":"https:\/\/www.correiobraziliense.com.br\/cbradar\/como-uma-bandeja-bonita-na-mesa-de-centro-pode-transformar-bagunca-em-uma-decoracao-incrivel\/","title":{"rendered":"Como uma bandeja bonita na mesa de centro pode transformar bagun\u00e7a em uma decora\u00e7\u00e3o incr\u00edvel"},"content":{"rendered":"\n<p>Agrupar objetos soltos dentro de uma bandeja \u00e9 a estrat\u00e9gia mais r\u00e1pida e eficiente para converter o caos visual de controles remotos e chaves em um arranjo decorativo intencional e sofisticado. Essa t\u00e9cnica utiliza o princ\u00edpio do design de &#8220;moldura&#8221; para delimitar o espa\u00e7o, fazendo com que itens utilit\u00e1rios pare\u00e7am pertencer \u00e0quele lugar propositalmente, em vez de estarem ali por descuido.<\/p>\n\n\n\n<h2 class=\"wp-block-heading\">Por que a &#8220;moldura&#8221; muda a percep\u00e7\u00e3o de bagun\u00e7a?<\/h2>\n\n\n\n<p>No design de interiores, a diferen\u00e7a entre bagun\u00e7a e decora\u00e7\u00e3o muitas vezes \u00e9 apenas a conten\u00e7\u00e3o. Quando controles, \u00f3culos e porta-copos est\u00e3o espalhados diretamente sobre a superf\u00edcie da mesa, o c\u00e9rebro interpreta aquilo como &#8220;ru\u00eddo visual&#8221; ou desordem, pois n\u00e3o h\u00e1 um limite claro para onde os objetos come\u00e7am ou terminam.<\/p>\n\n\n\n<p>Ao colocar esses mesmos itens dentro de uma bandeja, voc\u00ea cria uma borda f\u00edsica e visual. Essa delimita\u00e7\u00e3o envia uma mensagem imediata de organiza\u00e7\u00e3o e cuidado. A bandeja atua como uma base que unifica itens d\u00edspares, transformando um amontoado de pl\u00e1stico e vidro em uma &#8220;vinheta&#8221; decorativa que comp\u00f5e o ambiente.<\/p>\n\n\n\n<figure class=\"wp-block-image aligncenter size-large\"><img decoding=\"async\" width=\"1024\" height=\"576\" src=\"https:\/\/www.correiobraziliense.com.br\/cbradar\/wp-content\/uploads\/2026\/01\/imagem_2026-01-18_144733264-1024x576.png\" alt=\"Bandeja decorativa organiza objetos na mesa de centro e valoriza o visual da sala\n\" class=\"wp-image-177833\" srcset=\"https:\/\/www.correiobraziliense.com.br\/cbradar\/wp-content\/uploads\/2026\/01\/imagem_2026-01-18_144733264-1024x576.png 1024w, https:\/\/www.correiobraziliense.com.br\/cbradar\/wp-content\/uploads\/2026\/01\/imagem_2026-01-18_144733264-300x169.png 300w, https:\/\/www.correiobraziliense.com.br\/cbradar\/wp-content\/uploads\/2026\/01\/imagem_2026-01-18_144733264-768x432.png 768w, https:\/\/www.correiobraziliense.com.br\/cbradar\/wp-content\/uploads\/2026\/01\/imagem_2026-01-18_144733264-750x422.png 750w, https:\/\/www.correiobraziliense.com.br\/cbradar\/wp-content\/uploads\/2026\/01\/imagem_2026-01-18_144733264-1140x641.png 1140w, https:\/\/www.correiobraziliense.com.br\/cbradar\/wp-content\/uploads\/2026\/01\/imagem_2026-01-18_144733264.png 1280w\" sizes=\"(max-width: 1024px) 100vw, 1024px\" \/><figcaption class=\"wp-element-caption\">Bandeja decorativa organiza objetos na mesa de centro e valoriza o visual da sala\n<\/figcaption><\/figure>\n\n\n\n<h2 class=\"wp-block-heading\">Espelho, madeira ou couro: qual material escolher?<\/h2>\n\n\n\n<p>A escolha do material da bandeja define o estilo da sala e pode ajudar a camuflar ou destacar os objetos.<\/p>\n\n\n\n<p>Veja alguns exemplos:<\/p>\n\n\n\n<ul class=\"wp-block-list\">\n<li><strong>Espelho ou Vidro:<\/strong> Ideais para ambientes modernos e pequenos. Eles refletem a luz e n\u00e3o pesam visualmente, trazendo um toque de glamour. Por\u00e9m, exigem limpeza frequente de marcas de dedos.<\/li>\n\n\n\n<li><strong>Madeira ou Bambu:<\/strong> Trazem aquecimento e textura para a sala. S\u00e3o perfeitos para esconder a poeira e combinam com decora\u00e7\u00f5es r\u00fasticas, escandinavas ou <em>boho<\/em>.<\/li>\n\n\n\n<li><strong>Couro ou Sint\u00e9tico:<\/strong> Transmitem sofistica\u00e7\u00e3o e seriedade. S\u00e3o \u00f3timos para escrit\u00f3rios ou salas de TV com est\u00e9tica mais masculina e industrial.<\/li>\n<\/ul>\n\n\n\n<p>Leia tamb\u00e9m: <a href=\"https:\/\/www.correiobraziliense.com.br\/cbradar\/teto-alto-vs-teto-baixo-como-a-altura-do-pe-direito-muda-a-sua-criatividade-ou-foco\/\" target=\"_blank\" rel=\"noreferrer noopener\">Teto alto vs Teto baixo: como a altura do p\u00e9-direito muda a sua criatividade ou foco<\/a><\/p>\n\n\n\n<h2 class=\"wp-block-heading\">O que colocar dentro para manter a funcionalidade?<\/h2>\n\n\n\n<p>O objetivo n\u00e3o \u00e9 criar um &#8220;dep\u00f3sito de lixo&#8221; bonito, mas sim um espa\u00e7o curado. Para que a bandeja seja funcional e est\u00e9tica, ela deve conter uma mistura de itens utilit\u00e1rios e decorativos.<\/p>\n\n\n\n<p>A regra b\u00e1sica \u00e9 equilibrar alturas e texturas. Se voc\u00ea tem tr\u00eas controles remotos pretos (feios, mas necess\u00e1rios), equilibre o visual com algo org\u00e2nico ou colorido ao lado, como uma pequena suculenta ou uma vela arom\u00e1tica. Isso tira o foco da tecnologia e traz vida para o arranjo.<\/p>\n\n\n\n<figure class=\"wp-block-image aligncenter size-large\"><img decoding=\"async\" width=\"1024\" height=\"576\" src=\"https:\/\/www.correiobraziliense.com.br\/cbradar\/wp-content\/uploads\/2026\/01\/imagem_2026-01-18_144855675-1024x576.png\" alt=\"Bandeja decorativa organiza objetos na mesa de centro e valoriza o visual da sala\n\" class=\"wp-image-177834\" srcset=\"https:\/\/www.correiobraziliense.com.br\/cbradar\/wp-content\/uploads\/2026\/01\/imagem_2026-01-18_144855675-1024x576.png 1024w, https:\/\/www.correiobraziliense.com.br\/cbradar\/wp-content\/uploads\/2026\/01\/imagem_2026-01-18_144855675-300x169.png 300w, https:\/\/www.correiobraziliense.com.br\/cbradar\/wp-content\/uploads\/2026\/01\/imagem_2026-01-18_144855675-768x432.png 768w, https:\/\/www.correiobraziliense.com.br\/cbradar\/wp-content\/uploads\/2026\/01\/imagem_2026-01-18_144855675-750x422.png 750w, https:\/\/www.correiobraziliense.com.br\/cbradar\/wp-content\/uploads\/2026\/01\/imagem_2026-01-18_144855675-1140x641.png 1140w, https:\/\/www.correiobraziliense.com.br\/cbradar\/wp-content\/uploads\/2026\/01\/imagem_2026-01-18_144855675.png 1280w\" sizes=\"(max-width: 1024px) 100vw, 1024px\" \/><figcaption class=\"wp-element-caption\">Bandeja decorativa organiza objetos na mesa de centro e valoriza o visual da sala\n<\/figcaption><\/figure>\n\n\n\n<h2 class=\"wp-block-heading\">Como evitar que a bandeja pare\u00e7a cheia demais?<\/h2>\n\n\n\n<p>O &#8220;respiro&#8221; \u00e9 fundamental. Uma bandeja abarrotada de coisas perde a fun\u00e7\u00e3o de organizar e passa a ser apenas uma caixa de bagun\u00e7a. A dica de ouro \u00e9 deixar sempre cerca de 20% a 30% do fundo da bandeja vis\u00edvel.<\/p>\n\n\n\n<p>Se os controles ocupam muito espa\u00e7o, considere caixas decorativas com tampa que cabem dentro da bandeja. Assim, voc\u00ea esconde os bot\u00f5es coloridos e mant\u00e9m a eleg\u00e2ncia visual, deixando \u00e0 mostra apenas os itens que realmente agregam beleza.<\/p>\n\n\n\n<h2 class=\"wp-block-heading\">Quais s\u00e3o os itens essenciais para a composi\u00e7\u00e3o perfeita?<\/h2>\n\n\n\n<p>Para montar uma bandeja de mesa de centro que pare\u00e7a ter sa\u00eddo de uma revista, tente combinar tr\u00eas categorias de objetos:<\/p>\n\n\n\n<ul class=\"wp-block-list\">\n<li><strong>Utilidade:<\/strong> Controles remotos, porta-copos (coasters) ou caixinha de f\u00f3sforos.<\/li>\n\n\n\n<li><strong>Mem\u00f3ria ou Arte:<\/strong> Um objeto escult\u00f3rico, uma pedra bonita ou uma lembran\u00e7a de viagem.<\/li>\n\n\n\n<li><strong>Vida:<\/strong> Um vaso pequeno com planta ou uma vela perfumada para adicionar dimens\u00e3o.<\/li>\n<\/ul>\n","protected":false},"excerpt":{"rendered":"<p>Agrupar objetos soltos dentro de uma bandeja \u00e9 a estrat\u00e9gia mais r\u00e1pida e eficiente para converter o caos visual de controles remotos e chaves em um arranjo decorativo intencional e sofisticado. Essa t\u00e9cnica utiliza o princ\u00edpio do design de &#8220;moldura&#8221; para delimitar o espa\u00e7o, fazendo com que itens utilit\u00e1rios pare\u00e7am pertencer \u00e0quele lugar propositalmente, em [&hellip;]<\/p>\n","protected":false},"author":11,"featured_media":179731,"comment_status":"open","ping_status":"open","sticky":false,"template":"","format":"standard","meta":{"_yoast_wpseo_focuskw":"Bandeja elegante","_yoast_wpseo_title":"","_yoast_wpseo_metadesc":"Bandeja elegante na mesa de centro organiza objetos soltos cria foco visual e transforma a bagun\u00e7a di\u00e1ria em decora\u00e7\u00e3o sofisticada","jnews-multi-image_gallery":[],"jnews_single_post":{"format":"standard"},"jnews_primary_category":[],"jnews_social_meta":[],"jnews_override_counter":[],"footnotes":""},"categories":[143],"post_tag":[14185,887,917],"class_list":["post-177828","post","type-post","status-publish","format-standard","has-post-thumbnail","hentry","category-casa-e-decoracao","tag-badeija","tag-casa","tag-decoracao"],"yoast_head":"<!-- This site is optimized with the Yoast SEO plugin v24.6 - https:\/\/yoast.com\/wordpress\/plugins\/seo\/ -->\n<title>Como uma bandeja bonita na mesa de centro pode transformar bagun\u00e7a em uma decora\u00e7\u00e3o incr\u00edvel - Correio Braziliense - Radar<\/title>\n<meta name=\"description\" content=\"Bandeja elegante na mesa de centro organiza objetos soltos cria foco visual e transforma a bagun\u00e7a di\u00e1ria em decora\u00e7\u00e3o sofisticada\" \/>\n<meta name=\"robots\" content=\"index, follow, max-snippet:-1, max-image-preview:large, max-video-preview:-1\" \/>\n<link rel=\"canonical\" href=\"https:\/\/www.correiobraziliense.com.br\/cbradar\/como-uma-bandeja-bonita-na-mesa-de-centro-pode-transformar-bagunca-em-uma-decoracao-incrivel\/\" \/>\n<meta property=\"og:locale\" content=\"pt_BR\" \/>\n<meta property=\"og:type\" content=\"article\" \/>\n<meta property=\"og:title\" content=\"Como uma bandeja bonita na mesa de centro pode transformar bagun\u00e7a em uma decora\u00e7\u00e3o incr\u00edvel - Correio Braziliense - Radar\" \/>\n<meta property=\"og:description\" content=\"Bandeja elegante na mesa de centro organiza objetos soltos cria foco visual e transforma a bagun\u00e7a di\u00e1ria em decora\u00e7\u00e3o sofisticada\" \/>\n<meta property=\"og:url\" content=\"https:\/\/www.correiobraziliense.com.br\/cbradar\/como-uma-bandeja-bonita-na-mesa-de-centro-pode-transformar-bagunca-em-uma-decoracao-incrivel\/\" \/>\n<meta property=\"og:site_name\" content=\"Correio Braziliense - Radar\" \/>\n<meta property=\"article:published_time\" content=\"2026-01-24T19:55:00+00:00\" \/>\n<meta property=\"og:image\" content=\"https:\/\/www.correiobraziliense.com.br\/cbradar\/wp-content\/uploads\/2026\/01\/freepik__imagem-realista-de-uma-bandeja-bonita-para-organiz__7597.jpeg\" \/>\n\t<meta property=\"og:image:width\" content=\"1280\" \/>\n\t<meta property=\"og:image:height\" content=\"720\" \/>\n\t<meta property=\"og:image:type\" content=\"image\/jpeg\" \/>\n<meta name=\"author\" content=\"Paulo Custodio\" \/>\n<meta name=\"twitter:card\" content=\"summary_large_image\" \/>\n<meta name=\"twitter:label1\" content=\"Escrito por\" \/>\n\t<meta name=\"twitter:data1\" content=\"Paulo Custodio\" \/>\n\t<meta name=\"twitter:label2\" content=\"Est. tempo de leitura\" \/>\n\t<meta name=\"twitter:data2\" content=\"4 minutos\" \/>\n<!-- \/ Yoast SEO plugin. -->","yoast_head_json":{"title":"Como uma bandeja bonita na mesa de centro pode transformar bagun\u00e7a em uma decora\u00e7\u00e3o incr\u00edvel - Correio Braziliense - Radar","description":"Bandeja elegante na mesa de centro organiza objetos soltos cria foco visual e transforma a bagun\u00e7a di\u00e1ria em decora\u00e7\u00e3o sofisticada","robots":{"index":"index","follow":"follow","max-snippet":"max-snippet:-1","max-image-preview":"max-image-preview:large","max-video-preview":"max-video-preview:-1"},"canonical":"https:\/\/www.correiobraziliense.com.br\/cbradar\/como-uma-bandeja-bonita-na-mesa-de-centro-pode-transformar-bagunca-em-uma-decoracao-incrivel\/","og_locale":"pt_BR","og_type":"article","og_title":"Como uma bandeja bonita na mesa de centro pode transformar bagun\u00e7a em uma decora\u00e7\u00e3o incr\u00edvel - Correio Braziliense - Radar","og_description":"Bandeja elegante na mesa de centro organiza objetos soltos cria foco visual e transforma a bagun\u00e7a di\u00e1ria em decora\u00e7\u00e3o sofisticada","og_url":"https:\/\/www.correiobraziliense.com.br\/cbradar\/como-uma-bandeja-bonita-na-mesa-de-centro-pode-transformar-bagunca-em-uma-decoracao-incrivel\/","og_site_name":"Correio Braziliense - Radar","article_published_time":"2026-01-24T19:55:00+00:00","og_image":[{"width":1280,"height":720,"url":"https:\/\/www.correiobraziliense.com.br\/cbradar\/wp-content\/uploads\/2026\/01\/freepik__imagem-realista-de-uma-bandeja-bonita-para-organiz__7597.jpeg","type":"image\/jpeg"}],"author":"Paulo Custodio","twitter_card":"summary_large_image","twitter_misc":{"Escrito por":"Paulo Custodio","Est. tempo de leitura":"4 minutos"},"schema":{"@context":"https:\/\/schema.org","@graph":[{"@type":"WebPage","@id":"https:\/\/www.correiobraziliense.com.br\/cbradar\/como-uma-bandeja-bonita-na-mesa-de-centro-pode-transformar-bagunca-em-uma-decoracao-incrivel\/","url":"https:\/\/www.correiobraziliense.com.br\/cbradar\/como-uma-bandeja-bonita-na-mesa-de-centro-pode-transformar-bagunca-em-uma-decoracao-incrivel\/","name":"Como uma bandeja bonita na mesa de centro pode transformar bagun\u00e7a em uma decora\u00e7\u00e3o incr\u00edvel - Correio Braziliense - Radar","isPartOf":{"@id":"https:\/\/www.correiobraziliense.com.br\/cbradar\/#website"},"primaryImageOfPage":{"@id":"https:\/\/www.correiobraziliense.com.br\/cbradar\/como-uma-bandeja-bonita-na-mesa-de-centro-pode-transformar-bagunca-em-uma-decoracao-incrivel\/#primaryimage"},"image":{"@id":"https:\/\/www.correiobraziliense.com.br\/cbradar\/como-uma-bandeja-bonita-na-mesa-de-centro-pode-transformar-bagunca-em-uma-decoracao-incrivel\/#primaryimage"},"thumbnailUrl":"https:\/\/www.correiobraziliense.com.br\/cbradar\/wp-content\/uploads\/2026\/01\/freepik__imagem-realista-de-uma-bandeja-bonita-para-organiz__7597.jpeg","datePublished":"2026-01-24T19:55:00+00:00","author":{"@id":"https:\/\/www.correiobraziliense.com.br\/cbradar\/#\/schema\/person\/4cec7857301a9a1a2ef249893cd908d3"},"description":"Bandeja elegante na mesa de centro organiza objetos soltos cria foco visual e transforma a bagun\u00e7a di\u00e1ria em decora\u00e7\u00e3o sofisticada","breadcrumb":{"@id":"https:\/\/www.correiobraziliense.com.br\/cbradar\/como-uma-bandeja-bonita-na-mesa-de-centro-pode-transformar-bagunca-em-uma-decoracao-incrivel\/#breadcrumb"},"inLanguage":"pt-BR","potentialAction":[{"@type":"ReadAction","target":["https:\/\/www.correiobraziliense.com.br\/cbradar\/como-uma-bandeja-bonita-na-mesa-de-centro-pode-transformar-bagunca-em-uma-decoracao-incrivel\/"]}]},{"@type":"ImageObject","inLanguage":"pt-BR","@id":"https:\/\/www.correiobraziliense.com.br\/cbradar\/como-uma-bandeja-bonita-na-mesa-de-centro-pode-transformar-bagunca-em-uma-decoracao-incrivel\/#primaryimage","url":"https:\/\/www.correiobraziliense.com.br\/cbradar\/wp-content\/uploads\/2026\/01\/freepik__imagem-realista-de-uma-bandeja-bonita-para-organiz__7597.jpeg","contentUrl":"https:\/\/www.correiobraziliense.com.br\/cbradar\/wp-content\/uploads\/2026\/01\/freepik__imagem-realista-de-uma-bandeja-bonita-para-organiz__7597.jpeg","width":1280,"height":720,"caption":"Organiza\u00e7\u00e3o visual que transforma itens utilit\u00e1rios em elementos decorativos"},{"@type":"BreadcrumbList","@id":"https:\/\/www.correiobraziliense.com.br\/cbradar\/como-uma-bandeja-bonita-na-mesa-de-centro-pode-transformar-bagunca-em-uma-decoracao-incrivel\/#breadcrumb","itemListElement":[{"@type":"ListItem","position":1,"name":"In\u00edcio","item":"https:\/\/www.correiobraziliense.com.br\/cbradar\/"},{"@type":"ListItem","position":2,"name":"Como uma bandeja bonita na mesa de centro pode transformar bagun\u00e7a em uma decora\u00e7\u00e3o incr\u00edvel"}]},{"@type":"WebSite","@id":"https:\/\/www.correiobraziliense.com.br\/cbradar\/#website","url":"https:\/\/www.correiobraziliense.com.br\/cbradar\/","name":"Correio Braziliense - Radar","description":"Acompanhe as \u00faltimas not\u00edcias e fique bem informado sobre tudo o que acontece no Brasil e no mundo.","potentialAction":[{"@type":"SearchAction","target":{"@type":"EntryPoint","urlTemplate":"https:\/\/www.correiobraziliense.com.br\/cbradar\/?s={search_term_string}"},"query-input":{"@type":"PropertyValueSpecification","valueRequired":true,"valueName":"search_term_string"}}],"inLanguage":"pt-BR"},{"@type":"Person","@id":"https:\/\/www.correiobraziliense.com.br\/cbradar\/#\/schema\/person\/4cec7857301a9a1a2ef249893cd908d3","name":"Paulo Custodio","image":{"@type":"ImageObject","inLanguage":"pt-BR","@id":"https:\/\/www.correiobraziliense.com.br\/cbradar\/#\/schema\/person\/image\/","url":"https:\/\/secure.gravatar.com\/avatar\/bcd67168d1534e8fcf4f45c726a87cea?s=96&d=mm&r=g","contentUrl":"https:\/\/secure.gravatar.com\/avatar\/bcd67168d1534e8fcf4f45c726a87cea?s=96&d=mm&r=g","caption":"Paulo Custodio"},"sameAs":["https:\/\/www.correiobraziliense.com.br\/cbradar"],"url":"https:\/\/www.correiobraziliense.com.br\/cbradar\/author\/paulomyth\/"}]}},"_links":{"self":[{"href":"https:\/\/www.correiobraziliense.com.br\/cbradar\/wp-json\/wp\/v2\/posts\/177828","targetHints":{"allow":["GET"]}}],"collection":[{"href":"https:\/\/www.correiobraziliense.com.br\/cbradar\/wp-json\/wp\/v2\/posts"}],"about":[{"href":"https:\/\/www.correiobraziliense.com.br\/cbradar\/wp-json\/wp\/v2\/types\/post"}],"author":[{"embeddable":true,"href":"https:\/\/www.correiobraziliense.com.br\/cbradar\/wp-json\/wp\/v2\/users\/11"}],"replies":[{"embeddable":true,"href":"https:\/\/www.correiobraziliense.com.br\/cbradar\/wp-json\/wp\/v2\/comments?post=177828"}],"version-history":[{"count":1,"href":"https:\/\/www.correiobraziliense.com.br\/cbradar\/wp-json\/wp\/v2\/posts\/177828\/revisions"}],"predecessor-version":[{"id":177836,"href":"https:\/\/www.correiobraziliense.com.br\/cbradar\/wp-json\/wp\/v2\/posts\/177828\/revisions\/177836"}],"wp:featuredmedia":[{"embeddable":true,"href":"https:\/\/www.correiobraziliense.com.br\/cbradar\/wp-json\/wp\/v2\/media\/179731"}],"wp:attachment":[{"href":"https:\/\/www.correiobraziliense.com.br\/cbradar\/wp-json\/wp\/v2\/media?parent=177828"}],"wp:term":[{"taxonomy":"category","embeddable":true,"href":"https:\/\/www.correiobraziliense.com.br\/cbradar\/wp-json\/wp\/v2\/categories?post=177828"},{"taxonomy":"post_tag","embeddable":true,"href":"https:\/\/www.correiobraziliense.com.br\/cbradar\/wp-json\/wp\/v2\/post_tag?post=177828"}],"curies":[{"name":"wp","href":"https:\/\/api.w.org\/{rel}","templated":true}]}}