{"id":177829,"date":"2026-01-23T19:35:00","date_gmt":"2026-01-23T22:35:00","guid":{"rendered":"https:\/\/www.correiobraziliense.com.br\/cbradar\/?p=177829"},"modified":"2026-01-22T17:50:58","modified_gmt":"2026-01-22T20:50:58","slug":"um-sinal-cerebral-oculto-pode-prever-o-alzheimer-anos-antes-do-diagnostico","status":"publish","type":"post","link":"https:\/\/www.correiobraziliense.com.br\/cbradar\/um-sinal-cerebral-oculto-pode-prever-o-alzheimer-anos-antes-do-diagnostico\/","title":{"rendered":"Um sinal cerebral oculto pode prever o Alzheimer anos antes do diagn\u00f3stico"},"content":{"rendered":"\n<p>Uma mudan\u00e7a discreta na atividade el\u00e9trica do c\u00e9rebro pode ajudar a antecipar o surgimento do <strong>Alzheimer<\/strong> com mais de dois anos de anteced\u00eancia. Essa possibilidade vem ganhando espa\u00e7o na pesquisa cient\u00edfica com o uso de t\u00e9cnicas de imagem que permitem observar o funcionamento cerebral em tempo real, sem procedimentos invasivos, como a <strong>magnetoencefalografia<\/strong>, que surge como ferramenta promissora para identificar <strong>sinais precoces de decl\u00ednio cognitivo<\/strong> e apoiar estrat\u00e9gias de preven\u00e7\u00e3o, segundo a pesquisa<a href=\"https:\/\/direct.mit.edu\/imag\/article\/doi\/10.1162\/IMAG.a.69\/131452\/High-power-transient-12-30-Hz-beta-event-features\" target=\"_blank\" rel=\"noreferrer noopener\"> &#8220;High-power transient 12\u201330 Hz beta event features as early biomarkers of Alzheimer\u2019s disease conversion: An MEG study&#8221;.<\/a><\/p>\n\n\n\n<h2 class=\"wp-block-heading\">Como a magnetoencefalografia antecipa o Alzheimer<\/h2>\n\n\n\n<p>O interesse por <strong>marcadores antecipados da doen\u00e7a de Alzheimer<\/strong> cresce \u00e0 medida que a popula\u00e7\u00e3o envelhece e os casos se tornam mais frequentes. Identificar altera\u00e7\u00f5es sutis nas ondas cerebrais antes dos sintomas evidentes pode abrir caminho para <strong>interven\u00e7\u00f5es mais precoces<\/strong>, acompanhamento pr\u00f3ximo e melhor planejamento de cuidados de longo prazo.<\/p>\n\n\n\n<p>Nesse contexto, pesquisadores analisam com aten\u00e7\u00e3o padr\u00f5es espec\u00edficos de <strong>atividade cerebral<\/strong> associados \u00e0 mem\u00f3ria, aten\u00e7\u00e3o e controle cognitivo. Estudos longitudinais sugerem que pequenas mudan\u00e7as nesses padr\u00f5es podem indicar um <strong>risco aumentado de progress\u00e3o<\/strong> de comprometimento cognitivo leve para Alzheimer ao longo dos anos.<\/p>\n\n\n\n<p>Para aprofundarmos no tema, trouxemos o v\u00eddeo da cientista Ros\u00e2ngela Haydem (@rosangelahaydemciencia):<\/p>\n\n\n\n<blockquote class=\"tiktok-embed\" cite=\"https:\/\/www.tiktok.com\/@rosangelahaydemciencia\/video\/7536742120489504005\" data-video-id=\"7536742120489504005\" style=\"max-width: 605px;min-width: 325px;\" > <section> <a target=\"_blank\" title=\"@rosangelahaydemciencia\" href=\"https:\/\/www.tiktok.com\/@rosangelahaydemciencia?refer=embed\">@rosangelahaydemciencia<\/a> <p>A prote\u00edna beta-amiloide \u00e9 um dos principais marcadores da doen\u00e7a de Alzheimer. Quando ela se acumula no c\u00e9rebro, forma placas que atrapalham a comunica\u00e7\u00e3o entre os neur\u00f4nios e levam \u00e0 morte dessas c\u00e9lulas. Mas poucas pessoas sabem por onde essas toxinas entram no corpo e chegam ao c\u00e9rebro: \t\u2022\tPele: cosm\u00e9ticos e produtos de higiene com metais pesados, micropl\u00e1sticos e solventes qu\u00edmicos s\u00e3o absorvidos e chegam \u00e0 corrente sangu\u00ednea. \t\u2022\tBoca: alimentos ultraprocessados, bebidas alco\u00f3licas, corantes e ado\u00e7antes artificiais liberam subst\u00e2ncias inflamat\u00f3rias que favorecem a forma\u00e7\u00e3o da beta-amiloide. \t\u2022\tOuvidos: infec\u00e7\u00f5es repetidas e produtos qu\u00edmicos pr\u00f3ximos ao canal auditivo podem gerar inflama\u00e7\u00e3o que afeta o sistema nervoso. \t\u2022\tOlhos: polui\u00e7\u00e3o e part\u00edculas microsc\u00f3picas entram pelas vias lacrimais e, pela proximidade com o nervo \u00f3ptico, atingem o sistema nervoso central. \t\u2022\tNariz: \u00e9 a via mais r\u00e1pida \u2014 part\u00edculas de polui\u00e7\u00e3o e produtos qu\u00edmicos inalados chegam ao c\u00e9rebro em minutos pelo nervo olfat\u00f3rio, sem barreiras protetoras. E existe um fator decisivo: o sono. Durante o sono profundo, o c\u00e9rebro ativa o sistema glinf\u00e1tico, que funciona como uma faxina noturna, removendo toxinas, inclusive a beta-amiloide. Se voc\u00ea n\u00e3o dorme bem ou dorme pouco, essa limpeza n\u00e3o acontece direito, e as toxinas se acumulam, aumentando o risco de Alzheimer. Agora que voc\u00ea sabe como essas toxinas entram e como o sono \u00e9 essencial para elimin\u00e1-las, \u00e9 hora de aprender a reconhecer os sinais de que o seu c\u00e9rebro pode estar pedindo socorro. Na palestra Os 7 Sinais que o Seu C\u00e9rebro Est\u00e1 Pedindo Socorro \u2013 Edi\u00e7\u00e3o de Agosto, eu vou te mostrar de forma clara e cient\u00edfica quais s\u00e3o esses sinais, por que eles aparecem e o que fazer para reverter o risco antes que seja tarde. Se voc\u00ea quer garantir a sua vaga e proteger a sua mem\u00f3ria, digite a palavra Palestra nos coment\u00e1rios que minha equipe vai entrar em contato com todas as informa\u00e7\u00f5es.<\/p> <a target=\"_blank\" title=\"\u266c som original - Ros\u00e2ngela Haydem\" href=\"https:\/\/www.tiktok.com\/music\/som-original-7536742059356392197?refer=embed\">\u266c som original &#8211; Ros\u00e2ngela Haydem<\/a> <\/section> <\/blockquote> <script async src=\"https:\/\/www.tiktok.com\/embed.js\"><\/script>\n\n\n\n<h2 class=\"wp-block-heading\">O que \u00e9 a magnetoencefalografia e sua import\u00e2ncia no Alzheimer<\/h2>\n\n\n\n<p>A <strong>magnetoencefalografia (MEG)<\/strong> \u00e9 um exame que registra os campos magn\u00e9ticos produzidos pela atividade el\u00e9trica dos neur\u00f4nios, com alta precis\u00e3o temporal em milissegundos. Diferentemente de outros m\u00e9todos, a MEG permite observar o c\u00e9rebro em repouso ou durante tarefas cognitivas de forma <strong>n\u00e3o invasiva, indolor e segura<\/strong>, facilitando seu uso em idosos e pessoas com altera\u00e7\u00f5es cognitivas.<\/p>\n\n\n\n<p>No estudo recente, a t\u00e9cnica foi utilizada em pessoas com <strong>comprometimento cognitivo leve<\/strong>, condi\u00e7\u00e3o que frequentemente antecede o Alzheimer. Em repouso, a MEG registrou suas ondas cerebrais e revelou diferen\u00e7as claras entre quem evoluiu para a doen\u00e7a nos anos seguintes e quem manteve <strong>desempenho cognitivo est\u00e1vel<\/strong>, sugerindo um potencial papel preditivo.<\/p>\n\n\n\n<h2 class=\"wp-block-heading\">Como as ondas beta se tornam marcador precoce do Alzheimer<\/h2>\n\n\n\n<p>As ondas beta s\u00e3o um tipo de atividade el\u00e9trica do c\u00e9rebro associada \u00e0 aten\u00e7\u00e3o, ao racioc\u00ednio e \u00e0 comunica\u00e7\u00e3o entre diferentes \u00e1reas cerebrais. Em fases iniciais do Alzheimer, estudos mostram <strong>altera\u00e7\u00f5es na intensidade e na sincroniza\u00e7\u00e3o dessas ondas<\/strong>, especialmente em regi\u00f5es ligadas \u00e0 mem\u00f3ria. Essas mudan\u00e7as podem surgir antes mesmo dos sintomas cl\u00ednicos evidentes.<\/p>\n\n\n\n<p>Por isso, as ondas beta v\u00eam sendo estudadas como <strong>marcadores precoces da doen\u00e7a<\/strong>, detect\u00e1veis por exames como o eletroencefalograma (EEG). A redu\u00e7\u00e3o da coordena\u00e7\u00e3o dessas ondas indica falhas na comunica\u00e7\u00e3o neural causadas pela degenera\u00e7\u00e3o progressiva dos neur\u00f4nios. Identificar essas altera\u00e7\u00f5es cedo pode ajudar no diagn\u00f3stico antecipado e em interven\u00e7\u00f5es mais eficazes.<\/p>\n\n\n\n<h2 class=\"wp-block-heading\">Qual o papel dos beta bursts no controle cognitivo<\/h2>\n\n\n\n<p>Pesquisas indicam que esses <em>beta bursts<\/em> funcionam como um tipo de <strong>\u201cfreio cognitivo\u201d<\/strong>, ajudando o c\u00e9rebro a filtrar informa\u00e7\u00f5es irrelevantes e controlar respostas autom\u00e1ticas. Quando esses sinais se tornam mais curtos e menos potentes, a capacidade de inibir est\u00edmulos desnecess\u00e1rios se fragiliza, afetando <strong>aten\u00e7\u00e3o, planejamento<\/strong> e mem\u00f3ria de trabalho.<\/p>\n\n\n\n<p>Essa perda de controle inibit\u00f3rio \u00e9 vista como pe\u00e7a importante no quebra-cabe\u00e7a do <strong>decl\u00ednio cognitivo<\/strong>. Estudos recentes sugerem que o padr\u00e3o dos bursts pode ser quantificado de forma objetiva, abrindo espa\u00e7o para protocolos padronizados de avalia\u00e7\u00e3o do risco de Alzheimer em est\u00e1gios muito iniciais.<\/p>\n\n\n\n<ul class=\"wp-block-list\">\n<li><strong>Menor taxa<\/strong> de ondas beta: indica redu\u00e7\u00e3o geral da atividade associada ao controle cognitivo.<\/li>\n\n\n\n<li><strong>Menor pot\u00eancia<\/strong>: sugere enfraquecimento da comunica\u00e7\u00e3o entre circuitos neurais.<\/li>\n\n\n\n<li><strong>Dura\u00e7\u00e3o mais curta<\/strong>: pode refletir dificuldade em manter o c\u00e9rebro em estado est\u00e1vel durante tarefas mentais.<\/li>\n<\/ul>\n\n\n\n<p>Esses elementos combinados formam um padr\u00e3o que, de acordo com os dados observados, poderia <strong>prever a progress\u00e3o da doen\u00e7a<\/strong> em um intervalo de cerca de dois anos e meio. Assim, a atividade das ondas beta se apresenta como poss\u00edvel <strong>ferramenta de triagem<\/strong> para identificar pessoas em maior risco de desenvolver Alzheimer.<\/p>\n\n\n\n<figure class=\"wp-block-image size-large\"><img decoding=\"async\" width=\"1024\" height=\"576\" src=\"https:\/\/www.correiobraziliense.com.br\/cbradar\/wp-content\/uploads\/2026\/01\/\u2705-BANNER-MYTH-31-3-1024x576.png\" alt=\"Um sinal cerebral oculto pode prever o Alzheimer anos antes do diagn\u00f3stico\" class=\"wp-image-177831\" srcset=\"https:\/\/www.correiobraziliense.com.br\/cbradar\/wp-content\/uploads\/2026\/01\/\u2705-BANNER-MYTH-31-3-1024x576.png 1024w, https:\/\/www.correiobraziliense.com.br\/cbradar\/wp-content\/uploads\/2026\/01\/\u2705-BANNER-MYTH-31-3-300x169.png 300w, https:\/\/www.correiobraziliense.com.br\/cbradar\/wp-content\/uploads\/2026\/01\/\u2705-BANNER-MYTH-31-3-768x432.png 768w, https:\/\/www.correiobraziliense.com.br\/cbradar\/wp-content\/uploads\/2026\/01\/\u2705-BANNER-MYTH-31-3-750x422.png 750w, https:\/\/www.correiobraziliense.com.br\/cbradar\/wp-content\/uploads\/2026\/01\/\u2705-BANNER-MYTH-31-3-1140x641.png 1140w, https:\/\/www.correiobraziliense.com.br\/cbradar\/wp-content\/uploads\/2026\/01\/\u2705-BANNER-MYTH-31-3.png 1280w\" sizes=\"(max-width: 1024px) 100vw, 1024px\" \/><figcaption class=\"wp-element-caption\">Detecte Alzheimer cedo com MEG: ganhe anos preciosos para preven\u00e7\u00e3o, preservando mem\u00f3ria e autonomia em c\u00e9rebros saud\u00e1veis vibrantes!<\/figcaption><\/figure>\n\n\n\n<h2 class=\"wp-block-heading\">Como a magnetoencefalografia apoia o diagn\u00f3stico precoce<\/h2>\n\n\n\n<p>O uso da <strong>magnetoencefalografia no diagn\u00f3stico precoce do Alzheimer<\/strong> \u00e9 estudado como complemento a outros exames da pr\u00e1tica cl\u00ednica, como testes neuropsicol\u00f3gicos, resson\u00e2ncia magn\u00e9tica e biomarcadores no sangue ou l\u00edquor. A MEG n\u00e3o substitui esses m\u00e9todos, mas acrescenta uma <strong>camada funcional<\/strong> de informa\u00e7\u00e3o sobre o c\u00e9rebro em tempo real.<\/p>\n\n\n\n<p>Combinada a avalia\u00e7\u00f5es cl\u00ednicas e laboratoriais, a MEG pode ajudar a compor um perfil mais completo do paciente. Isso inclui identificar risco, acompanhar a evolu\u00e7\u00e3o e avaliar se <strong>interven\u00e7\u00f5es terap\u00eauticas<\/strong> conseguem modular os padr\u00f5es de ondas beta de forma favor\u00e1vel ao desempenho cognitivo.<\/p>\n\n\n\n<ol class=\"wp-block-list\">\n<li><strong>Identifica\u00e7\u00e3o de risco:<\/strong> medir padr\u00f5es at\u00edpicos de ondas beta em pessoas com queixas de mem\u00f3ria ou comprometimento cognitivo leve.<\/li>\n\n\n\n<li><strong>Acompanhamento da progress\u00e3o:<\/strong> repetir o exame ao longo do tempo para verificar se o padr\u00e3o de atividade cerebral se mant\u00e9m est\u00e1vel ou se deteriora.<\/li>\n\n\n\n<li><strong>Avalia\u00e7\u00e3o de respostas terap\u00eauticas:<\/strong> observar se tratamentos experimentais ou aprovados conseguem normalizar, ao menos em parte, os padr\u00f5es de ondas beta.<\/li>\n<\/ol>\n\n\n\n<p>Pesquisadores tamb\u00e9m utilizam <strong>modelos computacionais<\/strong> para simular como altera\u00e7\u00f5es em redes neurais poderiam gerar os padr\u00f5es de MEG observados em pessoas com alto risco de Alzheimer. Ao reproduzir esse comportamento em ambiente virtual, torna-se poss\u00edvel testar, de forma controlada, quais tipos de interven\u00e7\u00e3o te\u00f3rica poderiam restaurar o <strong>equil\u00edbrio entre excita\u00e7\u00e3o e inibi\u00e7\u00e3o<\/strong> no c\u00e9rebro.<\/p>\n\n\n\n<h2 class=\"wp-block-heading\">Quais s\u00e3o os desafios e pr\u00f3ximos passos nessa pesquisa<\/h2>\n\n\n\n<p>Apesar dos resultados promissores, o uso das <strong>ondas cerebrais como biomarcador do Alzheimer<\/strong> ainda enfrenta desafios importantes. \u00c9 necess\u00e1rio reproduzir os achados em grupos maiores e mais diversos, com diferentes faixas et\u00e1rias, n\u00edveis de escolaridade e condi\u00e7\u00f5es cl\u00ednicas, garantindo que o marcador seja <strong>confi\u00e1vel em m\u00faltiplos contextos<\/strong> e popula\u00e7\u00f5es.<\/p>\n\n\n\n<p>Outra quest\u00e3o \u00e9 a <strong>padroniza\u00e7\u00e3o da an\u00e1lise dos dados de MEG<\/strong>. A abordagem baseada em bursts individuais exige t\u00e9cnicas anal\u00edticas mais sofisticadas, softwares especializados e equipes treinadas, al\u00e9m de estudos de custo-efetividade para avaliar sua inser\u00e7\u00e3o em sistemas p\u00fablicos e privados de sa\u00fade.<\/p>\n\n\n\n<ul class=\"wp-block-list\">\n<li>Necessidade de <strong>valida\u00e7\u00e3o em m\u00faltiplos centros de pesquisa<\/strong> ao redor do mundo.<\/li>\n\n\n\n<li>Defini\u00e7\u00e3o de <strong>protocolos cl\u00ednicos<\/strong> que indiquem em quais casos a MEG deve ser solicitada.<\/li>\n\n\n\n<li>Avalia\u00e7\u00e3o de <strong>custos e acessibilidade<\/strong> do exame em diferentes sistemas de sa\u00fade.<\/li>\n<\/ul>\n\n\n\n<p>Mesmo com essas quest\u00f5es em aberto, a ideia de usar uma <strong>mudan\u00e7a sutil nas ondas cerebrais como marcador precoce<\/strong> vem ganhando for\u00e7a. A expectativa \u00e9 que, com o avan\u00e7o de estudos longitudinais e modelos computacionais, a magnetoencefalografia e a an\u00e1lise de ondas beta passem a integrar o conjunto de ferramentas para <strong>detectar e monitorar o Alzheimer em est\u00e1gios iniciais<\/strong>, ampliando janelas de interven\u00e7\u00e3o e planejamento de cuidados.<\/p>\n","protected":false},"excerpt":{"rendered":"<p>Novo estudo revela ondas cerebrais como biomarcador precoce do Alzheimer, prevendo a doen\u00e7a anos antes e apoiando diagn\u00f3stico e tratamento iniciais.<\/p>\n","protected":false},"author":3,"featured_media":179721,"comment_status":"open","ping_status":"open","sticky":false,"template":"","format":"standard","meta":{"_yoast_wpseo_focuskw":"sinal de alzheimer","_yoast_wpseo_title":"%%title%%","_yoast_wpseo_metadesc":"Novo estudo revela ondas cerebrais como biomarcador precoce do Alzheimer, prevendo a doen\u00e7a anos antes e apoiando diagn\u00f3stico e tratamento iniciais.","jnews-multi-image_gallery":[],"jnews_single_post":{"format":"standard"},"jnews_primary_category":[],"jnews_social_meta":[],"jnews_override_counter":[],"footnotes":""},"categories":[112],"post_tag":[2304,3559,144,565],"class_list":["post-177829","post","type-post","status-publish","format-standard","has-post-thumbnail","hentry","category-curiosidades","tag-alzheimer","tag-corpo-humano","tag-curiosidades","tag-saude"],"yoast_head":"<!-- This site is optimized with the Yoast SEO plugin v24.6 - https:\/\/yoast.com\/wordpress\/plugins\/seo\/ -->\n<title>Um sinal cerebral oculto pode prever o Alzheimer anos antes do diagn\u00f3stico<\/title>\n<meta name=\"description\" content=\"Novo estudo revela ondas cerebrais como biomarcador precoce do Alzheimer, prevendo a doen\u00e7a anos antes e apoiando diagn\u00f3stico e tratamento iniciais.\" \/>\n<meta name=\"robots\" content=\"index, follow, max-snippet:-1, max-image-preview:large, max-video-preview:-1\" \/>\n<link rel=\"canonical\" href=\"https:\/\/www.correiobraziliense.com.br\/cbradar\/um-sinal-cerebral-oculto-pode-prever-o-alzheimer-anos-antes-do-diagnostico\/\" \/>\n<meta property=\"og:locale\" content=\"pt_BR\" \/>\n<meta property=\"og:type\" content=\"article\" \/>\n<meta property=\"og:title\" content=\"Um sinal cerebral oculto pode prever o Alzheimer anos antes do diagn\u00f3stico\" \/>\n<meta property=\"og:description\" content=\"Novo estudo revela ondas cerebrais como biomarcador precoce do Alzheimer, prevendo a doen\u00e7a anos antes e apoiando diagn\u00f3stico e tratamento iniciais.\" \/>\n<meta property=\"og:url\" content=\"https:\/\/www.correiobraziliense.com.br\/cbradar\/um-sinal-cerebral-oculto-pode-prever-o-alzheimer-anos-antes-do-diagnostico\/\" \/>\n<meta property=\"og:site_name\" content=\"Correio Braziliense - Radar\" \/>\n<meta property=\"article:published_time\" content=\"2026-01-23T22:35:00+00:00\" \/>\n<meta property=\"og:image\" content=\"https:\/\/www.correiobraziliense.com.br\/cbradar\/wp-content\/uploads\/2026\/01\/Alzheimer_1769111215210-1.jpg\" \/>\n\t<meta property=\"og:image:width\" content=\"1280\" \/>\n\t<meta property=\"og:image:height\" content=\"720\" \/>\n\t<meta property=\"og:image:type\" content=\"image\/jpeg\" \/>\n<meta name=\"author\" content=\"Larissa Carvalho\" \/>\n<meta name=\"twitter:card\" content=\"summary_large_image\" \/>\n<meta name=\"twitter:label1\" content=\"Escrito por\" \/>\n\t<meta name=\"twitter:data1\" content=\"Larissa Carvalho\" \/>\n\t<meta name=\"twitter:label2\" content=\"Est. tempo de leitura\" \/>\n\t<meta name=\"twitter:data2\" content=\"7 minutos\" \/>\n<!-- \/ Yoast SEO plugin. -->","yoast_head_json":{"title":"Um sinal cerebral oculto pode prever o Alzheimer anos antes do diagn\u00f3stico","description":"Novo estudo revela ondas cerebrais como biomarcador precoce do Alzheimer, prevendo a doen\u00e7a anos antes e apoiando diagn\u00f3stico e tratamento iniciais.","robots":{"index":"index","follow":"follow","max-snippet":"max-snippet:-1","max-image-preview":"max-image-preview:large","max-video-preview":"max-video-preview:-1"},"canonical":"https:\/\/www.correiobraziliense.com.br\/cbradar\/um-sinal-cerebral-oculto-pode-prever-o-alzheimer-anos-antes-do-diagnostico\/","og_locale":"pt_BR","og_type":"article","og_title":"Um sinal cerebral oculto pode prever o Alzheimer anos antes do diagn\u00f3stico","og_description":"Novo estudo revela ondas cerebrais como biomarcador precoce do Alzheimer, prevendo a doen\u00e7a anos antes e apoiando diagn\u00f3stico e tratamento iniciais.","og_url":"https:\/\/www.correiobraziliense.com.br\/cbradar\/um-sinal-cerebral-oculto-pode-prever-o-alzheimer-anos-antes-do-diagnostico\/","og_site_name":"Correio Braziliense - Radar","article_published_time":"2026-01-23T22:35:00+00:00","og_image":[{"width":1280,"height":720,"url":"https:\/\/www.correiobraziliense.com.br\/cbradar\/wp-content\/uploads\/2026\/01\/Alzheimer_1769111215210-1.jpg","type":"image\/jpeg"}],"author":"Larissa Carvalho","twitter_card":"summary_large_image","twitter_misc":{"Escrito por":"Larissa Carvalho","Est. tempo de leitura":"7 minutos"},"schema":{"@context":"https:\/\/schema.org","@graph":[{"@type":"WebPage","@id":"https:\/\/www.correiobraziliense.com.br\/cbradar\/um-sinal-cerebral-oculto-pode-prever-o-alzheimer-anos-antes-do-diagnostico\/","url":"https:\/\/www.correiobraziliense.com.br\/cbradar\/um-sinal-cerebral-oculto-pode-prever-o-alzheimer-anos-antes-do-diagnostico\/","name":"Um sinal cerebral oculto pode prever o Alzheimer anos antes do diagn\u00f3stico","isPartOf":{"@id":"https:\/\/www.correiobraziliense.com.br\/cbradar\/#website"},"primaryImageOfPage":{"@id":"https:\/\/www.correiobraziliense.com.br\/cbradar\/um-sinal-cerebral-oculto-pode-prever-o-alzheimer-anos-antes-do-diagnostico\/#primaryimage"},"image":{"@id":"https:\/\/www.correiobraziliense.com.br\/cbradar\/um-sinal-cerebral-oculto-pode-prever-o-alzheimer-anos-antes-do-diagnostico\/#primaryimage"},"thumbnailUrl":"https:\/\/www.correiobraziliense.com.br\/cbradar\/wp-content\/uploads\/2026\/01\/Alzheimer_1769111215210-1.jpg","datePublished":"2026-01-23T22:35:00+00:00","author":{"@id":"https:\/\/www.correiobraziliense.com.br\/cbradar\/#\/schema\/person\/58422787644df994b53a19d3e56c1513"},"description":"Novo estudo revela ondas cerebrais como biomarcador precoce do Alzheimer, prevendo a doen\u00e7a anos antes e apoiando diagn\u00f3stico e tratamento iniciais.","breadcrumb":{"@id":"https:\/\/www.correiobraziliense.com.br\/cbradar\/um-sinal-cerebral-oculto-pode-prever-o-alzheimer-anos-antes-do-diagnostico\/#breadcrumb"},"inLanguage":"pt-BR","potentialAction":[{"@type":"ReadAction","target":["https:\/\/www.correiobraziliense.com.br\/cbradar\/um-sinal-cerebral-oculto-pode-prever-o-alzheimer-anos-antes-do-diagnostico\/"]}]},{"@type":"ImageObject","inLanguage":"pt-BR","@id":"https:\/\/www.correiobraziliense.com.br\/cbradar\/um-sinal-cerebral-oculto-pode-prever-o-alzheimer-anos-antes-do-diagnostico\/#primaryimage","url":"https:\/\/www.correiobraziliense.com.br\/cbradar\/wp-content\/uploads\/2026\/01\/Alzheimer_1769111215210-1.jpg","contentUrl":"https:\/\/www.correiobraziliense.com.br\/cbradar\/wp-content\/uploads\/2026\/01\/Alzheimer_1769111215210-1.jpg","width":1280,"height":720,"caption":"Altera\u00e7\u00f5es na atividade el\u00e9trica do c\u00e9rebro podem indicar risco de Alzheimer antecipadamente - Cr\u00e9ditos: depositphotos.com \/ AndrewLozovyi"},{"@type":"BreadcrumbList","@id":"https:\/\/www.correiobraziliense.com.br\/cbradar\/um-sinal-cerebral-oculto-pode-prever-o-alzheimer-anos-antes-do-diagnostico\/#breadcrumb","itemListElement":[{"@type":"ListItem","position":1,"name":"In\u00edcio","item":"https:\/\/www.correiobraziliense.com.br\/cbradar\/"},{"@type":"ListItem","position":2,"name":"Um sinal cerebral oculto pode prever o Alzheimer anos antes do diagn\u00f3stico"}]},{"@type":"WebSite","@id":"https:\/\/www.correiobraziliense.com.br\/cbradar\/#website","url":"https:\/\/www.correiobraziliense.com.br\/cbradar\/","name":"Correio Braziliense - Radar","description":"Acompanhe as \u00faltimas not\u00edcias e fique bem informado sobre tudo o que acontece no Brasil e no mundo.","potentialAction":[{"@type":"SearchAction","target":{"@type":"EntryPoint","urlTemplate":"https:\/\/www.correiobraziliense.com.br\/cbradar\/?s={search_term_string}"},"query-input":{"@type":"PropertyValueSpecification","valueRequired":true,"valueName":"search_term_string"}}],"inLanguage":"pt-BR"},{"@type":"Person","@id":"https:\/\/www.correiobraziliense.com.br\/cbradar\/#\/schema\/person\/58422787644df994b53a19d3e56c1513","name":"Larissa Carvalho","image":{"@type":"ImageObject","inLanguage":"pt-BR","@id":"https:\/\/www.correiobraziliense.com.br\/cbradar\/#\/schema\/person\/image\/","url":"https:\/\/secure.gravatar.com\/avatar\/fe4f91a0de32b52a838d0d612abdc1aa?s=96&d=mm&r=g","contentUrl":"https:\/\/secure.gravatar.com\/avatar\/fe4f91a0de32b52a838d0d612abdc1aa?s=96&d=mm&r=g","caption":"Larissa Carvalho"},"url":"https:\/\/www.correiobraziliense.com.br\/cbradar\/author\/larissamyth\/"}]}},"_links":{"self":[{"href":"https:\/\/www.correiobraziliense.com.br\/cbradar\/wp-json\/wp\/v2\/posts\/177829","targetHints":{"allow":["GET"]}}],"collection":[{"href":"https:\/\/www.correiobraziliense.com.br\/cbradar\/wp-json\/wp\/v2\/posts"}],"about":[{"href":"https:\/\/www.correiobraziliense.com.br\/cbradar\/wp-json\/wp\/v2\/types\/post"}],"author":[{"embeddable":true,"href":"https:\/\/www.correiobraziliense.com.br\/cbradar\/wp-json\/wp\/v2\/users\/3"}],"replies":[{"embeddable":true,"href":"https:\/\/www.correiobraziliense.com.br\/cbradar\/wp-json\/wp\/v2\/comments?post=177829"}],"version-history":[{"count":3,"href":"https:\/\/www.correiobraziliense.com.br\/cbradar\/wp-json\/wp\/v2\/posts\/177829\/revisions"}],"predecessor-version":[{"id":179757,"href":"https:\/\/www.correiobraziliense.com.br\/cbradar\/wp-json\/wp\/v2\/posts\/177829\/revisions\/179757"}],"wp:featuredmedia":[{"embeddable":true,"href":"https:\/\/www.correiobraziliense.com.br\/cbradar\/wp-json\/wp\/v2\/media\/179721"}],"wp:attachment":[{"href":"https:\/\/www.correiobraziliense.com.br\/cbradar\/wp-json\/wp\/v2\/media?parent=177829"}],"wp:term":[{"taxonomy":"category","embeddable":true,"href":"https:\/\/www.correiobraziliense.com.br\/cbradar\/wp-json\/wp\/v2\/categories?post=177829"},{"taxonomy":"post_tag","embeddable":true,"href":"https:\/\/www.correiobraziliense.com.br\/cbradar\/wp-json\/wp\/v2\/post_tag?post=177829"}],"curies":[{"name":"wp","href":"https:\/\/api.w.org\/{rel}","templated":true}]}}