{"id":177837,"date":"2026-01-24T20:55:00","date_gmt":"2026-01-24T23:55:00","guid":{"rendered":"https:\/\/www.correiobraziliense.com.br\/cbradar\/?p=177837"},"modified":"2026-01-22T17:19:02","modified_gmt":"2026-01-22T20:19:02","slug":"faca-voce-mesmo-uma-cabeceira-estofada-usando-uma-placa-de-madeira-espuma-e-tecido-grampeado-para-decorar-o-quarto-gastando-pouco","status":"publish","type":"post","link":"https:\/\/www.correiobraziliense.com.br\/cbradar\/faca-voce-mesmo-uma-cabeceira-estofada-usando-uma-placa-de-madeira-espuma-e-tecido-grampeado-para-decorar-o-quarto-gastando-pouco\/","title":{"rendered":"Fa\u00e7a voc\u00ea mesmo uma cabeceira estofada usando uma placa de madeira, espuma e tecido grampeado para decorar o quarto gastando pouco"},"content":{"rendered":"\n<p>Transforme a decora\u00e7\u00e3o do seu quarto gastando pouco ao criar uma cabeceira estofada sob medida que rivaliza com pe\u00e7as de lojas de design. Com apenas uma chapa de madeira, espuma e tecido, \u00e9 poss\u00edvel executar esse projeto num \u00fanico fim de semana e economizar drasticamente em compara\u00e7\u00e3o aos modelos prontos.<\/p>\n\n\n\n<h2 class=\"wp-block-heading\">Por que compensa financeiramente fazer em casa?<\/h2>\n\n\n\n<p>A disparidade de pre\u00e7o entre uma cabeceira de loja e o custo dos materiais \u00e9 imensa. Ao comprar pronta, voc\u00ea paga pela marca, transporte, m\u00e3o de obra e lucro do lojista; ao fazer a sua, paga apenas pela mat\u00e9ria-prima bruta, economizando at\u00e9 70% do valor final.<\/p>\n\n\n\n<p>Al\u00e9m da economia, existe a vantagem da personaliza\u00e7\u00e3o total. Voc\u00ea n\u00e3o fica ref\u00e9m das cores padr\u00e3o do mercado e pode escolher um tecido que combine exatamente com a sua roupa de cama ou cortina, al\u00e9m de definir a altura exata para criar a sensa\u00e7\u00e3o de amplitude desejada no quarto.<\/p>\n\n\n\n<figure class=\"wp-block-image aligncenter size-large\"><img decoding=\"async\" width=\"1024\" height=\"576\" src=\"https:\/\/www.correiobraziliense.com.br\/cbradar\/wp-content\/uploads\/2026\/01\/imagem_2026-01-18_145719841-1024x576.png\" alt=\"Cabeceira estofada feita com madeira, espuma e tecido para decorar o quarto gastando pouco\n\" class=\"wp-image-177840\" srcset=\"https:\/\/www.correiobraziliense.com.br\/cbradar\/wp-content\/uploads\/2026\/01\/imagem_2026-01-18_145719841-1024x576.png 1024w, https:\/\/www.correiobraziliense.com.br\/cbradar\/wp-content\/uploads\/2026\/01\/imagem_2026-01-18_145719841-300x169.png 300w, https:\/\/www.correiobraziliense.com.br\/cbradar\/wp-content\/uploads\/2026\/01\/imagem_2026-01-18_145719841-768x432.png 768w, https:\/\/www.correiobraziliense.com.br\/cbradar\/wp-content\/uploads\/2026\/01\/imagem_2026-01-18_145719841-750x422.png 750w, https:\/\/www.correiobraziliense.com.br\/cbradar\/wp-content\/uploads\/2026\/01\/imagem_2026-01-18_145719841-1140x641.png 1140w, https:\/\/www.correiobraziliense.com.br\/cbradar\/wp-content\/uploads\/2026\/01\/imagem_2026-01-18_145719841.png 1280w\" sizes=\"(max-width: 1024px) 100vw, 1024px\" \/><figcaption class=\"wp-element-caption\">Cabeceira estofada feita com madeira, espuma e tecido para decorar o quarto gastando pouco\n<\/figcaption><\/figure>\n\n\n\n<h2 class=\"wp-block-heading\">Quais os materiais essenciais para um acabamento profissional?<\/h2>\n\n\n\n<p>Para que a pe\u00e7a n\u00e3o pare\u00e7a amadora e tenha longa durabilidade, a escolha dos itens corretos \u00e9 crucial. Evite tecidos muito finos que rasgam ao esticar e madeiras muito finas que envergam.<\/p>\n\n\n\n<p>A lista de compras para uma cabeceira de casal padr\u00e3o inclui:<\/p>\n\n\n\n<ul class=\"wp-block-list\">\n<li><strong>Estrutura:<\/strong> 1 placa de MDF ou compensado naval (espessura m\u00ednima de 10mm).<\/li>\n\n\n\n<li><strong>Estofamento:<\/strong> Espuma D28 (3 a 5 cm de altura) e Manta Acr\u00edlica (para arredondar as quinas).<\/li>\n\n\n\n<li><strong>Revestimento:<\/strong> Tecido de tape\u00e7aria (Suede, Linho, Veludo ou Couro Sint\u00e9tico).<\/li>\n\n\n\n<li><strong>Ferramentas:<\/strong> Cola de contato (ou spray), grampeador de tapeceiro e suporte &#8220;m\u00e3o amiga&#8221; para fixa\u00e7\u00e3o.<\/li>\n<\/ul>\n\n\n\n<p>Leia tamb\u00e9m: <a href=\"https:\/\/www.correiobraziliense.com.br\/cbradar\/teto-alto-vs-teto-baixo-como-a-altura-do-pe-direito-muda-a-sua-criatividade-ou-foco\/\" target=\"_blank\" rel=\"noreferrer noopener\">Teto alto vs Teto baixo: como a altura do p\u00e9-direito muda a sua criatividade ou foco<\/a><\/p>\n\n\n\n<h2 class=\"wp-block-heading\">Como preparar a base para receber o tecido?<\/h2>\n\n\n\n<p>O primeiro passo \u00e9 cortar a madeira na largura da cama e colar a placa de espuma sobre ela usando a cola de contato. O segredo dos tapeceiros profissionais entra agora: a aplica\u00e7\u00e3o da manta acr\u00edlica por cima da espuma.<\/p>\n\n\n\n<p>A manta deve envolver todo o conjunto (frente e laterais), virando para a parte de tr\u00e1s da madeira. Isso serve para suavizar as arestas duras do MDF, impedindo que a madeira rasgue o tecido final e garantindo aquele toque &#8220;fofinho&#8221; e arredondado t\u00edpico de m\u00f3veis de luxo.<\/p>\n\n\n\n<figure class=\"wp-block-image aligncenter size-large\"><img decoding=\"async\" width=\"1024\" height=\"576\" src=\"https:\/\/www.correiobraziliense.com.br\/cbradar\/wp-content\/uploads\/2026\/01\/imagem_2026-01-18_145948952-1024x576.png\" alt=\"Cabeceira estofada feita com madeira, espuma e tecido para decorar o quarto gastando pouco\n\" class=\"wp-image-177841\" srcset=\"https:\/\/www.correiobraziliense.com.br\/cbradar\/wp-content\/uploads\/2026\/01\/imagem_2026-01-18_145948952-1024x576.png 1024w, https:\/\/www.correiobraziliense.com.br\/cbradar\/wp-content\/uploads\/2026\/01\/imagem_2026-01-18_145948952-300x169.png 300w, https:\/\/www.correiobraziliense.com.br\/cbradar\/wp-content\/uploads\/2026\/01\/imagem_2026-01-18_145948952-768x432.png 768w, https:\/\/www.correiobraziliense.com.br\/cbradar\/wp-content\/uploads\/2026\/01\/imagem_2026-01-18_145948952-750x422.png 750w, https:\/\/www.correiobraziliense.com.br\/cbradar\/wp-content\/uploads\/2026\/01\/imagem_2026-01-18_145948952-1140x641.png 1140w, https:\/\/www.correiobraziliense.com.br\/cbradar\/wp-content\/uploads\/2026\/01\/imagem_2026-01-18_145948952.png 1280w\" sizes=\"(max-width: 1024px) 100vw, 1024px\" \/><figcaption class=\"wp-element-caption\">Cabeceira estofada feita com madeira, espuma e tecido para decorar o quarto gastando pouco\n<\/figcaption><\/figure>\n\n\n\n<h2 class=\"wp-block-heading\">Qual o segredo para grampear sem deixar rugas?<\/h2>\n\n\n\n<p>A t\u00e9cnica de grampear define o sucesso do projeto. Coloque o tecido com a face para baixo no ch\u00e3o limpo, posicione a cabeceira sobre ele e comece grampeando sempre pelo <strong>centro<\/strong> de cada lado, puxando o tecido com firmeza para criar tens\u00e3o.<\/p>\n\n\n\n<p>Siga grampeando do centro em dire\u00e7\u00e3o \u00e0s pontas, mas pare antes de chegar nos cantos. Para as quinas, fa\u00e7a uma dobra estilo &#8220;embrulho de presente&#8221;, puxando o excesso para a parte de tr\u00e1s e grampeando firmemente para que o canto fique reto e vertical na parte vis\u00edvel.<\/p>\n\n\n\n<h2 class=\"wp-block-heading\">Como fixar a cabeceira na parede com seguran\u00e7a?<\/h2>\n\n\n\n<p>Evite colar a cabeceira diretamente na parede com fitas adesivas, pois o peso da madeira somado ao tecido \u00e9 alto. A melhor forma de fixa\u00e7\u00e3o \u00e9 o sistema de <strong>&#8220;M\u00e3o Amiga&#8221;<\/strong> (French Cleat).<\/p>\n\n\n\n<p>Esse sistema consiste em parafusar uma ripa de madeira cortada em 45 graus na parede e outra pe\u00e7a encaix\u00e1vel na parte de tr\u00e1s da cabeceira. Isso permite que a pe\u00e7a fique perfeitamente nivelada e possa ser removida facilmente para limpeza ou mudan\u00e7a, sem danificar a pintura.<\/p>\n","protected":false},"excerpt":{"rendered":"<p>Transforme a decora\u00e7\u00e3o do seu quarto gastando pouco ao criar uma cabeceira estofada sob medida que rivaliza com pe\u00e7as de lojas de design. Com apenas uma chapa de madeira, espuma e tecido, \u00e9 poss\u00edvel executar esse projeto num \u00fanico fim de semana e economizar drasticamente em compara\u00e7\u00e3o aos modelos prontos. Por que compensa financeiramente fazer [&hellip;]<\/p>\n","protected":false},"author":11,"featured_media":179732,"comment_status":"open","ping_status":"open","sticky":false,"template":"","format":"standard","meta":{"_yoast_wpseo_focuskw":"Cabeceira estofada","_yoast_wpseo_title":"","_yoast_wpseo_metadesc":"Cabeceira estofada feita em casa com madeira, espuma e tecido grampeado renova o quarto com charme, conforto e baixo investimento","jnews-multi-image_gallery":[],"jnews_single_post":{"format":"standard"},"jnews_primary_category":[],"jnews_social_meta":[],"jnews_override_counter":[],"footnotes":""},"categories":[143],"post_tag":[14186,887,1330],"class_list":["post-177837","post","type-post","status-publish","format-standard","has-post-thumbnail","hentry","category-casa-e-decoracao","tag-cabeceira","tag-casa","tag-diy"],"yoast_head":"<!-- This site is optimized with the Yoast SEO plugin v24.6 - https:\/\/yoast.com\/wordpress\/plugins\/seo\/ -->\n<title>Fa\u00e7a voc\u00ea mesmo uma cabeceira estofada usando uma placa de madeira, espuma e tecido grampeado para decorar o quarto gastando pouco - Correio Braziliense - Radar<\/title>\n<meta name=\"description\" content=\"Cabeceira estofada feita em casa com madeira, espuma e tecido grampeado renova o quarto com charme, conforto e baixo investimento\" \/>\n<meta name=\"robots\" content=\"index, follow, max-snippet:-1, max-image-preview:large, max-video-preview:-1\" \/>\n<link rel=\"canonical\" href=\"https:\/\/www.correiobraziliense.com.br\/cbradar\/faca-voce-mesmo-uma-cabeceira-estofada-usando-uma-placa-de-madeira-espuma-e-tecido-grampeado-para-decorar-o-quarto-gastando-pouco\/\" \/>\n<meta property=\"og:locale\" content=\"pt_BR\" \/>\n<meta property=\"og:type\" content=\"article\" \/>\n<meta property=\"og:title\" content=\"Fa\u00e7a voc\u00ea mesmo uma cabeceira estofada usando uma placa de madeira, espuma e tecido grampeado para decorar o quarto gastando pouco - Correio Braziliense - Radar\" \/>\n<meta property=\"og:description\" content=\"Cabeceira estofada feita em casa com madeira, espuma e tecido grampeado renova o quarto com charme, conforto e baixo investimento\" \/>\n<meta property=\"og:url\" content=\"https:\/\/www.correiobraziliense.com.br\/cbradar\/faca-voce-mesmo-uma-cabeceira-estofada-usando-uma-placa-de-madeira-espuma-e-tecido-grampeado-para-decorar-o-quarto-gastando-pouco\/\" \/>\n<meta property=\"og:site_name\" content=\"Correio Braziliense - Radar\" \/>\n<meta property=\"article:published_time\" content=\"2026-01-24T23:55:00+00:00\" \/>\n<meta property=\"og:image\" content=\"https:\/\/www.correiobraziliense.com.br\/cbradar\/wp-content\/uploads\/2026\/01\/freepik__imagem-realista-de-uma-cabeceira-de-cama-estofada__7599.jpeg\" \/>\n\t<meta property=\"og:image:width\" content=\"1280\" \/>\n\t<meta property=\"og:image:height\" content=\"720\" \/>\n\t<meta property=\"og:image:type\" content=\"image\/jpeg\" \/>\n<meta name=\"author\" content=\"Paulo Custodio\" \/>\n<meta name=\"twitter:card\" content=\"summary_large_image\" \/>\n<meta name=\"twitter:label1\" content=\"Escrito por\" \/>\n\t<meta name=\"twitter:data1\" content=\"Paulo Custodio\" \/>\n\t<meta name=\"twitter:label2\" content=\"Est. tempo de leitura\" \/>\n\t<meta name=\"twitter:data2\" content=\"4 minutos\" \/>\n<!-- \/ Yoast SEO plugin. -->","yoast_head_json":{"title":"Fa\u00e7a voc\u00ea mesmo uma cabeceira estofada usando uma placa de madeira, espuma e tecido grampeado para decorar o quarto gastando pouco - Correio Braziliense - Radar","description":"Cabeceira estofada feita em casa com madeira, espuma e tecido grampeado renova o quarto com charme, conforto e baixo investimento","robots":{"index":"index","follow":"follow","max-snippet":"max-snippet:-1","max-image-preview":"max-image-preview:large","max-video-preview":"max-video-preview:-1"},"canonical":"https:\/\/www.correiobraziliense.com.br\/cbradar\/faca-voce-mesmo-uma-cabeceira-estofada-usando-uma-placa-de-madeira-espuma-e-tecido-grampeado-para-decorar-o-quarto-gastando-pouco\/","og_locale":"pt_BR","og_type":"article","og_title":"Fa\u00e7a voc\u00ea mesmo uma cabeceira estofada usando uma placa de madeira, espuma e tecido grampeado para decorar o quarto gastando pouco - Correio Braziliense - Radar","og_description":"Cabeceira estofada feita em casa com madeira, espuma e tecido grampeado renova o quarto com charme, conforto e baixo investimento","og_url":"https:\/\/www.correiobraziliense.com.br\/cbradar\/faca-voce-mesmo-uma-cabeceira-estofada-usando-uma-placa-de-madeira-espuma-e-tecido-grampeado-para-decorar-o-quarto-gastando-pouco\/","og_site_name":"Correio Braziliense - Radar","article_published_time":"2026-01-24T23:55:00+00:00","og_image":[{"width":1280,"height":720,"url":"https:\/\/www.correiobraziliense.com.br\/cbradar\/wp-content\/uploads\/2026\/01\/freepik__imagem-realista-de-uma-cabeceira-de-cama-estofada__7599.jpeg","type":"image\/jpeg"}],"author":"Paulo Custodio","twitter_card":"summary_large_image","twitter_misc":{"Escrito por":"Paulo Custodio","Est. tempo de leitura":"4 minutos"},"schema":{"@context":"https:\/\/schema.org","@graph":[{"@type":"WebPage","@id":"https:\/\/www.correiobraziliense.com.br\/cbradar\/faca-voce-mesmo-uma-cabeceira-estofada-usando-uma-placa-de-madeira-espuma-e-tecido-grampeado-para-decorar-o-quarto-gastando-pouco\/","url":"https:\/\/www.correiobraziliense.com.br\/cbradar\/faca-voce-mesmo-uma-cabeceira-estofada-usando-uma-placa-de-madeira-espuma-e-tecido-grampeado-para-decorar-o-quarto-gastando-pouco\/","name":"Fa\u00e7a voc\u00ea mesmo uma cabeceira estofada usando uma placa de madeira, espuma e tecido grampeado para decorar o quarto gastando pouco - Correio Braziliense - Radar","isPartOf":{"@id":"https:\/\/www.correiobraziliense.com.br\/cbradar\/#website"},"primaryImageOfPage":{"@id":"https:\/\/www.correiobraziliense.com.br\/cbradar\/faca-voce-mesmo-uma-cabeceira-estofada-usando-uma-placa-de-madeira-espuma-e-tecido-grampeado-para-decorar-o-quarto-gastando-pouco\/#primaryimage"},"image":{"@id":"https:\/\/www.correiobraziliense.com.br\/cbradar\/faca-voce-mesmo-uma-cabeceira-estofada-usando-uma-placa-de-madeira-espuma-e-tecido-grampeado-para-decorar-o-quarto-gastando-pouco\/#primaryimage"},"thumbnailUrl":"https:\/\/www.correiobraziliense.com.br\/cbradar\/wp-content\/uploads\/2026\/01\/freepik__imagem-realista-de-uma-cabeceira-de-cama-estofada__7599.jpeg","datePublished":"2026-01-24T23:55:00+00:00","author":{"@id":"https:\/\/www.correiobraziliense.com.br\/cbradar\/#\/schema\/person\/4cec7857301a9a1a2ef249893cd908d3"},"description":"Cabeceira estofada feita em casa com madeira, espuma e tecido grampeado renova o quarto com charme, conforto e baixo investimento","breadcrumb":{"@id":"https:\/\/www.correiobraziliense.com.br\/cbradar\/faca-voce-mesmo-uma-cabeceira-estofada-usando-uma-placa-de-madeira-espuma-e-tecido-grampeado-para-decorar-o-quarto-gastando-pouco\/#breadcrumb"},"inLanguage":"pt-BR","potentialAction":[{"@type":"ReadAction","target":["https:\/\/www.correiobraziliense.com.br\/cbradar\/faca-voce-mesmo-uma-cabeceira-estofada-usando-uma-placa-de-madeira-espuma-e-tecido-grampeado-para-decorar-o-quarto-gastando-pouco\/"]}]},{"@type":"ImageObject","inLanguage":"pt-BR","@id":"https:\/\/www.correiobraziliense.com.br\/cbradar\/faca-voce-mesmo-uma-cabeceira-estofada-usando-uma-placa-de-madeira-espuma-e-tecido-grampeado-para-decorar-o-quarto-gastando-pouco\/#primaryimage","url":"https:\/\/www.correiobraziliense.com.br\/cbradar\/wp-content\/uploads\/2026\/01\/freepik__imagem-realista-de-uma-cabeceira-de-cama-estofada__7599.jpeg","contentUrl":"https:\/\/www.correiobraziliense.com.br\/cbradar\/wp-content\/uploads\/2026\/01\/freepik__imagem-realista-de-uma-cabeceira-de-cama-estofada__7599.jpeg","width":1280,"height":720,"caption":"Uso de madeira, espuma e tecido permite criar pe\u00e7as \u00fanicas em casa"},{"@type":"BreadcrumbList","@id":"https:\/\/www.correiobraziliense.com.br\/cbradar\/faca-voce-mesmo-uma-cabeceira-estofada-usando-uma-placa-de-madeira-espuma-e-tecido-grampeado-para-decorar-o-quarto-gastando-pouco\/#breadcrumb","itemListElement":[{"@type":"ListItem","position":1,"name":"In\u00edcio","item":"https:\/\/www.correiobraziliense.com.br\/cbradar\/"},{"@type":"ListItem","position":2,"name":"Fa\u00e7a voc\u00ea mesmo uma cabeceira estofada usando uma placa de madeira, espuma e tecido grampeado para decorar o quarto gastando pouco"}]},{"@type":"WebSite","@id":"https:\/\/www.correiobraziliense.com.br\/cbradar\/#website","url":"https:\/\/www.correiobraziliense.com.br\/cbradar\/","name":"Correio Braziliense - Radar","description":"Acompanhe as \u00faltimas not\u00edcias e fique bem informado sobre tudo o que acontece no Brasil e no mundo.","potentialAction":[{"@type":"SearchAction","target":{"@type":"EntryPoint","urlTemplate":"https:\/\/www.correiobraziliense.com.br\/cbradar\/?s={search_term_string}"},"query-input":{"@type":"PropertyValueSpecification","valueRequired":true,"valueName":"search_term_string"}}],"inLanguage":"pt-BR"},{"@type":"Person","@id":"https:\/\/www.correiobraziliense.com.br\/cbradar\/#\/schema\/person\/4cec7857301a9a1a2ef249893cd908d3","name":"Paulo Custodio","image":{"@type":"ImageObject","inLanguage":"pt-BR","@id":"https:\/\/www.correiobraziliense.com.br\/cbradar\/#\/schema\/person\/image\/","url":"https:\/\/secure.gravatar.com\/avatar\/bcd67168d1534e8fcf4f45c726a87cea?s=96&d=mm&r=g","contentUrl":"https:\/\/secure.gravatar.com\/avatar\/bcd67168d1534e8fcf4f45c726a87cea?s=96&d=mm&r=g","caption":"Paulo Custodio"},"sameAs":["https:\/\/www.correiobraziliense.com.br\/cbradar"],"url":"https:\/\/www.correiobraziliense.com.br\/cbradar\/author\/paulomyth\/"}]}},"_links":{"self":[{"href":"https:\/\/www.correiobraziliense.com.br\/cbradar\/wp-json\/wp\/v2\/posts\/177837","targetHints":{"allow":["GET"]}}],"collection":[{"href":"https:\/\/www.correiobraziliense.com.br\/cbradar\/wp-json\/wp\/v2\/posts"}],"about":[{"href":"https:\/\/www.correiobraziliense.com.br\/cbradar\/wp-json\/wp\/v2\/types\/post"}],"author":[{"embeddable":true,"href":"https:\/\/www.correiobraziliense.com.br\/cbradar\/wp-json\/wp\/v2\/users\/11"}],"replies":[{"embeddable":true,"href":"https:\/\/www.correiobraziliense.com.br\/cbradar\/wp-json\/wp\/v2\/comments?post=177837"}],"version-history":[{"count":1,"href":"https:\/\/www.correiobraziliense.com.br\/cbradar\/wp-json\/wp\/v2\/posts\/177837\/revisions"}],"predecessor-version":[{"id":177842,"href":"https:\/\/www.correiobraziliense.com.br\/cbradar\/wp-json\/wp\/v2\/posts\/177837\/revisions\/177842"}],"wp:featuredmedia":[{"embeddable":true,"href":"https:\/\/www.correiobraziliense.com.br\/cbradar\/wp-json\/wp\/v2\/media\/179732"}],"wp:attachment":[{"href":"https:\/\/www.correiobraziliense.com.br\/cbradar\/wp-json\/wp\/v2\/media?parent=177837"}],"wp:term":[{"taxonomy":"category","embeddable":true,"href":"https:\/\/www.correiobraziliense.com.br\/cbradar\/wp-json\/wp\/v2\/categories?post=177837"},{"taxonomy":"post_tag","embeddable":true,"href":"https:\/\/www.correiobraziliense.com.br\/cbradar\/wp-json\/wp\/v2\/post_tag?post=177837"}],"curies":[{"name":"wp","href":"https:\/\/api.w.org\/{rel}","templated":true}]}}