{"id":177867,"date":"2026-01-25T13:25:00","date_gmt":"2026-01-25T16:25:00","guid":{"rendered":"https:\/\/www.correiobraziliense.com.br\/cbradar\/?p=177867"},"modified":"2026-01-24T11:25:43","modified_gmt":"2026-01-24T14:25:43","slug":"fim-das-prateleiras-abertas-na-cozinha-por-que-os-armarios-fechados-voltaram-a-ser-regra","status":"publish","type":"post","link":"https:\/\/www.correiobraziliense.com.br\/cbradar\/fim-das-prateleiras-abertas-na-cozinha-por-que-os-armarios-fechados-voltaram-a-ser-regra\/","title":{"rendered":"Fim das prateleiras abertas na cozinha? Por que os arm\u00e1rios fechados voltaram a ser regra"},"content":{"rendered":"\n<p>As prateleiras abertas, antes estrelas absolutas do design de interiores e do Pinterest, est\u00e3o a perder o trono para o regresso triunfal dos arm\u00e1rios totalmente fechados. A procura por praticidade na limpeza di\u00e1ria e a necessidade urgente de reduzir a &#8220;polui\u00e7\u00e3o visual&#8221; ditaram o fim desta tend\u00eancia est\u00e9tica que exigia manuten\u00e7\u00e3o constante e curadoria impec\u00e1vel.<\/p>\n\n\n\n<h2 class=\"wp-block-heading\">Por que a mistura de gordura e p\u00f3 se tornou insustent\u00e1vel?<\/h2>\n\n\n\n<p>A realidade funcional da cozinha venceu a est\u00e9tica. Mesmo com exaustores potentes, o ato de cozinhar liberta vapores de gordura que se espalham pelo ar e assentam em todas as superf\u00edcies horizontais.<\/p>\n\n\n\n<p>Quando essa gordura encontra o p\u00f3 dom\u00e9stico nas prateleiras abertas, cria-se uma pel\u00edcula pegajosa sobre pratos, copos e ta\u00e7as. Isso obriga o morador a realizar uma tarefa ingrata: lavar a lou\u00e7a antes de a usar, apenas para remover a sujidade acumulada enquanto ela estava &#8220;guardada&#8221;, duplicando o trabalho dom\u00e9stico.<\/p>\n\n\n\n<figure class=\"wp-block-image aligncenter size-large\"><img decoding=\"async\" width=\"1024\" height=\"576\" src=\"https:\/\/www.correiobraziliense.com.br\/cbradar\/wp-content\/uploads\/2026\/01\/imagem_2026-01-18_152309879-1024x576.png\" alt=\"Retorno dos arm\u00e1rios fechados na cozinha por organiza\u00e7\u00e3o, prote\u00e7\u00e3o e visual limpo\n\" class=\"wp-image-177870\" srcset=\"https:\/\/www.correiobraziliense.com.br\/cbradar\/wp-content\/uploads\/2026\/01\/imagem_2026-01-18_152309879-1024x576.png 1024w, https:\/\/www.correiobraziliense.com.br\/cbradar\/wp-content\/uploads\/2026\/01\/imagem_2026-01-18_152309879-300x169.png 300w, https:\/\/www.correiobraziliense.com.br\/cbradar\/wp-content\/uploads\/2026\/01\/imagem_2026-01-18_152309879-768x432.png 768w, https:\/\/www.correiobraziliense.com.br\/cbradar\/wp-content\/uploads\/2026\/01\/imagem_2026-01-18_152309879-750x422.png 750w, https:\/\/www.correiobraziliense.com.br\/cbradar\/wp-content\/uploads\/2026\/01\/imagem_2026-01-18_152309879-1140x641.png 1140w, https:\/\/www.correiobraziliense.com.br\/cbradar\/wp-content\/uploads\/2026\/01\/imagem_2026-01-18_152309879.png 1280w\" sizes=\"(max-width: 1024px) 100vw, 1024px\" \/><figcaption class=\"wp-element-caption\">Retorno dos arm\u00e1rios fechados na cozinha por organiza\u00e7\u00e3o, prote\u00e7\u00e3o e visual limpo\n<\/figcaption><\/figure>\n\n\n\n<h2 class=\"wp-block-heading\">O que \u00e9 a &#8220;fadiga visual&#8221; causada pela exposi\u00e7\u00e3o?<\/h2>\n\n\n\n<p>O conceito de &#8220;fadiga visual&#8221; refere-se ao stress inconsciente gerado por ambientes visualmente ca\u00f3ticos. Para que uma prateleira aberta fique bonita, tudo deve combinar, ser esteticamente agrad\u00e1vel e estar perfeitamente alinhado, o que raramente reflete a realidade de uma casa vivida.<\/p>\n\n\n\n<p>Embalagens coloridas de alimentos, lou\u00e7as desemparelhadas e utens\u00edlios de pl\u00e1stico criam um ru\u00eddo visual constante. Os arm\u00e1rios fechados voltaram porque oferecem &#8220;sil\u00eancio visual&#8221;: ao fechar as portas, esconde-se o caos funcional, criando uma sensa\u00e7\u00e3o imediata de ordem e limpeza na mente e no espa\u00e7o.<\/p>\n\n\n\n<p>Leia tamb\u00e9m: <a href=\"https:\/\/www.correiobraziliense.com.br\/cbradar\/teto-alto-vs-teto-baixo-como-a-altura-do-pe-direito-muda-a-sua-criatividade-ou-foco\/\" target=\"_blank\" rel=\"noreferrer noopener\">Teto alto vs Teto baixo: como a altura do p\u00e9-direito muda a sua criatividade ou foco<\/a><\/p>\n\n\n\n<h2 class=\"wp-block-heading\">Quais s\u00e3o as desvantagens pr\u00e1ticas que mataram a tend\u00eancia?<\/h2>\n\n\n\n<p>Al\u00e9m da quest\u00e3o da limpeza, a vida \u00fatil dos objetos e a praticidade foram fatores decisivos para o decl\u00ednio deste estilo.<\/p>\n\n\n\n<p>Os principais motivos citados por quem se arrependeu das prateleiras incluem:<\/p>\n\n\n\n<ul class=\"wp-block-list\">\n<li><strong>Curadoria for\u00e7ada:<\/strong> A obriga\u00e7\u00e3o de comprar apenas lou\u00e7as bonitas ou caras para exibi\u00e7\u00e3o.<\/li>\n\n\n\n<li><strong>Risco de quebra:<\/strong> Maior exposi\u00e7\u00e3o a acidentes, especialmente em casas com gatos ou crian\u00e7as.<\/li>\n\n\n\n<li><strong>Perda de espa\u00e7o:<\/strong> A necessidade de &#8220;espa\u00e7amento est\u00e9tico&#8221; entre os itens faz com que caiba menos coisa do que num arm\u00e1rio fechado.<\/li>\n\n\n\n<li><strong>Manuten\u00e7\u00e3o constante:<\/strong> A necessidade de limpar a pr\u00f3pria prateleira (madeira ou vidro) semanalmente.<\/li>\n<\/ul>\n\n\n\n<figure class=\"wp-block-image aligncenter size-large\"><img decoding=\"async\" width=\"1024\" height=\"576\" src=\"https:\/\/www.correiobraziliense.com.br\/cbradar\/wp-content\/uploads\/2026\/01\/imagem_2026-01-18_152357037-1024x576.png\" alt=\"Retorno dos arm\u00e1rios fechados na cozinha por organiza\u00e7\u00e3o, prote\u00e7\u00e3o e visual limpo\n\" class=\"wp-image-177871\" srcset=\"https:\/\/www.correiobraziliense.com.br\/cbradar\/wp-content\/uploads\/2026\/01\/imagem_2026-01-18_152357037-1024x576.png 1024w, https:\/\/www.correiobraziliense.com.br\/cbradar\/wp-content\/uploads\/2026\/01\/imagem_2026-01-18_152357037-300x169.png 300w, https:\/\/www.correiobraziliense.com.br\/cbradar\/wp-content\/uploads\/2026\/01\/imagem_2026-01-18_152357037-768x432.png 768w, https:\/\/www.correiobraziliense.com.br\/cbradar\/wp-content\/uploads\/2026\/01\/imagem_2026-01-18_152357037-750x422.png 750w, https:\/\/www.correiobraziliense.com.br\/cbradar\/wp-content\/uploads\/2026\/01\/imagem_2026-01-18_152357037-1140x641.png 1140w, https:\/\/www.correiobraziliense.com.br\/cbradar\/wp-content\/uploads\/2026\/01\/imagem_2026-01-18_152357037.png 1280w\" sizes=\"(max-width: 1024px) 100vw, 1024px\" \/><figcaption class=\"wp-element-caption\">Retorno dos arm\u00e1rios fechados na cozinha por organiza\u00e7\u00e3o, prote\u00e7\u00e3o e visual limpo\n<\/figcaption><\/figure>\n\n\n\n<h2 class=\"wp-block-heading\">Como as &#8220;garagens de eletrodom\u00e9sticos&#8221; resolveram a bancada?<\/h2>\n\n\n\n<p>Junto com os arm\u00e1rios a\u00e9reos fechados, surgiu a tend\u00eancia do <em>appliance garage<\/em> (garagem de eletrodom\u00e9sticos). Trata-se de um arm\u00e1rio que vai do balc\u00e3o at\u00e9 ao teto, com portas retr\u00e1teis ou de abrir, desenhado especificamente para esconder a torradeira, a cafeteira e a batedeira.<\/p>\n\n\n\n<p>Esta solu\u00e7\u00e3o permite que os aparelhos estejam ligados e prontos a usar, mas ocultos quando n\u00e3o s\u00e3o necess\u00e1rios. \u00c9 a evolu\u00e7\u00e3o m\u00e1xima do conceito de &#8220;cozinha limpa&#8221;, onde as bancadas ficam livres e desimpedidas, ao contr\u00e1rio da exposi\u00e7\u00e3o for\u00e7ada das prateleiras anteriores.<\/p>\n\n\n\n<h2 class=\"wp-block-heading\">Existe um meio-termo entre o caos e o fechamento total?<\/h2>\n\n\n\n<p>Para quem ainda deseja a leveza visual sem sofrer com a gordura, as portas de vidro (cristaleiras) e o vidro canelado surgiram como a solu\u00e7\u00e3o de compromisso ideal.<\/p>\n\n\n\n<p>O vidro protege as lou\u00e7as do p\u00f3 e da gordura, eliminando a necessidade de lavagem pr\u00e9-uso, mas ainda permite ver o vulto ou as cores dos objetos, mantendo a sensa\u00e7\u00e3o de profundidade. O vidro canelado ou texturizado \u00e9 ainda mais eficaz, pois esconde a desorganiza\u00e7\u00e3o interna enquanto reflete a luz, unindo o melhor dos dois mundos.<\/p>\n","protected":false},"excerpt":{"rendered":"<p>As prateleiras abertas, antes estrelas absolutas do design de interiores e do Pinterest, est\u00e3o a perder o trono para o regresso triunfal dos arm\u00e1rios totalmente fechados. A procura por praticidade na limpeza di\u00e1ria e a necessidade urgente de reduzir a &#8220;polui\u00e7\u00e3o visual&#8221; ditaram o fim desta tend\u00eancia est\u00e9tica que exigia manuten\u00e7\u00e3o constante e curadoria impec\u00e1vel. [&hellip;]<\/p>\n","protected":false},"author":11,"featured_media":180641,"comment_status":"open","ping_status":"open","sticky":false,"template":"","format":"standard","meta":{"_yoast_wpseo_focuskw":"Arm\u00e1rios fechados","_yoast_wpseo_title":"","_yoast_wpseo_metadesc":"Arm\u00e1rios fechados retornam \u00e0 cozinha por organiza\u00e7\u00e3o visual prote\u00e7\u00e3o contra gordura e est\u00e9tica limpa que valoriza o ambiente","jnews-multi-image_gallery":[],"jnews_single_post":{"format":"standard"},"jnews_primary_category":[],"jnews_social_meta":[],"jnews_override_counter":[],"footnotes":""},"categories":[143],"post_tag":[13715,687,12821],"class_list":["post-177867","post","type-post","status-publish","format-standard","has-post-thumbnail","hentry","category-casa-e-decoracao","tag-armario-2","tag-cozinha","tag-prateleiras"],"yoast_head":"<!-- This site is optimized with the Yoast SEO plugin v24.6 - https:\/\/yoast.com\/wordpress\/plugins\/seo\/ -->\n<title>Fim das prateleiras abertas na cozinha? Por que os arm\u00e1rios fechados voltaram a ser regra - Correio Braziliense - Radar<\/title>\n<meta name=\"description\" content=\"Arm\u00e1rios fechados retornam \u00e0 cozinha por organiza\u00e7\u00e3o visual prote\u00e7\u00e3o contra gordura e est\u00e9tica limpa que valoriza o ambiente\" \/>\n<meta name=\"robots\" content=\"index, follow, max-snippet:-1, max-image-preview:large, max-video-preview:-1\" \/>\n<link rel=\"canonical\" href=\"https:\/\/www.correiobraziliense.com.br\/cbradar\/fim-das-prateleiras-abertas-na-cozinha-por-que-os-armarios-fechados-voltaram-a-ser-regra\/\" \/>\n<meta property=\"og:locale\" content=\"pt_BR\" \/>\n<meta property=\"og:type\" content=\"article\" \/>\n<meta property=\"og:title\" content=\"Fim das prateleiras abertas na cozinha? Por que os arm\u00e1rios fechados voltaram a ser regra - Correio Braziliense - Radar\" \/>\n<meta property=\"og:description\" content=\"Arm\u00e1rios fechados retornam \u00e0 cozinha por organiza\u00e7\u00e3o visual prote\u00e7\u00e3o contra gordura e est\u00e9tica limpa que valoriza o ambiente\" \/>\n<meta property=\"og:url\" content=\"https:\/\/www.correiobraziliense.com.br\/cbradar\/fim-das-prateleiras-abertas-na-cozinha-por-que-os-armarios-fechados-voltaram-a-ser-regra\/\" \/>\n<meta property=\"og:site_name\" content=\"Correio Braziliense - Radar\" \/>\n<meta property=\"article:published_time\" content=\"2026-01-25T16:25:00+00:00\" \/>\n<meta property=\"og:image\" content=\"https:\/\/www.correiobraziliense.com.br\/cbradar\/wp-content\/uploads\/2026\/01\/prateleiras-_1769264710871.jpg\" \/>\n\t<meta property=\"og:image:width\" content=\"1280\" \/>\n\t<meta property=\"og:image:height\" content=\"720\" \/>\n\t<meta property=\"og:image:type\" content=\"image\/jpeg\" \/>\n<meta name=\"author\" content=\"Paulo Custodio\" \/>\n<meta name=\"twitter:card\" content=\"summary_large_image\" \/>\n<meta name=\"twitter:label1\" content=\"Escrito por\" \/>\n\t<meta name=\"twitter:data1\" content=\"Paulo Custodio\" \/>\n\t<meta name=\"twitter:label2\" content=\"Est. tempo de leitura\" \/>\n\t<meta name=\"twitter:data2\" content=\"4 minutos\" \/>\n<!-- \/ Yoast SEO plugin. -->","yoast_head_json":{"title":"Fim das prateleiras abertas na cozinha? Por que os arm\u00e1rios fechados voltaram a ser regra - Correio Braziliense - Radar","description":"Arm\u00e1rios fechados retornam \u00e0 cozinha por organiza\u00e7\u00e3o visual prote\u00e7\u00e3o contra gordura e est\u00e9tica limpa que valoriza o ambiente","robots":{"index":"index","follow":"follow","max-snippet":"max-snippet:-1","max-image-preview":"max-image-preview:large","max-video-preview":"max-video-preview:-1"},"canonical":"https:\/\/www.correiobraziliense.com.br\/cbradar\/fim-das-prateleiras-abertas-na-cozinha-por-que-os-armarios-fechados-voltaram-a-ser-regra\/","og_locale":"pt_BR","og_type":"article","og_title":"Fim das prateleiras abertas na cozinha? Por que os arm\u00e1rios fechados voltaram a ser regra - Correio Braziliense - Radar","og_description":"Arm\u00e1rios fechados retornam \u00e0 cozinha por organiza\u00e7\u00e3o visual prote\u00e7\u00e3o contra gordura e est\u00e9tica limpa que valoriza o ambiente","og_url":"https:\/\/www.correiobraziliense.com.br\/cbradar\/fim-das-prateleiras-abertas-na-cozinha-por-que-os-armarios-fechados-voltaram-a-ser-regra\/","og_site_name":"Correio Braziliense - Radar","article_published_time":"2026-01-25T16:25:00+00:00","og_image":[{"width":1280,"height":720,"url":"https:\/\/www.correiobraziliense.com.br\/cbradar\/wp-content\/uploads\/2026\/01\/prateleiras-_1769264710871.jpg","type":"image\/jpeg"}],"author":"Paulo Custodio","twitter_card":"summary_large_image","twitter_misc":{"Escrito por":"Paulo Custodio","Est. tempo de leitura":"4 minutos"},"schema":{"@context":"https:\/\/schema.org","@graph":[{"@type":"WebPage","@id":"https:\/\/www.correiobraziliense.com.br\/cbradar\/fim-das-prateleiras-abertas-na-cozinha-por-que-os-armarios-fechados-voltaram-a-ser-regra\/","url":"https:\/\/www.correiobraziliense.com.br\/cbradar\/fim-das-prateleiras-abertas-na-cozinha-por-que-os-armarios-fechados-voltaram-a-ser-regra\/","name":"Fim das prateleiras abertas na cozinha? Por que os arm\u00e1rios fechados voltaram a ser regra - Correio Braziliense - Radar","isPartOf":{"@id":"https:\/\/www.correiobraziliense.com.br\/cbradar\/#website"},"primaryImageOfPage":{"@id":"https:\/\/www.correiobraziliense.com.br\/cbradar\/fim-das-prateleiras-abertas-na-cozinha-por-que-os-armarios-fechados-voltaram-a-ser-regra\/#primaryimage"},"image":{"@id":"https:\/\/www.correiobraziliense.com.br\/cbradar\/fim-das-prateleiras-abertas-na-cozinha-por-que-os-armarios-fechados-voltaram-a-ser-regra\/#primaryimage"},"thumbnailUrl":"https:\/\/www.correiobraziliense.com.br\/cbradar\/wp-content\/uploads\/2026\/01\/prateleiras-_1769264710871.jpg","datePublished":"2026-01-25T16:25:00+00:00","author":{"@id":"https:\/\/www.correiobraziliense.com.br\/cbradar\/#\/schema\/person\/4cec7857301a9a1a2ef249893cd908d3"},"description":"Arm\u00e1rios fechados retornam \u00e0 cozinha por organiza\u00e7\u00e3o visual prote\u00e7\u00e3o contra gordura e est\u00e9tica limpa que valoriza o ambiente","breadcrumb":{"@id":"https:\/\/www.correiobraziliense.com.br\/cbradar\/fim-das-prateleiras-abertas-na-cozinha-por-que-os-armarios-fechados-voltaram-a-ser-regra\/#breadcrumb"},"inLanguage":"pt-BR","potentialAction":[{"@type":"ReadAction","target":["https:\/\/www.correiobraziliense.com.br\/cbradar\/fim-das-prateleiras-abertas-na-cozinha-por-que-os-armarios-fechados-voltaram-a-ser-regra\/"]}]},{"@type":"ImageObject","inLanguage":"pt-BR","@id":"https:\/\/www.correiobraziliense.com.br\/cbradar\/fim-das-prateleiras-abertas-na-cozinha-por-que-os-armarios-fechados-voltaram-a-ser-regra\/#primaryimage","url":"https:\/\/www.correiobraziliense.com.br\/cbradar\/wp-content\/uploads\/2026\/01\/prateleiras-_1769264710871.jpg","contentUrl":"https:\/\/www.correiobraziliense.com.br\/cbradar\/wp-content\/uploads\/2026\/01\/prateleiras-_1769264710871.jpg","width":1280,"height":720,"caption":"Retorno dos arm\u00e1rios fechados na cozinha por organiza\u00e7\u00e3o, prote\u00e7\u00e3o e visual limpo - Cr\u00e9ditos: depositphotos.com \/ AntonMatyukha"},{"@type":"BreadcrumbList","@id":"https:\/\/www.correiobraziliense.com.br\/cbradar\/fim-das-prateleiras-abertas-na-cozinha-por-que-os-armarios-fechados-voltaram-a-ser-regra\/#breadcrumb","itemListElement":[{"@type":"ListItem","position":1,"name":"In\u00edcio","item":"https:\/\/www.correiobraziliense.com.br\/cbradar\/"},{"@type":"ListItem","position":2,"name":"Fim das prateleiras abertas na cozinha? Por que os arm\u00e1rios fechados voltaram a ser regra"}]},{"@type":"WebSite","@id":"https:\/\/www.correiobraziliense.com.br\/cbradar\/#website","url":"https:\/\/www.correiobraziliense.com.br\/cbradar\/","name":"Correio Braziliense - Radar","description":"Acompanhe as \u00faltimas not\u00edcias e fique bem informado sobre tudo o que acontece no Brasil e no mundo.","potentialAction":[{"@type":"SearchAction","target":{"@type":"EntryPoint","urlTemplate":"https:\/\/www.correiobraziliense.com.br\/cbradar\/?s={search_term_string}"},"query-input":{"@type":"PropertyValueSpecification","valueRequired":true,"valueName":"search_term_string"}}],"inLanguage":"pt-BR"},{"@type":"Person","@id":"https:\/\/www.correiobraziliense.com.br\/cbradar\/#\/schema\/person\/4cec7857301a9a1a2ef249893cd908d3","name":"Paulo Custodio","image":{"@type":"ImageObject","inLanguage":"pt-BR","@id":"https:\/\/www.correiobraziliense.com.br\/cbradar\/#\/schema\/person\/image\/","url":"https:\/\/secure.gravatar.com\/avatar\/bcd67168d1534e8fcf4f45c726a87cea?s=96&d=mm&r=g","contentUrl":"https:\/\/secure.gravatar.com\/avatar\/bcd67168d1534e8fcf4f45c726a87cea?s=96&d=mm&r=g","caption":"Paulo Custodio"},"sameAs":["https:\/\/www.correiobraziliense.com.br\/cbradar"],"url":"https:\/\/www.correiobraziliense.com.br\/cbradar\/author\/paulomyth\/"}]}},"_links":{"self":[{"href":"https:\/\/www.correiobraziliense.com.br\/cbradar\/wp-json\/wp\/v2\/posts\/177867","targetHints":{"allow":["GET"]}}],"collection":[{"href":"https:\/\/www.correiobraziliense.com.br\/cbradar\/wp-json\/wp\/v2\/posts"}],"about":[{"href":"https:\/\/www.correiobraziliense.com.br\/cbradar\/wp-json\/wp\/v2\/types\/post"}],"author":[{"embeddable":true,"href":"https:\/\/www.correiobraziliense.com.br\/cbradar\/wp-json\/wp\/v2\/users\/11"}],"replies":[{"embeddable":true,"href":"https:\/\/www.correiobraziliense.com.br\/cbradar\/wp-json\/wp\/v2\/comments?post=177867"}],"version-history":[{"count":1,"href":"https:\/\/www.correiobraziliense.com.br\/cbradar\/wp-json\/wp\/v2\/posts\/177867\/revisions"}],"predecessor-version":[{"id":177872,"href":"https:\/\/www.correiobraziliense.com.br\/cbradar\/wp-json\/wp\/v2\/posts\/177867\/revisions\/177872"}],"wp:featuredmedia":[{"embeddable":true,"href":"https:\/\/www.correiobraziliense.com.br\/cbradar\/wp-json\/wp\/v2\/media\/180641"}],"wp:attachment":[{"href":"https:\/\/www.correiobraziliense.com.br\/cbradar\/wp-json\/wp\/v2\/media?parent=177867"}],"wp:term":[{"taxonomy":"category","embeddable":true,"href":"https:\/\/www.correiobraziliense.com.br\/cbradar\/wp-json\/wp\/v2\/categories?post=177867"},{"taxonomy":"post_tag","embeddable":true,"href":"https:\/\/www.correiobraziliense.com.br\/cbradar\/wp-json\/wp\/v2\/post_tag?post=177867"}],"curies":[{"name":"wp","href":"https:\/\/api.w.org\/{rel}","templated":true}]}}