{"id":177868,"date":"2026-01-23T22:05:00","date_gmt":"2026-01-24T01:05:00","guid":{"rendered":"https:\/\/www.correiobraziliense.com.br\/cbradar\/?p=177868"},"modified":"2026-01-22T16:59:11","modified_gmt":"2026-01-22T19:59:11","slug":"o-que-significa-arrumar-a-cama-todos-os-dias-mesmo-que-ninguem-va-ver-segundo-a-psicologia","status":"publish","type":"post","link":"https:\/\/www.correiobraziliense.com.br\/cbradar\/o-que-significa-arrumar-a-cama-todos-os-dias-mesmo-que-ninguem-va-ver-segundo-a-psicologia\/","title":{"rendered":"O que significa arrumar a cama todos os dias mesmo que ningu\u00e9m v\u00e1 ver, segundo a psicologia"},"content":{"rendered":"\n<p>Arrumar a cama logo cedo pode parecer um gesto simples e repetitivo, sem glamour e sem testemunhas, mas esse h\u00e1bito di\u00e1rio revela muito sobre a forma como uma pessoa lida com <strong>responsabilidades discretas<\/strong> do dia a dia. A a\u00e7\u00e3o n\u00e3o garante uma vida perfeita ou totalmente organizada, por\u00e9m funciona como um pequeno treino de <strong>comprometimento<\/strong> em um momento em que ningu\u00e9m est\u00e1 observando, sendo por isso mencionada em estudos e debates sobre <strong>comportamento<\/strong>, <strong>rotina<\/strong> e <strong>responsabilidade pessoal<\/strong>.<\/p>\n\n\n\n<h2 class=\"wp-block-heading\">O que s\u00e3o responsabilidades invis\u00edveis no cotidiano<\/h2>\n\n\n\n<p>A express\u00e3o <strong>responsabilidades invis\u00edveis<\/strong> costuma ser usada para descrever tudo aquilo que mant\u00e9m a vida em funcionamento sem chamar aten\u00e7\u00e3o. N\u00e3o aparece em fotos, n\u00e3o rende elogios p\u00fablicos e, muitas vezes, s\u00f3 \u00e9 notado quando n\u00e3o \u00e9 feito, como o simples ato de <strong>arrumar a cama<\/strong> ao despertar, como trouxe a pesquisa <a href=\"https:\/\/psycnet.apa.org\/record\/2007-13558-001\" target=\"_blank\" rel=\"noreferrer noopener\">&#8220;A new look at habits and the habit-goal interface.&#8221;.<\/a><\/p>\n\n\n\n<p>Esse tipo de rotina silenciosa inclui tarefas como pagar contas em dia, organizar documentos, fazer pequenas manuten\u00e7\u00f5es, cuidar da higiene de objetos de uso di\u00e1rio ou planejar a semana. Quem se acostuma a praticar esses gestos regulares tende a desenvolver uma rela\u00e7\u00e3o mais madura com obriga\u00e7\u00f5es discretas: encara o que precisa ser feito, mesmo sem recompensa imediata.<\/p>\n\n\n\n<figure class=\"wp-block-image size-large\"><img decoding=\"async\" width=\"1024\" height=\"576\" src=\"https:\/\/www.correiobraziliense.com.br\/cbradar\/wp-content\/uploads\/2026\/01\/\u2705-BANNER-MYTH-36-1-1024x576.png\" alt=\"O que significa arrumar a cama todos os dias mesmo que ningu\u00e9m v\u00e1 ver, segundo a psicologia\" class=\"wp-image-177874\" srcset=\"https:\/\/www.correiobraziliense.com.br\/cbradar\/wp-content\/uploads\/2026\/01\/\u2705-BANNER-MYTH-36-1-1024x576.png 1024w, https:\/\/www.correiobraziliense.com.br\/cbradar\/wp-content\/uploads\/2026\/01\/\u2705-BANNER-MYTH-36-1-300x169.png 300w, https:\/\/www.correiobraziliense.com.br\/cbradar\/wp-content\/uploads\/2026\/01\/\u2705-BANNER-MYTH-36-1-768x432.png 768w, https:\/\/www.correiobraziliense.com.br\/cbradar\/wp-content\/uploads\/2026\/01\/\u2705-BANNER-MYTH-36-1-750x422.png 750w, https:\/\/www.correiobraziliense.com.br\/cbradar\/wp-content\/uploads\/2026\/01\/\u2705-BANNER-MYTH-36-1-1140x641.png 1140w, https:\/\/www.correiobraziliense.com.br\/cbradar\/wp-content\/uploads\/2026\/01\/\u2705-BANNER-MYTH-36-1.png 1280w\" sizes=\"(max-width: 1024px) 100vw, 1024px\" \/><figcaption class=\"wp-element-caption\">Arrumar a cama cedo treina disciplina discreta, iniciando dia com responsabilidade pessoal em rotinas sem testemunhas observadoras.<\/figcaption><\/figure>\n\n\n\n<h2 class=\"wp-block-heading\">Quais caracter\u00edsticas o h\u00e1bito de arrumar a cama costuma revelar<\/h2>\n\n\n\n<p>A rela\u00e7\u00e3o entre o h\u00e1bito de arrumar a cama e tra\u00e7os de personalidade aparece em pesquisas sobre <strong>organiza\u00e7\u00e3o<\/strong>, <strong>autodisciplina<\/strong> e <strong>regula\u00e7\u00e3o emocional<\/strong>. N\u00e3o existe regra absoluta, mas \u00e9 comum que esse comportamento esteja associado a pessoas que valorizam rotinas previs\u00edveis e preferem evitar o ac\u00famulo de pequenas pend\u00eancias dom\u00e9sticas ou profissionais.<\/p>\n\n\n\n<p>Outro aspecto observado \u00e9 a capacidade de agir sem depender de grande motiva\u00e7\u00e3o, algo essencial para manter um <strong>or\u00e7amento equilibrado<\/strong>, cumprir prazos ou seguir um plano de cuidados com a sa\u00fade. Ao repetir uma tarefa simples diariamente, o c\u00e9rebro aprende que \u00e9 poss\u00edvel realizar a\u00e7\u00f5es importantes mesmo quando o entusiasmo \u00e9 baixo.<\/p>\n\n\n\n<ul class=\"wp-block-list\">\n<li><strong>Organiza\u00e7\u00e3o:<\/strong> prefer\u00eancia por ambientes menos ca\u00f3ticos e rotinas estruturadas.<\/li>\n\n\n\n<li><strong>Compromisso com pequenas tarefas:<\/strong> tend\u00eancia a cumprir o que foi decidido, mesmo sem aplausos.<\/li>\n\n\n\n<li><strong>Cuidado com o ambiente:<\/strong> busca por um espa\u00e7o que favore\u00e7a foco e descanso.<\/li>\n\n\n\n<li><strong>Olhar para o longo prazo:<\/strong> disposi\u00e7\u00e3o para fazer hoje o que facilita a vida depois.<\/li>\n<\/ul>\n\n\n\n<h2 class=\"wp-block-heading\">Como o h\u00e1bito de arrumar a cama se conecta ao futuro<\/h2>\n\n\n\n<p>Arrumar a cama \u00e9 um gesto r\u00e1pido feito no presente, mas voltado para o <strong>bem-estar futuro<\/strong>. Ao retornar para casa \u00e0 noite, encontrar o quarto minimamente organizado tende a reduzir a sensa\u00e7\u00e3o de desordem e cansa\u00e7o visual, funcionando como um recado silencioso: algu\u00e9m se preocupou em preparar o ambiente para o pr\u00f3ximo momento do dia.<\/p>\n\n\n\n<p>Esse racioc\u00ednio \u00e9 semelhante a outras a\u00e7\u00f5es de cuidado com o futuro, como guardar parte da renda, fazer exames de rotina, praticar atividade f\u00edsica ou planejar refei\u00e7\u00f5es com anteced\u00eancia. S\u00e3o tarefas que nem sempre trazem satisfa\u00e7\u00e3o imediata, mas diminuem problemas adiante e treinam um <strong>pensamento de longo prazo<\/strong> aplicado a contextos simples.<\/p>\n\n\n\n<ol class=\"wp-block-list\">\n<li>Uma pequena a\u00e7\u00e3o \u00e9 feita logo pela manh\u00e3.<\/li>\n\n\n\n<li>Ela n\u00e3o rende elogios nem resultados instant\u00e2neos.<\/li>\n\n\n\n<li>O benef\u00edcio aparece depois, em forma de ambiente mais organizado.<\/li>\n\n\n\n<li>Esse padr\u00e3o se repete em outras \u00e1reas, como finan\u00e7as, sa\u00fade e estudos.<\/li>\n<\/ol>\n\n\n\n<h2 class=\"wp-block-heading\">Qual \u00e9 o impacto da cama arrumada no ambiente e no estado mental<\/h2>\n\n\n\n<p>O espa\u00e7o f\u00edsico em que uma pessoa vive costuma influenciar diretamente o <strong>estado mental<\/strong>. Um quarto completamente desorganizado pode transmitir sensa\u00e7\u00e3o de sobrecarga, enquanto um ambiente com o m\u00ednimo de ordem tende a facilitar a concentra\u00e7\u00e3o, o relaxamento e at\u00e9 a <strong>qualidade do sono<\/strong> ao final do dia.<\/p>\n\n\n\n<p>Nesse contexto, a cama arrumada funciona como um ponto central de refer\u00eancia visual. Mesmo que o restante do c\u00f4modo n\u00e3o esteja impec\u00e1vel, ela cria a impress\u00e3o de que alguma coisa est\u00e1 sob controle e serve como pequeno ritual de in\u00edcio de dia, ajudando o c\u00e9rebro a separar simbolicamente o momento de descanso do per\u00edodo de atividade.<\/p>\n\n\n\n<p>Para aprofundarmos no tema, trouxemos o v\u00eddeo do psicanalista Dr. Koga (@drkoga.psiquiatria):<\/p>\n\n\n\n<blockquote class=\"tiktok-embed\" cite=\"https:\/\/www.tiktok.com\/@drkoga.psiquiatria\/video\/7591993177523899668\" data-video-id=\"7591993177523899668\" style=\"max-width: 605px;min-width: 325px;\" > <section> <a target=\"_blank\" title=\"@drkoga.psiquiatria\" href=\"https:\/\/www.tiktok.com\/@drkoga.psiquiatria?refer=embed\">@drkoga.psiquiatria<\/a> Arrumar a cama pode parecer simples, mas para quem est\u00e1 enfrentando a depress\u00e3o, \u00e9 um gesto que mostra: \u201cEu ainda posso cuidar de mim.\u201d Pequenas a\u00e7\u00f5es assim ajudam a retomar o controle da rotina e d\u00e3o ritmo para o dia, mesmo quando tudo parece dif\u00edcil. Compartilhe com algu\u00e9m que voc\u00ea sabe que t\u00e1 passando por um momento dif\u00edcil! \ud83d\ude09 <a title=\"depress\u00e3o\" target=\"_blank\" href=\"https:\/\/www.tiktok.com\/tag\/depress%C3%A3o?refer=embed\">#depress\u00e3o<\/a> <a title=\"sa\u00fademental\" target=\"_blank\" href=\"https:\/\/www.tiktok.com\/tag\/sa%C3%BAdemental?refer=embed\">#sa\u00fademental<\/a> <a title=\"drkoga\" target=\"_blank\" href=\"https:\/\/www.tiktok.com\/tag\/drkoga?refer=embed\">#drkoga<\/a> <a title=\"institutokoga\" target=\"_blank\" href=\"https:\/\/www.tiktok.com\/tag\/institutokoga?refer=embed\">#institutokoga<\/a> <a title=\"psiquiatramacap\u00e1\" target=\"_blank\" href=\"https:\/\/www.tiktok.com\/tag\/psiquiatramacap%C3%A1?refer=embed\">#psiquiatramacap\u00e1<\/a> <a target=\"_blank\" title=\"\u266c som original - Dr. Koga\" href=\"https:\/\/www.tiktok.com\/music\/som-original-7591993265658923783?refer=embed\">\u266c som original &#8211; Dr. Koga<\/a> <\/section> <\/blockquote> <script async src=\"https:\/\/www.tiktok.com\/embed.js\"><\/script>\n\n\n\n<h2 class=\"wp-block-heading\">De que forma arrumar a cama influencia a identidade pessoal<\/h2>\n\n\n\n<p>Estudos em psicologia mostram que o comportamento di\u00e1rio ajuda a construir a imagem que cada um tem de si. Quando uma pessoa se v\u00ea realizando pequenas tarefas com consist\u00eancia, o c\u00e9rebro registra esses fatos e cria uma narrativa interna: algu\u00e9m que cumpre o que combina consigo mesmo, que cuida do pr\u00f3prio espa\u00e7o e que assume <strong>responsabilidades discretas<\/strong>.<\/p>\n\n\n\n<p>Esse processo, chamado em algumas abordagens de <strong>auto-sinaliza\u00e7\u00e3o<\/strong>, mostra que a identidade se molda mais pelo que \u00e9 feito na pr\u00e1tica do que por frases motivacionais. Assim, ao enfrentar outras tarefas invis\u00edveis, a pergunta interna passa a envolver se aquela a\u00e7\u00e3o \u00e9 compat\u00edvel com o tipo de pessoa que se deseja ser, refor\u00e7ando uma identidade de algu\u00e9m que n\u00e3o ignora detalhes importantes.<\/p>\n\n\n\n<h2 class=\"wp-block-heading\">Qual pode ser o pr\u00f3ximo passo al\u00e9m de arrumar a cama<\/h2>\n\n\n\n<p>Para quem busca refor\u00e7ar a responsabilidade com tarefas silenciosas, arrumar a cama pode ser apenas um ponto de partida. Uma estrat\u00e9gia eficiente \u00e9 escolher outras a\u00e7\u00f5es simples, de baixo esfor\u00e7o, mas com impacto positivo no futuro, fortalecendo gradualmente um conjunto de <strong>h\u00e1bitos est\u00e1veis<\/strong> que reduzem o ac\u00famulo de pend\u00eancias.<\/p>\n\n\n\n<p>Esses pequenos compromissos adicionais n\u00e3o precisam formar uma lista intermin\u00e1vel de obriga\u00e7\u00f5es; o objetivo \u00e9 criar rituais di\u00e1rios ou semanais que sustentem uma rotina mais previs\u00edvel. Alguns exemplos pr\u00e1ticos podem ajudar a transformar essa inten\u00e7\u00e3o em a\u00e7\u00f5es concretas no dia a dia.<\/p>\n\n\n\n<ul class=\"wp-block-list\">\n<li>Lavar a garrafa de \u00e1gua todos os dias, em vez de deixar para depois.<\/li>\n\n\n\n<li>Separar alguns minutos na semana para revisar contas e compromissos.<\/li>\n\n\n\n<li>Organizar rapidamente a mesa de trabalho ao final do expediente.<\/li>\n\n\n\n<li>Definir um pequeno hor\u00e1rio para checar mensagens importantes que est\u00e3o sendo adiadas.<\/li>\n<\/ul>\n\n\n\n<p>No fim, o gesto de arrumar a cama simboliza uma postura diante das tarefas menos vis\u00edveis da vida cotidiana. Ele n\u00e3o transforma instantaneamente ningu\u00e9m em exemplo de produtividade, mas mostra disposi\u00e7\u00e3o em cuidar do que quase ningu\u00e9m v\u00ea, espalhando pequenos sinais de <strong>compromisso<\/strong> que, somados, ajudam a sustentar uma rotina mais est\u00e1vel e previs\u00edvel.<\/p>\n","protected":false},"excerpt":{"rendered":"<p>Fazer a cama todos os dias revela disciplina, responsabilidade invis\u00edvel e autocuidado; descubra como esse h\u00e1bito molda sua personalidade.<\/p>\n","protected":false},"author":3,"featured_media":179715,"comment_status":"open","ping_status":"open","sticky":false,"template":"","format":"standard","meta":{"_yoast_wpseo_focuskw":"arrumar a cama","_yoast_wpseo_title":"%%title%%","_yoast_wpseo_metadesc":"Fazer a cama todos os dias revela disciplina, responsabilidade invis\u00edvel e autocuidado; descubra como esse h\u00e1bito molda sua personalidade.","jnews-multi-image_gallery":[],"jnews_single_post":{"format":"standard"},"jnews_primary_category":[],"jnews_social_meta":[],"jnews_override_counter":[],"footnotes":""},"categories":[112],"tags":[12091,144,4400,404,14189],"class_list":["post-177868","post","type-post","status-publish","format-standard","has-post-thumbnail","hentry","category-curiosidades","tag-caracteristicas","tag-curiosidades","tag-personalidade","tag-psicologia","tag-responsabilidades"],"yoast_head":"<!-- This site is optimized with the Yoast SEO plugin v24.6 - https:\/\/yoast.com\/wordpress\/plugins\/seo\/ -->\n<title>O que significa arrumar a cama todos os dias mesmo que ningu\u00e9m v\u00e1 ver, segundo a psicologia<\/title>\n<meta name=\"description\" content=\"Fazer a cama todos os dias revela disciplina, responsabilidade invis\u00edvel e autocuidado; descubra como esse h\u00e1bito molda sua personalidade.\" \/>\n<meta name=\"robots\" content=\"index, follow, max-snippet:-1, max-image-preview:large, max-video-preview:-1\" \/>\n<link rel=\"canonical\" href=\"https:\/\/www.correiobraziliense.com.br\/cbradar\/o-que-significa-arrumar-a-cama-todos-os-dias-mesmo-que-ninguem-va-ver-segundo-a-psicologia\/\" \/>\n<meta property=\"og:locale\" content=\"pt_BR\" \/>\n<meta property=\"og:type\" content=\"article\" \/>\n<meta property=\"og:title\" content=\"O que significa arrumar a cama todos os dias mesmo que ningu\u00e9m v\u00e1 ver, segundo a psicologia\" \/>\n<meta property=\"og:description\" content=\"Fazer a cama todos os dias revela disciplina, responsabilidade invis\u00edvel e autocuidado; descubra como esse h\u00e1bito molda sua personalidade.\" \/>\n<meta property=\"og:url\" content=\"https:\/\/www.correiobraziliense.com.br\/cbradar\/o-que-significa-arrumar-a-cama-todos-os-dias-mesmo-que-ninguem-va-ver-segundo-a-psicologia\/\" \/>\n<meta property=\"og:site_name\" content=\"Correio Braziliense - Radar\" \/>\n<meta property=\"article:published_time\" content=\"2026-01-24T01:05:00+00:00\" \/>\n<meta property=\"og:image\" content=\"https:\/\/www.correiobraziliense.com.br\/cbradar\/wp-content\/uploads\/2026\/01\/freepik__imagem-realista-de-uma-pessoa-mos-arrumando-a-cama__7591.jpeg\" \/>\n\t<meta property=\"og:image:width\" content=\"1280\" \/>\n\t<meta property=\"og:image:height\" content=\"720\" \/>\n\t<meta property=\"og:image:type\" content=\"image\/jpeg\" \/>\n<meta name=\"author\" content=\"Larissa Carvalho\" \/>\n<meta name=\"twitter:card\" content=\"summary_large_image\" \/>\n<meta name=\"twitter:label1\" content=\"Escrito por\" \/>\n\t<meta name=\"twitter:data1\" content=\"Larissa Carvalho\" \/>\n\t<meta name=\"twitter:label2\" content=\"Est. tempo de leitura\" \/>\n\t<meta name=\"twitter:data2\" content=\"6 minutos\" \/>\n<!-- \/ Yoast SEO plugin. -->","yoast_head_json":{"title":"O que significa arrumar a cama todos os dias mesmo que ningu\u00e9m v\u00e1 ver, segundo a psicologia","description":"Fazer a cama todos os dias revela disciplina, responsabilidade invis\u00edvel e autocuidado; descubra como esse h\u00e1bito molda sua personalidade.","robots":{"index":"index","follow":"follow","max-snippet":"max-snippet:-1","max-image-preview":"max-image-preview:large","max-video-preview":"max-video-preview:-1"},"canonical":"https:\/\/www.correiobraziliense.com.br\/cbradar\/o-que-significa-arrumar-a-cama-todos-os-dias-mesmo-que-ninguem-va-ver-segundo-a-psicologia\/","og_locale":"pt_BR","og_type":"article","og_title":"O que significa arrumar a cama todos os dias mesmo que ningu\u00e9m v\u00e1 ver, segundo a psicologia","og_description":"Fazer a cama todos os dias revela disciplina, responsabilidade invis\u00edvel e autocuidado; descubra como esse h\u00e1bito molda sua personalidade.","og_url":"https:\/\/www.correiobraziliense.com.br\/cbradar\/o-que-significa-arrumar-a-cama-todos-os-dias-mesmo-que-ninguem-va-ver-segundo-a-psicologia\/","og_site_name":"Correio Braziliense - Radar","article_published_time":"2026-01-24T01:05:00+00:00","og_image":[{"width":1280,"height":720,"url":"https:\/\/www.correiobraziliense.com.br\/cbradar\/wp-content\/uploads\/2026\/01\/freepik__imagem-realista-de-uma-pessoa-mos-arrumando-a-cama__7591.jpeg","type":"image\/jpeg"}],"author":"Larissa Carvalho","twitter_card":"summary_large_image","twitter_misc":{"Escrito por":"Larissa Carvalho","Est. tempo de leitura":"6 minutos"},"schema":{"@context":"https:\/\/schema.org","@graph":[{"@type":"WebPage","@id":"https:\/\/www.correiobraziliense.com.br\/cbradar\/o-que-significa-arrumar-a-cama-todos-os-dias-mesmo-que-ninguem-va-ver-segundo-a-psicologia\/","url":"https:\/\/www.correiobraziliense.com.br\/cbradar\/o-que-significa-arrumar-a-cama-todos-os-dias-mesmo-que-ninguem-va-ver-segundo-a-psicologia\/","name":"O que significa arrumar a cama todos os dias mesmo que ningu\u00e9m v\u00e1 ver, segundo a psicologia","isPartOf":{"@id":"https:\/\/www.correiobraziliense.com.br\/cbradar\/#website"},"primaryImageOfPage":{"@id":"https:\/\/www.correiobraziliense.com.br\/cbradar\/o-que-significa-arrumar-a-cama-todos-os-dias-mesmo-que-ninguem-va-ver-segundo-a-psicologia\/#primaryimage"},"image":{"@id":"https:\/\/www.correiobraziliense.com.br\/cbradar\/o-que-significa-arrumar-a-cama-todos-os-dias-mesmo-que-ninguem-va-ver-segundo-a-psicologia\/#primaryimage"},"thumbnailUrl":"https:\/\/www.correiobraziliense.com.br\/cbradar\/wp-content\/uploads\/2026\/01\/freepik__imagem-realista-de-uma-pessoa-mos-arrumando-a-cama__7591.jpeg","datePublished":"2026-01-24T01:05:00+00:00","author":{"@id":"https:\/\/www.correiobraziliense.com.br\/cbradar\/#\/schema\/person\/58422787644df994b53a19d3e56c1513"},"description":"Fazer a cama todos os dias revela disciplina, responsabilidade invis\u00edvel e autocuidado; descubra como esse h\u00e1bito molda sua personalidade.","breadcrumb":{"@id":"https:\/\/www.correiobraziliense.com.br\/cbradar\/o-que-significa-arrumar-a-cama-todos-os-dias-mesmo-que-ninguem-va-ver-segundo-a-psicologia\/#breadcrumb"},"inLanguage":"pt-BR","potentialAction":[{"@type":"ReadAction","target":["https:\/\/www.correiobraziliense.com.br\/cbradar\/o-que-significa-arrumar-a-cama-todos-os-dias-mesmo-que-ninguem-va-ver-segundo-a-psicologia\/"]}]},{"@type":"ImageObject","inLanguage":"pt-BR","@id":"https:\/\/www.correiobraziliense.com.br\/cbradar\/o-que-significa-arrumar-a-cama-todos-os-dias-mesmo-que-ninguem-va-ver-segundo-a-psicologia\/#primaryimage","url":"https:\/\/www.correiobraziliense.com.br\/cbradar\/wp-content\/uploads\/2026\/01\/freepik__imagem-realista-de-uma-pessoa-mos-arrumando-a-cama__7591.jpeg","contentUrl":"https:\/\/www.correiobraziliense.com.br\/cbradar\/wp-content\/uploads\/2026\/01\/freepik__imagem-realista-de-uma-pessoa-mos-arrumando-a-cama__7591.jpeg","width":1280,"height":720,"caption":"Desenvolve disciplina e h\u00e1bito de organiza\u00e7\u00e3o pessoal"},{"@type":"BreadcrumbList","@id":"https:\/\/www.correiobraziliense.com.br\/cbradar\/o-que-significa-arrumar-a-cama-todos-os-dias-mesmo-que-ninguem-va-ver-segundo-a-psicologia\/#breadcrumb","itemListElement":[{"@type":"ListItem","position":1,"name":"In\u00edcio","item":"https:\/\/www.correiobraziliense.com.br\/cbradar\/"},{"@type":"ListItem","position":2,"name":"O que significa arrumar a cama todos os dias mesmo que ningu\u00e9m v\u00e1 ver, segundo a psicologia"}]},{"@type":"WebSite","@id":"https:\/\/www.correiobraziliense.com.br\/cbradar\/#website","url":"https:\/\/www.correiobraziliense.com.br\/cbradar\/","name":"Correio Braziliense - Radar","description":"Acompanhe as \u00faltimas not\u00edcias e fique bem informado sobre tudo o que acontece no Brasil e no mundo.","potentialAction":[{"@type":"SearchAction","target":{"@type":"EntryPoint","urlTemplate":"https:\/\/www.correiobraziliense.com.br\/cbradar\/?s={search_term_string}"},"query-input":{"@type":"PropertyValueSpecification","valueRequired":true,"valueName":"search_term_string"}}],"inLanguage":"pt-BR"},{"@type":"Person","@id":"https:\/\/www.correiobraziliense.com.br\/cbradar\/#\/schema\/person\/58422787644df994b53a19d3e56c1513","name":"Larissa Carvalho","image":{"@type":"ImageObject","inLanguage":"pt-BR","@id":"https:\/\/www.correiobraziliense.com.br\/cbradar\/#\/schema\/person\/image\/","url":"https:\/\/secure.gravatar.com\/avatar\/fe4f91a0de32b52a838d0d612abdc1aa?s=96&d=mm&r=g","contentUrl":"https:\/\/secure.gravatar.com\/avatar\/fe4f91a0de32b52a838d0d612abdc1aa?s=96&d=mm&r=g","caption":"Larissa Carvalho"},"url":"https:\/\/www.correiobraziliense.com.br\/cbradar\/author\/larissamyth\/"}]}},"_links":{"self":[{"href":"https:\/\/www.correiobraziliense.com.br\/cbradar\/wp-json\/wp\/v2\/posts\/177868","targetHints":{"allow":["GET"]}}],"collection":[{"href":"https:\/\/www.correiobraziliense.com.br\/cbradar\/wp-json\/wp\/v2\/posts"}],"about":[{"href":"https:\/\/www.correiobraziliense.com.br\/cbradar\/wp-json\/wp\/v2\/types\/post"}],"author":[{"embeddable":true,"href":"https:\/\/www.correiobraziliense.com.br\/cbradar\/wp-json\/wp\/v2\/users\/3"}],"replies":[{"embeddable":true,"href":"https:\/\/www.correiobraziliense.com.br\/cbradar\/wp-json\/wp\/v2\/comments?post=177868"}],"version-history":[{"count":2,"href":"https:\/\/www.correiobraziliense.com.br\/cbradar\/wp-json\/wp\/v2\/posts\/177868\/revisions"}],"predecessor-version":[{"id":177875,"href":"https:\/\/www.correiobraziliense.com.br\/cbradar\/wp-json\/wp\/v2\/posts\/177868\/revisions\/177875"}],"wp:featuredmedia":[{"embeddable":true,"href":"https:\/\/www.correiobraziliense.com.br\/cbradar\/wp-json\/wp\/v2\/media\/179715"}],"wp:attachment":[{"href":"https:\/\/www.correiobraziliense.com.br\/cbradar\/wp-json\/wp\/v2\/media?parent=177868"}],"wp:term":[{"taxonomy":"category","embeddable":true,"href":"https:\/\/www.correiobraziliense.com.br\/cbradar\/wp-json\/wp\/v2\/categories?post=177868"},{"taxonomy":"post_tag","embeddable":true,"href":"https:\/\/www.correiobraziliense.com.br\/cbradar\/wp-json\/wp\/v2\/tags?post=177868"}],"curies":[{"name":"wp","href":"https:\/\/api.w.org\/{rel}","templated":true}]}}