{"id":17787,"date":"2025-04-02T17:10:00","date_gmt":"2025-04-02T20:10:00","guid":{"rendered":"https:\/\/www.correiobraziliense.com.br\/cbradar\/?p=17787"},"modified":"2025-06-25T21:00:44","modified_gmt":"2025-06-26T00:00:44","slug":"novidades-do-apple-tv-para-abril-de-2025-veja-o-que-estreia","status":"publish","type":"post","link":"https:\/\/www.correiobraziliense.com.br\/cbradar\/novidades-do-apple-tv-para-abril-de-2025-veja-o-que-estreia\/","title":{"rendered":"Novidades do Apple TV para abril de 2025, veja o que estreia"},"content":{"rendered":"\n<p>A programa\u00e7\u00e3o de abril de <strong>2025<\/strong> do <a href=\"https:\/\/tv.apple.com\/br\" target=\"_blank\" rel=\"noreferrer noopener\"><strong>Apple TV+<\/strong> r<\/a>evela uma estrat\u00e9gia de conte\u00fado meticulosamente calibrada que vai muito al\u00e9m do simples lan\u00e7amento de novas s\u00e9ries. Com apenas quatro novos t\u00edtulos principais, a plataforma est\u00e1 demonstrando uma filosofia de &#8220;menos \u00e9 mais&#8221; que desafia diretamente o modelo de satura\u00e7\u00e3o de conte\u00fado adotado por concorrentes como <a href=\"https:\/\/www.correiobraziliense.com.br\/cbradar\/confira-filmes-de-comedia-que-fazem-voce-rir-mas-tambem-pensar\/\" target=\"_blank\" rel=\"noreferrer noopener\"><strong>Netflix<\/strong> <\/a>e <strong>Amazon Prime<\/strong>. Esta abordagem cir\u00fargica, centrada em <strong>&#8220;Seus Amigos e Vizinhos&#8221;<\/strong> com <strong>Jon Hamm<\/strong> e <strong>&#8220;Vidas Processadas&#8221;<\/strong> com <strong>David Oyelowo<\/strong>, pode estabelecer um novo paradigma para como plataformas premium definem valor e diferencia\u00e7\u00e3o no mercado.<\/p>\n\n\n\n<p>A confian\u00e7a da <strong>Apple<\/strong> em sua estrat\u00e9gia \u00e9 evidenciada pela renova\u00e7\u00e3o antecipada de <strong>&#8220;Seus Amigos e Vizinhos&#8221;<\/strong> para uma segunda temporada, antes mesmo da estreia da primeira em <strong>11 de abril<\/strong>. Esta decis\u00e3o, raramente vista na ind\u00fastria, sinaliza n\u00e3o apenas confian\u00e7a criativa, mas uma aposta estrat\u00e9gica na capacidade de <strong>Jon Hamm<\/strong> de atrair e manter audi\u00eancias premium dispostas a pagar pela qualidade diferenciada.<\/p>\n\n\n\n<h2 class=\"wp-block-heading\"><strong>Por que a Apple est\u00e1 apostando tudo em produ\u00e7\u00f5es de alto or\u00e7amento com elencos estelares?<\/strong><\/h2>\n\n\n\n<p><strong>&#8220;Seus Amigos e Vizinhos&#8221;<\/strong> representa o primeiro papel principal de <strong>Jon Hamm<\/strong> em uma s\u00e9rie desde <strong>&#8220;Mad Men&#8221;<\/strong> terminou em <strong>2015<\/strong>. Criada por <strong>Jonathan Tropper<\/strong> (<strong>&#8220;Warrior&#8221;<\/strong>, <strong>&#8220;Banshee&#8221;<\/strong>), a s\u00e9rie de nove epis\u00f3dios explora territ\u00f3rio psicol\u00f3gico complexo: um gestor de fundos de investimento demitido em desgra\u00e7a que recorre a roubar casas de vizinhos ricos ap\u00f3s um div\u00f3rcio traum\u00e1tico. O conceito combina suspense psicol\u00f3gico com cr\u00edtica social, posicionamento que demonstra a sofistica\u00e7\u00e3o narrativa que a <strong>Apple<\/strong> busca.<\/p>\n\n\n\n<p>A produ\u00e7\u00e3o conta com <strong>Amanda Peet<\/strong>, <strong>Olivia Munn<\/strong>, <strong>Hoon Lee<\/strong> e <strong>Lena Hall<\/strong> em pap\u00e9is de apoio, criando um elenco que equilibra reconhecimento de nome com profundidade interpretativa. <strong>Craig Gillespie<\/strong> dirigiu os dois primeiros epis\u00f3dios, trazendo a experi\u00eancia visual de <strong>&#8220;I, Tonya&#8221;<\/strong> e <strong>&#8220;Cruella&#8221;<\/strong> para estabelecer o tom cinematogr\u00e1fico que a <strong>Apple<\/strong> prioriza.<\/p>\n\n\n\n<figure class=\"wp-block-image size-large\"><img decoding=\"async\" width=\"1024\" height=\"576\" src=\"https:\/\/www.correiobraziliense.com.br\/cbradar\/wp-content\/uploads\/2025\/04\/Apple-TV_1743512753533-1024x576.jpg\" alt=\"Novidades do Apple TV para Abril de 2025\" class=\"wp-image-17791\" srcset=\"https:\/\/www.correiobraziliense.com.br\/cbradar\/wp-content\/uploads\/2025\/04\/Apple-TV_1743512753533-1024x576.jpg 1024w, https:\/\/www.correiobraziliense.com.br\/cbradar\/wp-content\/uploads\/2025\/04\/Apple-TV_1743512753533-300x169.jpg 300w, https:\/\/www.correiobraziliense.com.br\/cbradar\/wp-content\/uploads\/2025\/04\/Apple-TV_1743512753533-768x432.jpg 768w, https:\/\/www.correiobraziliense.com.br\/cbradar\/wp-content\/uploads\/2025\/04\/Apple-TV_1743512753533-750x422.jpg 750w, https:\/\/www.correiobraziliense.com.br\/cbradar\/wp-content\/uploads\/2025\/04\/Apple-TV_1743512753533-1140x641.jpg 1140w, https:\/\/www.correiobraziliense.com.br\/cbradar\/wp-content\/uploads\/2025\/04\/Apple-TV_1743512753533.jpg 1280w\" sizes=\"(max-width: 1024px) 100vw, 1024px\" \/><figcaption class=\"wp-element-caption\">Apple TV.Cr\u00e9ditos: depositphotos.com \/ AlexShadyuk<\/figcaption><\/figure>\n\n\n\n<h2 class=\"wp-block-heading\"><strong>Como &#8220;Vidas Processadas&#8221; reflete o compromisso da Apple com diversidade criativa?<\/strong><\/h2>\n\n\n\n<p><strong>&#8220;Vidas Processadas&#8221;<\/strong>, estreando em <strong>16 de abril<\/strong>, representa uma aposta ainda mais audaciosa. Criada por <strong>Paul Hunter<\/strong> e <strong>Aeysha Carr<\/strong>, a com\u00e9dia surrealista de dez epis\u00f3dios \u00e9 ambientada no <strong>Vale de San Fernando<\/strong> de <strong>1969<\/strong>, seguindo <strong>Hampton Chambers<\/strong> (<strong>David Oyelowo<\/strong>), um ex-presidi\u00e1rio tentando se reconectar com sua fam\u00edlia atrav\u00e9s de uma inven\u00e7\u00e3o chamada <strong>&#8220;Bit Magician&#8221;<\/strong> &#8211; uma furadeira auto-afiante.<\/p>\n\n\n\n<p>A s\u00e9rie \u00e9 produzida em parceria entre <strong>Apple Studios<\/strong> e <strong>MACRO Television Studios<\/strong>, com <strong>Oyelowo<\/strong> servindo como produtor executivo atrav\u00e9s de sua <strong>Yoruba Saxon<\/strong>. <strong>Simone Missick<\/strong>, <strong>Jahi Di&#8217;Allo Winston<\/strong> e <strong>Evan Ellison<\/strong> completam o n\u00facleo familiar, criando uma narrativa que mistura elementos de realismo m\u00e1gico com coment\u00e1rio social sobre o sonho americano e reintegra\u00e7\u00e3o p\u00f3s-carcer\u00e1ria.<\/p>\n\n\n\n<h2 class=\"wp-block-heading\"><strong>Qual o significado estrat\u00e9gico da renova\u00e7\u00e3o antecipada e do investimento em conte\u00fado infantil premiado?<\/strong><\/h2>\n\n\n\n<p>A terceira temporada de <strong>&#8220;Jane&#8221;<\/strong>, estreando em <strong>18 de abril<\/strong>, representa uma faceta crucial da estrat\u00e9gia da <strong>Apple<\/strong>: consolidar sucesso em conte\u00fado familiar educativo. Vencedora do <strong>Emmy de Programas Infantis e Familiares<\/strong> para <strong>Melhores Efeitos Visuais<\/strong>, a s\u00e9rie inspirada no trabalho da primat\u00f3loga <strong>Dra. Jane Goodall<\/strong> demonstra como a <strong>Apple<\/strong> est\u00e1 investindo em propriedades intelectuais de longo prazo que constroem lealdade geracional.<\/p>\n\n\n\n<p>A s\u00e9rie combina a\u00e7\u00e3o ao vivo com <strong>CGI<\/strong> de alta qualidade, seguindo <strong>Jane Garcia<\/strong> (<strong>Ava Louise Murchison<\/strong>) em aventuras ambientais globais. <strong>J.J. Johnson<\/strong>, criador de <strong>&#8220;Dino Dana&#8221;<\/strong>, lidera a produ\u00e7\u00e3o atrav\u00e9s da <strong>Sinking Ship Entertainment<\/strong>, mantendo padr\u00f5es de produ\u00e7\u00e3o que rivalizam com cinema infantil premium.<\/p>\n\n\n\n<h2 class=\"wp-block-heading\"><strong>Como a programa\u00e7\u00e3o internacional da Apple est\u00e1 expandindo alcance global?<\/strong><\/h2>\n\n\n\n<p><strong>&#8220;Car\u00eame&#8221;<\/strong>, a s\u00e9rie hist\u00f3rica francesa estreando em <strong>30 de abril<\/strong>, exemplifica a ambi\u00e7\u00e3o global da <strong>Apple<\/strong>. Baseada no livro <strong>&#8220;Cooking for Kings: The Life of Antonin Car\u00eame&#8221;<\/strong> de <strong>Ian Kelly<\/strong>, a produ\u00e7\u00e3o retrata <strong>Antonin Car\u00eame<\/strong> (<strong>Benjamin Voisin<\/strong>) como o primeiro chef celebridade mundial durante a era napole\u00f4nica.<\/p>\n\n\n\n<p>Filmada em loca\u00e7\u00f5es ic\u00f4nicas de <strong>Paris<\/strong>, incluindo <strong>Op\u00e9ra Garnier<\/strong> e <strong>Palais-Royal<\/strong>, a s\u00e9rie representa investimento significativo em produ\u00e7\u00e3o europ\u00e9ia de alta qualidade. A colabora\u00e7\u00e3o com <strong>VVZ Production<\/strong> e <strong>Banijay&#8217;s Shine Fiction<\/strong> demonstra como a <strong>Apple<\/strong> est\u00e1 construindo parcerias produtivas internacionais sustent\u00e1veis.<\/p>\n\n\n\n<h2 class=\"wp-block-heading\"><strong>Que desafios esta estrat\u00e9gia de programa\u00e7\u00e3o enfrenta no mercado atual?<\/strong><\/h2>\n\n\n\n<p>A abordagem minimalista da <strong>Apple<\/strong> em abril contrasta drasticamente com a estrat\u00e9gia de volume de concorrentes. Enquanto <strong>Netflix<\/strong> lan\u00e7a dezenas de t\u00edtulos mensalmente, a <strong>Apple<\/strong> est\u00e1 apostando que quatro lan\u00e7amentos cuidadosamente curados podem gerar maior impacto cultural e reten\u00e7\u00e3o de assinantes.<\/p>\n\n\n\n<p>Esta estrat\u00e9gia enfrenta o desafio da percep\u00e7\u00e3o de valor. Assinantes podem questionar se uma plataforma com t\u00e3o pouco conte\u00fado novo justifica o custo mensal, especialmente quando comparada a alternativas com bibliotecas massivas. A <strong>Apple<\/strong> est\u00e1 essencialmente apostando que qualidade excepcional pode superar quantidade.<\/p>\n\n\n\n<h2 class=\"wp-block-heading\"><strong>Como esta programa\u00e7\u00e3o pode influenciar futuras estrat\u00e9gias da ind\u00fastria?<\/strong><\/h2>\n\n\n\n<p>O sucesso ou fracasso da abordagem de abril da <strong>Apple<\/strong> pode estabelecer precedentes importantes para toda a ind\u00fastria de streaming. Se <strong>&#8220;Seus Amigos e Vizinhos&#8221;<\/strong> e <strong>&#8220;Vidas Processadas&#8221;<\/strong> conseguirem gerar repercuss\u00e3o cultural significativa e reten\u00e7\u00e3o de audi\u00eancia, outras plataformas podem reconsiderar suas estrat\u00e9gias de satura\u00e7\u00e3o de conte\u00fado.<\/p>\n\n\n\n<p>A renova\u00e7\u00e3o antecipada de <strong>&#8220;Seus Amigos e Vizinhos&#8221;<\/strong> sugere que a <strong>Apple<\/strong> est\u00e1 priorizando desenvolvimento de franquias de longo prazo sobre sucessos \u00fanicos. Esta abordagem, se bem-sucedida, pode demonstrar viabilidade econ\u00f4mica de investimento profundo em menos propriedades, criando valor atrav\u00e9s de desenvolvimento sustentado de personagens e narrativas.<\/p>\n\n\n\n<p>A programa\u00e7\u00e3o de abril de <strong>2025<\/strong> da <strong>Apple TV+<\/strong> representa um momento definidor para a plataforma. Ao escolher profundidade sobre amplitude, a <strong>Apple<\/strong> est\u00e1 testando se audi\u00eancias premium valorizar\u00e3o curadoria excepcional sobre abund\u00e2ncia de op\u00e7\u00f5es. O resultado pode redefinir como toda a ind\u00fastria de streaming premium aborda desenvolvimento e distribui\u00e7\u00e3o de conte\u00fado.<\/p>\n","protected":false},"excerpt":{"rendered":"<p>Descubra as emocionantes estreias e finais de temporada do Apple TV em abril de 2025. De dramas intensos a com\u00e9dias e s\u00e9ries infantis.<\/p>\n","protected":false},"author":3,"featured_media":17788,"comment_status":"open","ping_status":"open","sticky":false,"template":"","format":"standard","meta":{"jnews-multi-image_gallery":[],"jnews_single_post":{"format":"standard"},"jnews_primary_category":[],"jnews_social_meta":[],"jnews_override_counter":[],"footnotes":""},"categories":[140],"post_tag":[1770,568],"class_list":["post-17787","post","type-post","status-publish","format-standard","has-post-thumbnail","hentry","category-entretenimento","tag-apple-tv","tag-series-e-filmes"],"yoast_head":"<!-- This site is optimized with the Yoast SEO plugin v24.6 - https:\/\/yoast.com\/wordpress\/plugins\/seo\/ -->\n<title>Novidades do Apple TV para abril de 2025, veja o que estreia<\/title>\n<meta name=\"description\" content=\"Descubra as emocionantes estreias e finais de temporada do Apple TV em abril de 2025. De dramas intensos a com\u00e9dias e s\u00e9ries infantis.\" \/>\n<meta name=\"robots\" content=\"index, follow, max-snippet:-1, max-image-preview:large, max-video-preview:-1\" \/>\n<link rel=\"canonical\" href=\"https:\/\/www.correiobraziliense.com.br\/cbradar\/novidades-do-apple-tv-para-abril-de-2025-veja-o-que-estreia\/\" \/>\n<meta property=\"og:locale\" content=\"pt_BR\" \/>\n<meta property=\"og:type\" content=\"article\" \/>\n<meta property=\"og:title\" content=\"Novidades do Apple TV para abril de 2025, veja o que estreia\" \/>\n<meta property=\"og:description\" content=\"Descubra as emocionantes estreias e finais de temporada do Apple TV em abril de 2025. De dramas intensos a com\u00e9dias e s\u00e9ries infantis.\" \/>\n<meta property=\"og:url\" content=\"https:\/\/www.correiobraziliense.com.br\/cbradar\/novidades-do-apple-tv-para-abril-de-2025-veja-o-que-estreia\/\" \/>\n<meta property=\"og:site_name\" content=\"Correio Braziliense - Radar\" \/>\n<meta property=\"article:published_time\" content=\"2025-04-02T20:10:00+00:00\" \/>\n<meta property=\"article:modified_time\" content=\"2025-06-26T00:00:44+00:00\" \/>\n<meta property=\"og:image\" content=\"https:\/\/www.correiobraziliense.com.br\/cbradar\/wp-content\/uploads\/2025\/04\/Apple-TV_1743512649961.jpg\" \/>\n\t<meta property=\"og:image:width\" content=\"1280\" \/>\n\t<meta property=\"og:image:height\" content=\"720\" \/>\n\t<meta property=\"og:image:type\" content=\"image\/jpeg\" \/>\n<meta name=\"author\" content=\"Larissa Carvalho\" \/>\n<meta name=\"twitter:card\" content=\"summary_large_image\" \/>\n<meta name=\"twitter:label1\" content=\"Escrito por\" \/>\n\t<meta name=\"twitter:data1\" content=\"Larissa Carvalho\" \/>\n\t<meta name=\"twitter:label2\" content=\"Est. tempo de leitura\" \/>\n\t<meta name=\"twitter:data2\" content=\"6 minutos\" \/>\n<!-- \/ Yoast SEO plugin. -->","yoast_head_json":{"title":"Novidades do Apple TV para abril de 2025, veja o que estreia","description":"Descubra as emocionantes estreias e finais de temporada do Apple TV em abril de 2025. De dramas intensos a com\u00e9dias e s\u00e9ries infantis.","robots":{"index":"index","follow":"follow","max-snippet":"max-snippet:-1","max-image-preview":"max-image-preview:large","max-video-preview":"max-video-preview:-1"},"canonical":"https:\/\/www.correiobraziliense.com.br\/cbradar\/novidades-do-apple-tv-para-abril-de-2025-veja-o-que-estreia\/","og_locale":"pt_BR","og_type":"article","og_title":"Novidades do Apple TV para abril de 2025, veja o que estreia","og_description":"Descubra as emocionantes estreias e finais de temporada do Apple TV em abril de 2025. De dramas intensos a com\u00e9dias e s\u00e9ries infantis.","og_url":"https:\/\/www.correiobraziliense.com.br\/cbradar\/novidades-do-apple-tv-para-abril-de-2025-veja-o-que-estreia\/","og_site_name":"Correio Braziliense - Radar","article_published_time":"2025-04-02T20:10:00+00:00","article_modified_time":"2025-06-26T00:00:44+00:00","og_image":[{"width":1280,"height":720,"url":"https:\/\/www.correiobraziliense.com.br\/cbradar\/wp-content\/uploads\/2025\/04\/Apple-TV_1743512649961.jpg","type":"image\/jpeg"}],"author":"Larissa Carvalho","twitter_card":"summary_large_image","twitter_misc":{"Escrito por":"Larissa Carvalho","Est. tempo de leitura":"6 minutos"},"schema":{"@context":"https:\/\/schema.org","@graph":[{"@type":"WebPage","@id":"https:\/\/www.correiobraziliense.com.br\/cbradar\/novidades-do-apple-tv-para-abril-de-2025-veja-o-que-estreia\/","url":"https:\/\/www.correiobraziliense.com.br\/cbradar\/novidades-do-apple-tv-para-abril-de-2025-veja-o-que-estreia\/","name":"Novidades do Apple TV para abril de 2025, veja o que estreia","isPartOf":{"@id":"https:\/\/www.correiobraziliense.com.br\/cbradar\/#website"},"primaryImageOfPage":{"@id":"https:\/\/www.correiobraziliense.com.br\/cbradar\/novidades-do-apple-tv-para-abril-de-2025-veja-o-que-estreia\/#primaryimage"},"image":{"@id":"https:\/\/www.correiobraziliense.com.br\/cbradar\/novidades-do-apple-tv-para-abril-de-2025-veja-o-que-estreia\/#primaryimage"},"thumbnailUrl":"https:\/\/www.correiobraziliense.com.br\/cbradar\/wp-content\/uploads\/2025\/04\/Apple-TV_1743512649961.jpg","datePublished":"2025-04-02T20:10:00+00:00","dateModified":"2025-06-26T00:00:44+00:00","author":{"@id":"https:\/\/www.correiobraziliense.com.br\/cbradar\/#\/schema\/person\/58422787644df994b53a19d3e56c1513"},"description":"Descubra as emocionantes estreias e finais de temporada do Apple TV em abril de 2025. De dramas intensos a com\u00e9dias e s\u00e9ries infantis.","breadcrumb":{"@id":"https:\/\/www.correiobraziliense.com.br\/cbradar\/novidades-do-apple-tv-para-abril-de-2025-veja-o-que-estreia\/#breadcrumb"},"inLanguage":"pt-BR","potentialAction":[{"@type":"ReadAction","target":["https:\/\/www.correiobraziliense.com.br\/cbradar\/novidades-do-apple-tv-para-abril-de-2025-veja-o-que-estreia\/"]}]},{"@type":"ImageObject","inLanguage":"pt-BR","@id":"https:\/\/www.correiobraziliense.com.br\/cbradar\/novidades-do-apple-tv-para-abril-de-2025-veja-o-que-estreia\/#primaryimage","url":"https:\/\/www.correiobraziliense.com.br\/cbradar\/wp-content\/uploads\/2025\/04\/Apple-TV_1743512649961.jpg","contentUrl":"https:\/\/www.correiobraziliense.com.br\/cbradar\/wp-content\/uploads\/2025\/04\/Apple-TV_1743512649961.jpg","width":1280,"height":720,"caption":"Apple TV.Cr\u00e9ditos: depositphotos.com \/ oasisamuel"},{"@type":"BreadcrumbList","@id":"https:\/\/www.correiobraziliense.com.br\/cbradar\/novidades-do-apple-tv-para-abril-de-2025-veja-o-que-estreia\/#breadcrumb","itemListElement":[{"@type":"ListItem","position":1,"name":"In\u00edcio","item":"https:\/\/www.correiobraziliense.com.br\/cbradar\/"},{"@type":"ListItem","position":2,"name":"Novidades do Apple TV para abril de 2025, veja o que estreia"}]},{"@type":"WebSite","@id":"https:\/\/www.correiobraziliense.com.br\/cbradar\/#website","url":"https:\/\/www.correiobraziliense.com.br\/cbradar\/","name":"Correio Braziliense - Radar","description":"Acompanhe as \u00faltimas not\u00edcias e fique bem informado sobre tudo o que acontece no Brasil e no mundo.","potentialAction":[{"@type":"SearchAction","target":{"@type":"EntryPoint","urlTemplate":"https:\/\/www.correiobraziliense.com.br\/cbradar\/?s={search_term_string}"},"query-input":{"@type":"PropertyValueSpecification","valueRequired":true,"valueName":"search_term_string"}}],"inLanguage":"pt-BR"},{"@type":"Person","@id":"https:\/\/www.correiobraziliense.com.br\/cbradar\/#\/schema\/person\/58422787644df994b53a19d3e56c1513","name":"Larissa Carvalho","image":{"@type":"ImageObject","inLanguage":"pt-BR","@id":"https:\/\/www.correiobraziliense.com.br\/cbradar\/#\/schema\/person\/image\/","url":"https:\/\/secure.gravatar.com\/avatar\/fe4f91a0de32b52a838d0d612abdc1aa?s=96&d=mm&r=g","contentUrl":"https:\/\/secure.gravatar.com\/avatar\/fe4f91a0de32b52a838d0d612abdc1aa?s=96&d=mm&r=g","caption":"Larissa Carvalho"},"url":"https:\/\/www.correiobraziliense.com.br\/cbradar\/author\/larissamyth\/"}]}},"_links":{"self":[{"href":"https:\/\/www.correiobraziliense.com.br\/cbradar\/wp-json\/wp\/v2\/posts\/17787","targetHints":{"allow":["GET"]}}],"collection":[{"href":"https:\/\/www.correiobraziliense.com.br\/cbradar\/wp-json\/wp\/v2\/posts"}],"about":[{"href":"https:\/\/www.correiobraziliense.com.br\/cbradar\/wp-json\/wp\/v2\/types\/post"}],"author":[{"embeddable":true,"href":"https:\/\/www.correiobraziliense.com.br\/cbradar\/wp-json\/wp\/v2\/users\/3"}],"replies":[{"embeddable":true,"href":"https:\/\/www.correiobraziliense.com.br\/cbradar\/wp-json\/wp\/v2\/comments?post=17787"}],"version-history":[{"count":3,"href":"https:\/\/www.correiobraziliense.com.br\/cbradar\/wp-json\/wp\/v2\/posts\/17787\/revisions"}],"predecessor-version":[{"id":59550,"href":"https:\/\/www.correiobraziliense.com.br\/cbradar\/wp-json\/wp\/v2\/posts\/17787\/revisions\/59550"}],"wp:featuredmedia":[{"embeddable":true,"href":"https:\/\/www.correiobraziliense.com.br\/cbradar\/wp-json\/wp\/v2\/media\/17788"}],"wp:attachment":[{"href":"https:\/\/www.correiobraziliense.com.br\/cbradar\/wp-json\/wp\/v2\/media?parent=17787"}],"wp:term":[{"taxonomy":"category","embeddable":true,"href":"https:\/\/www.correiobraziliense.com.br\/cbradar\/wp-json\/wp\/v2\/categories?post=17787"},{"taxonomy":"post_tag","embeddable":true,"href":"https:\/\/www.correiobraziliense.com.br\/cbradar\/wp-json\/wp\/v2\/post_tag?post=17787"}],"curies":[{"name":"wp","href":"https:\/\/api.w.org\/{rel}","templated":true}]}}