{"id":177873,"date":"2026-01-25T16:55:00","date_gmt":"2026-01-25T19:55:00","guid":{"rendered":"https:\/\/www.correiobraziliense.com.br\/cbradar\/?p=177873"},"modified":"2026-01-24T11:29:56","modified_gmt":"2026-01-24T14:29:56","slug":"espelhos-no-quarto-onde-nao-colocar-para-evitar-insonias-e-ansiedade-visual","status":"publish","type":"post","link":"https:\/\/www.correiobraziliense.com.br\/cbradar\/espelhos-no-quarto-onde-nao-colocar-para-evitar-insonias-e-ansiedade-visual\/","title":{"rendered":"Espelhos no quarto: onde n\u00e3o colocar para evitar ins\u00f4nias e ansiedade visual"},"content":{"rendered":"\n<p>Posicionar espelhos de forma incorreta no dormit\u00f3rio pode sabotar o descanso ao ativar instintos primitivos de defesa durante a madrugada. O c\u00e9rebro humano interpreta reflexos e vultos em movimento no escuro como amea\u00e7as potenciais, mantendo o sistema de alerta ligado e impedindo o relaxamento necess\u00e1rio para o sono profundo.<\/p>\n\n\n\n<h2 class=\"wp-block-heading\">Por que o reflexo ativa o sistema de alerta do c\u00e9rebro?<\/h2>\n\n\n\n<p>A biologia evolutiva explica o desconforto: durante milhares de anos, qualquer movimento na escurid\u00e3o poderia significar um predador. Quando voc\u00ea dorme com um espelho vis\u00edvel, qualquer mudan\u00e7a de luz ou o movimento do seu pr\u00f3prio corpo ao virar na cama cria um reflexo que a sua vis\u00e3o perif\u00e9rica capta.<\/p>\n\n\n\n<p>Mesmo que voc\u00ea saiba racionalmente que \u00e9 apenas um espelho, a <strong>am\u00edgdala<\/strong> (parte do c\u00e9rebro respons\u00e1vel pela detec\u00e7\u00e3o de perigo) reage mais r\u00e1pido que o pensamento l\u00f3gico. Isso gera microdespertares ou mant\u00e9m o corpo num estado de vigil\u00e2ncia sutil, elevando os n\u00edveis de cortisol e dificultando a entrada na fase REM do sono.<\/p>\n\n\n\n<figure class=\"wp-block-image aligncenter size-large\"><img decoding=\"async\" width=\"1024\" height=\"576\" src=\"https:\/\/www.correiobraziliense.com.br\/cbradar\/wp-content\/uploads\/2026\/01\/imagem_2026-01-18_152804218-1024x576.png\" alt=\"Posi\u00e7\u00f5es de espelhos no quarto que podem causar desconforto visual e atrapalhar o sono\n\" class=\"wp-image-177876\" srcset=\"https:\/\/www.correiobraziliense.com.br\/cbradar\/wp-content\/uploads\/2026\/01\/imagem_2026-01-18_152804218-1024x576.png 1024w, https:\/\/www.correiobraziliense.com.br\/cbradar\/wp-content\/uploads\/2026\/01\/imagem_2026-01-18_152804218-300x169.png 300w, https:\/\/www.correiobraziliense.com.br\/cbradar\/wp-content\/uploads\/2026\/01\/imagem_2026-01-18_152804218-768x432.png 768w, https:\/\/www.correiobraziliense.com.br\/cbradar\/wp-content\/uploads\/2026\/01\/imagem_2026-01-18_152804218-750x422.png 750w, https:\/\/www.correiobraziliense.com.br\/cbradar\/wp-content\/uploads\/2026\/01\/imagem_2026-01-18_152804218-1140x641.png 1140w, https:\/\/www.correiobraziliense.com.br\/cbradar\/wp-content\/uploads\/2026\/01\/imagem_2026-01-18_152804218.png 1280w\" sizes=\"(max-width: 1024px) 100vw, 1024px\" \/><figcaption class=\"wp-element-caption\">Posi\u00e7\u00f5es de espelhos no quarto que podem causar desconforto visual e atrapalhar o sono\n<\/figcaption><\/figure>\n\n\n\n<h2 class=\"wp-block-heading\">Qual \u00e9 o pior lugar para instalar o espelho?<\/h2>\n\n\n\n<p>O erro n\u00famero um, condenado tanto pela neuroarquitetura quanto pelo Feng Shui, \u00e9 colocar o espelho <strong>refletindo diretamente a cama<\/strong>. Acordar no meio da noite e ver um vulto (voc\u00ea mesmo) sentado ou se mexendo pode causar um susto imediato e acelera\u00e7\u00e3o card\u00edaca.<\/p>\n\n\n\n<p>Al\u00e9m do susto, existe a &#8220;ansiedade visual&#8221;. Ter a sua imagem constantemente refletida cria uma sensa\u00e7\u00e3o subconsciente de estar sendo observado. Essa falta de privacidade mental no seu momento mais vulner\u00e1vel impede o relaxamento total, criando uma tens\u00e3o de fundo que muitas vezes \u00e9 confundida com ins\u00f4nia comum.<\/p>\n\n\n\n<p>Leia tamb\u00e9m: <a href=\"https:\/\/www.correiobraziliense.com.br\/cbradar\/teto-alto-vs-teto-baixo-como-a-altura-do-pe-direito-muda-a-sua-criatividade-ou-foco\/\" target=\"_blank\" rel=\"noreferrer noopener\">Teto alto vs Teto baixo: como a altura do p\u00e9-direito muda a sua criatividade ou foco<\/a><\/p>\n\n\n\n<h2 class=\"wp-block-heading\">Como a multiplica\u00e7\u00e3o da luz afeta a melatonina?<\/h2>\n\n\n\n<p>Espelhos s\u00e3o superf\u00edcies que duplicam a luz. Se o seu quarto recebe ilumina\u00e7\u00e3o externa (postes de rua, far\u00f3is de carros) ou possui luzes de <em>standby<\/em> de eletr\u00f4nicos (TV, ar-condicionado), o espelho vai amplificar essa polui\u00e7\u00e3o luminosa.<\/p>\n\n\n\n<p>Ao rebater esses feixes de luz diretamente para os seus olhos, o espelho interfere na produ\u00e7\u00e3o de <strong>melatonina<\/strong>, o horm\u00f4nio do sono que precisa de escurid\u00e3o total para ser secretado. O resultado \u00e9 um sono picado e menos reparador, causado por uma pe\u00e7a de decora\u00e7\u00e3o mal posicionada.<\/p>\n\n\n\n<figure class=\"wp-block-image aligncenter size-large\"><img decoding=\"async\" width=\"1024\" height=\"576\" src=\"https:\/\/www.correiobraziliense.com.br\/cbradar\/wp-content\/uploads\/2026\/01\/imagem_2026-01-18_152906306-1024x576.png\" alt=\"Posi\u00e7\u00f5es de espelhos no quarto que podem causar desconforto visual e atrapalhar o sono\n\" class=\"wp-image-177877\" srcset=\"https:\/\/www.correiobraziliense.com.br\/cbradar\/wp-content\/uploads\/2026\/01\/imagem_2026-01-18_152906306-1024x576.png 1024w, https:\/\/www.correiobraziliense.com.br\/cbradar\/wp-content\/uploads\/2026\/01\/imagem_2026-01-18_152906306-300x169.png 300w, https:\/\/www.correiobraziliense.com.br\/cbradar\/wp-content\/uploads\/2026\/01\/imagem_2026-01-18_152906306-768x432.png 768w, https:\/\/www.correiobraziliense.com.br\/cbradar\/wp-content\/uploads\/2026\/01\/imagem_2026-01-18_152906306-750x422.png 750w, https:\/\/www.correiobraziliense.com.br\/cbradar\/wp-content\/uploads\/2026\/01\/imagem_2026-01-18_152906306-1140x641.png 1140w, https:\/\/www.correiobraziliense.com.br\/cbradar\/wp-content\/uploads\/2026\/01\/imagem_2026-01-18_152906306.png 1280w\" sizes=\"(max-width: 1024px) 100vw, 1024px\" \/><figcaption class=\"wp-element-caption\">Posi\u00e7\u00f5es de espelhos no quarto que podem causar desconforto visual e atrapalhar o sono\n<\/figcaption><\/figure>\n\n\n\n<h2 class=\"wp-block-heading\">O espelho pode aumentar o estresse psicol\u00f3gico antes de dormir?<\/h2>\n\n\n\n<p>Existe um fator psicol\u00f3gico importante: o auto-julgamento. Ter um espelho grande que voc\u00ea \u00e9 obrigado a encarar assim que se levanta ou antes de deitar pode desencadear pensamentos autocr\u00edticos sobre a apar\u00eancia, peso ou cansa\u00e7o.<\/p>\n\n\n\n<p>O quarto deve ser um santu\u00e1rio de descompress\u00e3o. Ser confrontado com a pr\u00f3pria imagem num momento de exaust\u00e3o estimula o c\u00e9rebro a pensar em problemas e inseguran\u00e7as, em vez de focar na gratid\u00e3o ou no descanso, aumentando a ansiedade mental na hora errada.<\/p>\n\n\n\n<h2 class=\"wp-block-heading\">Onde posicionar o espelho para dormir em paz?<\/h2>\n\n\n\n<p>A solu\u00e7\u00e3o n\u00e3o \u00e9 banir os espelhos, mas sim posicion\u00e1-los estrategicamente fora do campo de vis\u00e3o de quem est\u00e1 deitado. A regra de ouro \u00e9: se voc\u00ea consegue se ver no espelho enquanto est\u00e1 com a cabe\u00e7a no travesseiro, ele est\u00e1 no lugar errado.<\/p>\n\n\n\n<p>As posi\u00e7\u00f5es seguras e funcionais incluem:<\/p>\n\n\n\n<ul class=\"wp-block-list\">\n<li><strong>Dentro do arm\u00e1rio:<\/strong> Fixado na parte interna da porta, ficando vis\u00edvel apenas quando necess\u00e1rio.<\/li>\n\n\n\n<li><strong>Parede da cabeceira:<\/strong> Colocado na mesma parede onde a cama est\u00e1 encostada (acima ou ao lado), pois assim fica fora do campo de vis\u00e3o de quem est\u00e1 deitado.<\/li>\n\n\n\n<li><strong>Corredor ou Closet:<\/strong> Manter a \u00e1rea de vestir separada da \u00e1rea de dormir.<\/li>\n\n\n\n<li><strong>Atr\u00e1s da porta:<\/strong> Um local discreto que aproveita um espa\u00e7o morto.<\/li>\n\n\n\n<li><strong>Sistema de cobertura:<\/strong> Se o arm\u00e1rio j\u00e1 tiver espelho fixo na frente da cama, aplicar um adesivo fosco ou usar uma cortina leve para cobri-lo \u00e0 noite.<\/li>\n<\/ul>\n","protected":false},"excerpt":{"rendered":"<p>Posicionar espelhos de forma incorreta no dormit\u00f3rio pode sabotar o descanso ao ativar instintos primitivos de defesa durante a madrugada. O c\u00e9rebro humano interpreta reflexos e vultos em movimento no escuro como amea\u00e7as potenciais, mantendo o sistema de alerta ligado e impedindo o relaxamento necess\u00e1rio para o sono profundo. Por que o reflexo ativa o [&hellip;]<\/p>\n","protected":false},"author":11,"featured_media":180647,"comment_status":"open","ping_status":"open","sticky":false,"template":"","format":"standard","meta":{"_yoast_wpseo_focuskw":"Posicionamento errado de espelhos","_yoast_wpseo_title":"","_yoast_wpseo_metadesc":"Posicionamento errado de espelhos no quarto pode estimular ins\u00f4nia e ansiedade visual afetando descanso equil\u00edbrio e sensa\u00e7\u00e3o de conforto","jnews-multi-image_gallery":[],"jnews_single_post":{"format":"standard"},"jnews_primary_category":[],"jnews_social_meta":[],"jnews_override_counter":[],"footnotes":""},"categories":[143],"tags":[812,7398,2145],"class_list":["post-177873","post","type-post","status-publish","format-standard","has-post-thumbnail","hentry","category-casa-e-decoracao","tag-ansiedade","tag-espelho","tag-insonia"],"yoast_head":"<!-- This site is optimized with the Yoast SEO plugin v24.6 - https:\/\/yoast.com\/wordpress\/plugins\/seo\/ -->\n<title>Espelhos no quarto: onde n\u00e3o colocar para evitar ins\u00f4nias e ansiedade visual - Correio Braziliense - Radar<\/title>\n<meta name=\"description\" content=\"Posicionamento errado de espelhos no quarto pode estimular ins\u00f4nia e ansiedade visual afetando descanso equil\u00edbrio e sensa\u00e7\u00e3o de conforto\" \/>\n<meta name=\"robots\" content=\"index, follow, max-snippet:-1, max-image-preview:large, max-video-preview:-1\" \/>\n<link rel=\"canonical\" href=\"https:\/\/www.correiobraziliense.com.br\/cbradar\/espelhos-no-quarto-onde-nao-colocar-para-evitar-insonias-e-ansiedade-visual\/\" \/>\n<meta property=\"og:locale\" content=\"pt_BR\" \/>\n<meta property=\"og:type\" content=\"article\" \/>\n<meta property=\"og:title\" content=\"Espelhos no quarto: onde n\u00e3o colocar para evitar ins\u00f4nias e ansiedade visual - Correio Braziliense - Radar\" \/>\n<meta property=\"og:description\" content=\"Posicionamento errado de espelhos no quarto pode estimular ins\u00f4nia e ansiedade visual afetando descanso equil\u00edbrio e sensa\u00e7\u00e3o de conforto\" \/>\n<meta property=\"og:url\" content=\"https:\/\/www.correiobraziliense.com.br\/cbradar\/espelhos-no-quarto-onde-nao-colocar-para-evitar-insonias-e-ansiedade-visual\/\" \/>\n<meta property=\"og:site_name\" content=\"Correio Braziliense - Radar\" \/>\n<meta property=\"article:published_time\" content=\"2026-01-25T19:55:00+00:00\" \/>\n<meta property=\"og:image\" content=\"https:\/\/www.correiobraziliense.com.br\/cbradar\/wp-content\/uploads\/2026\/01\/Espelhos-quarto_1769264975058.jpg\" \/>\n\t<meta property=\"og:image:width\" content=\"1280\" \/>\n\t<meta property=\"og:image:height\" content=\"720\" \/>\n\t<meta property=\"og:image:type\" content=\"image\/jpeg\" \/>\n<meta name=\"author\" content=\"Paulo Custodio\" \/>\n<meta name=\"twitter:card\" content=\"summary_large_image\" \/>\n<meta name=\"twitter:label1\" content=\"Escrito por\" \/>\n\t<meta name=\"twitter:data1\" content=\"Paulo Custodio\" \/>\n\t<meta name=\"twitter:label2\" content=\"Est. tempo de leitura\" \/>\n\t<meta name=\"twitter:data2\" content=\"5 minutos\" \/>\n<!-- \/ Yoast SEO plugin. -->","yoast_head_json":{"title":"Espelhos no quarto: onde n\u00e3o colocar para evitar ins\u00f4nias e ansiedade visual - Correio Braziliense - Radar","description":"Posicionamento errado de espelhos no quarto pode estimular ins\u00f4nia e ansiedade visual afetando descanso equil\u00edbrio e sensa\u00e7\u00e3o de conforto","robots":{"index":"index","follow":"follow","max-snippet":"max-snippet:-1","max-image-preview":"max-image-preview:large","max-video-preview":"max-video-preview:-1"},"canonical":"https:\/\/www.correiobraziliense.com.br\/cbradar\/espelhos-no-quarto-onde-nao-colocar-para-evitar-insonias-e-ansiedade-visual\/","og_locale":"pt_BR","og_type":"article","og_title":"Espelhos no quarto: onde n\u00e3o colocar para evitar ins\u00f4nias e ansiedade visual - Correio Braziliense - Radar","og_description":"Posicionamento errado de espelhos no quarto pode estimular ins\u00f4nia e ansiedade visual afetando descanso equil\u00edbrio e sensa\u00e7\u00e3o de conforto","og_url":"https:\/\/www.correiobraziliense.com.br\/cbradar\/espelhos-no-quarto-onde-nao-colocar-para-evitar-insonias-e-ansiedade-visual\/","og_site_name":"Correio Braziliense - Radar","article_published_time":"2026-01-25T19:55:00+00:00","og_image":[{"width":1280,"height":720,"url":"https:\/\/www.correiobraziliense.com.br\/cbradar\/wp-content\/uploads\/2026\/01\/Espelhos-quarto_1769264975058.jpg","type":"image\/jpeg"}],"author":"Paulo Custodio","twitter_card":"summary_large_image","twitter_misc":{"Escrito por":"Paulo Custodio","Est. tempo de leitura":"5 minutos"},"schema":{"@context":"https:\/\/schema.org","@graph":[{"@type":"WebPage","@id":"https:\/\/www.correiobraziliense.com.br\/cbradar\/espelhos-no-quarto-onde-nao-colocar-para-evitar-insonias-e-ansiedade-visual\/","url":"https:\/\/www.correiobraziliense.com.br\/cbradar\/espelhos-no-quarto-onde-nao-colocar-para-evitar-insonias-e-ansiedade-visual\/","name":"Espelhos no quarto: onde n\u00e3o colocar para evitar ins\u00f4nias e ansiedade visual - Correio Braziliense - Radar","isPartOf":{"@id":"https:\/\/www.correiobraziliense.com.br\/cbradar\/#website"},"primaryImageOfPage":{"@id":"https:\/\/www.correiobraziliense.com.br\/cbradar\/espelhos-no-quarto-onde-nao-colocar-para-evitar-insonias-e-ansiedade-visual\/#primaryimage"},"image":{"@id":"https:\/\/www.correiobraziliense.com.br\/cbradar\/espelhos-no-quarto-onde-nao-colocar-para-evitar-insonias-e-ansiedade-visual\/#primaryimage"},"thumbnailUrl":"https:\/\/www.correiobraziliense.com.br\/cbradar\/wp-content\/uploads\/2026\/01\/Espelhos-quarto_1769264975058.jpg","datePublished":"2026-01-25T19:55:00+00:00","author":{"@id":"https:\/\/www.correiobraziliense.com.br\/cbradar\/#\/schema\/person\/4cec7857301a9a1a2ef249893cd908d3"},"description":"Posicionamento errado de espelhos no quarto pode estimular ins\u00f4nia e ansiedade visual afetando descanso equil\u00edbrio e sensa\u00e7\u00e3o de conforto","breadcrumb":{"@id":"https:\/\/www.correiobraziliense.com.br\/cbradar\/espelhos-no-quarto-onde-nao-colocar-para-evitar-insonias-e-ansiedade-visual\/#breadcrumb"},"inLanguage":"pt-BR","potentialAction":[{"@type":"ReadAction","target":["https:\/\/www.correiobraziliense.com.br\/cbradar\/espelhos-no-quarto-onde-nao-colocar-para-evitar-insonias-e-ansiedade-visual\/"]}]},{"@type":"ImageObject","inLanguage":"pt-BR","@id":"https:\/\/www.correiobraziliense.com.br\/cbradar\/espelhos-no-quarto-onde-nao-colocar-para-evitar-insonias-e-ansiedade-visual\/#primaryimage","url":"https:\/\/www.correiobraziliense.com.br\/cbradar\/wp-content\/uploads\/2026\/01\/Espelhos-quarto_1769264975058.jpg","contentUrl":"https:\/\/www.correiobraziliense.com.br\/cbradar\/wp-content\/uploads\/2026\/01\/Espelhos-quarto_1769264975058.jpg","width":1280,"height":720,"caption":"Posi\u00e7\u00f5es de espelhos no quarto que podem causar desconforto visual e atrapalhar o sono - Cr\u00e9ditos: depositphotos.com \/ VitalikRadko"},{"@type":"BreadcrumbList","@id":"https:\/\/www.correiobraziliense.com.br\/cbradar\/espelhos-no-quarto-onde-nao-colocar-para-evitar-insonias-e-ansiedade-visual\/#breadcrumb","itemListElement":[{"@type":"ListItem","position":1,"name":"In\u00edcio","item":"https:\/\/www.correiobraziliense.com.br\/cbradar\/"},{"@type":"ListItem","position":2,"name":"Espelhos no quarto: onde n\u00e3o colocar para evitar ins\u00f4nias e ansiedade visual"}]},{"@type":"WebSite","@id":"https:\/\/www.correiobraziliense.com.br\/cbradar\/#website","url":"https:\/\/www.correiobraziliense.com.br\/cbradar\/","name":"Correio Braziliense - Radar","description":"Acompanhe as \u00faltimas not\u00edcias e fique bem informado sobre tudo o que acontece no Brasil e no mundo.","potentialAction":[{"@type":"SearchAction","target":{"@type":"EntryPoint","urlTemplate":"https:\/\/www.correiobraziliense.com.br\/cbradar\/?s={search_term_string}"},"query-input":{"@type":"PropertyValueSpecification","valueRequired":true,"valueName":"search_term_string"}}],"inLanguage":"pt-BR"},{"@type":"Person","@id":"https:\/\/www.correiobraziliense.com.br\/cbradar\/#\/schema\/person\/4cec7857301a9a1a2ef249893cd908d3","name":"Paulo Custodio","image":{"@type":"ImageObject","inLanguage":"pt-BR","@id":"https:\/\/www.correiobraziliense.com.br\/cbradar\/#\/schema\/person\/image\/","url":"https:\/\/secure.gravatar.com\/avatar\/bcd67168d1534e8fcf4f45c726a87cea?s=96&d=mm&r=g","contentUrl":"https:\/\/secure.gravatar.com\/avatar\/bcd67168d1534e8fcf4f45c726a87cea?s=96&d=mm&r=g","caption":"Paulo Custodio"},"sameAs":["https:\/\/www.correiobraziliense.com.br\/cbradar"],"url":"https:\/\/www.correiobraziliense.com.br\/cbradar\/author\/paulomyth\/"}]}},"_links":{"self":[{"href":"https:\/\/www.correiobraziliense.com.br\/cbradar\/wp-json\/wp\/v2\/posts\/177873","targetHints":{"allow":["GET"]}}],"collection":[{"href":"https:\/\/www.correiobraziliense.com.br\/cbradar\/wp-json\/wp\/v2\/posts"}],"about":[{"href":"https:\/\/www.correiobraziliense.com.br\/cbradar\/wp-json\/wp\/v2\/types\/post"}],"author":[{"embeddable":true,"href":"https:\/\/www.correiobraziliense.com.br\/cbradar\/wp-json\/wp\/v2\/users\/11"}],"replies":[{"embeddable":true,"href":"https:\/\/www.correiobraziliense.com.br\/cbradar\/wp-json\/wp\/v2\/comments?post=177873"}],"version-history":[{"count":1,"href":"https:\/\/www.correiobraziliense.com.br\/cbradar\/wp-json\/wp\/v2\/posts\/177873\/revisions"}],"predecessor-version":[{"id":177878,"href":"https:\/\/www.correiobraziliense.com.br\/cbradar\/wp-json\/wp\/v2\/posts\/177873\/revisions\/177878"}],"wp:featuredmedia":[{"embeddable":true,"href":"https:\/\/www.correiobraziliense.com.br\/cbradar\/wp-json\/wp\/v2\/media\/180647"}],"wp:attachment":[{"href":"https:\/\/www.correiobraziliense.com.br\/cbradar\/wp-json\/wp\/v2\/media?parent=177873"}],"wp:term":[{"taxonomy":"category","embeddable":true,"href":"https:\/\/www.correiobraziliense.com.br\/cbradar\/wp-json\/wp\/v2\/categories?post=177873"},{"taxonomy":"post_tag","embeddable":true,"href":"https:\/\/www.correiobraziliense.com.br\/cbradar\/wp-json\/wp\/v2\/tags?post=177873"}],"curies":[{"name":"wp","href":"https:\/\/api.w.org\/{rel}","templated":true}]}}