{"id":177910,"date":"2026-01-23T15:15:00","date_gmt":"2026-01-23T18:15:00","guid":{"rendered":"https:\/\/www.correiobraziliense.com.br\/cbradar\/?p=177910"},"modified":"2026-01-22T17:43:57","modified_gmt":"2026-01-22T20:43:57","slug":"a-palavra-comum-no-dia-a-dia-que-muitos-erram-o-uso","status":"publish","type":"post","link":"https:\/\/www.correiobraziliense.com.br\/cbradar\/a-palavra-comum-no-dia-a-dia-que-muitos-erram-o-uso\/","title":{"rendered":"A palavra comum no dia a dia que muitos erram o uso"},"content":{"rendered":"\n<p>Em muitas conversas do dia a dia, a palavra <strong>\u201cassertivo\u201d<\/strong> aparece em frases que fogem completamente do seu significado original. Express\u00f5es como \u201cele foi assertivo ao responder todas as perguntas corretamente na prova\u201d costumam ser usadas com a ideia de que algu\u00e9m \u201cacertou tudo\u201d, quando, na verdade, o termo n\u00e3o est\u00e1 relacionado a acerto ou erro em avalia\u00e7\u00f5es, mas sim \u00e0 <strong>forma como a pessoa se comunica<\/strong>, especialmente em contextos de <strong>relacionamentos interpessoais<\/strong> e ambientes profissionais.<\/p>\n\n\n\n<h2 class=\"wp-block-heading\">O que realmente significa ser assertivo na comunica\u00e7\u00e3o<\/h2>\n\n\n\n<p>Em portugu\u00eas, \u201cassertivo\u201d est\u00e1 ligado \u00e0 capacidade de se expressar de maneira <strong>clara, firme e respeitosa<\/strong>, defendendo ideias sem agressividade e sem passividade, equilibrando direitos pr\u00f3prios e alheios.<\/p>\n\n\n\n<p>Ser assertivo n\u00e3o significa estar certo o tempo todo, mas conseguir expor pensamentos, necessidades e limites de forma <strong>objetiva, direta e adequada ao contexto<\/strong>. Uma pessoa pode ser assertiva na maneira como fala, mesmo que o conte\u00fado do que foi dito venha a ser corrigido depois, mantendo abertura ao di\u00e1logo.<\/p>\n\n\n\n<p>Para aprofundarmos no tema, trouxemos o v\u00eddeo da Maria Queiroga (@mariacqueiroga):<\/p>\n\n\n\n<blockquote class=\"tiktok-embed\" cite=\"https:\/\/www.tiktok.com\/@mariacqueiroga\/video\/7267660604574387462\" data-video-id=\"7267660604574387462\" style=\"max-width: 605px;min-width: 325px;\" > <section> <a target=\"_blank\" title=\"@mariacqueiroga\" href=\"https:\/\/www.tiktok.com\/@mariacqueiroga?refer=embed\">@mariacqueiroga<\/a> Aten\u00e7\u00e3o! \ud83d\udd25 Muita gente cometendo este equ\u00edvoco! \ud83d\udc46\ud83c\udffc <a title=\"comunica\u00e7\u00e3o\" target=\"_blank\" href=\"https:\/\/www.tiktok.com\/tag\/comunica%C3%A7%C3%A3o?refer=embed\">#comunica\u00e7\u00e3o<\/a> <a title=\"portugues\" target=\"_blank\" href=\"https:\/\/www.tiktok.com\/tag\/portugues?refer=embed\">#portugues<\/a> <a title=\"linguaportuguesa\" target=\"_blank\" href=\"https:\/\/www.tiktok.com\/tag\/linguaportuguesa?refer=embed\">#linguaportuguesa<\/a> <a title=\"dicas\" target=\"_blank\" href=\"https:\/\/www.tiktok.com\/tag\/dicas?refer=embed\">#dicas<\/a> <a title=\"dicasdeportugu\u00eas\" target=\"_blank\" href=\"https:\/\/www.tiktok.com\/tag\/dicasdeportugu%C3%AAs?refer=embed\">#dicasdeportugu\u00eas<\/a> <a target=\"_blank\" title=\"\u266c som original - mariacqueiroga\" href=\"https:\/\/www.tiktok.com\/music\/som-original-7267660641438419718?refer=embed\">\u266c som original &#8211; mariacqueiroga<\/a> <\/section> <\/blockquote> <script async src=\"https:\/\/www.tiktok.com\/embed.js\"><\/script>\n\n\n\n<h2 class=\"wp-block-heading\">Como a assertividade aparece em situa\u00e7\u00f5es pr\u00e1ticas do cotidiano<\/h2>\n\n\n\n<p>Na pr\u00e1tica, a assertividade se manifesta em situa\u00e7\u00f5es em que algu\u00e9m consegue dizer o que pensa sem desrespeitar outras pessoas, demonstrando <strong>autoconfian\u00e7a<\/strong> e <strong>empatia<\/strong>. Esse tipo de postura \u00e9 valorizado em equipes, lideran\u00e7as e tamb\u00e9m em rela\u00e7\u00f5es pessoais.<\/p>\n\n\n\n<p>Por exemplo: \u201cEle foi assertivo ao informar que n\u00e3o poderia assumir mais tarefas naquele projeto, explicando seus motivos com clareza e educa\u00e7\u00e3o\u201d. Outro exemplo: \u201cA gestora foi assertiva ao dar o feedback, apontando os pontos a melhorar sem humilhar ningu\u00e9m\u201d. Em ambos os casos, o foco est\u00e1 na <strong>forma equilibrada de comunica\u00e7\u00e3o<\/strong>, e n\u00e3o em \u201cacertar\u201d algo.<\/p>\n\n\n\n<h2 class=\"wp-block-heading\">Por que n\u00e3o \u00e9 correto usar assertivo como sin\u00f4nimo de acertar<\/h2>\n\n\n\n<p>Quando algu\u00e9m diz \u201cele foi assertivo ao responder todas as perguntas corretamente na prova\u201d, o que est\u00e1 em jogo \u00e9 o <strong>desempenho em um teste<\/strong>, ligado a acertos e erros. O verbo mais adequado nesse cen\u00e1rio seria \u201cacertar\u201d ou \u201cdesempenhar-se bem\u201d, pois o conceito de assertividade se refere \u00e0 <strong>postura comunicativa<\/strong>, e n\u00e3o ao resultado em si.<\/p>\n\n\n\n<p>Usar \u201cassertivo\u201d como sin\u00f4nimo de \u201cacertar\u201d pode gerar <strong>ru\u00eddos de compreens\u00e3o<\/strong> em textos acad\u00eamicos, relat\u00f3rios, avalia\u00e7\u00f5es de desempenho e materiais did\u00e1ticos. Em contextos que exigem precis\u00e3o, esse deslize compromete a clareza da mensagem e pode causar interpreta\u00e7\u00f5es equivocadas sobre o comportamento ou a performance de algu\u00e9m.<\/p>\n\n\n\n<h2 class=\"wp-block-heading\">Como usar a palavra assertivo corretamente no dia a dia<\/h2>\n\n\n\n<p>Para empregar a palavra de forma adequada, \u00e9 \u00fatil associ\u00e1-la sempre \u00e0 ideia de <strong>postura comunicativa<\/strong>. Em geral, \u201cassertivo\u201d encaixa bem em situa\u00e7\u00f5es em que algu\u00e9m demonstra <strong>clareza, respeito e firmeza<\/strong> ao se posicionar, seja em trabalho, fam\u00edlia ou amizades.<\/p>\n\n\n\n<p>Veja alguns contextos em que o uso de \u201cassertivo\u201d \u00e9 apropriado e ajuda a descrever melhor a forma de comunica\u00e7\u00e3o:<\/p>\n\n\n\n<ul class=\"wp-block-list\">\n<li><strong>Exp\u00f5e uma opini\u00e3o com clareza<\/strong>, sem agressividade.<\/li>\n\n\n\n<li><strong>Define limites ou recusa pedidos<\/strong> com respeito.<\/li>\n\n\n\n<li><strong>Consegue discordar<\/strong> de outra pessoa mantendo o di\u00e1logo.<\/li>\n\n\n\n<li><strong>Comunica orienta\u00e7\u00f5es, cr\u00edticas ou feedbacks<\/strong> de maneira direta e educada.<\/li>\n<\/ul>\n\n\n\n<figure class=\"wp-block-image size-large\"><img decoding=\"async\" width=\"1024\" height=\"572\" src=\"https:\/\/www.correiobraziliense.com.br\/cbradar\/wp-content\/uploads\/2026\/01\/Assertivo-Uso-Correto-1024x572.png\" alt=\"A palavra comum no dia a dia que muitos erram o uso\" class=\"wp-image-177914\" srcset=\"https:\/\/www.correiobraziliense.com.br\/cbradar\/wp-content\/uploads\/2026\/01\/Assertivo-Uso-Correto-1024x572.png 1024w, https:\/\/www.correiobraziliense.com.br\/cbradar\/wp-content\/uploads\/2026\/01\/Assertivo-Uso-Correto-300x167.png 300w, https:\/\/www.correiobraziliense.com.br\/cbradar\/wp-content\/uploads\/2026\/01\/Assertivo-Uso-Correto-768x429.png 768w, https:\/\/www.correiobraziliense.com.br\/cbradar\/wp-content\/uploads\/2026\/01\/Assertivo-Uso-Correto-750x419.png 750w, https:\/\/www.correiobraziliense.com.br\/cbradar\/wp-content\/uploads\/2026\/01\/Assertivo-Uso-Correto-1140x636.png 1140w, https:\/\/www.correiobraziliense.com.br\/cbradar\/wp-content\/uploads\/2026\/01\/Assertivo-Uso-Correto.png 1376w\" sizes=\"(max-width: 1024px) 100vw, 1024px\" \/><figcaption class=\"wp-element-caption\">Seja assertivo di\u00e1rio: expresse necessidades com confian\u00e7a, fortale\u00e7a rela\u00e7\u00f5es interpessoais e lidere conversas aut\u00eanticas impactantes!<\/figcaption><\/figure>\n\n\n\n<h2 class=\"wp-block-heading\">Exemplos de frases corretas com o uso de assertivo<\/h2>\n\n\n\n<p>Alguns exemplos de uso adequado de \u201cassertivo\u201d no cotidiano podem incluir frases como: \u201cEla foi assertiva ao explicar por que o prazo precisaria ser revisto, evitando mal-entendidos\u201d ou \u201cO profissional demonstrou comunica\u00e7\u00e3o assertiva ao negociar as condi\u00e7\u00f5es do contrato\u201d. Em todos os casos, destaca-se a <strong>qualidade da express\u00e3o<\/strong>, n\u00e3o o acerto do conte\u00fado.<\/p>\n\n\n\n<p>Tamb\u00e9m s\u00e3o adequadas frases como: \u201cO coordenador adotou um tom assertivo ao cobrar resultados, sem elevar a voz\u201d e \u201cEle foi assertivo ao recusar o convite, deixando claros seus motivos e mantendo a boa rela\u00e7\u00e3o\u201d. Esses exemplos mostram como a assertividade contribui para <strong>rela\u00e7\u00f5es mais saud\u00e1veis e transparentes<\/strong>.<\/p>\n\n\n\n<h2 class=\"wp-block-heading\">Quais alternativas usar quando a inten\u00e7\u00e3o \u00e9 destacar acertos<\/h2>\n\n\n\n<p>Nos casos em que a inten\u00e7\u00e3o \u00e9 destacar que algu\u00e9m respondeu corretamente ou obteve um bom resultado, h\u00e1 diversas op\u00e7\u00f5es na l\u00edngua portuguesa que evitam o uso inadequado de \u201cassertivo\u201d. Assim, a comunica\u00e7\u00e3o fica mais <strong>precisa e alinhada<\/strong> ao significado das palavras.<\/p>\n\n\n\n<p>Em vez de \u201cele foi assertivo ao responder todas as perguntas corretamente na prova\u201d, \u00e9 poss\u00edvel empregar constru\u00e7\u00f5es que evidenciam o desempenho, como as seguintes:<\/p>\n\n\n\n<ol class=\"wp-block-list\">\n<li>\u201cEle <strong>acertou<\/strong> todas as perguntas da prova.\u201d<\/li>\n\n\n\n<li>\u201cEle teve um <strong>\u00f3timo desempenho<\/strong> na prova.\u201d<\/li>\n\n\n\n<li>\u201cEle <strong>respondeu corretamente<\/strong> todas as quest\u00f5es.\u201d<\/li>\n\n\n\n<li>\u201cEle se <strong>saiu muito bem<\/strong> no exame.\u201d<\/li>\n<\/ol>\n\n\n\n<p>Da mesma forma, quando a inten\u00e7\u00e3o \u00e9 elogiar uma decis\u00e3o bem tomada, h\u00e1 express\u00f5es como <strong>\u201cfoi uma escolha adequada\u201d<\/strong>, \u201ctomou uma decis\u00e3o acertada\u201d, \u201cagiu de forma prudente\u201d ou \u201coptou pelo caminho mais conveniente naquele momento\u201d. Ao diferenciar o uso de \u201cassertivo\u201d da ideia de \u201cacertar\u201d, torna-se mais simples construir frases claras em conversas, textos profissionais e ambientes de estudo, evitando mal-entendidos e tornando a comunica\u00e7\u00e3o mais <strong>objetiva e coerente<\/strong>.<\/p>\n","protected":false},"excerpt":{"rendered":"<p>Assertivo n\u00e3o \u00e9 \u201cacertar\u201d: descubra o uso correto de \u201cassertivo\u201d com exemplos pr\u00e1ticos no dia a dia e evite erros comuns no portugu\u00eas.<\/p>\n","protected":false},"author":3,"featured_media":179698,"comment_status":"open","ping_status":"open","sticky":false,"template":"","format":"standard","meta":{"_yoast_wpseo_focuskw":"como usar a palavra \"assertivo\"","_yoast_wpseo_title":"%%title%%","_yoast_wpseo_metadesc":"Assertivo n\u00e3o \u00e9 \u201cacertar\u201d: descubra o uso correto de \u201cassertivo\u201d com exemplos pr\u00e1ticos no dia a dia e evite erros comuns no portugu\u00eas.","jnews-multi-image_gallery":[],"jnews_single_post":{"format":"standard"},"jnews_primary_category":[],"jnews_social_meta":[],"jnews_override_counter":[],"footnotes":""},"categories":[112],"tags":[144,10902,11064,6081],"class_list":["post-177910","post","type-post","status-publish","format-standard","has-post-thumbnail","hentry","category-curiosidades","tag-curiosidades","tag-lingua-portuguesa","tag-linguas","tag-portugues"],"yoast_head":"<!-- This site is optimized with the Yoast SEO plugin v24.6 - https:\/\/yoast.com\/wordpress\/plugins\/seo\/ -->\n<title>A palavra comum no dia a dia que muitos erram o uso<\/title>\n<meta name=\"description\" content=\"Assertivo n\u00e3o \u00e9 \u201cacertar\u201d: descubra o uso correto de \u201cassertivo\u201d com exemplos pr\u00e1ticos no dia a dia e evite erros comuns no portugu\u00eas.\" \/>\n<meta name=\"robots\" content=\"index, follow, max-snippet:-1, max-image-preview:large, max-video-preview:-1\" \/>\n<link rel=\"canonical\" href=\"https:\/\/www.correiobraziliense.com.br\/cbradar\/a-palavra-comum-no-dia-a-dia-que-muitos-erram-o-uso\/\" \/>\n<meta property=\"og:locale\" content=\"pt_BR\" \/>\n<meta property=\"og:type\" content=\"article\" \/>\n<meta property=\"og:title\" content=\"A palavra comum no dia a dia que muitos erram o uso\" \/>\n<meta property=\"og:description\" content=\"Assertivo n\u00e3o \u00e9 \u201cacertar\u201d: descubra o uso correto de \u201cassertivo\u201d com exemplos pr\u00e1ticos no dia a dia e evite erros comuns no portugu\u00eas.\" \/>\n<meta property=\"og:url\" content=\"https:\/\/www.correiobraziliense.com.br\/cbradar\/a-palavra-comum-no-dia-a-dia-que-muitos-erram-o-uso\/\" \/>\n<meta property=\"og:site_name\" content=\"Correio Braziliense - Radar\" \/>\n<meta property=\"article:published_time\" content=\"2026-01-23T18:15:00+00:00\" \/>\n<meta property=\"og:image\" content=\"https:\/\/www.correiobraziliense.com.br\/cbradar\/wp-content\/uploads\/2026\/01\/freepik__imagem-realista-de-um-homem-brasileiro-conversando__26700.jpeg\" \/>\n\t<meta property=\"og:image:width\" content=\"1280\" \/>\n\t<meta property=\"og:image:height\" content=\"720\" \/>\n\t<meta property=\"og:image:type\" content=\"image\/jpeg\" \/>\n<meta name=\"author\" content=\"Larissa Carvalho\" \/>\n<meta name=\"twitter:card\" content=\"summary_large_image\" \/>\n<meta name=\"twitter:label1\" content=\"Escrito por\" \/>\n\t<meta name=\"twitter:data1\" content=\"Larissa Carvalho\" \/>\n\t<meta name=\"twitter:label2\" content=\"Est. tempo de leitura\" \/>\n\t<meta name=\"twitter:data2\" content=\"5 minutos\" \/>\n<!-- \/ Yoast SEO plugin. -->","yoast_head_json":{"title":"A palavra comum no dia a dia que muitos erram o uso","description":"Assertivo n\u00e3o \u00e9 \u201cacertar\u201d: descubra o uso correto de \u201cassertivo\u201d com exemplos pr\u00e1ticos no dia a dia e evite erros comuns no portugu\u00eas.","robots":{"index":"index","follow":"follow","max-snippet":"max-snippet:-1","max-image-preview":"max-image-preview:large","max-video-preview":"max-video-preview:-1"},"canonical":"https:\/\/www.correiobraziliense.com.br\/cbradar\/a-palavra-comum-no-dia-a-dia-que-muitos-erram-o-uso\/","og_locale":"pt_BR","og_type":"article","og_title":"A palavra comum no dia a dia que muitos erram o uso","og_description":"Assertivo n\u00e3o \u00e9 \u201cacertar\u201d: descubra o uso correto de \u201cassertivo\u201d com exemplos pr\u00e1ticos no dia a dia e evite erros comuns no portugu\u00eas.","og_url":"https:\/\/www.correiobraziliense.com.br\/cbradar\/a-palavra-comum-no-dia-a-dia-que-muitos-erram-o-uso\/","og_site_name":"Correio Braziliense - Radar","article_published_time":"2026-01-23T18:15:00+00:00","og_image":[{"width":1280,"height":720,"url":"https:\/\/www.correiobraziliense.com.br\/cbradar\/wp-content\/uploads\/2026\/01\/freepik__imagem-realista-de-um-homem-brasileiro-conversando__26700.jpeg","type":"image\/jpeg"}],"author":"Larissa Carvalho","twitter_card":"summary_large_image","twitter_misc":{"Escrito por":"Larissa Carvalho","Est. tempo de leitura":"5 minutos"},"schema":{"@context":"https:\/\/schema.org","@graph":[{"@type":"WebPage","@id":"https:\/\/www.correiobraziliense.com.br\/cbradar\/a-palavra-comum-no-dia-a-dia-que-muitos-erram-o-uso\/","url":"https:\/\/www.correiobraziliense.com.br\/cbradar\/a-palavra-comum-no-dia-a-dia-que-muitos-erram-o-uso\/","name":"A palavra comum no dia a dia que muitos erram o uso","isPartOf":{"@id":"https:\/\/www.correiobraziliense.com.br\/cbradar\/#website"},"primaryImageOfPage":{"@id":"https:\/\/www.correiobraziliense.com.br\/cbradar\/a-palavra-comum-no-dia-a-dia-que-muitos-erram-o-uso\/#primaryimage"},"image":{"@id":"https:\/\/www.correiobraziliense.com.br\/cbradar\/a-palavra-comum-no-dia-a-dia-que-muitos-erram-o-uso\/#primaryimage"},"thumbnailUrl":"https:\/\/www.correiobraziliense.com.br\/cbradar\/wp-content\/uploads\/2026\/01\/freepik__imagem-realista-de-um-homem-brasileiro-conversando__26700.jpeg","datePublished":"2026-01-23T18:15:00+00:00","author":{"@id":"https:\/\/www.correiobraziliense.com.br\/cbradar\/#\/schema\/person\/58422787644df994b53a19d3e56c1513"},"description":"Assertivo n\u00e3o \u00e9 \u201cacertar\u201d: descubra o uso correto de \u201cassertivo\u201d com exemplos pr\u00e1ticos no dia a dia e evite erros comuns no portugu\u00eas.","breadcrumb":{"@id":"https:\/\/www.correiobraziliense.com.br\/cbradar\/a-palavra-comum-no-dia-a-dia-que-muitos-erram-o-uso\/#breadcrumb"},"inLanguage":"pt-BR","potentialAction":[{"@type":"ReadAction","target":["https:\/\/www.correiobraziliense.com.br\/cbradar\/a-palavra-comum-no-dia-a-dia-que-muitos-erram-o-uso\/"]}]},{"@type":"ImageObject","inLanguage":"pt-BR","@id":"https:\/\/www.correiobraziliense.com.br\/cbradar\/a-palavra-comum-no-dia-a-dia-que-muitos-erram-o-uso\/#primaryimage","url":"https:\/\/www.correiobraziliense.com.br\/cbradar\/wp-content\/uploads\/2026\/01\/freepik__imagem-realista-de-um-homem-brasileiro-conversando__26700.jpeg","contentUrl":"https:\/\/www.correiobraziliense.com.br\/cbradar\/wp-content\/uploads\/2026\/01\/freepik__imagem-realista-de-um-homem-brasileiro-conversando__26700.jpeg","width":1280,"height":720,"caption":"Uso correto de assertivo envolve comunica\u00e7\u00e3o clara e respeitosa com os outros"},{"@type":"BreadcrumbList","@id":"https:\/\/www.correiobraziliense.com.br\/cbradar\/a-palavra-comum-no-dia-a-dia-que-muitos-erram-o-uso\/#breadcrumb","itemListElement":[{"@type":"ListItem","position":1,"name":"In\u00edcio","item":"https:\/\/www.correiobraziliense.com.br\/cbradar\/"},{"@type":"ListItem","position":2,"name":"A palavra comum no dia a dia que muitos erram o uso"}]},{"@type":"WebSite","@id":"https:\/\/www.correiobraziliense.com.br\/cbradar\/#website","url":"https:\/\/www.correiobraziliense.com.br\/cbradar\/","name":"Correio Braziliense - Radar","description":"Acompanhe as \u00faltimas not\u00edcias e fique bem informado sobre tudo o que acontece no Brasil e no mundo.","potentialAction":[{"@type":"SearchAction","target":{"@type":"EntryPoint","urlTemplate":"https:\/\/www.correiobraziliense.com.br\/cbradar\/?s={search_term_string}"},"query-input":{"@type":"PropertyValueSpecification","valueRequired":true,"valueName":"search_term_string"}}],"inLanguage":"pt-BR"},{"@type":"Person","@id":"https:\/\/www.correiobraziliense.com.br\/cbradar\/#\/schema\/person\/58422787644df994b53a19d3e56c1513","name":"Larissa Carvalho","image":{"@type":"ImageObject","inLanguage":"pt-BR","@id":"https:\/\/www.correiobraziliense.com.br\/cbradar\/#\/schema\/person\/image\/","url":"https:\/\/secure.gravatar.com\/avatar\/fe4f91a0de32b52a838d0d612abdc1aa?s=96&d=mm&r=g","contentUrl":"https:\/\/secure.gravatar.com\/avatar\/fe4f91a0de32b52a838d0d612abdc1aa?s=96&d=mm&r=g","caption":"Larissa Carvalho"},"url":"https:\/\/www.correiobraziliense.com.br\/cbradar\/author\/larissamyth\/"}]}},"_links":{"self":[{"href":"https:\/\/www.correiobraziliense.com.br\/cbradar\/wp-json\/wp\/v2\/posts\/177910","targetHints":{"allow":["GET"]}}],"collection":[{"href":"https:\/\/www.correiobraziliense.com.br\/cbradar\/wp-json\/wp\/v2\/posts"}],"about":[{"href":"https:\/\/www.correiobraziliense.com.br\/cbradar\/wp-json\/wp\/v2\/types\/post"}],"author":[{"embeddable":true,"href":"https:\/\/www.correiobraziliense.com.br\/cbradar\/wp-json\/wp\/v2\/users\/3"}],"replies":[{"embeddable":true,"href":"https:\/\/www.correiobraziliense.com.br\/cbradar\/wp-json\/wp\/v2\/comments?post=177910"}],"version-history":[{"count":3,"href":"https:\/\/www.correiobraziliense.com.br\/cbradar\/wp-json\/wp\/v2\/posts\/177910\/revisions"}],"predecessor-version":[{"id":179749,"href":"https:\/\/www.correiobraziliense.com.br\/cbradar\/wp-json\/wp\/v2\/posts\/177910\/revisions\/179749"}],"wp:featuredmedia":[{"embeddable":true,"href":"https:\/\/www.correiobraziliense.com.br\/cbradar\/wp-json\/wp\/v2\/media\/179698"}],"wp:attachment":[{"href":"https:\/\/www.correiobraziliense.com.br\/cbradar\/wp-json\/wp\/v2\/media?parent=177910"}],"wp:term":[{"taxonomy":"category","embeddable":true,"href":"https:\/\/www.correiobraziliense.com.br\/cbradar\/wp-json\/wp\/v2\/categories?post=177910"},{"taxonomy":"post_tag","embeddable":true,"href":"https:\/\/www.correiobraziliense.com.br\/cbradar\/wp-json\/wp\/v2\/tags?post=177910"}],"curies":[{"name":"wp","href":"https:\/\/api.w.org\/{rel}","templated":true}]}}