{"id":177918,"date":"2026-01-23T18:15:00","date_gmt":"2026-01-23T21:15:00","guid":{"rendered":"https:\/\/www.correiobraziliense.com.br\/cbradar\/?p=177918"},"modified":"2026-01-22T17:48:01","modified_gmt":"2026-01-22T20:48:01","slug":"ratificar-ou-retificar-a-regra-definitiva-para-nao-errar-mais-no-dia-a-dia","status":"publish","type":"post","link":"https:\/\/www.correiobraziliense.com.br\/cbradar\/ratificar-ou-retificar-a-regra-definitiva-para-nao-errar-mais-no-dia-a-dia\/","title":{"rendered":"&#8220;Ratificar&#8221; ou &#8220;retificar&#8221;? A regra definitiva para n\u00e3o errar mais no dia a dia"},"content":{"rendered":"\n<p>Na l\u00edngua portuguesa, poucas d\u00favidas aparecem com tanta frequ\u00eancia quanto a diferen\u00e7a entre <strong>ratificar<\/strong> e <strong>retificar<\/strong>. As duas formas s\u00e3o parecidas na escrita, soam semelhantes na fala e surgem em documentos, contratos ou comunica\u00e7\u00f5es formais, o que faz com que estudantes, profissionais e at\u00e9 redatores experientes hesitem na hora de escolher qual verbo usar.<\/p>\n\n\n\n<h2 class=\"wp-block-heading\">O que significa ratificar na pr\u00e1tica<\/h2>\n\n\n\n<p>Ratificar, na pr\u00e1tica, significa confirmar oficialmente uma decis\u00e3o, acordo ou documento que j\u00e1 havia sido feito anteriormente. Esse ato garante que o que foi acordado passe a ter validade legal ou efeito formal. \u00c9 uma etapa comum em processos jur\u00eddicos, pol\u00edticos e administrativos.<\/p>\n\n\n\n<p>No contexto cotidiano, ratificar pode ser entendido como refor\u00e7ar ou validar algo j\u00e1 combinado. Quando uma autoridade ou institui\u00e7\u00e3o ratifica uma decis\u00e3o, ela assume o compromisso de cumpri-la. Assim, ratificar transforma uma inten\u00e7\u00e3o ou acordo preliminar em algo definitivo.<\/p>\n\n\n\n<h2 class=\"wp-block-heading\">Como usar ratificar em documentos formais<\/h2>\n\n\n\n<p>Em linguagem administrativa, fala-se em <strong>ratificar termos de compromisso<\/strong>, regulamentos ou pol\u00edticas internas, refor\u00e7ando que aquele documento est\u00e1 oficialmente aceito. Em todos esses exemplos, a ideia central \u00e9 de <strong>confirma\u00e7\u00e3o<\/strong>, nunca de corre\u00e7\u00e3o: a informa\u00e7\u00e3o permanece a mesma; o que muda \u00e9 o status de validade, que passa a ser reconhecido e legitimado.<\/p>\n\n\n\n<p>Entre usos recorrentes, destacam-se express\u00f5es como <strong>ratificar um contrato<\/strong>, <strong>ratificar um parecer<\/strong> ou <strong>ratificar um acordo<\/strong>. Esses contextos s\u00e3o t\u00edpicos em ambientes <strong>jur\u00eddicos, empresariais e administrativos<\/strong>, em que a escolha do verbo pode ter impacto direto na interpreta\u00e7\u00e3o de atos e decis\u00f5es.<\/p>\n\n\n\n<h2 class=\"wp-block-heading\">Quando \u00e9 preciso retificar algo<\/h2>\n\n\n\n<p>J\u00e1 o verbo <strong>retificar<\/strong> tem sentido diferente: significa <strong>corrigir<\/strong>, <strong>ajustar<\/strong> ou <strong>endireitar<\/strong> algo que estava errado, impreciso ou inadequado. Quando se retifica, modifica-se um ponto espec\u00edfico para eliminar um erro ou aperfei\u00e7oar uma informa\u00e7\u00e3o, o que implica uma <strong>altera\u00e7\u00e3o concreta<\/strong> no conte\u00fado.<\/p>\n\n\n\n<p>No cotidiano, s\u00e3o comuns situa\u00e7\u00f5es como a <strong>retifica\u00e7\u00e3o de dados pessoais<\/strong>, quando algum n\u00famero de documento foi lan\u00e7ado de forma incorreta, ou a <strong>retifica\u00e7\u00e3o de uma publica\u00e7\u00e3o<\/strong> que trazia um valor equivocado. No jornalismo, quando um ve\u00edculo divulga uma informa\u00e7\u00e3o incompleta ou incorreta, pode emitir uma nota para retificar o que foi dito anteriormente e alinhar o conte\u00fado aos fatos.<\/p>\n\n\n\n<p>Para aprofundarmos no tema, trouxemos o v\u00eddeo do Erivaldo Amancio (@erivaldoamancio):<\/p>\n\n\n\n<blockquote class=\"tiktok-embed\" cite=\"https:\/\/www.tiktok.com\/@erivaldoamancio\/video\/7351928673030688005\" data-video-id=\"7351928673030688005\" style=\"max-width: 605px;min-width: 325px;\" > <section> <a target=\"_blank\" title=\"@erivaldoamancio\" href=\"https:\/\/www.tiktok.com\/@erivaldoamancio?refer=embed\">@erivaldoamancio<\/a> Dica de portugu\u00eas <a title=\"dancinha\" target=\"_blank\" href=\"https:\/\/www.tiktok.com\/tag\/dancinha?refer=embed\">#dancinha<\/a> <a title=\"educa\u00e7\u00e3o\" target=\"_blank\" href=\"https:\/\/www.tiktok.com\/tag\/educa%C3%A7%C3%A3o?refer=embed\">#educa\u00e7\u00e3o<\/a> <a target=\"_blank\" title=\"\u266c som original - Erivaldo Amancio\" href=\"https:\/\/www.tiktok.com\/music\/som-original-7351928691854707461?refer=embed\">\u266c som original &#8211; Erivaldo Amancio<\/a> <\/section> <\/blockquote> <script async src=\"https:\/\/www.tiktok.com\/embed.js\"><\/script>\n\n\n\n<h2 class=\"wp-block-heading\">Exemplos pr\u00e1ticos de uso de retificar<\/h2>\n\n\n\n<p>Alguns exemplos t\u00edpicos ajudam a fixar o uso de <strong>retificar<\/strong> em contextos reais, tanto em documentos do dia a dia quanto em situa\u00e7\u00f5es mais t\u00e9cnicas e formais. Observe como, em todos eles, h\u00e1 a ideia de <strong>corrigir um erro<\/strong> ou aperfei\u00e7oar um dado impreciso.<\/p>\n\n\n\n<p>Entre situa\u00e7\u00f5es frequentes, podemos destacar:<\/p>\n\n\n\n<ul class=\"wp-block-list\">\n<li><strong>Retificar um endere\u00e7o errado<\/strong> em um formul\u00e1rio oficial ou cadastral.<\/li>\n\n\n\n<li><strong>Retificar a data de um evento<\/strong> divulgada com equ\u00edvoco em um comunicado.<\/li>\n\n\n\n<li><strong>Retificar um erro em edital<\/strong> para ajustar regras, prazos ou valores.<\/li>\n\n\n\n<li><strong>Retificar uma declara\u00e7\u00e3o de imposto<\/strong> quando algum dado foi informado de forma incorreta.<\/li>\n<\/ul>\n\n\n\n<h2 class=\"wp-block-heading\">Como nunca mais confundir ratificar e retificar<\/h2>\n\n\n\n<p>Para distinguir <strong>ratificar<\/strong> de <strong>retificar<\/strong> no dia a dia, alguns recursos de mem\u00f3ria podem ajudar. Um deles \u00e9 associar as iniciais: <strong>RA<\/strong> de <strong>ratificar<\/strong> com <strong>REAfirma\u00e7\u00e3o<\/strong>, isto \u00e9, <strong>confirmar<\/strong> algo j\u00e1 decidido, e <strong>RE<\/strong> de <strong>retificar<\/strong> com a ideia de <strong>REfazer<\/strong>, <strong>corrigir<\/strong> ou <strong>ajustar<\/strong> um conte\u00fado errado.<\/p>\n\n\n\n<p>Outra estrat\u00e9gia pr\u00e1tica \u00e9 observar o que est\u00e1 acontecendo com a informa\u00e7\u00e3o ou com o ato mencionado: se o conte\u00fado <strong>j\u00e1 est\u00e1 correto<\/strong> e precisa ser apenas <strong>confirmado<\/strong>, o verbo adequado tende a ser <strong>ratificar<\/strong>. Se o conte\u00fado <strong>cont\u00e9m erro<\/strong> ou <strong>precisa ser alterado<\/strong>, o verbo que se aplica \u00e9 <strong>retificar<\/strong>, pois haver\u00e1 mudan\u00e7a efetiva na informa\u00e7\u00e3o.<\/p>\n\n\n\n<figure class=\"wp-block-image size-large\"><img decoding=\"async\" width=\"1024\" height=\"572\" src=\"https:\/\/www.correiobraziliense.com.br\/cbradar\/wp-content\/uploads\/2026\/01\/Ratificar-vs-Retificar-1-1024x572.png\" alt=\"&quot;Ratificar&quot; ou &quot;retificar&quot;? A regra definitiva para n\u00e3o errar mais no dia a dia\" class=\"wp-image-177921\" srcset=\"https:\/\/www.correiobraziliense.com.br\/cbradar\/wp-content\/uploads\/2026\/01\/Ratificar-vs-Retificar-1-1024x572.png 1024w, https:\/\/www.correiobraziliense.com.br\/cbradar\/wp-content\/uploads\/2026\/01\/Ratificar-vs-Retificar-1-300x167.png 300w, https:\/\/www.correiobraziliense.com.br\/cbradar\/wp-content\/uploads\/2026\/01\/Ratificar-vs-Retificar-1-768x429.png 768w, https:\/\/www.correiobraziliense.com.br\/cbradar\/wp-content\/uploads\/2026\/01\/Ratificar-vs-Retificar-1-750x419.png 750w, https:\/\/www.correiobraziliense.com.br\/cbradar\/wp-content\/uploads\/2026\/01\/Ratificar-vs-Retificar-1-1140x636.png 1140w, https:\/\/www.correiobraziliense.com.br\/cbradar\/wp-content\/uploads\/2026\/01\/Ratificar-vs-Retificar-1.png 1376w\" sizes=\"(max-width: 1024px) 100vw, 1024px\" \/><figcaption class=\"wp-element-caption\">&#8220;Ratificar&#8221; confirma\/acorda algo v\u00e1lido; &#8220;retificar&#8221; corrige\/ajusta erros em documentos, contratos e comunica\u00e7\u00f5es formais essenciais.<\/figcaption><\/figure>\n\n\n\n<h2 class=\"wp-block-heading\">Passos simples para escolher o verbo correto<\/h2>\n\n\n\n<p>Alguns passos simples podem orientar a escolha em textos formais ou informais, diminuindo o risco de equivoca\u00e7\u00e3o em contextos sens\u00edveis, como contratos, comunicados oficiais e documentos administrativos. Antes de decidir, vale analisar com calma o tipo de a\u00e7\u00e3o que est\u00e1 sendo realizada: trata-se de <strong>confirmar<\/strong> ou de <strong>corrigir<\/strong>?<\/p>\n\n\n\n<p>Com isso em mente, \u00e9 poss\u00edvel seguir uma pequena sequ\u00eancia de verifica\u00e7\u00e3o para refor\u00e7ar o uso adequado:<\/p>\n\n\n\n<ol class=\"wp-block-list\">\n<li>Identificar se h\u00e1 erro na informa\u00e7\u00e3o original.<\/li>\n\n\n\n<li>Se n\u00e3o houver erro, verificar se \u00e9 necess\u00e1rio formalizar ou validar a decis\u00e3o: caso positivo, usar <strong>ratificar<\/strong>.<\/li>\n\n\n\n<li>Se houver equ\u00edvoco, avaliar exatamente o que precisa ser modificado e, ent\u00e3o, <strong>retificar<\/strong> o ponto incorreto.<\/li>\n\n\n\n<li>Rever o texto final para garantir que o verbo usado corresponde \u00e0 a\u00e7\u00e3o realizada: <strong>confirmar<\/strong> ou <strong>corrigir<\/strong>.<\/li>\n<\/ol>\n\n\n\n<h2 class=\"wp-block-heading\">Por que essa diferen\u00e7a \u00e9 importante na comunica\u00e7\u00e3o<\/h2>\n\n\n\n<p>A distin\u00e7\u00e3o entre <strong>ratificar<\/strong> e <strong>retificar<\/strong> n\u00e3o \u00e9 apenas um detalhe gramatical. Em muitos contextos, especialmente em contratos, documentos oficiais e decis\u00f5es p\u00fablicas, a escolha de um ou de outro pode <strong>alterar o entendimento<\/strong> sobre o que est\u00e1 sendo feito, gerando d\u00favidas jur\u00eddicas ou administrativas.<\/p>\n\n\n\n<p><strong>Ratificar um contrato<\/strong> significa refor\u00e7ar sua validade; <strong>retificar o mesmo contrato<\/strong> indica que algum ponto estava inadequado e precisou ser ajustado. Esse cuidado lingu\u00edstico contribui para comunica\u00e7\u00f5es mais claras, reduz o risco de mal-entendidos e ajuda a manter registros coerentes em \u00f3rg\u00e3os p\u00fablicos, empresas privadas e na produ\u00e7\u00e3o de textos profissionais.<\/p>\n","protected":false},"excerpt":{"rendered":"<p>Ratificar ou retificar? Aprenda a regra definitiva para nunca mais errar, com exemplos pr\u00e1ticos e dicas r\u00e1pidas de portugu\u00eas no dia a dia.<\/p>\n","protected":false},"author":3,"featured_media":179720,"comment_status":"open","ping_status":"open","sticky":false,"template":"","format":"standard","meta":{"_yoast_wpseo_focuskw":"Ratificar ou retificar","_yoast_wpseo_title":"%%title%%","_yoast_wpseo_metadesc":"Ratificar ou retificar? Aprenda a regra definitiva para nunca mais errar, com exemplos pr\u00e1ticos e dicas r\u00e1pidas de portugu\u00eas no dia a dia.","jnews-multi-image_gallery":[],"jnews_single_post":{"format":"standard"},"jnews_primary_category":[],"jnews_social_meta":[],"jnews_override_counter":[],"footnotes":""},"categories":[112],"post_tag":[144,10902,11064,6081],"class_list":["post-177918","post","type-post","status-publish","format-standard","has-post-thumbnail","hentry","category-curiosidades","tag-curiosidades","tag-lingua-portuguesa","tag-linguas","tag-portugues"],"yoast_head":"<!-- This site is optimized with the Yoast SEO plugin v24.6 - https:\/\/yoast.com\/wordpress\/plugins\/seo\/ -->\n<title>&quot;Ratificar&quot; ou &quot;retificar&quot;? A regra definitiva para n\u00e3o errar mais no dia a dia<\/title>\n<meta name=\"description\" content=\"Ratificar ou retificar? Aprenda a regra definitiva para nunca mais errar, com exemplos pr\u00e1ticos e dicas r\u00e1pidas de portugu\u00eas no dia a dia.\" \/>\n<meta name=\"robots\" content=\"index, follow, max-snippet:-1, max-image-preview:large, max-video-preview:-1\" \/>\n<link rel=\"canonical\" href=\"https:\/\/www.correiobraziliense.com.br\/cbradar\/ratificar-ou-retificar-a-regra-definitiva-para-nao-errar-mais-no-dia-a-dia\/\" \/>\n<meta property=\"og:locale\" content=\"pt_BR\" \/>\n<meta property=\"og:type\" content=\"article\" \/>\n<meta property=\"og:title\" content=\"&quot;Ratificar&quot; ou &quot;retificar&quot;? A regra definitiva para n\u00e3o errar mais no dia a dia\" \/>\n<meta property=\"og:description\" content=\"Ratificar ou retificar? Aprenda a regra definitiva para nunca mais errar, com exemplos pr\u00e1ticos e dicas r\u00e1pidas de portugu\u00eas no dia a dia.\" \/>\n<meta property=\"og:url\" content=\"https:\/\/www.correiobraziliense.com.br\/cbradar\/ratificar-ou-retificar-a-regra-definitiva-para-nao-errar-mais-no-dia-a-dia\/\" \/>\n<meta property=\"og:site_name\" content=\"Correio Braziliense - Radar\" \/>\n<meta property=\"article:published_time\" content=\"2026-01-23T21:15:00+00:00\" \/>\n<meta property=\"og:image\" content=\"https:\/\/www.correiobraziliense.com.br\/cbradar\/wp-content\/uploads\/2026\/01\/freepik__imagem-simblica-realista-da-diferena-entre-ratific__7583.jpeg\" \/>\n\t<meta property=\"og:image:width\" content=\"1280\" \/>\n\t<meta property=\"og:image:height\" content=\"720\" \/>\n\t<meta property=\"og:image:type\" content=\"image\/jpeg\" \/>\n<meta name=\"author\" content=\"Larissa Carvalho\" \/>\n<meta name=\"twitter:card\" content=\"summary_large_image\" \/>\n<meta name=\"twitter:label1\" content=\"Escrito por\" \/>\n\t<meta name=\"twitter:data1\" content=\"Larissa Carvalho\" \/>\n\t<meta name=\"twitter:label2\" content=\"Est. tempo de leitura\" \/>\n\t<meta name=\"twitter:data2\" content=\"5 minutos\" \/>\n<!-- \/ Yoast SEO plugin. -->","yoast_head_json":{"title":"\"Ratificar\" ou \"retificar\"? A regra definitiva para n\u00e3o errar mais no dia a dia","description":"Ratificar ou retificar? Aprenda a regra definitiva para nunca mais errar, com exemplos pr\u00e1ticos e dicas r\u00e1pidas de portugu\u00eas no dia a dia.","robots":{"index":"index","follow":"follow","max-snippet":"max-snippet:-1","max-image-preview":"max-image-preview:large","max-video-preview":"max-video-preview:-1"},"canonical":"https:\/\/www.correiobraziliense.com.br\/cbradar\/ratificar-ou-retificar-a-regra-definitiva-para-nao-errar-mais-no-dia-a-dia\/","og_locale":"pt_BR","og_type":"article","og_title":"\"Ratificar\" ou \"retificar\"? A regra definitiva para n\u00e3o errar mais no dia a dia","og_description":"Ratificar ou retificar? Aprenda a regra definitiva para nunca mais errar, com exemplos pr\u00e1ticos e dicas r\u00e1pidas de portugu\u00eas no dia a dia.","og_url":"https:\/\/www.correiobraziliense.com.br\/cbradar\/ratificar-ou-retificar-a-regra-definitiva-para-nao-errar-mais-no-dia-a-dia\/","og_site_name":"Correio Braziliense - Radar","article_published_time":"2026-01-23T21:15:00+00:00","og_image":[{"width":1280,"height":720,"url":"https:\/\/www.correiobraziliense.com.br\/cbradar\/wp-content\/uploads\/2026\/01\/freepik__imagem-simblica-realista-da-diferena-entre-ratific__7583.jpeg","type":"image\/jpeg"}],"author":"Larissa Carvalho","twitter_card":"summary_large_image","twitter_misc":{"Escrito por":"Larissa Carvalho","Est. tempo de leitura":"5 minutos"},"schema":{"@context":"https:\/\/schema.org","@graph":[{"@type":"WebPage","@id":"https:\/\/www.correiobraziliense.com.br\/cbradar\/ratificar-ou-retificar-a-regra-definitiva-para-nao-errar-mais-no-dia-a-dia\/","url":"https:\/\/www.correiobraziliense.com.br\/cbradar\/ratificar-ou-retificar-a-regra-definitiva-para-nao-errar-mais-no-dia-a-dia\/","name":"\"Ratificar\" ou \"retificar\"? A regra definitiva para n\u00e3o errar mais no dia a dia","isPartOf":{"@id":"https:\/\/www.correiobraziliense.com.br\/cbradar\/#website"},"primaryImageOfPage":{"@id":"https:\/\/www.correiobraziliense.com.br\/cbradar\/ratificar-ou-retificar-a-regra-definitiva-para-nao-errar-mais-no-dia-a-dia\/#primaryimage"},"image":{"@id":"https:\/\/www.correiobraziliense.com.br\/cbradar\/ratificar-ou-retificar-a-regra-definitiva-para-nao-errar-mais-no-dia-a-dia\/#primaryimage"},"thumbnailUrl":"https:\/\/www.correiobraziliense.com.br\/cbradar\/wp-content\/uploads\/2026\/01\/freepik__imagem-simblica-realista-da-diferena-entre-ratific__7583.jpeg","datePublished":"2026-01-23T21:15:00+00:00","author":{"@id":"https:\/\/www.correiobraziliense.com.br\/cbradar\/#\/schema\/person\/58422787644df994b53a19d3e56c1513"},"description":"Ratificar ou retificar? Aprenda a regra definitiva para nunca mais errar, com exemplos pr\u00e1ticos e dicas r\u00e1pidas de portugu\u00eas no dia a dia.","breadcrumb":{"@id":"https:\/\/www.correiobraziliense.com.br\/cbradar\/ratificar-ou-retificar-a-regra-definitiva-para-nao-errar-mais-no-dia-a-dia\/#breadcrumb"},"inLanguage":"pt-BR","potentialAction":[{"@type":"ReadAction","target":["https:\/\/www.correiobraziliense.com.br\/cbradar\/ratificar-ou-retificar-a-regra-definitiva-para-nao-errar-mais-no-dia-a-dia\/"]}]},{"@type":"ImageObject","inLanguage":"pt-BR","@id":"https:\/\/www.correiobraziliense.com.br\/cbradar\/ratificar-ou-retificar-a-regra-definitiva-para-nao-errar-mais-no-dia-a-dia\/#primaryimage","url":"https:\/\/www.correiobraziliense.com.br\/cbradar\/wp-content\/uploads\/2026\/01\/freepik__imagem-simblica-realista-da-diferena-entre-ratific__7583.jpeg","contentUrl":"https:\/\/www.correiobraziliense.com.br\/cbradar\/wp-content\/uploads\/2026\/01\/freepik__imagem-simblica-realista-da-diferena-entre-ratific__7583.jpeg","width":1280,"height":720,"caption":"Escolher o verbo correto evita problemas em documentos e comunica\u00e7\u00f5es oficiais"},{"@type":"BreadcrumbList","@id":"https:\/\/www.correiobraziliense.com.br\/cbradar\/ratificar-ou-retificar-a-regra-definitiva-para-nao-errar-mais-no-dia-a-dia\/#breadcrumb","itemListElement":[{"@type":"ListItem","position":1,"name":"In\u00edcio","item":"https:\/\/www.correiobraziliense.com.br\/cbradar\/"},{"@type":"ListItem","position":2,"name":"&#8220;Ratificar&#8221; ou &#8220;retificar&#8221;? A regra definitiva para n\u00e3o errar mais no dia a dia"}]},{"@type":"WebSite","@id":"https:\/\/www.correiobraziliense.com.br\/cbradar\/#website","url":"https:\/\/www.correiobraziliense.com.br\/cbradar\/","name":"Correio Braziliense - Radar","description":"Acompanhe as \u00faltimas not\u00edcias e fique bem informado sobre tudo o que acontece no Brasil e no mundo.","potentialAction":[{"@type":"SearchAction","target":{"@type":"EntryPoint","urlTemplate":"https:\/\/www.correiobraziliense.com.br\/cbradar\/?s={search_term_string}"},"query-input":{"@type":"PropertyValueSpecification","valueRequired":true,"valueName":"search_term_string"}}],"inLanguage":"pt-BR"},{"@type":"Person","@id":"https:\/\/www.correiobraziliense.com.br\/cbradar\/#\/schema\/person\/58422787644df994b53a19d3e56c1513","name":"Larissa Carvalho","image":{"@type":"ImageObject","inLanguage":"pt-BR","@id":"https:\/\/www.correiobraziliense.com.br\/cbradar\/#\/schema\/person\/image\/","url":"https:\/\/secure.gravatar.com\/avatar\/fe4f91a0de32b52a838d0d612abdc1aa?s=96&d=mm&r=g","contentUrl":"https:\/\/secure.gravatar.com\/avatar\/fe4f91a0de32b52a838d0d612abdc1aa?s=96&d=mm&r=g","caption":"Larissa Carvalho"},"url":"https:\/\/www.correiobraziliense.com.br\/cbradar\/author\/larissamyth\/"}]}},"_links":{"self":[{"href":"https:\/\/www.correiobraziliense.com.br\/cbradar\/wp-json\/wp\/v2\/posts\/177918","targetHints":{"allow":["GET"]}}],"collection":[{"href":"https:\/\/www.correiobraziliense.com.br\/cbradar\/wp-json\/wp\/v2\/posts"}],"about":[{"href":"https:\/\/www.correiobraziliense.com.br\/cbradar\/wp-json\/wp\/v2\/types\/post"}],"author":[{"embeddable":true,"href":"https:\/\/www.correiobraziliense.com.br\/cbradar\/wp-json\/wp\/v2\/users\/3"}],"replies":[{"embeddable":true,"href":"https:\/\/www.correiobraziliense.com.br\/cbradar\/wp-json\/wp\/v2\/comments?post=177918"}],"version-history":[{"count":3,"href":"https:\/\/www.correiobraziliense.com.br\/cbradar\/wp-json\/wp\/v2\/posts\/177918\/revisions"}],"predecessor-version":[{"id":179755,"href":"https:\/\/www.correiobraziliense.com.br\/cbradar\/wp-json\/wp\/v2\/posts\/177918\/revisions\/179755"}],"wp:featuredmedia":[{"embeddable":true,"href":"https:\/\/www.correiobraziliense.com.br\/cbradar\/wp-json\/wp\/v2\/media\/179720"}],"wp:attachment":[{"href":"https:\/\/www.correiobraziliense.com.br\/cbradar\/wp-json\/wp\/v2\/media?parent=177918"}],"wp:term":[{"taxonomy":"category","embeddable":true,"href":"https:\/\/www.correiobraziliense.com.br\/cbradar\/wp-json\/wp\/v2\/categories?post=177918"},{"taxonomy":"post_tag","embeddable":true,"href":"https:\/\/www.correiobraziliense.com.br\/cbradar\/wp-json\/wp\/v2\/post_tag?post=177918"}],"curies":[{"name":"wp","href":"https:\/\/api.w.org\/{rel}","templated":true}]}}