{"id":177924,"date":"2026-01-23T20:35:00","date_gmt":"2026-01-23T23:35:00","guid":{"rendered":"https:\/\/www.correiobraziliense.com.br\/cbradar\/?p=177924"},"modified":"2026-01-22T16:57:44","modified_gmt":"2026-01-22T19:57:44","slug":"faz-cinco-anos-ou-fazem-cinco-anos-como-usar-o-verbo-fazer-para-indicar-tempo","status":"publish","type":"post","link":"https:\/\/www.correiobraziliense.com.br\/cbradar\/faz-cinco-anos-ou-fazem-cinco-anos-como-usar-o-verbo-fazer-para-indicar-tempo\/","title":{"rendered":"&#8220;Faz cinco anos&#8221; ou &#8220;fazem cinco anos&#8221;? Como usar o verbo fazer para indicar tempo"},"content":{"rendered":"\n<p>Entre as d\u00favidas mais frequentes de quem escreve em portugu\u00eas est\u00e1 a escolha entre <strong>&#8220;faz cinco anos&#8221;<\/strong> e <strong>&#8220;fazem cinco anos&#8221;<\/strong>. A quest\u00e3o aparece em reda\u00e7\u00f5es escolares, textos profissionais e mensagens informais porque envolve o uso do verbo <strong>fazer<\/strong> para indicar tempo decorrido. Entender essa regra ajuda a manter a <strong>norma culta<\/strong>, evita corre\u00e7\u00f5es em concursos, provas e documentos formais e tamb\u00e9m melhora a clareza da comunica\u00e7\u00e3o cotidiana.<\/p>\n\n\n\n<h2 class=\"wp-block-heading\">Faz cinco anos ou fazem cinco anos \u2013 qual \u00e9 a forma correta<\/h2>\n\n\n\n<p>Em constru\u00e7\u00f5es que indicam <strong>tempo decorrido<\/strong>, a forma considerada correta \u00e9 <strong>&#8220;faz cinco anos&#8221;<\/strong>. Express\u00f5es como <strong>&#8220;faz dois dias&#8221;<\/strong>, <strong>&#8220;faz vinte minutos&#8221;<\/strong> ou <strong>&#8220;faz muitos anos&#8221;<\/strong> seguem a mesma l\u00f3gica: o verbo n\u00e3o varia, porque assume valor <strong>impessoal<\/strong>.<\/p>\n\n\n\n<p>A d\u00favida surge porque, em outros contextos, o falante associa naturalmente o n\u00famero ao verbo e tenta fazer a concord\u00e2ncia. Nesse uso espec\u00edfico de valor temporal, por\u00e9m, a concord\u00e2ncia n\u00e3o se aplica, pois n\u00e3o h\u00e1 sujeito gramatical; o que aparece \u00e9 apenas um <strong>complemento de medida de tempo<\/strong>.<\/p>\n\n\n\n<p>Para aprofundarmos no tema, trouxemos o v\u00eddeo do perfil @aprenderpravaler:<\/p>\n\n\n\n<blockquote class=\"tiktok-embed\" cite=\"https:\/\/www.tiktok.com\/@aprenderpravaler\/video\/7273256284168752390\" data-video-id=\"7273256284168752390\" style=\"max-width: 605px;min-width: 325px;\" > <section> <a target=\"_blank\" title=\"@aprenderpravaler\" href=\"https:\/\/www.tiktok.com\/@aprenderpravaler?refer=embed\">@aprenderpravaler<\/a> Faz anos ou Fazem ano? Qual o correto? Faz ou fazem? <a title=\"portuguesparaenem\" target=\"_blank\" href=\"https:\/\/www.tiktok.com\/tag\/portuguesparaenem?refer=embed\">#portuguesparaenem<\/a> <a title=\"dicasdeportugues\" target=\"_blank\" href=\"https:\/\/www.tiktok.com\/tag\/dicasdeportugues?refer=embed\">#dicasdeportugues<\/a> <a title=\"portuguesparaconcursos\" target=\"_blank\" href=\"https:\/\/www.tiktok.com\/tag\/portuguesparaconcursos?refer=embed\">#portuguesparaconcursos<\/a> <a title=\"portugues\" target=\"_blank\" href=\"https:\/\/www.tiktok.com\/tag\/portugues?refer=embed\">#portugues<\/a> <a title=\"regrasdeportugu\u00eas\" target=\"_blank\" href=\"https:\/\/www.tiktok.com\/tag\/regrasdeportugu%C3%AAs?refer=embed\">#regrasdeportugu\u00eas<\/a> <a target=\"_blank\" title=\"\u266c T\u00e1 OK (Remix) - KAROL G - DENNIS &#38; MC Kevin o Chris &#38; Maluma &#38; Karol G\" href=\"https:\/\/www.tiktok.com\/music\/T\u00e1-OK-Remix-7260691094395160578?refer=embed\">\u266c T\u00e1 OK (Remix) &#8211; KAROL G &#8211; DENNIS &#38; MC Kevin o Chris &#38; Maluma &#38; Karol G<\/a> <\/section> <\/blockquote> <script async src=\"https:\/\/www.tiktok.com\/embed.js\"><\/script>\n\n\n\n<h2 class=\"wp-block-heading\">Como usar corretamente o verbo fazer para indicar tempo no dia a dia<\/h2>\n\n\n\n<p>Na pr\u00e1tica, sempre que <strong>&#8220;fazer&#8221;<\/strong> indicar <strong>tempo que passou<\/strong> ou <strong>dura\u00e7\u00e3o<\/strong>, a orienta\u00e7\u00e3o \u00e9 manter o verbo no singular, no presente, no passado ou no futuro. Alguns exemplos ajudam a visualizar melhor esse uso em diferentes situa\u00e7\u00f5es comunicativas formais e informais.<\/p>\n\n\n\n<ul class=\"wp-block-list\">\n<li><strong>Presente:<\/strong> Faz tr\u00eas semanas que o projeto come\u00e7ou.<\/li>\n\n\n\n<li><strong>Pret\u00e9rito imperfeito:<\/strong> Fazia dez anos que a empresa atuava no mercado.<\/li>\n\n\n\n<li><strong>Futuro:<\/strong> Daqui a pouco far\u00e1 dois meses que o curso come\u00e7ou.<\/li>\n\n\n\n<li><strong>Express\u00f5es com &#8220;que&#8221;:<\/strong> Faz cinco anos que a lei entrou em vigor.<\/li>\n<\/ul>\n\n\n\n<h2 class=\"wp-block-heading\">Quando usar fazem com verbo fazer em vez de faz<\/h2>\n\n\n\n<p>Al\u00e9m de indicar tempo decorrido, o verbo tamb\u00e9m pode marcar a ideia de <strong>dura\u00e7\u00e3o cont\u00ednua<\/strong>, como em: &#8220;Faz dias que chove na regi\u00e3o&#8221;, mantendo-se impessoal. J\u00e1 a forma <strong>&#8220;fazem&#8221;<\/strong> est\u00e1 correta quando o verbo indica uma <strong>a\u00e7\u00e3o concreta<\/strong>, com um sujeito definido que realiza a a\u00e7\u00e3o.<\/p>\n\n\n\n<p>Nesses casos, a concord\u00e2ncia verbal segue a regra geral: o verbo concorda com o sujeito, seja ele simples ou composto. O ponto central \u00e9 observar se h\u00e1 um sujeito que possa responder \u00e0 pergunta <strong>&#8220;quem faz?&#8221;<\/strong>; se existir esse sujeito, a forma <strong>&#8220;fazem&#8221;<\/strong> ser\u00e1 adequada.<\/p>\n\n\n\n<ol class=\"wp-block-list\">\n<li><strong>Sujeito expl\u00edcito no plural:<\/strong> As alunas fazem os exerc\u00edcios diariamente.<\/li>\n\n\n\n<li><strong>Sujeito composto:<\/strong> Jo\u00e3o e Maria fazem est\u00e1gio na mesma empresa.<\/li>\n\n\n\n<li><strong>Sentido de produzir, realizar, executar:<\/strong> Eles fazem relat\u00f3rios todas as semanas.<\/li>\n<\/ol>\n\n\n\n<figure class=\"wp-block-image size-large\"><img decoding=\"async\" width=\"1024\" height=\"572\" src=\"https:\/\/www.correiobraziliense.com.br\/cbradar\/wp-content\/uploads\/2026\/01\/Fazer-Cinco-Anos-Uso-Correto-1024x572.png\" alt=\"&quot;Faz cinco anos&quot; ou &quot;fazem cinco anos&quot;? Como usar o verbo fazer para indicar tempo\" class=\"wp-image-177926\" srcset=\"https:\/\/www.correiobraziliense.com.br\/cbradar\/wp-content\/uploads\/2026\/01\/Fazer-Cinco-Anos-Uso-Correto-1024x572.png 1024w, https:\/\/www.correiobraziliense.com.br\/cbradar\/wp-content\/uploads\/2026\/01\/Fazer-Cinco-Anos-Uso-Correto-300x167.png 300w, https:\/\/www.correiobraziliense.com.br\/cbradar\/wp-content\/uploads\/2026\/01\/Fazer-Cinco-Anos-Uso-Correto-768x429.png 768w, https:\/\/www.correiobraziliense.com.br\/cbradar\/wp-content\/uploads\/2026\/01\/Fazer-Cinco-Anos-Uso-Correto-750x419.png 750w, https:\/\/www.correiobraziliense.com.br\/cbradar\/wp-content\/uploads\/2026\/01\/Fazer-Cinco-Anos-Uso-Correto-1140x636.png 1140w, https:\/\/www.correiobraziliense.com.br\/cbradar\/wp-content\/uploads\/2026\/01\/Fazer-Cinco-Anos-Uso-Correto.png 1376w\" sizes=\"(max-width: 1024px) 100vw, 1024px\" \/><figcaption class=\"wp-element-caption\">&#8220;Faz cinco anos&#8221; \u00e9 correto para tempo decorrido na norma culta; verbo singular impessoal indica dura\u00e7\u00e3o total, n\u00e3o plural em reda\u00e7\u00f5es formais.<\/figcaption><\/figure>\n\n\n\n<h2 class=\"wp-block-heading\">Quais outros verbos funcionam de forma impessoal como fazer no tempo<\/h2>\n\n\n\n<p>O uso <strong>impessoal<\/strong> n\u00e3o \u00e9 exclusivo do verbo <strong>fazer<\/strong>. Outros verbos tamb\u00e9m aparecem sem sujeito quando indicam fen\u00f4menos naturais, condi\u00e7\u00f5es clim\u00e1ticas ou tempo, como <strong>&#8220;haver&#8221;<\/strong> no sentido de existir e <strong>&#8220;ser&#8221;<\/strong> em certas express\u00f5es de data e hora.<\/p>\n\n\n\n<ul class=\"wp-block-list\">\n<li><strong>Verbo haver (no sentido de existir):<\/strong> H\u00e1 cinco anos n\u00e3o ocorria um evento semelhante.<\/li>\n\n\n\n<li><strong>Verbo ser (tempo e hora):<\/strong> \u00c9 uma hora da tarde. \/ Era meia-noite quando o sistema foi atualizado.<\/li>\n\n\n\n<li><strong>Verbo fazer (tempo decorrido):<\/strong> Faz cinco anos que a regra \u00e9 ensinada nas escolas.<\/li>\n<\/ul>\n\n\n\n<p>Conhecer essas rela\u00e7\u00f5es permite identificar com mais facilidade quando um verbo est\u00e1 funcionando como <strong>impessoal<\/strong> e, portanto, n\u00e3o exige concord\u00e2ncia com elementos no plural. No caso da d\u00favida entre <strong>&#8220;faz cinco anos&#8221;<\/strong> e <strong>&#8220;fazem cinco anos&#8221;<\/strong>, a gram\u00e1tica normativa contempor\u00e2nea \u00e9 clara: ao indicar tempo, o verbo <strong>fazer<\/strong> permanece no singular.<\/p>\n","protected":false},"excerpt":{"rendered":"<p>\u201cFaz cinco anos\u201d ou \u201cfazem cinco anos\u201d? Aprenda a usar o verbo fazer no sentido de tempo, com exemplos claros e regras simples.<\/p>\n","protected":false},"author":3,"featured_media":179711,"comment_status":"open","ping_status":"open","sticky":false,"template":"","format":"standard","meta":{"_yoast_wpseo_focuskw":"\"Faz cinco anos\" ou \"fazem cinco anos\"","_yoast_wpseo_title":"%%title%%","_yoast_wpseo_metadesc":"\u201cFaz cinco anos\u201d ou \u201cfazem cinco anos\u201d? Aprenda a usar o verbo fazer no sentido de tempo, com exemplos claros e regras simples.","jnews-multi-image_gallery":[],"jnews_single_post":{"format":"standard"},"jnews_primary_category":[],"jnews_social_meta":[],"jnews_override_counter":[],"footnotes":""},"categories":[112],"tags":[144,10902,11064,6081],"class_list":["post-177924","post","type-post","status-publish","format-standard","has-post-thumbnail","hentry","category-curiosidades","tag-curiosidades","tag-lingua-portuguesa","tag-linguas","tag-portugues"],"yoast_head":"<!-- This site is optimized with the Yoast SEO plugin v24.6 - https:\/\/yoast.com\/wordpress\/plugins\/seo\/ -->\n<title>&quot;Faz cinco anos&quot; ou &quot;fazem cinco anos&quot;? Como usar o verbo fazer para indicar tempo<\/title>\n<meta name=\"description\" content=\"\u201cFaz cinco anos\u201d ou \u201cfazem cinco anos\u201d? Aprenda a usar o verbo fazer no sentido de tempo, com exemplos claros e regras simples.\" \/>\n<meta name=\"robots\" content=\"index, follow, max-snippet:-1, max-image-preview:large, max-video-preview:-1\" \/>\n<link rel=\"canonical\" href=\"https:\/\/www.correiobraziliense.com.br\/cbradar\/faz-cinco-anos-ou-fazem-cinco-anos-como-usar-o-verbo-fazer-para-indicar-tempo\/\" \/>\n<meta property=\"og:locale\" content=\"pt_BR\" \/>\n<meta property=\"og:type\" content=\"article\" \/>\n<meta property=\"og:title\" content=\"&quot;Faz cinco anos&quot; ou &quot;fazem cinco anos&quot;? Como usar o verbo fazer para indicar tempo\" \/>\n<meta property=\"og:description\" content=\"\u201cFaz cinco anos\u201d ou \u201cfazem cinco anos\u201d? Aprenda a usar o verbo fazer no sentido de tempo, com exemplos claros e regras simples.\" \/>\n<meta property=\"og:url\" content=\"https:\/\/www.correiobraziliense.com.br\/cbradar\/faz-cinco-anos-ou-fazem-cinco-anos-como-usar-o-verbo-fazer-para-indicar-tempo\/\" \/>\n<meta property=\"og:site_name\" content=\"Correio Braziliense - Radar\" \/>\n<meta property=\"article:published_time\" content=\"2026-01-23T23:35:00+00:00\" \/>\n<meta property=\"og:image\" content=\"https:\/\/www.correiobraziliense.com.br\/cbradar\/wp-content\/uploads\/2026\/01\/freepik__imagem-realista-da-escrita-faz-cinco-anos-ou-fazem__7588.jpeg\" \/>\n\t<meta property=\"og:image:width\" content=\"1280\" \/>\n\t<meta property=\"og:image:height\" content=\"720\" \/>\n\t<meta property=\"og:image:type\" content=\"image\/jpeg\" \/>\n<meta name=\"author\" content=\"Larissa Carvalho\" \/>\n<meta name=\"twitter:card\" content=\"summary_large_image\" \/>\n<meta name=\"twitter:label1\" content=\"Escrito por\" \/>\n\t<meta name=\"twitter:data1\" content=\"Larissa Carvalho\" \/>\n\t<meta name=\"twitter:label2\" content=\"Est. tempo de leitura\" \/>\n\t<meta name=\"twitter:data2\" content=\"4 minutos\" \/>\n<!-- \/ Yoast SEO plugin. -->","yoast_head_json":{"title":"\"Faz cinco anos\" ou \"fazem cinco anos\"? Como usar o verbo fazer para indicar tempo","description":"\u201cFaz cinco anos\u201d ou \u201cfazem cinco anos\u201d? Aprenda a usar o verbo fazer no sentido de tempo, com exemplos claros e regras simples.","robots":{"index":"index","follow":"follow","max-snippet":"max-snippet:-1","max-image-preview":"max-image-preview:large","max-video-preview":"max-video-preview:-1"},"canonical":"https:\/\/www.correiobraziliense.com.br\/cbradar\/faz-cinco-anos-ou-fazem-cinco-anos-como-usar-o-verbo-fazer-para-indicar-tempo\/","og_locale":"pt_BR","og_type":"article","og_title":"\"Faz cinco anos\" ou \"fazem cinco anos\"? Como usar o verbo fazer para indicar tempo","og_description":"\u201cFaz cinco anos\u201d ou \u201cfazem cinco anos\u201d? Aprenda a usar o verbo fazer no sentido de tempo, com exemplos claros e regras simples.","og_url":"https:\/\/www.correiobraziliense.com.br\/cbradar\/faz-cinco-anos-ou-fazem-cinco-anos-como-usar-o-verbo-fazer-para-indicar-tempo\/","og_site_name":"Correio Braziliense - Radar","article_published_time":"2026-01-23T23:35:00+00:00","og_image":[{"width":1280,"height":720,"url":"https:\/\/www.correiobraziliense.com.br\/cbradar\/wp-content\/uploads\/2026\/01\/freepik__imagem-realista-da-escrita-faz-cinco-anos-ou-fazem__7588.jpeg","type":"image\/jpeg"}],"author":"Larissa Carvalho","twitter_card":"summary_large_image","twitter_misc":{"Escrito por":"Larissa Carvalho","Est. tempo de leitura":"4 minutos"},"schema":{"@context":"https:\/\/schema.org","@graph":[{"@type":"WebPage","@id":"https:\/\/www.correiobraziliense.com.br\/cbradar\/faz-cinco-anos-ou-fazem-cinco-anos-como-usar-o-verbo-fazer-para-indicar-tempo\/","url":"https:\/\/www.correiobraziliense.com.br\/cbradar\/faz-cinco-anos-ou-fazem-cinco-anos-como-usar-o-verbo-fazer-para-indicar-tempo\/","name":"\"Faz cinco anos\" ou \"fazem cinco anos\"? Como usar o verbo fazer para indicar tempo","isPartOf":{"@id":"https:\/\/www.correiobraziliense.com.br\/cbradar\/#website"},"primaryImageOfPage":{"@id":"https:\/\/www.correiobraziliense.com.br\/cbradar\/faz-cinco-anos-ou-fazem-cinco-anos-como-usar-o-verbo-fazer-para-indicar-tempo\/#primaryimage"},"image":{"@id":"https:\/\/www.correiobraziliense.com.br\/cbradar\/faz-cinco-anos-ou-fazem-cinco-anos-como-usar-o-verbo-fazer-para-indicar-tempo\/#primaryimage"},"thumbnailUrl":"https:\/\/www.correiobraziliense.com.br\/cbradar\/wp-content\/uploads\/2026\/01\/freepik__imagem-realista-da-escrita-faz-cinco-anos-ou-fazem__7588.jpeg","datePublished":"2026-01-23T23:35:00+00:00","author":{"@id":"https:\/\/www.correiobraziliense.com.br\/cbradar\/#\/schema\/person\/58422787644df994b53a19d3e56c1513"},"description":"\u201cFaz cinco anos\u201d ou \u201cfazem cinco anos\u201d? Aprenda a usar o verbo fazer no sentido de tempo, com exemplos claros e regras simples.","breadcrumb":{"@id":"https:\/\/www.correiobraziliense.com.br\/cbradar\/faz-cinco-anos-ou-fazem-cinco-anos-como-usar-o-verbo-fazer-para-indicar-tempo\/#breadcrumb"},"inLanguage":"pt-BR","potentialAction":[{"@type":"ReadAction","target":["https:\/\/www.correiobraziliense.com.br\/cbradar\/faz-cinco-anos-ou-fazem-cinco-anos-como-usar-o-verbo-fazer-para-indicar-tempo\/"]}]},{"@type":"ImageObject","inLanguage":"pt-BR","@id":"https:\/\/www.correiobraziliense.com.br\/cbradar\/faz-cinco-anos-ou-fazem-cinco-anos-como-usar-o-verbo-fazer-para-indicar-tempo\/#primaryimage","url":"https:\/\/www.correiobraziliense.com.br\/cbradar\/wp-content\/uploads\/2026\/01\/freepik__imagem-realista-da-escrita-faz-cinco-anos-ou-fazem__7588.jpeg","contentUrl":"https:\/\/www.correiobraziliense.com.br\/cbradar\/wp-content\/uploads\/2026\/01\/freepik__imagem-realista-da-escrita-faz-cinco-anos-ou-fazem__7588.jpeg","width":1280,"height":720,"caption":"Uso correto do verbo fazer indicando tempo decorrido evita erros comuns em textos escolares"},{"@type":"BreadcrumbList","@id":"https:\/\/www.correiobraziliense.com.br\/cbradar\/faz-cinco-anos-ou-fazem-cinco-anos-como-usar-o-verbo-fazer-para-indicar-tempo\/#breadcrumb","itemListElement":[{"@type":"ListItem","position":1,"name":"In\u00edcio","item":"https:\/\/www.correiobraziliense.com.br\/cbradar\/"},{"@type":"ListItem","position":2,"name":"&#8220;Faz cinco anos&#8221; ou &#8220;fazem cinco anos&#8221;? Como usar o verbo fazer para indicar tempo"}]},{"@type":"WebSite","@id":"https:\/\/www.correiobraziliense.com.br\/cbradar\/#website","url":"https:\/\/www.correiobraziliense.com.br\/cbradar\/","name":"Correio Braziliense - Radar","description":"Acompanhe as \u00faltimas not\u00edcias e fique bem informado sobre tudo o que acontece no Brasil e no mundo.","potentialAction":[{"@type":"SearchAction","target":{"@type":"EntryPoint","urlTemplate":"https:\/\/www.correiobraziliense.com.br\/cbradar\/?s={search_term_string}"},"query-input":{"@type":"PropertyValueSpecification","valueRequired":true,"valueName":"search_term_string"}}],"inLanguage":"pt-BR"},{"@type":"Person","@id":"https:\/\/www.correiobraziliense.com.br\/cbradar\/#\/schema\/person\/58422787644df994b53a19d3e56c1513","name":"Larissa Carvalho","image":{"@type":"ImageObject","inLanguage":"pt-BR","@id":"https:\/\/www.correiobraziliense.com.br\/cbradar\/#\/schema\/person\/image\/","url":"https:\/\/secure.gravatar.com\/avatar\/fe4f91a0de32b52a838d0d612abdc1aa?s=96&d=mm&r=g","contentUrl":"https:\/\/secure.gravatar.com\/avatar\/fe4f91a0de32b52a838d0d612abdc1aa?s=96&d=mm&r=g","caption":"Larissa Carvalho"},"url":"https:\/\/www.correiobraziliense.com.br\/cbradar\/author\/larissamyth\/"}]}},"_links":{"self":[{"href":"https:\/\/www.correiobraziliense.com.br\/cbradar\/wp-json\/wp\/v2\/posts\/177924","targetHints":{"allow":["GET"]}}],"collection":[{"href":"https:\/\/www.correiobraziliense.com.br\/cbradar\/wp-json\/wp\/v2\/posts"}],"about":[{"href":"https:\/\/www.correiobraziliense.com.br\/cbradar\/wp-json\/wp\/v2\/types\/post"}],"author":[{"embeddable":true,"href":"https:\/\/www.correiobraziliense.com.br\/cbradar\/wp-json\/wp\/v2\/users\/3"}],"replies":[{"embeddable":true,"href":"https:\/\/www.correiobraziliense.com.br\/cbradar\/wp-json\/wp\/v2\/comments?post=177924"}],"version-history":[{"count":2,"href":"https:\/\/www.correiobraziliense.com.br\/cbradar\/wp-json\/wp\/v2\/posts\/177924\/revisions"}],"predecessor-version":[{"id":177927,"href":"https:\/\/www.correiobraziliense.com.br\/cbradar\/wp-json\/wp\/v2\/posts\/177924\/revisions\/177927"}],"wp:featuredmedia":[{"embeddable":true,"href":"https:\/\/www.correiobraziliense.com.br\/cbradar\/wp-json\/wp\/v2\/media\/179711"}],"wp:attachment":[{"href":"https:\/\/www.correiobraziliense.com.br\/cbradar\/wp-json\/wp\/v2\/media?parent=177924"}],"wp:term":[{"taxonomy":"category","embeddable":true,"href":"https:\/\/www.correiobraziliense.com.br\/cbradar\/wp-json\/wp\/v2\/categories?post=177924"},{"taxonomy":"post_tag","embeddable":true,"href":"https:\/\/www.correiobraziliense.com.br\/cbradar\/wp-json\/wp\/v2\/tags?post=177924"}],"curies":[{"name":"wp","href":"https:\/\/api.w.org\/{rel}","templated":true}]}}