{"id":177941,"date":"2026-01-20T07:05:58","date_gmt":"2026-01-20T10:05:58","guid":{"rendered":"https:\/\/www.correiobraziliense.com.br\/cbradar\/?p=177941"},"modified":"2026-01-19T10:32:00","modified_gmt":"2026-01-19T13:32:00","slug":"a-fruta-exotica-que-vem-chamando-atencao-por-apoiar-as-defesas-naturais-do-corpo","status":"publish","type":"post","link":"https:\/\/www.correiobraziliense.com.br\/cbradar\/a-fruta-exotica-que-vem-chamando-atencao-por-apoiar-as-defesas-naturais-do-corpo\/","title":{"rendered":"A fruta ex\u00f3tica que vem chamando aten\u00e7\u00e3o por apoiar as defesas naturais do corpo"},"content":{"rendered":"\n<p>O <strong>mangost\u00e3o<\/strong> tem ganhado espa\u00e7o nas conversas sobre alimenta\u00e7\u00e3o saud\u00e1vel por ser associado \u00e0 <strong>prote\u00e7\u00e3o celular<\/strong> e ao cuidado com o organismo como um todo. Trata-se de uma fruta tropical de casca roxa e polpa branca, encontrada principalmente em pa\u00edses asi\u00e1ticos, mas que j\u00e1 come\u00e7a a aparecer em suplementos e produtos naturais no <strong>Brasil,<\/strong> sendo frequentemente estudada por seu potencial antioxidante e pela presen\u00e7a de compostos bioativos que podem apoiar as defesas naturais do corpo.<\/p>\n\n\n\n<h2 class=\"wp-block-heading\">Como o mangost\u00e3o se destaca na prote\u00e7\u00e3o celular<\/h2>\n\n\n\n<p>O mangost\u00e3o \u00e9 rico em compostos bioativos, como as <strong>xantonas<\/strong>, al\u00e9m de vitaminas e minerais, o que sustenta seu uso em estrat\u00e9gias de nutri\u00e7\u00e3o funcional.<\/p>\n\n\n\n<p>Estudos recentes investigam especialmente o papel dessas xantonas, avaliando se podem ajudar na redu\u00e7\u00e3o de danos oxidativos, processo que costuma afetar membranas celulares, prote\u00ednas e at\u00e9 o material gen\u00e9tico. Pesquisas tamb\u00e9m observam se esses compostos influenciam vias de sinaliza\u00e7\u00e3o celular ligadas \u00e0 <strong>inflama\u00e7\u00e3o<\/strong> e ao envelhecimento precoce, \u00e1reas cada vez mais discutidas em pesquisas de nutri\u00e7\u00e3o e medicina preventiva.<\/p>\n\n\n<div class=\"wp-block-image\">\n<figure class=\"aligncenter size-large\"><img decoding=\"async\" width=\"1024\" height=\"576\" src=\"https:\/\/www.correiobraziliense.com.br\/cbradar\/wp-content\/uploads\/2025\/12\/Garcinia-mangostana-_1764586529459-1024x576.jpg\" alt=\"\" class=\"wp-image-148100\" srcset=\"https:\/\/www.correiobraziliense.com.br\/cbradar\/wp-content\/uploads\/2025\/12\/Garcinia-mangostana-_1764586529459-1024x576.jpg 1024w, https:\/\/www.correiobraziliense.com.br\/cbradar\/wp-content\/uploads\/2025\/12\/Garcinia-mangostana-_1764586529459-300x169.jpg 300w, https:\/\/www.correiobraziliense.com.br\/cbradar\/wp-content\/uploads\/2025\/12\/Garcinia-mangostana-_1764586529459-768x432.jpg 768w, https:\/\/www.correiobraziliense.com.br\/cbradar\/wp-content\/uploads\/2025\/12\/Garcinia-mangostana-_1764586529459-750x422.jpg 750w, https:\/\/www.correiobraziliense.com.br\/cbradar\/wp-content\/uploads\/2025\/12\/Garcinia-mangostana-_1764586529459-1140x641.jpg 1140w, https:\/\/www.correiobraziliense.com.br\/cbradar\/wp-content\/uploads\/2025\/12\/Garcinia-mangostana-_1764586529459.jpg 1280w\" sizes=\"(max-width: 1024px) 100vw, 1024px\" \/><figcaption class=\"wp-element-caption\">O principal benef\u00edcio terap\u00eautico do mangost\u00e3o \u00e9 sua intensa propriedade anti-inflamat\u00f3ria &#8211; Cr\u00e9ditos: depositphotos.com \/ Tanagron<\/figcaption><\/figure><\/div>\n\n\n<p>Leia tamb\u00e9m:&nbsp;<a href=\"https:\/\/www.correiobraziliense.com.br\/cbradar\/o-alimento-mais-citado-pelos-profissionais-de-saude-para-baixar-o-colesterol\/\" target=\"_blank\" rel=\"noopener\">O alimento mais citado pelos profissionais de sa\u00fade para baixar o colesterol<\/a><\/p>\n\n\n\n<h2 class=\"wp-block-heading\">Quais componentes do mangost\u00e3o est\u00e3o ligados \u00e0 defesa das c\u00e9lulas<\/h2>\n\n\n\n<p>Quando o assunto \u00e9 <strong>prote\u00e7\u00e3o celular<\/strong>, o mangost\u00e3o se destaca pelo conjunto de compostos que podem atuar em sinergia. Entre os mais estudados est\u00e3o as <strong>xantonas<\/strong>, a <em>vitamina C<\/em>, fibras e minerais, que juntos podem apoiar o equil\u00edbrio oxidativo e o metabolismo geral.<\/p>\n\n\n\n<p>Al\u00e9m disso, alguns estudos exploram pigmentos naturais presentes na casca e pequenas quantidades de outras vitaminas, analisando se contribuem com a estabilidade das membranas celulares. A seguir, uma tabela simples resume alguns componentes frequentemente associados ao <strong>mangost\u00e3o<\/strong> e \u00e0 prote\u00e7\u00e3o das c\u00e9lulas:<\/p>\n\n\n\n<div style=\"font-family: 'Segoe UI', Tahoma, Geneva, Verdana, sans-serif; max-width: 1000px; margin: 20px auto; border: 2px solid #722f37; border-radius: 30px; overflow: hidden; background-color: #ffffff; box-shadow: 0 4px 15px rgba(114, 47, 55, 0.1);\">\n    <table style=\"width: 100%; border-collapse: collapse; text-align: left; font-size: 14px;\">\n        <thead>\n            <tr style=\"background-color: #722f37;\">\n                <th style=\"padding: 15px; color: #ffffff; border-bottom: 2px solid #f9d8e6; width: 25%;\">Componente<\/th>\n                <th style=\"padding: 15px; color: #ffffff; border-bottom: 2px solid #f9d8e6; width: 30%;\">Origem no mangost\u00e3o<\/th>\n                <th style=\"padding: 15px; color: #ffffff; border-bottom: 2px solid #f9d8e6; width: 45%;\">Poss\u00edvel papel na prote\u00e7\u00e3o celular<\/th>\n            <\/tr>\n        <\/thead>\n        <tbody>\n            <tr>\n                <td style=\"padding: 12px 15px; border-bottom: 1px solid #ffe3ee; color: #4a4a4a; font-weight: bold;\">Xantonas<\/td>\n                <td style=\"padding: 12px 15px; border-bottom: 1px solid #ffe3ee; color: #4a4a4a;\">Principalmente na casca<\/td>\n                <td style=\"padding: 12px 15px; border-bottom: 1px solid #ffe3ee; color: #4a4a4a;\">Atua\u00e7\u00e3o antioxidante estudada em pesquisas laboratoriais<\/td>\n            <\/tr>\n            <tr style=\"background-color: #fffafa;\">\n                <td style=\"padding: 12px 15px; border-bottom: 1px solid #ffe3ee; color: #4a4a4a; font-weight: bold;\">Vitamina C<\/td>\n                <td style=\"padding: 12px 15px; border-bottom: 1px solid #ffe3ee; color: #4a4a4a;\">Polpa<\/td>\n                <td style=\"padding: 12px 15px; border-bottom: 1px solid #ffe3ee; color: #4a4a4a;\">Contribui para defesa contra radicais livres e suporte imunol\u00f3gico<\/td>\n            <\/tr>\n            <tr>\n                <td style=\"padding: 12px 15px; border-bottom: 1px solid #ffe3ee; color: #4a4a4a; font-weight: bold;\">Fibras<\/td>\n                <td style=\"padding: 12px 15px; border-bottom: 1px solid #ffe3ee; color: #4a4a4a;\">Polpa e partes fibrosas<\/td>\n                <td style=\"padding: 12px 15px; border-bottom: 1px solid #ffe3ee; color: #4a4a4a;\">Auxiliam o intestino e o equil\u00edbrio metab\u00f3lico geral<\/td>\n            <\/tr>\n            <tr style=\"background-color: #fffafa;\">\n                <td style=\"padding: 12px 15px; color: #4a4a4a; font-weight: bold;\">Pot\u00e1ssio<\/td>\n                <td style=\"padding: 12px 15px; color: #4a4a4a;\">Polpa<\/td>\n                <td style=\"padding: 12px 15px; color: #4a4a4a;\">Ajuda na fun\u00e7\u00e3o celular, especialmente em tecidos musculares<\/td>\n            <\/tr>\n        <\/tbody>\n    <\/table>\n<\/div>\n\n\n\n<p>Esses elementos n\u00e3o atuam de forma isolada, e o efeito de um alimento sobre o organismo depende da combina\u00e7\u00e3o de nutrientes e do padr\u00e3o alimentar como um todo. No caso do mangost\u00e3o, a discuss\u00e3o sobre prote\u00e7\u00e3o das c\u00e9lulas passa por essa vis\u00e3o integrada, em que antioxidantes, vitaminas e minerais colaboram com processos naturais do corpo, em conjunto com um estilo de vida <strong>saud\u00e1vel<\/strong>.<\/p>\n\n\n\n<h2 class=\"wp-block-heading\">Como incluir o mangost\u00e3o na rotina para apoiar a sa\u00fade celular<\/h2>\n\n\n\n<p>Para quem tem interesse em usar o <strong>mangost\u00e3o<\/strong> para prote\u00e7\u00e3o celular, existem diferentes formas de inseri-lo no dia a dia. Nos locais onde a fruta fresca est\u00e1 dispon\u00edvel, ela pode ser consumida ao natural, em sucos ou prepara\u00e7\u00f5es combinadas com outras frutas, sempre dentro de um card\u00e1pio balanceado. Se voc\u00ea gosta de ouvir especialistas, separamos esse v\u00eddeo do canal <a href=\"https:\/\/www.youtube.com\/@Dr.Sa%C3%BAdeOFICIAL-f4g\" target=\"_blank\" rel=\"noreferrer noopener\">Dr. Sa\u00fade OFICIAL<\/a> mostrando os benef\u00edcios do mangost\u00e3o: <\/p>\n\n\n\n<figure class=\"wp-block-embed is-type-video is-provider-youtube wp-block-embed-youtube wp-embed-aspect-16-9 wp-has-aspect-ratio\"><div class=\"wp-block-embed__wrapper\">\n<div class=\"jeg_video_container jeg_video_content\"><iframe loading=\"lazy\" title=\"Os 15 Benef\u00edcios do Mangost\u00e3o Para Sa\u00fade | Dr. Sa\u00fade\" width=\"500\" height=\"281\" src=\"https:\/\/www.youtube.com\/embed\/n5HzEhrk6yk?feature=oembed\" frameborder=\"0\" allow=\"accelerometer; autoplay; clipboard-write; encrypted-media; gyroscope; picture-in-picture; web-share\" referrerpolicy=\"strict-origin-when-cross-origin\" allowfullscreen><\/iframe><\/div>\n<\/div><\/figure>\n\n\n\n<p>Ao pensar em consumo regular, alguns pontos costumam ser considerados e ajudam a orientar escolhas mais conscientes:<\/p>\n\n\n\n<ol class=\"wp-block-list\">\n<li><strong>Priorizar<\/strong> a fruta in natura, quando poss\u00edvel, para aproveitar fibras e \u00e1gua naturalmente presentes.<\/li>\n\n\n\n<li><strong>Observar<\/strong> r\u00f3tulos de sucos e produtos prontos, verificando a presen\u00e7a de a\u00e7\u00facares adicionados e outros ingredientes.<\/li>\n\n\n\n<li><strong>Consultar<\/strong> profissionais de sa\u00fade antes do uso de suplementos, especialmente em casos de uso de medicamentos ou condi\u00e7\u00f5es cl\u00ednicas espec\u00edficas.<\/li>\n\n\n\n<li>Integrar o mangost\u00e3o a uma alimenta\u00e7\u00e3o variada, rica em legumes, verduras, gr\u00e3os integrais e outras frutas antioxidantes.<\/li>\n<\/ol>\n\n\n\n<h2 class=\"wp-block-heading\">O que a ci\u00eancia aponta sobre mangost\u00e3o e prote\u00e7\u00e3o celular<\/h2>\n\n\n\n<p>Pesquisas realizadas at\u00e9 <b>2026 <\/b>avaliam o mangost\u00e3o em diferentes contextos, como ensaios em laborat\u00f3rio, estudos com animais e, em menor n\u00famero, trabalhos com seres humanos. Em geral, os resultados investigam se extratos ricos em xantonas podem ajudar a controlar processos oxidativos e inflamat\u00f3rios, fatores que afetam diretamente a sa\u00fade das c\u00e9lulas.<\/p>\n\n\n\n<p>H\u00e1 tamb\u00e9m an\u00e1lises sobre poss\u00edveis efeitos em par\u00e2metros metab\u00f3licos, como perfil lip\u00eddico e glic\u00eamico, al\u00e9m de estudos sobre seguran\u00e7a de uso em longo prazo. Ainda assim, pesquisadores destacam que o <strong>mangost\u00e3o<\/strong> deve ser visto como parte de um conjunto de estrat\u00e9gias de cuidado, e n\u00e3o como solu\u00e7\u00e3o isolada, refor\u00e7ando a import\u00e2ncia de h\u00e1bitos saud\u00e1veis e acompanhamento profissional.<\/p>\n","protected":false},"excerpt":{"rendered":"<p>O mangost\u00e3o tem ganhado espa\u00e7o nas conversas sobre alimenta\u00e7\u00e3o saud\u00e1vel por ser associado \u00e0 prote\u00e7\u00e3o celular e ao cuidado com o organismo como um todo. Trata-se de uma fruta tropical de casca roxa e polpa branca, encontrada principalmente em pa\u00edses asi\u00e1ticos, mas que j\u00e1 come\u00e7a a aparecer em suplementos e produtos naturais no Brasil, sendo [&hellip;]<\/p>\n","protected":false},"author":9,"featured_media":178137,"comment_status":"open","ping_status":"open","sticky":false,"template":"","format":"standard","meta":{"_yoast_wpseo_focuskw":"benef\u00edcios do mangost\u00e3o","_yoast_wpseo_title":"","_yoast_wpseo_metadesc":"Fruta tropical rica em compostos que podem apoiar a prote\u00e7\u00e3o celular e integrar rotinas de sa\u00fade de forma simples.","jnews-multi-image_gallery":[],"jnews_single_post":{"format":"standard"},"jnews_primary_category":[],"jnews_social_meta":[],"jnews_override_counter":[],"footnotes":""},"categories":[119,4404],"post_tag":[7224,615,14197],"class_list":["post-177941","post","type-post","status-publish","format-standard","has-post-thumbnail","hentry","category-bem-estar","category-saude","tag-antioxidante","tag-fruta","tag-mangostao"],"yoast_head":"<!-- This site is optimized with the Yoast SEO plugin v24.6 - https:\/\/yoast.com\/wordpress\/plugins\/seo\/ -->\n<title>A fruta ex\u00f3tica que vem chamando aten\u00e7\u00e3o por apoiar as defesas naturais do corpo - Correio Braziliense - Radar<\/title>\n<meta name=\"description\" content=\"Fruta tropical rica em compostos que podem apoiar a prote\u00e7\u00e3o celular e integrar rotinas de sa\u00fade de forma simples.\" \/>\n<meta name=\"robots\" content=\"index, follow, max-snippet:-1, max-image-preview:large, max-video-preview:-1\" \/>\n<link rel=\"canonical\" href=\"https:\/\/www.correiobraziliense.com.br\/cbradar\/a-fruta-exotica-que-vem-chamando-atencao-por-apoiar-as-defesas-naturais-do-corpo\/\" \/>\n<meta property=\"og:locale\" content=\"pt_BR\" \/>\n<meta property=\"og:type\" content=\"article\" \/>\n<meta property=\"og:title\" content=\"A fruta ex\u00f3tica que vem chamando aten\u00e7\u00e3o por apoiar as defesas naturais do corpo - Correio Braziliense - Radar\" \/>\n<meta property=\"og:description\" content=\"Fruta tropical rica em compostos que podem apoiar a prote\u00e7\u00e3o celular e integrar rotinas de sa\u00fade de forma simples.\" \/>\n<meta property=\"og:url\" content=\"https:\/\/www.correiobraziliense.com.br\/cbradar\/a-fruta-exotica-que-vem-chamando-atencao-por-apoiar-as-defesas-naturais-do-corpo\/\" \/>\n<meta property=\"og:site_name\" content=\"Correio Braziliense - Radar\" \/>\n<meta property=\"article:published_time\" content=\"2026-01-20T10:05:58+00:00\" \/>\n<meta property=\"og:image\" content=\"https:\/\/www.correiobraziliense.com.br\/cbradar\/wp-content\/uploads\/2026\/01\/freepik__imagem-realista-da-fruta-mangosto__41052.png\" \/>\n\t<meta property=\"og:image:width\" content=\"1280\" \/>\n\t<meta property=\"og:image:height\" content=\"720\" \/>\n\t<meta property=\"og:image:type\" content=\"image\/png\" \/>\n<meta name=\"author\" content=\"Daniely Cardoso\" \/>\n<meta name=\"twitter:card\" content=\"summary_large_image\" \/>\n<meta name=\"twitter:label1\" content=\"Escrito por\" \/>\n\t<meta name=\"twitter:data1\" content=\"Daniely Cardoso\" \/>\n\t<meta name=\"twitter:label2\" content=\"Est. tempo de leitura\" \/>\n\t<meta name=\"twitter:data2\" content=\"5 minutos\" \/>\n<!-- \/ Yoast SEO plugin. -->","yoast_head_json":{"title":"A fruta ex\u00f3tica que vem chamando aten\u00e7\u00e3o por apoiar as defesas naturais do corpo - Correio Braziliense - Radar","description":"Fruta tropical rica em compostos que podem apoiar a prote\u00e7\u00e3o celular e integrar rotinas de sa\u00fade de forma simples.","robots":{"index":"index","follow":"follow","max-snippet":"max-snippet:-1","max-image-preview":"max-image-preview:large","max-video-preview":"max-video-preview:-1"},"canonical":"https:\/\/www.correiobraziliense.com.br\/cbradar\/a-fruta-exotica-que-vem-chamando-atencao-por-apoiar-as-defesas-naturais-do-corpo\/","og_locale":"pt_BR","og_type":"article","og_title":"A fruta ex\u00f3tica que vem chamando aten\u00e7\u00e3o por apoiar as defesas naturais do corpo - Correio Braziliense - Radar","og_description":"Fruta tropical rica em compostos que podem apoiar a prote\u00e7\u00e3o celular e integrar rotinas de sa\u00fade de forma simples.","og_url":"https:\/\/www.correiobraziliense.com.br\/cbradar\/a-fruta-exotica-que-vem-chamando-atencao-por-apoiar-as-defesas-naturais-do-corpo\/","og_site_name":"Correio Braziliense - Radar","article_published_time":"2026-01-20T10:05:58+00:00","og_image":[{"width":1280,"height":720,"url":"https:\/\/www.correiobraziliense.com.br\/cbradar\/wp-content\/uploads\/2026\/01\/freepik__imagem-realista-da-fruta-mangosto__41052.png","type":"image\/png"}],"author":"Daniely Cardoso","twitter_card":"summary_large_image","twitter_misc":{"Escrito por":"Daniely Cardoso","Est. tempo de leitura":"5 minutos"},"schema":{"@context":"https:\/\/schema.org","@graph":[{"@type":"WebPage","@id":"https:\/\/www.correiobraziliense.com.br\/cbradar\/a-fruta-exotica-que-vem-chamando-atencao-por-apoiar-as-defesas-naturais-do-corpo\/","url":"https:\/\/www.correiobraziliense.com.br\/cbradar\/a-fruta-exotica-que-vem-chamando-atencao-por-apoiar-as-defesas-naturais-do-corpo\/","name":"A fruta ex\u00f3tica que vem chamando aten\u00e7\u00e3o por apoiar as defesas naturais do corpo - Correio Braziliense - Radar","isPartOf":{"@id":"https:\/\/www.correiobraziliense.com.br\/cbradar\/#website"},"primaryImageOfPage":{"@id":"https:\/\/www.correiobraziliense.com.br\/cbradar\/a-fruta-exotica-que-vem-chamando-atencao-por-apoiar-as-defesas-naturais-do-corpo\/#primaryimage"},"image":{"@id":"https:\/\/www.correiobraziliense.com.br\/cbradar\/a-fruta-exotica-que-vem-chamando-atencao-por-apoiar-as-defesas-naturais-do-corpo\/#primaryimage"},"thumbnailUrl":"https:\/\/www.correiobraziliense.com.br\/cbradar\/wp-content\/uploads\/2026\/01\/freepik__imagem-realista-da-fruta-mangosto__41052.png","datePublished":"2026-01-20T10:05:58+00:00","author":{"@id":"https:\/\/www.correiobraziliense.com.br\/cbradar\/#\/schema\/person\/7356666e12ec0ee53f348ee5db227032"},"description":"Fruta tropical rica em compostos que podem apoiar a prote\u00e7\u00e3o celular e integrar rotinas de sa\u00fade de forma simples.","breadcrumb":{"@id":"https:\/\/www.correiobraziliense.com.br\/cbradar\/a-fruta-exotica-que-vem-chamando-atencao-por-apoiar-as-defesas-naturais-do-corpo\/#breadcrumb"},"inLanguage":"pt-BR","potentialAction":[{"@type":"ReadAction","target":["https:\/\/www.correiobraziliense.com.br\/cbradar\/a-fruta-exotica-que-vem-chamando-atencao-por-apoiar-as-defesas-naturais-do-corpo\/"]}]},{"@type":"ImageObject","inLanguage":"pt-BR","@id":"https:\/\/www.correiobraziliense.com.br\/cbradar\/a-fruta-exotica-que-vem-chamando-atencao-por-apoiar-as-defesas-naturais-do-corpo\/#primaryimage","url":"https:\/\/www.correiobraziliense.com.br\/cbradar\/wp-content\/uploads\/2026\/01\/freepik__imagem-realista-da-fruta-mangosto__41052.png","contentUrl":"https:\/\/www.correiobraziliense.com.br\/cbradar\/wp-content\/uploads\/2026\/01\/freepik__imagem-realista-da-fruta-mangosto__41052.png","width":1280,"height":720,"caption":"Presen\u00e7a de compostos bioativos associados \u00e0 prote\u00e7\u00e3o celular"},{"@type":"BreadcrumbList","@id":"https:\/\/www.correiobraziliense.com.br\/cbradar\/a-fruta-exotica-que-vem-chamando-atencao-por-apoiar-as-defesas-naturais-do-corpo\/#breadcrumb","itemListElement":[{"@type":"ListItem","position":1,"name":"In\u00edcio","item":"https:\/\/www.correiobraziliense.com.br\/cbradar\/"},{"@type":"ListItem","position":2,"name":"A fruta ex\u00f3tica que vem chamando aten\u00e7\u00e3o por apoiar as defesas naturais do corpo"}]},{"@type":"WebSite","@id":"https:\/\/www.correiobraziliense.com.br\/cbradar\/#website","url":"https:\/\/www.correiobraziliense.com.br\/cbradar\/","name":"Correio Braziliense - Radar","description":"Acompanhe as \u00faltimas not\u00edcias e fique bem informado sobre tudo o que acontece no Brasil e no mundo.","potentialAction":[{"@type":"SearchAction","target":{"@type":"EntryPoint","urlTemplate":"https:\/\/www.correiobraziliense.com.br\/cbradar\/?s={search_term_string}"},"query-input":{"@type":"PropertyValueSpecification","valueRequired":true,"valueName":"search_term_string"}}],"inLanguage":"pt-BR"},{"@type":"Person","@id":"https:\/\/www.correiobraziliense.com.br\/cbradar\/#\/schema\/person\/7356666e12ec0ee53f348ee5db227032","name":"Daniely Cardoso","image":{"@type":"ImageObject","inLanguage":"pt-BR","@id":"https:\/\/www.correiobraziliense.com.br\/cbradar\/#\/schema\/person\/image\/","url":"https:\/\/secure.gravatar.com\/avatar\/4b80ddbd124d1f071b626d52d62e5dff?s=96&d=mm&r=g","contentUrl":"https:\/\/secure.gravatar.com\/avatar\/4b80ddbd124d1f071b626d52d62e5dff?s=96&d=mm&r=g","caption":"Daniely Cardoso"},"description":"Redatora nos portais CB Radar e EM Foco, formada pela Universidade Federal de Goi\u00e1s, em Goi\u00e2nia. Apaixonada por comunica\u00e7\u00e3o, arte, decora\u00e7\u00e3o e tend\u00eancias, atuo na produ\u00e7\u00e3o de conte\u00fados envolventes sobre curiosidades, moda, beleza e paisagismo, sempre com um olhar atento \u00e0s novidades do momento.","sameAs":["https:\/\/www.correiobraziliense.com.br\/cbradar"],"url":"https:\/\/www.correiobraziliense.com.br\/cbradar\/author\/danielymyth\/"}]}},"_links":{"self":[{"href":"https:\/\/www.correiobraziliense.com.br\/cbradar\/wp-json\/wp\/v2\/posts\/177941","targetHints":{"allow":["GET"]}}],"collection":[{"href":"https:\/\/www.correiobraziliense.com.br\/cbradar\/wp-json\/wp\/v2\/posts"}],"about":[{"href":"https:\/\/www.correiobraziliense.com.br\/cbradar\/wp-json\/wp\/v2\/types\/post"}],"author":[{"embeddable":true,"href":"https:\/\/www.correiobraziliense.com.br\/cbradar\/wp-json\/wp\/v2\/users\/9"}],"replies":[{"embeddable":true,"href":"https:\/\/www.correiobraziliense.com.br\/cbradar\/wp-json\/wp\/v2\/comments?post=177941"}],"version-history":[{"count":2,"href":"https:\/\/www.correiobraziliense.com.br\/cbradar\/wp-json\/wp\/v2\/posts\/177941\/revisions"}],"predecessor-version":[{"id":177951,"href":"https:\/\/www.correiobraziliense.com.br\/cbradar\/wp-json\/wp\/v2\/posts\/177941\/revisions\/177951"}],"wp:featuredmedia":[{"embeddable":true,"href":"https:\/\/www.correiobraziliense.com.br\/cbradar\/wp-json\/wp\/v2\/media\/178137"}],"wp:attachment":[{"href":"https:\/\/www.correiobraziliense.com.br\/cbradar\/wp-json\/wp\/v2\/media?parent=177941"}],"wp:term":[{"taxonomy":"category","embeddable":true,"href":"https:\/\/www.correiobraziliense.com.br\/cbradar\/wp-json\/wp\/v2\/categories?post=177941"},{"taxonomy":"post_tag","embeddable":true,"href":"https:\/\/www.correiobraziliense.com.br\/cbradar\/wp-json\/wp\/v2\/post_tag?post=177941"}],"curies":[{"name":"wp","href":"https:\/\/api.w.org\/{rel}","templated":true}]}}