{"id":177942,"date":"2026-01-20T08:55:05","date_gmt":"2026-01-20T11:55:05","guid":{"rendered":"https:\/\/www.correiobraziliense.com.br\/cbradar\/?p=177942"},"modified":"2026-01-19T10:33:07","modified_gmt":"2026-01-19T13:33:07","slug":"a-escolha-discreta-da-cozinha-que-virou-aliada-de-quem-busca-bem-estar-intestinal","status":"publish","type":"post","link":"https:\/\/www.correiobraziliense.com.br\/cbradar\/a-escolha-discreta-da-cozinha-que-virou-aliada-de-quem-busca-bem-estar-intestinal\/","title":{"rendered":"A escolha discreta da cozinha que virou aliada de quem busca bem-estar intestinal"},"content":{"rendered":"\n<p>O <strong>alho-por\u00f3<\/strong> tem ganhado espa\u00e7o na alimenta\u00e7\u00e3o de quem busca maior conforto intestinal e uma rotina digestiva mais equilibrada. Esse vegetal da mesma fam\u00edlia da <strong>cebola<\/strong> e do alho \u00e9 utilizado tanto em prepara\u00e7\u00f5es simples do dia a dia quanto em receitas mais elaboradas, e se destaca pelo teor de fibras, \u00e1gua e compostos prebi\u00f3ticos, que podem auxiliar o funcionamento do intestino e apoiar uma microbiota mais saud\u00e1vel.<\/p>\n\n\n\n<h2 class=\"wp-block-heading\">Por que o alho-por\u00f3 pode ajudar no conforto intestinal<\/h2>\n\n\n\n<p>O principal motivo para o alho-por\u00f3 ser associado ao conforto intestinal \u00e9 o conte\u00fado de <strong>fibras<\/strong>, em especial as fibras sol\u00faveis. Essas subst\u00e2ncias ajudam a formar um gel no trato digestivo, o que facilita a passagem do bolo fecal e favorece a sensa\u00e7\u00e3o de regularidade, principalmente quando h\u00e1 boa ingest\u00e3o de \u00e1gua.<\/p>\n\n\n\n<p>Entre essas fibras, destaca-se a <strong>inulina<\/strong>, um tipo de carboidrato n\u00e3o digerido pelo organismo humano, mas fermentado pela microbiota intestinal. Esse processo tende a estimular o crescimento de bact\u00e9rias consideradas favor\u00e1veis, como algumas esp\u00e9cies de <strong><em>Lactobacillus<\/em><\/strong> e <em>Bifidobacterium<\/em>, o que costuma se associar a menor desconforto, menos epis\u00f3dios de constipa\u00e7\u00e3o e melhor aproveitamento de nutrientes.<\/p>\n\n\n<div class=\"wp-block-image\">\n<figure class=\"aligncenter size-large\"><img decoding=\"async\" width=\"1024\" height=\"576\" src=\"https:\/\/www.correiobraziliense.com.br\/cbradar\/wp-content\/uploads\/2025\/12\/Allium-ampeloprasum-_1764637468948-1024x576.jpg\" alt=\"\" class=\"wp-image-148442\" srcset=\"https:\/\/www.correiobraziliense.com.br\/cbradar\/wp-content\/uploads\/2025\/12\/Allium-ampeloprasum-_1764637468948-1024x576.jpg 1024w, https:\/\/www.correiobraziliense.com.br\/cbradar\/wp-content\/uploads\/2025\/12\/Allium-ampeloprasum-_1764637468948-300x169.jpg 300w, https:\/\/www.correiobraziliense.com.br\/cbradar\/wp-content\/uploads\/2025\/12\/Allium-ampeloprasum-_1764637468948-768x432.jpg 768w, https:\/\/www.correiobraziliense.com.br\/cbradar\/wp-content\/uploads\/2025\/12\/Allium-ampeloprasum-_1764637468948-750x422.jpg 750w, https:\/\/www.correiobraziliense.com.br\/cbradar\/wp-content\/uploads\/2025\/12\/Allium-ampeloprasum-_1764637468948-1140x641.jpg 1140w, https:\/\/www.correiobraziliense.com.br\/cbradar\/wp-content\/uploads\/2025\/12\/Allium-ampeloprasum-_1764637468948.jpg 1280w\" sizes=\"(max-width: 1024px) 100vw, 1024px\" \/><figcaption class=\"wp-element-caption\">Cultivar alho-por\u00f3 em pequenos canteiros ou vasos \u00e9 uma alternativa excelente &#8211; Cr\u00e9ditos: depositphotos.com \/ stefans42@yahoo.co.uk<\/figcaption><\/figure><\/div>\n\n\n<p>Leia tamb\u00e9m:&nbsp;<a href=\"https:\/\/www.correiobraziliense.com.br\/cbradar\/o-alimento-mais-citado-pelos-profissionais-de-saude-para-baixar-o-colesterol\/\" target=\"_blank\" rel=\"noopener\">O alimento mais citado pelos profissionais de sa\u00fade para baixar o colesterol<\/a><\/p>\n\n\n\n<h2 class=\"wp-block-heading\">Como o alho-por\u00f3 atua na sa\u00fade digestiva e na microbiota<\/h2>\n\n\n\n<p>Outro ponto relevante \u00e9 o teor de \u00e1gua do alho-por\u00f3, que contribui para o volume e a textura das fezes quando associado a uma hidrata\u00e7\u00e3o adequada ao longo do dia. Em dietas pobres em fibras, a inclus\u00e3o gradativa de alimentos como o <strong>alho-por\u00f3<\/strong> pode auxiliar quem apresenta ritmo intestinal mais lento, ajudando na forma\u00e7\u00e3o de fezes mais macias.<\/p>\n\n\n\n<p>Esse vegetal tamb\u00e9m participa do equil\u00edbrio da <strong>microbiota<\/strong> por fornecer prebi\u00f3ticos que s\u00e3o fermentados no intestino grosso. Com preparo adequado e consumo frequente, pode contribuir para uma rotina intestinal mais confort\u00e1vel, sobretudo dentro de um padr\u00e3o alimentar variado e rico em vegetais, gr\u00e3os integrais e leguminosas.<\/p>\n\n\n\n<h2 class=\"wp-block-heading\">Como incluir alho-por\u00f3 na dieta di\u00e1ria sem sobrecarregar o intestino<\/h2>\n\n\n\n<p>A introdu\u00e7\u00e3o do alho-por\u00f3 na alimenta\u00e7\u00e3o pode ser feita de maneira simples, sem mudan\u00e7as bruscas na rotina. Em geral, recomenda-se come\u00e7ar com pequenas por\u00e7\u00f5es, observando a resposta do organismo, j\u00e1 que pessoas pouco habituadas a vegetais ricos em <strong>fibras<\/strong> podem sentir aumento de gases no in\u00edcio.<\/p>\n\n\n\n<p>Algumas formas pr\u00e1ticas de usar o alho-por\u00f3 no dia a dia incluem prepara\u00e7\u00f5es r\u00e1pidas e vers\u00e1teis, que podem ser ajustadas ao paladar e \u00e0 toler\u00e2ncia individual, sempre acompanhadas de boa mastiga\u00e7\u00e3o e hidrata\u00e7\u00e3o:<\/p>\n\n\n\n<ul class=\"wp-block-list\">\n<li>Refogado leve para acompanhar <strong>arroz<\/strong>, feij\u00e3o ou outros gr\u00e3os;<\/li>\n\n\n\n<li>Fatias finas em omeletes, tortas salgadas e <strong>quiches<\/strong>;<\/li>\n\n\n\n<li>Base arom\u00e1tica de sopas e caldos, substituindo ou complementando a <strong>cebola<\/strong>;<\/li>\n\n\n\n<li>Adi\u00e7\u00e3o em saladas, levemente salteado ou rapidamente grelhado;<\/li>\n\n\n\n<li>Combina\u00e7\u00e3o com legumes cozidos, como cenoura, abobrinha e batata.<\/li>\n<\/ul>\n\n\n\n<p>Se voc\u00ea gosta de ouvir opini\u00e3o de profissionais, separamos esse v\u00eddeo da <a href=\"https:\/\/www.youtube.com\/@NutricionistaPatriciaLeite\" target=\"_blank\" rel=\"noreferrer noopener\">Nutricionista Patricia Leite<\/a> mostrando os benef\u00edcios do alho-por\u00f3: <\/p>\n\n\n\n<figure class=\"wp-block-embed is-type-video is-provider-youtube wp-block-embed-youtube wp-embed-aspect-16-9 wp-has-aspect-ratio\"><div class=\"wp-block-embed__wrapper\">\n<div class=\"jeg_video_container jeg_video_content\"><iframe loading=\"lazy\" title=\"O INCR\u00cdVEL ALHO POR\u00d3 - Benef\u00edcios para Sa\u00fade que Voc\u00ea PRECISA CONHECER!\" width=\"500\" height=\"281\" src=\"https:\/\/www.youtube.com\/embed\/6TH7ABrqxUY?start=1&#038;feature=oembed\" frameborder=\"0\" allow=\"accelerometer; autoplay; clipboard-write; encrypted-media; gyroscope; picture-in-picture; web-share\" referrerpolicy=\"strict-origin-when-cross-origin\" allowfullscreen><\/iframe><\/div>\n<\/div><\/figure>\n\n\n\n<h2 class=\"wp-block-heading\">Como associar o alho-por\u00f3 a outros alimentos e modos de preparo<\/h2>\n\n\n\n<p>Para quem busca especialmente o <strong>conforto intestinal<\/strong>, o alho-por\u00f3 pode ser associado a outras fontes de fibras, como aveia, frutas com casca comest\u00edvel e leguminosas. Em conjunto, esses alimentos ajudam a aumentar o volume fecal, modulam a microbiota e favorecem maior sensa\u00e7\u00e3o de saciedade ao longo do dia.<\/p>\n\n\n\n<p>Um ponto importante \u00e9 manter boa <strong>mastiga\u00e7\u00e3o<\/strong>, j\u00e1 que peda\u00e7os muito grandes podem dificultar a digest\u00e3o e favorecer gases. Em pessoas com sensibilidade gastrointestinal, cozinhar o alho-por\u00f3 at\u00e9 ficar macio tende a ser melhor tolerado do que consumi-lo cru, e o uso em sopas, pur\u00eas e refogados suaves costuma ser mais confort\u00e1vel.<\/p>\n\n\n\n<h2 class=\"wp-block-heading\">Quais cuidados s\u00e3o necess\u00e1rios ao usar alho-por\u00f3 para conforto intestinal<\/h2>\n\n\n\n<p>Apesar dos benef\u00edcios, o alho-por\u00f3 n\u00e3o \u00e9 indicado como solu\u00e7\u00e3o isolada para problemas intestinais. Ele atua como parte de um conjunto de medidas que envolvem alimenta\u00e7\u00e3o equilibrada, ingest\u00e3o adequada de \u00e1gua, rotina de atividade f\u00edsica e, quando necess\u00e1rio, acompanhamento profissional para investigar causas de desconfortos persistentes, como orientam diretrizes de sociedades de <strong>gastroenterologia<\/strong>.<\/p>\n\n\n\n<p>Algumas pessoas com <strong>s\u00edndrome do intestino irrit\u00e1vel<\/strong> ou sensibilidade a carboidratos ferment\u00e1veis (FODMAPs) podem apresentar aumento de gases, estufamento e c\u00f3licas com o consumo de alho-por\u00f3. Nesses casos, costumam ser necess\u00e1rios ajustes de quantidade, frequ\u00eancia e forma de preparo, ou at\u00e9 evitar o alimento em fases espec\u00edficas da dieta, sempre com orienta\u00e7\u00e3o individualizada.<\/p>\n\n\n\n<h2 class=\"wp-block-heading\">Quais s\u00e3o os principais nutrientes do alho-por\u00f3 cru<\/h2>\n\n\n\n<p>A tabela a seguir apresenta valores aproximados de composi\u00e7\u00e3o do alho-por\u00f3 cru, \u00fateis para entender como esse vegetal pode contribuir para o conforto intestinal dentro de uma alimenta\u00e7\u00e3o variada. Esses n\u00fameros podem variar conforme o tamanho, a parte utilizada e as condi\u00e7\u00f5es de cultivo.<\/p>\n\n\n\n<div style=\"font-family: 'Segoe UI', Tahoma, Geneva, Verdana, sans-serif; max-width: 1000px; margin: 20px auto; border: 2px solid #722f37; border-radius: 30px; overflow: hidden; background-color: #ffffff; box-shadow: 0 4px 15px rgba(114, 47, 55, 0.1);\">\n    <table style=\"width: 100%; border-collapse: collapse; text-align: left; font-size: 14px;\">\n        <thead>\n            <tr style=\"background-color: #722f37;\">\n                <th style=\"padding: 15px; color: #ffffff; border-bottom: 2px solid #f9d8e6; width: 50%;\">Nutriente<\/th>\n                <th style=\"padding: 15px; color: #ffffff; border-bottom: 2px solid #f9d8e6; width: 50%;\">Quantidade aproximada por 100 g<\/th>\n            <\/tr>\n        <\/thead>\n        <tbody>\n            <tr>\n                <td style=\"padding: 12px 15px; border-bottom: 1px solid #ffe3ee; color: #4a4a4a; font-weight: bold;\">Energia<\/td>\n                <td style=\"padding: 12px 15px; border-bottom: 1px solid #ffe3ee; color: #4a4a4a;\">\u2248 60 kcal<\/td>\n            <\/tr>\n            <tr style=\"background-color: #fffafa;\">\n                <td style=\"padding: 12px 15px; border-bottom: 1px solid #ffe3ee; color: #4a4a4a; font-weight: bold;\">Carboidratos totais<\/td>\n                <td style=\"padding: 12px 15px; border-bottom: 1px solid #ffe3ee; color: #4a4a4a;\">\u2248 14 g<\/td>\n            <\/tr>\n            <tr>\n                <td style=\"padding: 12px 15px; border-bottom: 1px solid #ffe3ee; color: #4a4a4a; font-weight: bold;\">Fibras alimentares<\/td>\n                <td style=\"padding: 12px 15px; border-bottom: 1px solid #ffe3ee; color: #4a4a4a;\">\u2248 1,5 a 2 g<\/td>\n            <\/tr>\n            <tr style=\"background-color: #fffafa;\">\n                <td style=\"padding: 12px 15px; border-bottom: 1px solid #ffe3ee; color: #4a4a4a; font-weight: bold;\">Prote\u00ednas<\/td>\n                <td style=\"padding: 12px 15px; border-bottom: 1px solid #ffe3ee; color: #4a4a4a;\">\u2248 1,5 g<\/td>\n            <\/tr>\n            <tr>\n                <td style=\"padding: 12px 15px; border-bottom: 1px solid #ffe3ee; color: #4a4a4a; font-weight: bold;\">Gorduras totais<\/td>\n                <td style=\"padding: 12px 15px; border-bottom: 1px solid #ffe3ee; color: #4a4a4a;\">&lt; 0,5 g<\/td>\n            <\/tr>\n            <tr style=\"background-color: #fffafa;\">\n                <td style=\"padding: 12px 15px; border-bottom: 1px solid #ffe3ee; color: #4a4a4a; font-weight: bold;\">\u00c1gua<\/td>\n                <td style=\"padding: 12px 15px; border-bottom: 1px solid #ffe3ee; color: #4a4a4a;\">\u2248 80 a 83 g<\/td>\n            <\/tr>\n            <tr>\n                <td style=\"padding: 12px 15px; border-bottom: 1px solid #ffe3ee; color: #4a4a4a; font-weight: bold;\">Vitamina C<\/td>\n                <td style=\"padding: 12px 15px; border-bottom: 1px solid #ffe3ee; color: #4a4a4a;\">\u2248 10 mg<\/td>\n            <\/tr>\n            <tr style=\"background-color: #fffafa;\">\n                <td style=\"padding: 12px 15px; border-bottom: 1px solid #ffe3ee; color: #4a4a4a; font-weight: bold;\">Vitamina K<\/td>\n                <td style=\"padding: 12px 15px; border-bottom: 1px solid #ffe3ee; color: #4a4a4a;\">\u2248 40 a 50 \u00b5g<\/td>\n            <\/tr>\n            <tr>\n                <td style=\"padding: 12px 15px; border-bottom: 1px solid #ffe3ee; color: #4a4a4a; font-weight: bold;\">Folato (vitamina B9)<\/td>\n                <td style=\"padding: 12px 15px; border-bottom: 1px solid #ffe3ee; color: #4a4a4a;\">\u2248 60 a 70 \u00b5g<\/td>\n            <\/tr>\n            <tr style=\"background-color: #fffafa;\">\n                <td style=\"padding: 12px 15px; border-bottom: 1px solid #ffe3ee; color: #4a4a4a; font-weight: bold;\">Pot\u00e1ssio<\/td>\n                <td style=\"padding: 12px 15px; border-bottom: 1px solid #ffe3ee; color: #4a4a4a;\">\u2248 180 a 200 mg<\/td>\n            <\/tr>\n            <tr>\n                <td style=\"padding: 12px 15px; color: #4a4a4a; font-weight: bold;\">Prebi\u00f3ticos (como inulina)<\/td>\n                <td style=\"padding: 12px 15px; color: #4a4a4a;\">Presente em quantidades moderadas<\/td>\n            <\/tr>\n        <\/tbody>\n    <\/table>\n<\/div>\n\n\n\n<p>Esses dados mostram que o alho-por\u00f3 \u00e9 um alimento de baixa densidade cal\u00f3rica, com teor relevante de fibras e \u00e1gua, al\u00e9m de vitaminas e minerais que participam do funcionamento adequado do organismo. Dentro de um padr\u00e3o alimentar balanceado, sua presen\u00e7a frequente pode colaborar para um tr\u00e2nsito intestinal mais confort\u00e1vel e uma rotina digestiva mais est\u00e1vel ao longo do tempo, especialmente quando associado a outras fontes de <strong>prebi\u00f3ticos<\/strong> e probi\u00f3ticos.<\/p>\n","protected":false},"excerpt":{"rendered":"<p>O alho-por\u00f3 tem ganhado espa\u00e7o na alimenta\u00e7\u00e3o de quem busca maior conforto intestinal e uma rotina digestiva mais equilibrada. Esse vegetal da mesma fam\u00edlia da cebola e do alho \u00e9 utilizado tanto em prepara\u00e7\u00f5es simples do dia a dia quanto em receitas mais elaboradas, e se destaca pelo teor de fibras, \u00e1gua e compostos prebi\u00f3ticos, [&hellip;]<\/p>\n","protected":false},"author":9,"featured_media":178131,"comment_status":"open","ping_status":"open","sticky":false,"template":"","format":"standard","meta":{"_yoast_wpseo_focuskw":"benef\u00edcios do alho-por\u00f3","_yoast_wpseo_title":"","_yoast_wpseo_metadesc":"Vegetal rico em fibras e prebi\u00f3ticos que pode apoiar uma rotina digestiva mais leve dentro de uma alimenta\u00e7\u00e3o equilibrada.","jnews-multi-image_gallery":[],"jnews_single_post":{"format":"standard"},"jnews_primary_category":[],"jnews_social_meta":[],"jnews_override_counter":[],"footnotes":""},"categories":[119,4404],"tags":[13164,14198,3051],"class_list":["post-177942","post","type-post","status-publish","format-standard","has-post-thumbnail","hentry","category-bem-estar","category-saude","tag-alhoporo","tag-conforto-intestinal","tag-digestao"],"yoast_head":"<!-- This site is optimized with the Yoast SEO plugin v24.6 - https:\/\/yoast.com\/wordpress\/plugins\/seo\/ -->\n<title>A escolha discreta da cozinha que virou aliada de quem busca bem-estar intestinal - Correio Braziliense - Radar<\/title>\n<meta name=\"description\" content=\"Vegetal rico em fibras e prebi\u00f3ticos que pode apoiar uma rotina digestiva mais leve dentro de uma alimenta\u00e7\u00e3o equilibrada.\" \/>\n<meta name=\"robots\" content=\"index, follow, max-snippet:-1, max-image-preview:large, max-video-preview:-1\" \/>\n<link rel=\"canonical\" href=\"https:\/\/www.correiobraziliense.com.br\/cbradar\/a-escolha-discreta-da-cozinha-que-virou-aliada-de-quem-busca-bem-estar-intestinal\/\" \/>\n<meta property=\"og:locale\" content=\"pt_BR\" \/>\n<meta property=\"og:type\" content=\"article\" \/>\n<meta property=\"og:title\" content=\"A escolha discreta da cozinha que virou aliada de quem busca bem-estar intestinal - Correio Braziliense - Radar\" \/>\n<meta property=\"og:description\" content=\"Vegetal rico em fibras e prebi\u00f3ticos que pode apoiar uma rotina digestiva mais leve dentro de uma alimenta\u00e7\u00e3o equilibrada.\" \/>\n<meta property=\"og:url\" content=\"https:\/\/www.correiobraziliense.com.br\/cbradar\/a-escolha-discreta-da-cozinha-que-virou-aliada-de-quem-busca-bem-estar-intestinal\/\" \/>\n<meta property=\"og:site_name\" content=\"Correio Braziliense - Radar\" \/>\n<meta property=\"article:published_time\" content=\"2026-01-20T11:55:05+00:00\" \/>\n<meta property=\"og:image\" content=\"https:\/\/www.correiobraziliense.com.br\/cbradar\/wp-content\/uploads\/2026\/01\/freepik__imagem-realista-do-alhopor__41049.png\" \/>\n\t<meta property=\"og:image:width\" content=\"1280\" \/>\n\t<meta property=\"og:image:height\" content=\"720\" \/>\n\t<meta property=\"og:image:type\" content=\"image\/png\" \/>\n<meta name=\"author\" content=\"Daniely Cardoso\" \/>\n<meta name=\"twitter:card\" content=\"summary_large_image\" \/>\n<meta name=\"twitter:label1\" content=\"Escrito por\" \/>\n\t<meta name=\"twitter:data1\" content=\"Daniely Cardoso\" \/>\n\t<meta name=\"twitter:label2\" content=\"Est. tempo de leitura\" \/>\n\t<meta name=\"twitter:data2\" content=\"6 minutos\" \/>\n<!-- \/ Yoast SEO plugin. -->","yoast_head_json":{"title":"A escolha discreta da cozinha que virou aliada de quem busca bem-estar intestinal - Correio Braziliense - Radar","description":"Vegetal rico em fibras e prebi\u00f3ticos que pode apoiar uma rotina digestiva mais leve dentro de uma alimenta\u00e7\u00e3o equilibrada.","robots":{"index":"index","follow":"follow","max-snippet":"max-snippet:-1","max-image-preview":"max-image-preview:large","max-video-preview":"max-video-preview:-1"},"canonical":"https:\/\/www.correiobraziliense.com.br\/cbradar\/a-escolha-discreta-da-cozinha-que-virou-aliada-de-quem-busca-bem-estar-intestinal\/","og_locale":"pt_BR","og_type":"article","og_title":"A escolha discreta da cozinha que virou aliada de quem busca bem-estar intestinal - Correio Braziliense - Radar","og_description":"Vegetal rico em fibras e prebi\u00f3ticos que pode apoiar uma rotina digestiva mais leve dentro de uma alimenta\u00e7\u00e3o equilibrada.","og_url":"https:\/\/www.correiobraziliense.com.br\/cbradar\/a-escolha-discreta-da-cozinha-que-virou-aliada-de-quem-busca-bem-estar-intestinal\/","og_site_name":"Correio Braziliense - Radar","article_published_time":"2026-01-20T11:55:05+00:00","og_image":[{"width":1280,"height":720,"url":"https:\/\/www.correiobraziliense.com.br\/cbradar\/wp-content\/uploads\/2026\/01\/freepik__imagem-realista-do-alhopor__41049.png","type":"image\/png"}],"author":"Daniely Cardoso","twitter_card":"summary_large_image","twitter_misc":{"Escrito por":"Daniely Cardoso","Est. tempo de leitura":"6 minutos"},"schema":{"@context":"https:\/\/schema.org","@graph":[{"@type":"WebPage","@id":"https:\/\/www.correiobraziliense.com.br\/cbradar\/a-escolha-discreta-da-cozinha-que-virou-aliada-de-quem-busca-bem-estar-intestinal\/","url":"https:\/\/www.correiobraziliense.com.br\/cbradar\/a-escolha-discreta-da-cozinha-que-virou-aliada-de-quem-busca-bem-estar-intestinal\/","name":"A escolha discreta da cozinha que virou aliada de quem busca bem-estar intestinal - Correio Braziliense - Radar","isPartOf":{"@id":"https:\/\/www.correiobraziliense.com.br\/cbradar\/#website"},"primaryImageOfPage":{"@id":"https:\/\/www.correiobraziliense.com.br\/cbradar\/a-escolha-discreta-da-cozinha-que-virou-aliada-de-quem-busca-bem-estar-intestinal\/#primaryimage"},"image":{"@id":"https:\/\/www.correiobraziliense.com.br\/cbradar\/a-escolha-discreta-da-cozinha-que-virou-aliada-de-quem-busca-bem-estar-intestinal\/#primaryimage"},"thumbnailUrl":"https:\/\/www.correiobraziliense.com.br\/cbradar\/wp-content\/uploads\/2026\/01\/freepik__imagem-realista-do-alhopor__41049.png","datePublished":"2026-01-20T11:55:05+00:00","author":{"@id":"https:\/\/www.correiobraziliense.com.br\/cbradar\/#\/schema\/person\/7356666e12ec0ee53f348ee5db227032"},"description":"Vegetal rico em fibras e prebi\u00f3ticos que pode apoiar uma rotina digestiva mais leve dentro de uma alimenta\u00e7\u00e3o equilibrada.","breadcrumb":{"@id":"https:\/\/www.correiobraziliense.com.br\/cbradar\/a-escolha-discreta-da-cozinha-que-virou-aliada-de-quem-busca-bem-estar-intestinal\/#breadcrumb"},"inLanguage":"pt-BR","potentialAction":[{"@type":"ReadAction","target":["https:\/\/www.correiobraziliense.com.br\/cbradar\/a-escolha-discreta-da-cozinha-que-virou-aliada-de-quem-busca-bem-estar-intestinal\/"]}]},{"@type":"ImageObject","inLanguage":"pt-BR","@id":"https:\/\/www.correiobraziliense.com.br\/cbradar\/a-escolha-discreta-da-cozinha-que-virou-aliada-de-quem-busca-bem-estar-intestinal\/#primaryimage","url":"https:\/\/www.correiobraziliense.com.br\/cbradar\/wp-content\/uploads\/2026\/01\/freepik__imagem-realista-do-alhopor__41049.png","contentUrl":"https:\/\/www.correiobraziliense.com.br\/cbradar\/wp-content\/uploads\/2026\/01\/freepik__imagem-realista-do-alhopor__41049.png","width":1280,"height":720,"caption":"Possui compostos prebi\u00f3ticos que contribuem para o equil\u00edbrio da microbiota"},{"@type":"BreadcrumbList","@id":"https:\/\/www.correiobraziliense.com.br\/cbradar\/a-escolha-discreta-da-cozinha-que-virou-aliada-de-quem-busca-bem-estar-intestinal\/#breadcrumb","itemListElement":[{"@type":"ListItem","position":1,"name":"In\u00edcio","item":"https:\/\/www.correiobraziliense.com.br\/cbradar\/"},{"@type":"ListItem","position":2,"name":"A escolha discreta da cozinha que virou aliada de quem busca bem-estar intestinal"}]},{"@type":"WebSite","@id":"https:\/\/www.correiobraziliense.com.br\/cbradar\/#website","url":"https:\/\/www.correiobraziliense.com.br\/cbradar\/","name":"Correio Braziliense - Radar","description":"Acompanhe as \u00faltimas not\u00edcias e fique bem informado sobre tudo o que acontece no Brasil e no mundo.","potentialAction":[{"@type":"SearchAction","target":{"@type":"EntryPoint","urlTemplate":"https:\/\/www.correiobraziliense.com.br\/cbradar\/?s={search_term_string}"},"query-input":{"@type":"PropertyValueSpecification","valueRequired":true,"valueName":"search_term_string"}}],"inLanguage":"pt-BR"},{"@type":"Person","@id":"https:\/\/www.correiobraziliense.com.br\/cbradar\/#\/schema\/person\/7356666e12ec0ee53f348ee5db227032","name":"Daniely Cardoso","image":{"@type":"ImageObject","inLanguage":"pt-BR","@id":"https:\/\/www.correiobraziliense.com.br\/cbradar\/#\/schema\/person\/image\/","url":"https:\/\/secure.gravatar.com\/avatar\/4b80ddbd124d1f071b626d52d62e5dff?s=96&d=mm&r=g","contentUrl":"https:\/\/secure.gravatar.com\/avatar\/4b80ddbd124d1f071b626d52d62e5dff?s=96&d=mm&r=g","caption":"Daniely Cardoso"},"description":"Redatora nos portais CB Radar e EM Foco, formada pela Universidade Federal de Goi\u00e1s, em Goi\u00e2nia. Apaixonada por comunica\u00e7\u00e3o, arte, decora\u00e7\u00e3o e tend\u00eancias, atuo na produ\u00e7\u00e3o de conte\u00fados envolventes sobre curiosidades, moda, beleza e paisagismo, sempre com um olhar atento \u00e0s novidades do momento.","sameAs":["https:\/\/www.correiobraziliense.com.br\/cbradar"],"url":"https:\/\/www.correiobraziliense.com.br\/cbradar\/author\/danielymyth\/"}]}},"_links":{"self":[{"href":"https:\/\/www.correiobraziliense.com.br\/cbradar\/wp-json\/wp\/v2\/posts\/177942","targetHints":{"allow":["GET"]}}],"collection":[{"href":"https:\/\/www.correiobraziliense.com.br\/cbradar\/wp-json\/wp\/v2\/posts"}],"about":[{"href":"https:\/\/www.correiobraziliense.com.br\/cbradar\/wp-json\/wp\/v2\/types\/post"}],"author":[{"embeddable":true,"href":"https:\/\/www.correiobraziliense.com.br\/cbradar\/wp-json\/wp\/v2\/users\/9"}],"replies":[{"embeddable":true,"href":"https:\/\/www.correiobraziliense.com.br\/cbradar\/wp-json\/wp\/v2\/comments?post=177942"}],"version-history":[{"count":2,"href":"https:\/\/www.correiobraziliense.com.br\/cbradar\/wp-json\/wp\/v2\/posts\/177942\/revisions"}],"predecessor-version":[{"id":177952,"href":"https:\/\/www.correiobraziliense.com.br\/cbradar\/wp-json\/wp\/v2\/posts\/177942\/revisions\/177952"}],"wp:featuredmedia":[{"embeddable":true,"href":"https:\/\/www.correiobraziliense.com.br\/cbradar\/wp-json\/wp\/v2\/media\/178131"}],"wp:attachment":[{"href":"https:\/\/www.correiobraziliense.com.br\/cbradar\/wp-json\/wp\/v2\/media?parent=177942"}],"wp:term":[{"taxonomy":"category","embeddable":true,"href":"https:\/\/www.correiobraziliense.com.br\/cbradar\/wp-json\/wp\/v2\/categories?post=177942"},{"taxonomy":"post_tag","embeddable":true,"href":"https:\/\/www.correiobraziliense.com.br\/cbradar\/wp-json\/wp\/v2\/tags?post=177942"}],"curies":[{"name":"wp","href":"https:\/\/api.w.org\/{rel}","templated":true}]}}