{"id":177947,"date":"2026-01-20T11:55:31","date_gmt":"2026-01-20T14:55:31","guid":{"rendered":"https:\/\/www.correiobraziliense.com.br\/cbradar\/?p=177947"},"modified":"2026-01-19T10:34:27","modified_gmt":"2026-01-19T13:34:27","slug":"a-fruta-acessivel-que-faz-diferenca-na-rotina-de-quem-busca-bem-estar","status":"publish","type":"post","link":"https:\/\/www.correiobraziliense.com.br\/cbradar\/a-fruta-acessivel-que-faz-diferenca-na-rotina-de-quem-busca-bem-estar\/","title":{"rendered":"A fruta acess\u00edvel que faz diferen\u00e7a na rotina de quem busca bem-estar"},"content":{"rendered":"\n<p>A ma\u00e7\u00e3 est\u00e1 presente na rotina de muitas fam\u00edlias e, al\u00e9m de pr\u00e1tica, oferece diferentes vantagens para a sa\u00fade. Entre os principais pontos de interesse est\u00e3o seus <strong>benef\u00edcios digestivos<\/strong> e a forte <strong>a\u00e7\u00e3o antioxidante<\/strong>, assuntos que se tornaram foco de estudos nos \u00faltimos anos. Por ser uma fruta acess\u00edvel, ela costuma ser um dos primeiros exemplos quando se fala em alimenta\u00e7\u00e3o equilibrada e preven\u00e7\u00e3o de doen\u00e7as cr\u00f4nicas.<\/p>\n\n\n\n<h2 class=\"wp-block-heading\">Ma\u00e7\u00e3 traz benef\u00edcios digestivos e antioxidantes para o dia a dia<\/h2>\n\n\n\n<p>Resume bem o papel dessa fruta na dieta di\u00e1ria. Rica em fibras, compostos fen\u00f3licos e vitaminas, a ma\u00e7\u00e3 contribui para o funcionamento do intestino, para a prote\u00e7\u00e3o das c\u00e9lulas e para o controle de alguns marcadores metab\u00f3licos.<\/p>\n\n\n\n<p>Esses efeitos, quando associados a outros h\u00e1bitos saud\u00e1veis, podem auxiliar em estrat\u00e9gias de cuidado de longo prazo com o organismo. Em conjunto com variedade de frutas, verduras e boa hidrata\u00e7\u00e3o, a ma\u00e7\u00e3 atua como um componente simples, por\u00e9m constante, de um padr\u00e3o alimentar protetor.<\/p>\n\n\n<div class=\"wp-block-image\">\n<figure class=\"aligncenter size-large\"><img decoding=\"async\" width=\"1024\" height=\"576\" src=\"https:\/\/www.correiobraziliense.com.br\/cbradar\/wp-content\/uploads\/2026\/01\/apple_1768770322270-1024x576.jpg\" alt=\"\" class=\"wp-image-177955\" srcset=\"https:\/\/www.correiobraziliense.com.br\/cbradar\/wp-content\/uploads\/2026\/01\/apple_1768770322270-1024x576.jpg 1024w, https:\/\/www.correiobraziliense.com.br\/cbradar\/wp-content\/uploads\/2026\/01\/apple_1768770322270-300x169.jpg 300w, https:\/\/www.correiobraziliense.com.br\/cbradar\/wp-content\/uploads\/2026\/01\/apple_1768770322270-768x432.jpg 768w, https:\/\/www.correiobraziliense.com.br\/cbradar\/wp-content\/uploads\/2026\/01\/apple_1768770322270-750x422.jpg 750w, https:\/\/www.correiobraziliense.com.br\/cbradar\/wp-content\/uploads\/2026\/01\/apple_1768770322270-1140x641.jpg 1140w, https:\/\/www.correiobraziliense.com.br\/cbradar\/wp-content\/uploads\/2026\/01\/apple_1768770322270.jpg 1280w\" sizes=\"(max-width: 1024px) 100vw, 1024px\" \/><figcaption class=\"wp-element-caption\"> Rica em fibras, compostos fen\u00f3licos e vitaminas, a ma\u00e7\u00e3 contribui para o funcionamento do intestino &#8211; Cr\u00e9ditos: depositphotos.com \/ simply<\/figcaption><\/figure><\/div>\n\n\n<p>Leia tamb\u00e9m:&nbsp;<a href=\"https:\/\/www.correiobraziliense.com.br\/cbradar\/o-alimento-mais-citado-pelos-profissionais-de-saude-para-baixar-o-colesterol\/\" target=\"_blank\" rel=\"noopener\">O alimento mais citado pelos profissionais de sa\u00fade para baixar o colesterol<\/a><\/p>\n\n\n\n<h2 class=\"wp-block-heading\">Como a ma\u00e7\u00e3 atua na digest\u00e3o e na prote\u00e7\u00e3o antioxidante<\/h2>\n\n\n\n<p>Quando se fala em <strong>digest\u00e3o<\/strong>, a ma\u00e7\u00e3 se destaca principalmente por causa da <strong>fibra sol\u00favel<\/strong> chamada pectina. Esse tipo de fibra forma um gel no trato gastrointestinal, ajudando a regular o tr\u00e2nsito intestinal e contribuindo tanto em casos de pris\u00e3o de ventre quanto em situa\u00e7\u00f5es de fezes muito l\u00edquidas.<\/p>\n\n\n\n<p>A presen\u00e7a de \u00e1gua na fruta tamb\u00e9m favorece a hidrata\u00e7\u00e3o, um fator importante para o bom funcionamento do sistema digestivo. Al\u00e9m disso, compostos com <strong>a\u00e7\u00e3o antioxidante<\/strong>, como quercetina, catequinas e outros polifen\u00f3is, ajudam a neutralizar radicais livres que podem danificar c\u00e9lulas e acelerar processos de envelhecimento celular.<\/p>\n\n\n\n<h2 class=\"wp-block-heading\">Qual a import\u00e2ncia da casca e como aproveitar melhor a fruta<\/h2>\n\n\n\n<p>Outro ponto relevante \u00e9 a casca da ma\u00e7\u00e3, frequentemente associada \u00e0 maior concentra\u00e7\u00e3o de antioxidantes e fibras. Por essa raz\u00e3o, muitos profissionais de sa\u00fade sugerem o consumo da fruta inteira, sempre bem higienizada, para aproveitar melhor seus potenciais benef\u00edcios digestivos e protetores.<\/p>\n\n\n\n<p>Estudos recentes indicam que a combina\u00e7\u00e3o entre casca e polpa favorece um aporte mais completo de compostos bioativos. Sempre que poss\u00edvel, priorizar ma\u00e7\u00e3s frescas, de boa proced\u00eancia e bem lavadas ajuda a preservar nutrientes sens\u00edveis e a reduzir o desperd\u00edcio de partes importantes da fruta. Se voc\u00ea gosta de ouvir profissionais, separamos esse v\u00eddeo da <a href=\"https:\/\/www.youtube.com\/@NutricionistaPatriciaLeite\" target=\"_blank\" rel=\"noreferrer noopener\">Nutricionista Patricia Leite<\/a> mostrando os benef\u00edcios da ma\u00e7\u00e3:<\/p>\n\n\n\n<figure class=\"wp-block-embed is-type-video is-provider-youtube wp-block-embed-youtube wp-embed-aspect-16-9 wp-has-aspect-ratio\"><div class=\"wp-block-embed__wrapper\">\n<div class=\"jeg_video_container jeg_video_content\"><iframe loading=\"lazy\" title=\"Benef\u00edcios da Ma\u00e7\u00e3 - Para Que Serve e Propriedades [DICAS e RECEITAS]\" width=\"500\" height=\"281\" src=\"https:\/\/www.youtube.com\/embed\/Ve_UcV8aZ1c?feature=oembed\" frameborder=\"0\" allow=\"accelerometer; autoplay; clipboard-write; encrypted-media; gyroscope; picture-in-picture; web-share\" referrerpolicy=\"strict-origin-when-cross-origin\" allowfullscreen><\/iframe><\/div>\n<\/div><\/figure>\n\n\n\n<h2 class=\"wp-block-heading\">Como a ma\u00e7\u00e3 auxilia o intestino e o metabolismo no cotidiano<\/h2>\n\n\n\n<p>No dia a dia, a ingest\u00e3o regular de ma\u00e7\u00e3 pode favorecer um intestino mais equilibrado. A pectina funciona como um tipo de \u201calimento\u201d para bact\u00e9rias ben\u00e9ficas do intestino, atuando como <strong>fibra prebi\u00f3tica<\/strong> e contribuindo para um ambiente intestinal mais diversificado e est\u00e1vel.<\/p>\n\n\n\n<p>Esse cen\u00e1rio est\u00e1 ligado a melhor absor\u00e7\u00e3o de nutrientes e a boa resposta imunol\u00f3gica, embora a ma\u00e7\u00e3 sozinha n\u00e3o resolva dist\u00farbios digestivos complexos. No metabolismo, a fruta \u00e9 frequentemente associada ao <strong>controle da glicemia<\/strong> e de alguns par\u00e2metros de gordura no sangue, principalmente dentro de padr\u00f5es de alimenta\u00e7\u00e3o equilibrada.<\/p>\n\n\n\n<ul class=\"wp-block-list\">\n<li><strong>Tr\u00e2nsito intestinal:<\/strong> ajuda na regularidade das evacua\u00e7\u00f5es.<\/li>\n\n\n\n<li><strong>Microbiota:<\/strong> contribui para o crescimento de bact\u00e9rias ben\u00e9ficas.<\/li>\n\n\n\n<li><strong>Glicemia:<\/strong> auxilia no controle da velocidade de absor\u00e7\u00e3o de a\u00e7\u00facares.<\/li>\n\n\n\n<li><strong>Colesterol:<\/strong> fibras podem participar da redu\u00e7\u00e3o da absor\u00e7\u00e3o de gorduras.<\/li>\n<\/ul>\n\n\n\n<p>Vale ressaltar que esses efeitos s\u00e3o observados de forma mais consistente quando h\u00e1 um conjunto de escolhas saud\u00e1veis, como pr\u00e1tica de atividade f\u00edsica, sono adequado e variedade de frutas e verduras ao longo da semana. A orienta\u00e7\u00e3o individualizada de nutricionistas e outros profissionais de sa\u00fade pode ajustar a quantidade ideal de ma\u00e7\u00e3 para cada pessoa.<\/p>\n\n\n\n<h2 class=\"wp-block-heading\">Quais antioxidantes est\u00e3o presentes na ma\u00e7\u00e3 e como inclu\u00ed-la na rotina<\/h2>\n\n\n\n<p>Os antioxidantes da ma\u00e7\u00e3 est\u00e3o distribu\u00eddos principalmente na casca e na polpa. Entre os mais citados aparecem <strong>quercetina<\/strong>, <strong>catequinas<\/strong>, <strong>\u00e1cido clorog\u00eanico<\/strong> e outros polifen\u00f3is, que participam da redu\u00e7\u00e3o do estresse oxidativo e da prote\u00e7\u00e3o de estruturas como lip\u00eddios, prote\u00ednas e DNA.<\/p>\n\n\n\n<p>Na pr\u00e1tica, a inclus\u00e3o da ma\u00e7\u00e3 na rotina pode ser simples: ela pode compor lanches entre as refei\u00e7\u00f5es, entradas de caf\u00e9 da manh\u00e3 ou combinar com aveia e iogurte em prepara\u00e7\u00f5es r\u00e1pidas. Em prepara\u00e7\u00f5es aquecidas, como ma\u00e7\u00e3 assada, parte dos compostos antioxidantes pode se alterar, mas ainda assim a fruta continua fornecendo fibras e nutrientes relevantes.<\/p>\n\n\n\n<p>Para ajudar na visualiza\u00e7\u00e3o das principais caracter\u00edsticas nutricionais, segue uma tabela com valores m\u00e9dios aproximados para uma por\u00e7\u00e3o de 100 g de ma\u00e7\u00e3 fresca com casca, considerando dados de tabelas de composi\u00e7\u00e3o de alimentos atualizadas at\u00e9 2026:<\/p>\n\n\n\n<div style=\"font-family: 'Segoe UI', Tahoma, Geneva, Verdana, sans-serif; max-width: 1000px; margin: 20px auto; border: 2px solid #722f37; border-radius: 30px; overflow: hidden; background-color: #ffffff; box-shadow: 0 4px 15px rgba(114, 47, 55, 0.1);\">\n    <table style=\"width: 100%; border-collapse: collapse; text-align: left; font-size: 14px;\">\n        <thead>\n            <tr style=\"background-color: #722f37;\">\n                <th style=\"padding: 15px; color: #ffffff; border-bottom: 2px solid #f9d8e6; width: 25%;\">Componente<\/th>\n                <th style=\"padding: 15px; color: #ffffff; border-bottom: 2px solid #f9d8e6; width: 25%;\">Quantidade (por 100 g)<\/th>\n                <th style=\"padding: 15px; color: #ffffff; border-bottom: 2px solid #f9d8e6; width: 50%;\">Observa\u00e7\u00f5es<\/th>\n            <\/tr>\n        <\/thead>\n        <tbody>\n            <tr>\n                <td style=\"padding: 12px 15px; border-bottom: 1px solid #ffe3ee; color: #4a4a4a; font-weight: bold;\">Energia<\/td>\n                <td style=\"padding: 12px 15px; border-bottom: 1px solid #ffe3ee; color: #4a4a4a;\">50\u201355 kcal<\/td>\n                <td style=\"padding: 12px 15px; border-bottom: 1px solid #ffe3ee; color: #4a4a4a;\">Baixa densidade cal\u00f3rica<\/td>\n            <\/tr>\n            <tr style=\"background-color: #fffafa;\">\n                <td style=\"padding: 12px 15px; border-bottom: 1px solid #ffe3ee; color: #4a4a4a; font-weight: bold;\">Carboidratos totais<\/td>\n                <td style=\"padding: 12px 15px; border-bottom: 1px solid #ffe3ee; color: #4a4a4a;\">13\u201315 g<\/td>\n                <td style=\"padding: 12px 15px; border-bottom: 1px solid #ffe3ee; color: #4a4a4a;\">Maior parte em forma de frutose, glicose e sacarose<\/td>\n            <\/tr>\n            <tr>\n                <td style=\"padding: 12px 15px; border-bottom: 1px solid #ffe3ee; color: #4a4a4a; font-weight: bold;\">Fibras totais<\/td>\n                <td style=\"padding: 12px 15px; border-bottom: 1px solid #ffe3ee; color: #4a4a4a;\">2,0\u20132,5 g<\/td>\n                <td style=\"padding: 12px 15px; border-bottom: 1px solid #ffe3ee; color: #4a4a4a;\">Inclui pectina (fibra sol\u00favel) e fibras insol\u00faveis<\/td>\n            <\/tr>\n            <tr style=\"background-color: #fffafa;\">\n                <td style=\"padding: 12px 15px; border-bottom: 1px solid #ffe3ee; color: #4a4a4a; font-weight: bold;\">Vitamina C<\/td>\n                <td style=\"padding: 12px 15px; border-bottom: 1px solid #ffe3ee; color: #4a4a4a;\">4\u20136 mg<\/td>\n                <td style=\"padding: 12px 15px; border-bottom: 1px solid #ffe3ee; color: #4a4a4a;\">Contribui para a defesa antioxidante<\/td>\n            <\/tr>\n            <tr>\n                <td style=\"padding: 12px 15px; border-bottom: 1px solid #ffe3ee; color: #4a4a4a; font-weight: bold;\">Pot\u00e1ssio<\/td>\n                <td style=\"padding: 12px 15px; border-bottom: 1px solid #ffe3ee; color: #4a4a4a;\">100\u2013120 mg<\/td>\n                <td style=\"padding: 12px 15px; border-bottom: 1px solid #ffe3ee; color: #4a4a4a;\">Mineral importante para o equil\u00edbrio de fluidos<\/td>\n            <\/tr>\n            <tr style=\"background-color: #fffafa;\">\n                <td style=\"padding: 12px 15px; color: #4a4a4a; font-weight: bold;\">Compostos fen\u00f3licos<\/td>\n                <td style=\"padding: 12px 15px; color: #4a4a4a;\">100\u2013200 mg<\/td>\n                <td style=\"padding: 12px 15px; color: #4a4a4a;\">Inclui quercetina, catequinas e outros antioxidantes<\/td>\n            <\/tr>\n        <\/tbody>\n    <\/table>\n<\/div>\n\n\n\n<p>De forma geral, a ma\u00e7\u00e3 pode ser aliada em estrat\u00e9gias de cuidado digestivo e de refor\u00e7o da defesa antioxidante do organismo. A escolha por consumir a fruta com casca, em quantidade moderada e combinada a outros alimentos naturais, permite aproveitar melhor suas caracter\u00edsticas nutricionais e funcionais dentro de um padr\u00e3o alimentar variado.<\/p>\n","protected":false},"excerpt":{"rendered":"<p>A ma\u00e7\u00e3 est\u00e1 presente na rotina de muitas fam\u00edlias e, al\u00e9m de pr\u00e1tica, oferece diferentes vantagens para a sa\u00fade. Entre os principais pontos de interesse est\u00e3o seus benef\u00edcios digestivos e a forte a\u00e7\u00e3o antioxidante, assuntos que se tornaram foco de estudos nos \u00faltimos anos. Por ser uma fruta acess\u00edvel, ela costuma ser um dos primeiros [&hellip;]<\/p>\n","protected":false},"author":9,"featured_media":178122,"comment_status":"open","ping_status":"open","sticky":false,"template":"","format":"standard","meta":{"_yoast_wpseo_focuskw":"ma\u00e7\u00e3 na digest\u00e3o","_yoast_wpseo_title":"","_yoast_wpseo_metadesc":"Fruta rica em fibras e polifen\u00f3is que favorece digest\u00e3o, microbiota e a\u00e7\u00e3o antioxidante em uma rotina alimentar equilibrada.","jnews-multi-image_gallery":[],"jnews_single_post":{"format":"standard"},"jnews_primary_category":[],"jnews_social_meta":[],"jnews_override_counter":[],"footnotes":""},"categories":[119,4404],"tags":[1524,3051,1178],"class_list":["post-177947","post","type-post","status-publish","format-standard","has-post-thumbnail","hentry","category-bem-estar","category-saude","tag-alimento","tag-digestao","tag-maca"],"yoast_head":"<!-- This site is optimized with the Yoast SEO plugin v24.6 - https:\/\/yoast.com\/wordpress\/plugins\/seo\/ -->\n<title>A fruta acess\u00edvel que faz diferen\u00e7a na rotina de quem busca bem-estar - Correio Braziliense - Radar<\/title>\n<meta name=\"description\" content=\"Fruta rica em fibras e polifen\u00f3is que favorece digest\u00e3o, microbiota e a\u00e7\u00e3o antioxidante em uma rotina alimentar equilibrada.\" \/>\n<meta name=\"robots\" content=\"index, follow, max-snippet:-1, max-image-preview:large, max-video-preview:-1\" \/>\n<link rel=\"canonical\" href=\"https:\/\/www.correiobraziliense.com.br\/cbradar\/a-fruta-acessivel-que-faz-diferenca-na-rotina-de-quem-busca-bem-estar\/\" \/>\n<meta property=\"og:locale\" content=\"pt_BR\" \/>\n<meta property=\"og:type\" content=\"article\" \/>\n<meta property=\"og:title\" content=\"A fruta acess\u00edvel que faz diferen\u00e7a na rotina de quem busca bem-estar - Correio Braziliense - Radar\" \/>\n<meta property=\"og:description\" content=\"Fruta rica em fibras e polifen\u00f3is que favorece digest\u00e3o, microbiota e a\u00e7\u00e3o antioxidante em uma rotina alimentar equilibrada.\" \/>\n<meta property=\"og:url\" content=\"https:\/\/www.correiobraziliense.com.br\/cbradar\/a-fruta-acessivel-que-faz-diferenca-na-rotina-de-quem-busca-bem-estar\/\" \/>\n<meta property=\"og:site_name\" content=\"Correio Braziliense - Radar\" \/>\n<meta property=\"article:published_time\" content=\"2026-01-20T14:55:31+00:00\" \/>\n<meta property=\"og:image\" content=\"https:\/\/www.correiobraziliense.com.br\/cbradar\/wp-content\/uploads\/2026\/01\/freepik__imagem-realista-de-uma-pessoa-brasileira-em-um-amb__41044.jpeg\" \/>\n\t<meta property=\"og:image:width\" content=\"1280\" \/>\n\t<meta property=\"og:image:height\" content=\"720\" \/>\n\t<meta property=\"og:image:type\" content=\"image\/jpeg\" \/>\n<meta name=\"author\" content=\"Daniely Cardoso\" \/>\n<meta name=\"twitter:card\" content=\"summary_large_image\" \/>\n<meta name=\"twitter:label1\" content=\"Escrito por\" \/>\n\t<meta name=\"twitter:data1\" content=\"Daniely Cardoso\" \/>\n\t<meta name=\"twitter:label2\" content=\"Est. tempo de leitura\" \/>\n\t<meta name=\"twitter:data2\" content=\"6 minutos\" \/>\n<!-- \/ Yoast SEO plugin. -->","yoast_head_json":{"title":"A fruta acess\u00edvel que faz diferen\u00e7a na rotina de quem busca bem-estar - Correio Braziliense - Radar","description":"Fruta rica em fibras e polifen\u00f3is que favorece digest\u00e3o, microbiota e a\u00e7\u00e3o antioxidante em uma rotina alimentar equilibrada.","robots":{"index":"index","follow":"follow","max-snippet":"max-snippet:-1","max-image-preview":"max-image-preview:large","max-video-preview":"max-video-preview:-1"},"canonical":"https:\/\/www.correiobraziliense.com.br\/cbradar\/a-fruta-acessivel-que-faz-diferenca-na-rotina-de-quem-busca-bem-estar\/","og_locale":"pt_BR","og_type":"article","og_title":"A fruta acess\u00edvel que faz diferen\u00e7a na rotina de quem busca bem-estar - Correio Braziliense - Radar","og_description":"Fruta rica em fibras e polifen\u00f3is que favorece digest\u00e3o, microbiota e a\u00e7\u00e3o antioxidante em uma rotina alimentar equilibrada.","og_url":"https:\/\/www.correiobraziliense.com.br\/cbradar\/a-fruta-acessivel-que-faz-diferenca-na-rotina-de-quem-busca-bem-estar\/","og_site_name":"Correio Braziliense - Radar","article_published_time":"2026-01-20T14:55:31+00:00","og_image":[{"width":1280,"height":720,"url":"https:\/\/www.correiobraziliense.com.br\/cbradar\/wp-content\/uploads\/2026\/01\/freepik__imagem-realista-de-uma-pessoa-brasileira-em-um-amb__41044.jpeg","type":"image\/jpeg"}],"author":"Daniely Cardoso","twitter_card":"summary_large_image","twitter_misc":{"Escrito por":"Daniely Cardoso","Est. tempo de leitura":"6 minutos"},"schema":{"@context":"https:\/\/schema.org","@graph":[{"@type":"WebPage","@id":"https:\/\/www.correiobraziliense.com.br\/cbradar\/a-fruta-acessivel-que-faz-diferenca-na-rotina-de-quem-busca-bem-estar\/","url":"https:\/\/www.correiobraziliense.com.br\/cbradar\/a-fruta-acessivel-que-faz-diferenca-na-rotina-de-quem-busca-bem-estar\/","name":"A fruta acess\u00edvel que faz diferen\u00e7a na rotina de quem busca bem-estar - Correio Braziliense - Radar","isPartOf":{"@id":"https:\/\/www.correiobraziliense.com.br\/cbradar\/#website"},"primaryImageOfPage":{"@id":"https:\/\/www.correiobraziliense.com.br\/cbradar\/a-fruta-acessivel-que-faz-diferenca-na-rotina-de-quem-busca-bem-estar\/#primaryimage"},"image":{"@id":"https:\/\/www.correiobraziliense.com.br\/cbradar\/a-fruta-acessivel-que-faz-diferenca-na-rotina-de-quem-busca-bem-estar\/#primaryimage"},"thumbnailUrl":"https:\/\/www.correiobraziliense.com.br\/cbradar\/wp-content\/uploads\/2026\/01\/freepik__imagem-realista-de-uma-pessoa-brasileira-em-um-amb__41044.jpeg","datePublished":"2026-01-20T14:55:31+00:00","author":{"@id":"https:\/\/www.correiobraziliense.com.br\/cbradar\/#\/schema\/person\/7356666e12ec0ee53f348ee5db227032"},"description":"Fruta rica em fibras e polifen\u00f3is que favorece digest\u00e3o, microbiota e a\u00e7\u00e3o antioxidante em uma rotina alimentar equilibrada.","breadcrumb":{"@id":"https:\/\/www.correiobraziliense.com.br\/cbradar\/a-fruta-acessivel-que-faz-diferenca-na-rotina-de-quem-busca-bem-estar\/#breadcrumb"},"inLanguage":"pt-BR","potentialAction":[{"@type":"ReadAction","target":["https:\/\/www.correiobraziliense.com.br\/cbradar\/a-fruta-acessivel-que-faz-diferenca-na-rotina-de-quem-busca-bem-estar\/"]}]},{"@type":"ImageObject","inLanguage":"pt-BR","@id":"https:\/\/www.correiobraziliense.com.br\/cbradar\/a-fruta-acessivel-que-faz-diferenca-na-rotina-de-quem-busca-bem-estar\/#primaryimage","url":"https:\/\/www.correiobraziliense.com.br\/cbradar\/wp-content\/uploads\/2026\/01\/freepik__imagem-realista-de-uma-pessoa-brasileira-em-um-amb__41044.jpeg","contentUrl":"https:\/\/www.correiobraziliense.com.br\/cbradar\/wp-content\/uploads\/2026\/01\/freepik__imagem-realista-de-uma-pessoa-brasileira-em-um-amb__41044.jpeg","width":1280,"height":720,"caption":"Ajuda na preven\u00e7\u00e3o de doen\u00e7as cr\u00f4nicas associadas ao estresse oxidativo"},{"@type":"BreadcrumbList","@id":"https:\/\/www.correiobraziliense.com.br\/cbradar\/a-fruta-acessivel-que-faz-diferenca-na-rotina-de-quem-busca-bem-estar\/#breadcrumb","itemListElement":[{"@type":"ListItem","position":1,"name":"In\u00edcio","item":"https:\/\/www.correiobraziliense.com.br\/cbradar\/"},{"@type":"ListItem","position":2,"name":"A fruta acess\u00edvel que faz diferen\u00e7a na rotina de quem busca bem-estar"}]},{"@type":"WebSite","@id":"https:\/\/www.correiobraziliense.com.br\/cbradar\/#website","url":"https:\/\/www.correiobraziliense.com.br\/cbradar\/","name":"Correio Braziliense - Radar","description":"Acompanhe as \u00faltimas not\u00edcias e fique bem informado sobre tudo o que acontece no Brasil e no mundo.","potentialAction":[{"@type":"SearchAction","target":{"@type":"EntryPoint","urlTemplate":"https:\/\/www.correiobraziliense.com.br\/cbradar\/?s={search_term_string}"},"query-input":{"@type":"PropertyValueSpecification","valueRequired":true,"valueName":"search_term_string"}}],"inLanguage":"pt-BR"},{"@type":"Person","@id":"https:\/\/www.correiobraziliense.com.br\/cbradar\/#\/schema\/person\/7356666e12ec0ee53f348ee5db227032","name":"Daniely Cardoso","image":{"@type":"ImageObject","inLanguage":"pt-BR","@id":"https:\/\/www.correiobraziliense.com.br\/cbradar\/#\/schema\/person\/image\/","url":"https:\/\/secure.gravatar.com\/avatar\/4b80ddbd124d1f071b626d52d62e5dff?s=96&d=mm&r=g","contentUrl":"https:\/\/secure.gravatar.com\/avatar\/4b80ddbd124d1f071b626d52d62e5dff?s=96&d=mm&r=g","caption":"Daniely Cardoso"},"description":"Redatora nos portais CB Radar e EM Foco, formada pela Universidade Federal de Goi\u00e1s, em Goi\u00e2nia. Apaixonada por comunica\u00e7\u00e3o, arte, decora\u00e7\u00e3o e tend\u00eancias, atuo na produ\u00e7\u00e3o de conte\u00fados envolventes sobre curiosidades, moda, beleza e paisagismo, sempre com um olhar atento \u00e0s novidades do momento.","sameAs":["https:\/\/www.correiobraziliense.com.br\/cbradar"],"url":"https:\/\/www.correiobraziliense.com.br\/cbradar\/author\/danielymyth\/"}]}},"_links":{"self":[{"href":"https:\/\/www.correiobraziliense.com.br\/cbradar\/wp-json\/wp\/v2\/posts\/177947","targetHints":{"allow":["GET"]}}],"collection":[{"href":"https:\/\/www.correiobraziliense.com.br\/cbradar\/wp-json\/wp\/v2\/posts"}],"about":[{"href":"https:\/\/www.correiobraziliense.com.br\/cbradar\/wp-json\/wp\/v2\/types\/post"}],"author":[{"embeddable":true,"href":"https:\/\/www.correiobraziliense.com.br\/cbradar\/wp-json\/wp\/v2\/users\/9"}],"replies":[{"embeddable":true,"href":"https:\/\/www.correiobraziliense.com.br\/cbradar\/wp-json\/wp\/v2\/comments?post=177947"}],"version-history":[{"count":2,"href":"https:\/\/www.correiobraziliense.com.br\/cbradar\/wp-json\/wp\/v2\/posts\/177947\/revisions"}],"predecessor-version":[{"id":177956,"href":"https:\/\/www.correiobraziliense.com.br\/cbradar\/wp-json\/wp\/v2\/posts\/177947\/revisions\/177956"}],"wp:featuredmedia":[{"embeddable":true,"href":"https:\/\/www.correiobraziliense.com.br\/cbradar\/wp-json\/wp\/v2\/media\/178122"}],"wp:attachment":[{"href":"https:\/\/www.correiobraziliense.com.br\/cbradar\/wp-json\/wp\/v2\/media?parent=177947"}],"wp:term":[{"taxonomy":"category","embeddable":true,"href":"https:\/\/www.correiobraziliense.com.br\/cbradar\/wp-json\/wp\/v2\/categories?post=177947"},{"taxonomy":"post_tag","embeddable":true,"href":"https:\/\/www.correiobraziliense.com.br\/cbradar\/wp-json\/wp\/v2\/tags?post=177947"}],"curies":[{"name":"wp","href":"https:\/\/api.w.org\/{rel}","templated":true}]}}