{"id":177967,"date":"2026-01-19T07:45:00","date_gmt":"2026-01-19T10:45:00","guid":{"rendered":"https:\/\/www.correiobraziliense.com.br\/cbradar\/?p=177967"},"modified":"2026-01-18T20:35:31","modified_gmt":"2026-01-18T23:35:31","slug":"estrategia-inedita-leva-vacinacao-a-pontos-de-grande-circulacao","status":"publish","type":"post","link":"https:\/\/www.correiobraziliense.com.br\/cbradar\/estrategia-inedita-leva-vacinacao-a-pontos-de-grande-circulacao\/","title":{"rendered":"Estrat\u00e9gia in\u00e9dita leva vacina\u00e7\u00e3o a pontos de grande circula\u00e7\u00e3o"},"content":{"rendered":"\n<p>A Secretaria Municipal de Sa\u00fade do Rio de Janeiro est\u00e1 ampliando a oferta de vacinas em diversas localidades da cidade, at\u00e9 12 de fevereiro de 2025. O objetivo dessa iniciativa \u00e9 facilitar o acesso da popula\u00e7\u00e3o a imuniza\u00e7\u00f5es importantes, cobrindo doen\u00e7as como Covid-19, gripe, febre amarela, tr\u00edplice viral e hepatite B. Para alcan\u00e7ar um maior n\u00famero de pessoas, a vacina\u00e7\u00e3o est\u00e1 sendo levada a locais de intenso fluxo, garantindo maior cobertura vacinal.<\/p>\n\n\n\n<p>Desde 15 de janeiro, um dos destaques dessa campanha \u00e9 a instala\u00e7\u00e3o de um ponto de vacina\u00e7\u00e3o no Aeroporto Santos Dumont. Este ponto, localizado no Centro da cidade, estar\u00e1 operando at\u00e9 30 de janeiro, de segunda a sexta-feira, das 8h \u00e0s 16h. Essa estrat\u00e9gia visa atender principalmente viajantes e trabalhadores que frequentam a regi\u00e3o aeroportu\u00e1ria diariamente.<\/p>\n\n\n\n<h2 class=\"wp-block-heading\">Onde encontrar os pontos de vacina\u00e7\u00e3o adicionais?<\/h2>\n\n\n\n<p>Al\u00e9m do Santos Dumont, a campanha foi ampliada para outros locais estrat\u00e9gicos. Foram montados pontos de vacina\u00e7\u00e3o no Aeroporto Internacional Tom Jobim (Gale\u00e3o) e nos principais parques municipais: Realengo Susana Naspolini, Pavuna, Rita Lee, Oeste, Madureira e Piedade. Com isso, busca-se atingir um p\u00fablico ainda maior, adaptando a campanha aos h\u00e1bitos e rotinas dos cariocas.<\/p>\n\n\n\n<h2 class=\"wp-block-heading\">Quem pode se vacinar?<\/h2>\n\n\n\n<figure class=\"wp-block-image aligncenter size-large\"><img decoding=\"async\" width=\"1024\" height=\"576\" src=\"https:\/\/www.correiobraziliense.com.br\/cbradar\/wp-content\/uploads\/2025\/05\/vacina_1748101715655-1024x576.jpg\" alt=\"\" class=\"wp-image-42350\" srcset=\"https:\/\/www.correiobraziliense.com.br\/cbradar\/wp-content\/uploads\/2025\/05\/vacina_1748101715655-1024x576.jpg 1024w, https:\/\/www.correiobraziliense.com.br\/cbradar\/wp-content\/uploads\/2025\/05\/vacina_1748101715655-300x169.jpg 300w, https:\/\/www.correiobraziliense.com.br\/cbradar\/wp-content\/uploads\/2025\/05\/vacina_1748101715655-768x432.jpg 768w, https:\/\/www.correiobraziliense.com.br\/cbradar\/wp-content\/uploads\/2025\/05\/vacina_1748101715655-750x422.jpg 750w, https:\/\/www.correiobraziliense.com.br\/cbradar\/wp-content\/uploads\/2025\/05\/vacina_1748101715655-1140x641.jpg 1140w, https:\/\/www.correiobraziliense.com.br\/cbradar\/wp-content\/uploads\/2025\/05\/vacina_1748101715655.jpg 1280w\" sizes=\"(max-width: 1024px) 100vw, 1024px\" \/><figcaption class=\"wp-element-caption\">Vacina &#8211; Cr\u00e9ditos: depositphotos.com \/ IgorVetushko\n\n<\/figcaption><\/figure>\n\n\n\n<p>A vacina\u00e7\u00e3o est\u00e1 dispon\u00edvel para todas as faixas et\u00e1rias contempladas no calend\u00e1rio de vacina\u00e7\u00e3o, al\u00e9m das 240 unidades de Aten\u00e7\u00e3o Prim\u00e1ria da rede municipal. Isso inclui cl\u00ednicas da fam\u00edlia, centros municipais de <a href=\"https:\/\/www.correiobraziliense.com.br\/cbradar\/dr-cesar-cimonari-neurocirurgiao-cefaleia-secundaria-pode-indicar-doenca-grave\/\" target=\"_blank\" rel=\"noreferrer noopener\">sa\u00fade <\/a>e o Super Centro Carioca de Vacina\u00e7\u00e3o. Existem unidades, como a de Botafogo, que funcionam diariamente das 8h \u00e0s 22h, enquanto a de Campo Grande segue o hor\u00e1rio do centro comercial local, operando de domingo a domingo.<\/p>\n\n\n\n<h2 class=\"wp-block-heading\">Quais doen\u00e7as est\u00e3o cobertas pela campanha de vacina\u00e7\u00e3o?<\/h2>\n\n\n\n<p>A atual campanha abrange um amplo espectro de vacinas, buscando proteger a popula\u00e7\u00e3o contra doen\u00e7as pertinentes tanto ao contexto global quanto ao local. As vacinas disponibilizadas incluem as de preven\u00e7\u00e3o \u00e0 Covid-19, gripe, febre amarela, tr\u00edplice viral e hepatite B. Essas a\u00e7\u00f5es visam n\u00e3o apenas a prote\u00e7\u00e3o individual, mas tamb\u00e9m garantir a sa\u00fade coletiva, evitando surtos e contribuindo para o controle de doen\u00e7as.<\/p>\n\n\n\n<p>Essa iniciativa, al\u00e9m de facilitar o acesso \u00e0 vacina\u00e7\u00e3o, busca conscientizar a popula\u00e7\u00e3o sobre a import\u00e2ncia da imuniza\u00e7\u00e3o em massa. A Secretaria de Sa\u00fade orienta que todos mantenham seu calend\u00e1rio de vacina\u00e7\u00e3o atualizado e aproveitem a conveni\u00eancia dos novos pontos de vacina\u00e7\u00e3o para se protegerem e protegerem as suas comunidades.<\/p>\n\n\n<a href=\"https:\/\/www.instagram.com\/dra.annaluisabf\/\" target=\"_blank\" rel=\"noopener\" style=\"text-decoration: none; color: inherit;\">\n    <span style=\"display: inline-block; border: 1px solid #ccc; border-radius: 10px; padding: 15px; max-width: 550px; font-family: sans-serif; box-shadow: 0 2px 5px rgba(0,0,0,0.1); width: 100%;\">\n\n      <!-- T\u00edtulo -->\n      <span style=\"display: block; margin: 0 0 15px 0; font-weight: bold; color: #2c3e50; text-align: center;\">\n        Entre em contato:\n      <\/span>\n\n      <!-- Linha do perfil -->\n      <span style=\"display: flex; align-items: center; gap: 15px;\">\n        <img decoding=\"async\"\n          src=\"https:\/\/www.correiobraziliense.com.br\/cbradar\/wp-content\/uploads\/2025\/08\/dra_anna_luisa.jpeg\"\n          alt=\"Foto da Dra. Anna Lu\u00edsa\"\n          style=\"border-radius: 50%; width: 80px; height: 80px; object-fit: cover;\"\n        \/>\n        <span style=\"display: flex; flex-direction: column;\">\n          <span style=\"font-size: 18px; font-weight: 700; color: #2c3e50;\">Dra. Anna Lu\u00edsa Barbosa Fernandes<\/span>\n          <span style=\"color: #555;\">CRM-GO 33.271<\/span>\n        <\/span>\n      <\/span>\n\n      <!-- Redes -->\n      <span style=\"display: flex; align-items: center; gap: 10px; margin-top: 12px;\">\n        <img decoding=\"async\" src=\"https:\/\/cdn-icons-png.flaticon.com\/24\/1384\/1384063.png\" alt=\"Instagram\" width=\"24\" height=\"24\" \/>\n        <span style=\"text-decoration: underline; color: #2c3e50;\">@dra.annaluisabf<\/span>\n      <\/span>\n\n    <\/span>\n  <\/a>","protected":false},"excerpt":{"rendered":"<p>A Secretaria Municipal de Sa\u00fade do Rio de Janeiro est\u00e1 ampliando a oferta de vacinas em diversas localidades da cidade, at\u00e9 12 de fevereiro de 2025. O objetivo dessa iniciativa \u00e9 facilitar o acesso da popula\u00e7\u00e3o a imuniza\u00e7\u00f5es importantes, cobrindo doen\u00e7as como Covid-19, gripe, febre amarela, tr\u00edplice viral e hepatite B. Para alcan\u00e7ar um maior [&hellip;]<\/p>\n","protected":false},"author":14,"featured_media":42351,"comment_status":"open","ping_status":"open","sticky":false,"template":"","format":"standard","meta":{"_yoast_wpseo_focuskw":"vacina\u00e7\u00e3o","_yoast_wpseo_title":"","_yoast_wpseo_metadesc":"A vacina\u00e7\u00e3o no Rio ganhou novos pontos estrat\u00e9gicos que facilitam o acesso e podem mudar a ades\u00e3o da popula\u00e7\u00e3o.","jnews-multi-image_gallery":[],"jnews_single_post":{"format":"standard"},"jnews_primary_category":[],"jnews_social_meta":[],"jnews_override_counter":[],"footnotes":""},"categories":[4404],"tags":[120,1318,5799],"class_list":["post-177967","post","type-post","status-publish","format-standard","has-post-thumbnail","hentry","category-saude","tag-bem-estar","tag-saude-2","tag-vacina"],"yoast_head":"<!-- This site is optimized with the Yoast SEO plugin v24.6 - https:\/\/yoast.com\/wordpress\/plugins\/seo\/ -->\n<title>Estrat\u00e9gia in\u00e9dita leva vacina\u00e7\u00e3o a pontos de grande circula\u00e7\u00e3o - Correio Braziliense - Radar<\/title>\n<meta name=\"description\" content=\"A vacina\u00e7\u00e3o no Rio ganhou novos pontos estrat\u00e9gicos que facilitam o acesso e podem mudar a ades\u00e3o da popula\u00e7\u00e3o.\" \/>\n<meta name=\"robots\" content=\"index, follow, max-snippet:-1, max-image-preview:large, max-video-preview:-1\" \/>\n<link rel=\"canonical\" href=\"https:\/\/www.correiobraziliense.com.br\/cbradar\/estrategia-inedita-leva-vacinacao-a-pontos-de-grande-circulacao\/\" \/>\n<meta property=\"og:locale\" content=\"pt_BR\" \/>\n<meta property=\"og:type\" content=\"article\" \/>\n<meta property=\"og:title\" content=\"Estrat\u00e9gia in\u00e9dita leva vacina\u00e7\u00e3o a pontos de grande circula\u00e7\u00e3o - Correio Braziliense - Radar\" \/>\n<meta property=\"og:description\" content=\"A vacina\u00e7\u00e3o no Rio ganhou novos pontos estrat\u00e9gicos que facilitam o acesso e podem mudar a ades\u00e3o da popula\u00e7\u00e3o.\" \/>\n<meta property=\"og:url\" content=\"https:\/\/www.correiobraziliense.com.br\/cbradar\/estrategia-inedita-leva-vacinacao-a-pontos-de-grande-circulacao\/\" \/>\n<meta property=\"og:site_name\" content=\"Correio Braziliense - Radar\" \/>\n<meta property=\"article:published_time\" content=\"2026-01-19T10:45:00+00:00\" \/>\n<meta property=\"og:image\" content=\"https:\/\/www.correiobraziliense.com.br\/cbradar\/wp-content\/uploads\/2025\/05\/vacina_1748101746731.jpg\" \/>\n\t<meta property=\"og:image:width\" content=\"1280\" \/>\n\t<meta property=\"og:image:height\" content=\"720\" \/>\n\t<meta property=\"og:image:type\" content=\"image\/jpeg\" \/>\n<meta name=\"author\" content=\"guilherme_saude\" \/>\n<meta name=\"twitter:card\" content=\"summary_large_image\" \/>\n<meta name=\"twitter:label1\" content=\"Escrito por\" \/>\n\t<meta name=\"twitter:data1\" content=\"guilherme_saude\" \/>\n\t<meta name=\"twitter:label2\" content=\"Est. tempo de leitura\" \/>\n\t<meta name=\"twitter:data2\" content=\"4 minutos\" \/>\n<!-- \/ Yoast SEO plugin. -->","yoast_head_json":{"title":"Estrat\u00e9gia in\u00e9dita leva vacina\u00e7\u00e3o a pontos de grande circula\u00e7\u00e3o - Correio Braziliense - Radar","description":"A vacina\u00e7\u00e3o no Rio ganhou novos pontos estrat\u00e9gicos que facilitam o acesso e podem mudar a ades\u00e3o da popula\u00e7\u00e3o.","robots":{"index":"index","follow":"follow","max-snippet":"max-snippet:-1","max-image-preview":"max-image-preview:large","max-video-preview":"max-video-preview:-1"},"canonical":"https:\/\/www.correiobraziliense.com.br\/cbradar\/estrategia-inedita-leva-vacinacao-a-pontos-de-grande-circulacao\/","og_locale":"pt_BR","og_type":"article","og_title":"Estrat\u00e9gia in\u00e9dita leva vacina\u00e7\u00e3o a pontos de grande circula\u00e7\u00e3o - Correio Braziliense - Radar","og_description":"A vacina\u00e7\u00e3o no Rio ganhou novos pontos estrat\u00e9gicos que facilitam o acesso e podem mudar a ades\u00e3o da popula\u00e7\u00e3o.","og_url":"https:\/\/www.correiobraziliense.com.br\/cbradar\/estrategia-inedita-leva-vacinacao-a-pontos-de-grande-circulacao\/","og_site_name":"Correio Braziliense - Radar","article_published_time":"2026-01-19T10:45:00+00:00","og_image":[{"width":1280,"height":720,"url":"https:\/\/www.correiobraziliense.com.br\/cbradar\/wp-content\/uploads\/2025\/05\/vacina_1748101746731.jpg","type":"image\/jpeg"}],"author":"guilherme_saude","twitter_card":"summary_large_image","twitter_misc":{"Escrito por":"guilherme_saude","Est. tempo de leitura":"4 minutos"},"schema":{"@context":"https:\/\/schema.org","@graph":[{"@type":"WebPage","@id":"https:\/\/www.correiobraziliense.com.br\/cbradar\/estrategia-inedita-leva-vacinacao-a-pontos-de-grande-circulacao\/","url":"https:\/\/www.correiobraziliense.com.br\/cbradar\/estrategia-inedita-leva-vacinacao-a-pontos-de-grande-circulacao\/","name":"Estrat\u00e9gia in\u00e9dita leva vacina\u00e7\u00e3o a pontos de grande circula\u00e7\u00e3o - Correio Braziliense - Radar","isPartOf":{"@id":"https:\/\/www.correiobraziliense.com.br\/cbradar\/#website"},"primaryImageOfPage":{"@id":"https:\/\/www.correiobraziliense.com.br\/cbradar\/estrategia-inedita-leva-vacinacao-a-pontos-de-grande-circulacao\/#primaryimage"},"image":{"@id":"https:\/\/www.correiobraziliense.com.br\/cbradar\/estrategia-inedita-leva-vacinacao-a-pontos-de-grande-circulacao\/#primaryimage"},"thumbnailUrl":"https:\/\/www.correiobraziliense.com.br\/cbradar\/wp-content\/uploads\/2025\/05\/vacina_1748101746731.jpg","datePublished":"2026-01-19T10:45:00+00:00","author":{"@id":"https:\/\/www.correiobraziliense.com.br\/cbradar\/#\/schema\/person\/5aa4bf3c8fa699c267933611de12978b"},"description":"A vacina\u00e7\u00e3o no Rio ganhou novos pontos estrat\u00e9gicos que facilitam o acesso e podem mudar a ades\u00e3o da popula\u00e7\u00e3o.","breadcrumb":{"@id":"https:\/\/www.correiobraziliense.com.br\/cbradar\/estrategia-inedita-leva-vacinacao-a-pontos-de-grande-circulacao\/#breadcrumb"},"inLanguage":"pt-BR","potentialAction":[{"@type":"ReadAction","target":["https:\/\/www.correiobraziliense.com.br\/cbradar\/estrategia-inedita-leva-vacinacao-a-pontos-de-grande-circulacao\/"]}]},{"@type":"ImageObject","inLanguage":"pt-BR","@id":"https:\/\/www.correiobraziliense.com.br\/cbradar\/estrategia-inedita-leva-vacinacao-a-pontos-de-grande-circulacao\/#primaryimage","url":"https:\/\/www.correiobraziliense.com.br\/cbradar\/wp-content\/uploads\/2025\/05\/vacina_1748101746731.jpg","contentUrl":"https:\/\/www.correiobraziliense.com.br\/cbradar\/wp-content\/uploads\/2025\/05\/vacina_1748101746731.jpg","width":1280,"height":720,"caption":"Vacina - Cr\u00e9ditos: depositphotos.com \/ IgorVetushko"},{"@type":"BreadcrumbList","@id":"https:\/\/www.correiobraziliense.com.br\/cbradar\/estrategia-inedita-leva-vacinacao-a-pontos-de-grande-circulacao\/#breadcrumb","itemListElement":[{"@type":"ListItem","position":1,"name":"In\u00edcio","item":"https:\/\/www.correiobraziliense.com.br\/cbradar\/"},{"@type":"ListItem","position":2,"name":"Estrat\u00e9gia in\u00e9dita leva vacina\u00e7\u00e3o a pontos de grande circula\u00e7\u00e3o"}]},{"@type":"WebSite","@id":"https:\/\/www.correiobraziliense.com.br\/cbradar\/#website","url":"https:\/\/www.correiobraziliense.com.br\/cbradar\/","name":"Correio Braziliense - Radar","description":"Acompanhe as \u00faltimas not\u00edcias e fique bem informado sobre tudo o que acontece no Brasil e no mundo.","potentialAction":[{"@type":"SearchAction","target":{"@type":"EntryPoint","urlTemplate":"https:\/\/www.correiobraziliense.com.br\/cbradar\/?s={search_term_string}"},"query-input":{"@type":"PropertyValueSpecification","valueRequired":true,"valueName":"search_term_string"}}],"inLanguage":"pt-BR"},{"@type":"Person","@id":"https:\/\/www.correiobraziliense.com.br\/cbradar\/#\/schema\/person\/5aa4bf3c8fa699c267933611de12978b","name":"guilherme_saude","image":{"@type":"ImageObject","inLanguage":"pt-BR","@id":"https:\/\/www.correiobraziliense.com.br\/cbradar\/#\/schema\/person\/image\/","url":"https:\/\/secure.gravatar.com\/avatar\/df9adfb835d344bc0af109d41756253f?s=96&d=mm&r=g","contentUrl":"https:\/\/secure.gravatar.com\/avatar\/df9adfb835d344bc0af109d41756253f?s=96&d=mm&r=g","caption":"guilherme_saude"},"url":"https:\/\/www.correiobraziliense.com.br\/cbradar\/author\/guilherme_saude\/"}]}},"_links":{"self":[{"href":"https:\/\/www.correiobraziliense.com.br\/cbradar\/wp-json\/wp\/v2\/posts\/177967","targetHints":{"allow":["GET"]}}],"collection":[{"href":"https:\/\/www.correiobraziliense.com.br\/cbradar\/wp-json\/wp\/v2\/posts"}],"about":[{"href":"https:\/\/www.correiobraziliense.com.br\/cbradar\/wp-json\/wp\/v2\/types\/post"}],"author":[{"embeddable":true,"href":"https:\/\/www.correiobraziliense.com.br\/cbradar\/wp-json\/wp\/v2\/users\/14"}],"replies":[{"embeddable":true,"href":"https:\/\/www.correiobraziliense.com.br\/cbradar\/wp-json\/wp\/v2\/comments?post=177967"}],"version-history":[{"count":1,"href":"https:\/\/www.correiobraziliense.com.br\/cbradar\/wp-json\/wp\/v2\/posts\/177967\/revisions"}],"predecessor-version":[{"id":177968,"href":"https:\/\/www.correiobraziliense.com.br\/cbradar\/wp-json\/wp\/v2\/posts\/177967\/revisions\/177968"}],"wp:featuredmedia":[{"embeddable":true,"href":"https:\/\/www.correiobraziliense.com.br\/cbradar\/wp-json\/wp\/v2\/media\/42351"}],"wp:attachment":[{"href":"https:\/\/www.correiobraziliense.com.br\/cbradar\/wp-json\/wp\/v2\/media?parent=177967"}],"wp:term":[{"taxonomy":"category","embeddable":true,"href":"https:\/\/www.correiobraziliense.com.br\/cbradar\/wp-json\/wp\/v2\/categories?post=177967"},{"taxonomy":"post_tag","embeddable":true,"href":"https:\/\/www.correiobraziliense.com.br\/cbradar\/wp-json\/wp\/v2\/tags?post=177967"}],"curies":[{"name":"wp","href":"https:\/\/api.w.org\/{rel}","templated":true}]}}