{"id":177972,"date":"2026-01-19T17:15:00","date_gmt":"2026-01-19T20:15:00","guid":{"rendered":"https:\/\/www.correiobraziliense.com.br\/cbradar\/?p=177972"},"modified":"2026-01-18T20:39:42","modified_gmt":"2026-01-18T23:39:42","slug":"o-tratamento-mais-eficaz-para-estimular-colageno-na-pele","status":"publish","type":"post","link":"https:\/\/www.correiobraziliense.com.br\/cbradar\/o-tratamento-mais-eficaz-para-estimular-colageno-na-pele\/","title":{"rendered":"O tratamento mais eficaz para estimular col\u00e1geno na pele"},"content":{"rendered":"\n<p>Nos \u00faltimos anos, a\u00a0<strong>Bioestimula\u00e7\u00e3o de Col\u00e1geno<\/strong>\u00a0emergiu como um procedimento est\u00e9tico popular, focando na reativa\u00e7\u00e3o das fibras de col\u00e1geno que com o tempo diminuem, especialmente com o processo natural de envelhecimento. Diferente de t\u00e9cnicas invasivas que alteram o volume ou formato da pele, este m\u00e9todo promove um resultado mais natural ao fortalecer a produ\u00e7\u00e3o interna de col\u00e1geno, conferindo \u00e0 pele firmeza e uma textura mais uniforme.<\/p>\n\n\n\n<p>A\u00a0Bioestimula\u00e7\u00e3o de Col\u00e1geno \u00e9 praticada com a aplica\u00e7\u00e3o de subst\u00e2ncias espec\u00edficas que estimulam as c\u00e9lulas produtoras deste componente estrutural. As subst\u00e2ncias podem ser aplicadas de forma t\u00f3pica ou injet\u00e1vel, sendo a \u00faltima mais eficaz em atingir camadas mais profundas da pele. Ingredientes ativos comuns incluem \u00e1cido polil\u00e1tico e hidroxiapatita de c\u00e1lcio, escolhidos dependendo da an\u00e1lise da pele do paciente e do objetivo desejado.<\/p>\n\n\n\n<h2 class=\"wp-block-heading\">Quais s\u00e3o os benef\u00edcios da Bioestimula\u00e7\u00e3o de Col\u00e1geno?<\/h2>\n\n\n\n<p>Os benef\u00edcios deste tratamento concentram-se em melhorar a estrutura e firmeza da pele, tornando-se eficaz principalmente em \u00e1reas caracterizadas por flacidez leve a moderada. A aplica\u00e7\u00e3o do procedimento tamb\u00e9m \u00e9 reconhecida por suavizar rugas finas, melhorar a textura da pele e reduzir visivelmente os poros dilatados. Com o col\u00e1geno sendo produzido gradativamente, os resultados se mostram de forma progressiva, estabilizando-se ao longo de meses e garantindo uma est\u00e9tica duradoura.<\/p>\n\n\n\n<figure class=\"wp-block-image aligncenter size-large\"><img decoding=\"async\" width=\"1024\" height=\"576\" src=\"https:\/\/www.correiobraziliense.com.br\/cbradar\/wp-content\/uploads\/2025\/05\/Colageno-_1747673650108-1024x576.jpg\" alt=\"\" class=\"wp-image-39434\" srcset=\"https:\/\/www.correiobraziliense.com.br\/cbradar\/wp-content\/uploads\/2025\/05\/Colageno-_1747673650108-1024x576.jpg 1024w, https:\/\/www.correiobraziliense.com.br\/cbradar\/wp-content\/uploads\/2025\/05\/Colageno-_1747673650108-300x169.jpg 300w, https:\/\/www.correiobraziliense.com.br\/cbradar\/wp-content\/uploads\/2025\/05\/Colageno-_1747673650108-768x432.jpg 768w, https:\/\/www.correiobraziliense.com.br\/cbradar\/wp-content\/uploads\/2025\/05\/Colageno-_1747673650108-750x422.jpg 750w, https:\/\/www.correiobraziliense.com.br\/cbradar\/wp-content\/uploads\/2025\/05\/Colageno-_1747673650108-1140x641.jpg 1140w, https:\/\/www.correiobraziliense.com.br\/cbradar\/wp-content\/uploads\/2025\/05\/Colageno-_1747673650108.jpg 1280w\" sizes=\"(max-width: 1024px) 100vw, 1024px\" \/><figcaption class=\"wp-element-caption\">Col\u00e1geno &#8211; Cr\u00e9ditos: depositphotos.com \/ dmitryi\n<\/figcaption><\/figure>\n\n\n\n<h2 class=\"wp-block-heading\">Para quais \u00e1reas \u00e9 indicada a Bioestimula\u00e7\u00e3o de Col\u00e1geno?<\/h2>\n\n\n\n<p>A Bioestimula\u00e7\u00e3o de Col\u00e1geno possui amplas indica\u00e7\u00f5es. Na face, \u00e9 comum nas \u00e1reas da mand\u00edbula, t\u00eamporas, queixo e regi\u00e3o malar, contribuindo para um suporte mais definido do rosto. No pesco\u00e7o e colo, regi\u00f5es que costumam apresentar envelhecimento precoce, a t\u00e9cnica ajuda a melhorar a sustenta\u00e7\u00e3o e uniformidade da pele. Quanto ao corpo, a t\u00e9cnica pode ser aplicada em bra\u00e7os, abd\u00f4men, coxas e gl\u00fateos, reduzindo a flacidez e complementando atividades f\u00edsicas e a gest\u00e3o de <a href=\"https:\/\/www.correiobraziliense.com.br\/cbradar\/dr-cesar-cimonari-neurocirurgiao-cefaleia-secundaria-pode-indicar-doenca-grave\/\" target=\"_blank\" rel=\"noreferrer noopener\">peso<\/a>.<\/p>\n\n\n\n<h2 class=\"wp-block-heading\">Quais s\u00e3o as limita\u00e7\u00f5es e riscos envolvidos?<\/h2>\n\n\n\n<p>Apesar de promissora, a t\u00e9cnica apresenta&nbsp;<strong>limita\u00e7\u00f5es<\/strong>, como o custo elevado em compara\u00e7\u00e3o a outros tratamentos est\u00e9ticos. Al\u00e9m disso, para alcan\u00e7ar resultados satisfat\u00f3rios, s\u00e3o necess\u00e1rias v\u00e1rias sess\u00f5es, de duas a quatro aplica\u00e7\u00f5es com intervalos regulares. A paci\u00eancia \u00e9 um fator-chave, j\u00e1 que os resultados se manifestam lentamente devido ao tempo necess\u00e1rio para que a pele produza e remodele o novo col\u00e1geno.<\/p>\n\n\n\n<p>Quanto aos riscos, incluem efeitos colaterais como incha\u00e7o e hematomas, t\u00edpicos de aplica\u00e7\u00f5es invasivas. Embora raros, casos de n\u00f3dulos ou assimetrias podem ocorrer caso a t\u00e9cnica n\u00e3o seja realizada corretamente. Por este motivo, a escolha de um especialista com forma\u00e7\u00e3o adequada \u00e9 essencial.<\/p>\n\n\n\n<h2 class=\"wp-block-heading\">Quais cuidados devem ser tomados antes de iniciar o tratamento?<\/h2>\n\n\n\n<p>O paciente deve passar por uma avalia\u00e7\u00e3o aprofundada antes de iniciar a Bioestimula\u00e7\u00e3o de Col\u00e1geno. Durante esta etapa, o especialista analisa crit\u00e9rios como hist\u00f3rico m\u00e9dico, uso de medicamentos e h\u00e1bitos de vida para adaptar o protocolo de aplica\u00e7\u00e3o \u00e0s necessidades do indiv\u00edduo. Com a correta orienta\u00e7\u00e3o e expectativas realistas, o tratamento promete ser seguro e efetivo, entregando resultados satisfat\u00f3rios no rejuvenescimento da pele.<\/p>\n\n\n<a href=\"https:\/\/www.instagram.com\/dra.annaluisabf\/\" target=\"_blank\" rel=\"noopener\" style=\"text-decoration: none; color: inherit;\">\n    <span style=\"display: inline-block; border: 1px solid #ccc; border-radius: 10px; padding: 15px; max-width: 550px; font-family: sans-serif; box-shadow: 0 2px 5px rgba(0,0,0,0.1); width: 100%;\">\n\n      <!-- T\u00edtulo -->\n      <span style=\"display: block; margin: 0 0 15px 0; font-weight: bold; color: #2c3e50; text-align: center;\">\n        Entre em contato:\n      <\/span>\n\n      <!-- Linha do perfil -->\n      <span style=\"display: flex; align-items: center; gap: 15px;\">\n        <img decoding=\"async\"\n          src=\"https:\/\/www.correiobraziliense.com.br\/cbradar\/wp-content\/uploads\/2025\/08\/dra_anna_luisa.jpeg\"\n          alt=\"Foto da Dra. Anna Lu\u00edsa\"\n          style=\"border-radius: 50%; width: 80px; height: 80px; object-fit: cover;\"\n        \/>\n        <span style=\"display: flex; flex-direction: column;\">\n          <span style=\"font-size: 18px; font-weight: 700; color: #2c3e50;\">Dra. Anna Lu\u00edsa Barbosa Fernandes<\/span>\n          <span style=\"color: #555;\">CRM-GO 33.271<\/span>\n        <\/span>\n      <\/span>\n\n      <!-- Redes -->\n      <span style=\"display: flex; align-items: center; gap: 10px; margin-top: 12px;\">\n        <img decoding=\"async\" src=\"https:\/\/cdn-icons-png.flaticon.com\/24\/1384\/1384063.png\" alt=\"Instagram\" width=\"24\" height=\"24\" \/>\n        <span style=\"text-decoration: underline; color: #2c3e50;\">@dra.annaluisabf<\/span>\n      <\/span>\n\n    <\/span>\n  <\/a>\n\n\n<p><\/p>\n","protected":false},"excerpt":{"rendered":"<p>Nos \u00faltimos anos, a\u00a0Bioestimula\u00e7\u00e3o de Col\u00e1geno\u00a0emergiu como um procedimento est\u00e9tico popular, focando na reativa\u00e7\u00e3o das fibras de col\u00e1geno que com o tempo diminuem, especialmente com o processo natural de envelhecimento. Diferente de t\u00e9cnicas invasivas que alteram o volume ou formato da pele, este m\u00e9todo promove um resultado mais natural ao fortalecer a produ\u00e7\u00e3o interna de [&hellip;]<\/p>\n","protected":false},"author":14,"featured_media":135371,"comment_status":"open","ping_status":"open","sticky":false,"template":"","format":"standard","meta":{"_yoast_wpseo_focuskw":"Bioestimula\u00e7\u00e3o de Col\u00e1geno","_yoast_wpseo_title":"","_yoast_wpseo_metadesc":"A bioestimula\u00e7\u00e3o de col\u00e1geno vem ganhando destaque por estimular a pele de forma natural e progressiva com resultados que chamam aten\u00e7\u00e3o.","jnews-multi-image_gallery":[],"jnews_single_post":{"format":"standard"},"jnews_primary_category":[],"jnews_social_meta":[],"jnews_override_counter":[],"footnotes":""},"categories":[4404],"tags":[120,247,565],"class_list":["post-177972","post","type-post","status-publish","format-standard","has-post-thumbnail","hentry","category-saude","tag-bem-estar","tag-qualidade-de-vida","tag-saude"],"yoast_head":"<!-- This site is optimized with the Yoast SEO plugin v24.6 - https:\/\/yoast.com\/wordpress\/plugins\/seo\/ -->\n<title>O tratamento mais eficaz para estimular col\u00e1geno na pele - Correio Braziliense - Radar<\/title>\n<meta name=\"description\" content=\"A bioestimula\u00e7\u00e3o de col\u00e1geno vem ganhando destaque por estimular a pele de forma natural e progressiva com resultados que chamam aten\u00e7\u00e3o.\" \/>\n<meta name=\"robots\" content=\"index, follow, max-snippet:-1, max-image-preview:large, max-video-preview:-1\" \/>\n<link rel=\"canonical\" href=\"https:\/\/www.correiobraziliense.com.br\/cbradar\/o-tratamento-mais-eficaz-para-estimular-colageno-na-pele\/\" \/>\n<meta property=\"og:locale\" content=\"pt_BR\" \/>\n<meta property=\"og:type\" content=\"article\" \/>\n<meta property=\"og:title\" content=\"O tratamento mais eficaz para estimular col\u00e1geno na pele - Correio Braziliense - Radar\" \/>\n<meta property=\"og:description\" content=\"A bioestimula\u00e7\u00e3o de col\u00e1geno vem ganhando destaque por estimular a pele de forma natural e progressiva com resultados que chamam aten\u00e7\u00e3o.\" \/>\n<meta property=\"og:url\" content=\"https:\/\/www.correiobraziliense.com.br\/cbradar\/o-tratamento-mais-eficaz-para-estimular-colageno-na-pele\/\" \/>\n<meta property=\"og:site_name\" content=\"Correio Braziliense - Radar\" \/>\n<meta property=\"article:published_time\" content=\"2026-01-19T20:15:00+00:00\" \/>\n<meta property=\"og:image\" content=\"https:\/\/www.correiobraziliense.com.br\/cbradar\/wp-content\/uploads\/2025\/11\/colageno_1762813399121.jpg\" \/>\n\t<meta property=\"og:image:width\" content=\"1280\" \/>\n\t<meta property=\"og:image:height\" content=\"720\" \/>\n\t<meta property=\"og:image:type\" content=\"image\/jpeg\" \/>\n<meta name=\"author\" content=\"guilherme_saude\" \/>\n<meta name=\"twitter:card\" content=\"summary_large_image\" \/>\n<meta name=\"twitter:label1\" content=\"Escrito por\" \/>\n\t<meta name=\"twitter:data1\" content=\"guilherme_saude\" \/>\n\t<meta name=\"twitter:label2\" content=\"Est. tempo de leitura\" \/>\n\t<meta name=\"twitter:data2\" content=\"4 minutos\" \/>\n<!-- \/ Yoast SEO plugin. -->","yoast_head_json":{"title":"O tratamento mais eficaz para estimular col\u00e1geno na pele - Correio Braziliense - Radar","description":"A bioestimula\u00e7\u00e3o de col\u00e1geno vem ganhando destaque por estimular a pele de forma natural e progressiva com resultados que chamam aten\u00e7\u00e3o.","robots":{"index":"index","follow":"follow","max-snippet":"max-snippet:-1","max-image-preview":"max-image-preview:large","max-video-preview":"max-video-preview:-1"},"canonical":"https:\/\/www.correiobraziliense.com.br\/cbradar\/o-tratamento-mais-eficaz-para-estimular-colageno-na-pele\/","og_locale":"pt_BR","og_type":"article","og_title":"O tratamento mais eficaz para estimular col\u00e1geno na pele - Correio Braziliense - Radar","og_description":"A bioestimula\u00e7\u00e3o de col\u00e1geno vem ganhando destaque por estimular a pele de forma natural e progressiva com resultados que chamam aten\u00e7\u00e3o.","og_url":"https:\/\/www.correiobraziliense.com.br\/cbradar\/o-tratamento-mais-eficaz-para-estimular-colageno-na-pele\/","og_site_name":"Correio Braziliense - Radar","article_published_time":"2026-01-19T20:15:00+00:00","og_image":[{"width":1280,"height":720,"url":"https:\/\/www.correiobraziliense.com.br\/cbradar\/wp-content\/uploads\/2025\/11\/colageno_1762813399121.jpg","type":"image\/jpeg"}],"author":"guilherme_saude","twitter_card":"summary_large_image","twitter_misc":{"Escrito por":"guilherme_saude","Est. tempo de leitura":"4 minutos"},"schema":{"@context":"https:\/\/schema.org","@graph":[{"@type":"WebPage","@id":"https:\/\/www.correiobraziliense.com.br\/cbradar\/o-tratamento-mais-eficaz-para-estimular-colageno-na-pele\/","url":"https:\/\/www.correiobraziliense.com.br\/cbradar\/o-tratamento-mais-eficaz-para-estimular-colageno-na-pele\/","name":"O tratamento mais eficaz para estimular col\u00e1geno na pele - Correio Braziliense - Radar","isPartOf":{"@id":"https:\/\/www.correiobraziliense.com.br\/cbradar\/#website"},"primaryImageOfPage":{"@id":"https:\/\/www.correiobraziliense.com.br\/cbradar\/o-tratamento-mais-eficaz-para-estimular-colageno-na-pele\/#primaryimage"},"image":{"@id":"https:\/\/www.correiobraziliense.com.br\/cbradar\/o-tratamento-mais-eficaz-para-estimular-colageno-na-pele\/#primaryimage"},"thumbnailUrl":"https:\/\/www.correiobraziliense.com.br\/cbradar\/wp-content\/uploads\/2025\/11\/colageno_1762813399121.jpg","datePublished":"2026-01-19T20:15:00+00:00","author":{"@id":"https:\/\/www.correiobraziliense.com.br\/cbradar\/#\/schema\/person\/5aa4bf3c8fa699c267933611de12978b"},"description":"A bioestimula\u00e7\u00e3o de col\u00e1geno vem ganhando destaque por estimular a pele de forma natural e progressiva com resultados que chamam aten\u00e7\u00e3o.","breadcrumb":{"@id":"https:\/\/www.correiobraziliense.com.br\/cbradar\/o-tratamento-mais-eficaz-para-estimular-colageno-na-pele\/#breadcrumb"},"inLanguage":"pt-BR","potentialAction":[{"@type":"ReadAction","target":["https:\/\/www.correiobraziliense.com.br\/cbradar\/o-tratamento-mais-eficaz-para-estimular-colageno-na-pele\/"]}]},{"@type":"ImageObject","inLanguage":"pt-BR","@id":"https:\/\/www.correiobraziliense.com.br\/cbradar\/o-tratamento-mais-eficaz-para-estimular-colageno-na-pele\/#primaryimage","url":"https:\/\/www.correiobraziliense.com.br\/cbradar\/wp-content\/uploads\/2025\/11\/colageno_1762813399121.jpg","contentUrl":"https:\/\/www.correiobraziliense.com.br\/cbradar\/wp-content\/uploads\/2025\/11\/colageno_1762813399121.jpg","width":1280,"height":720,"caption":"Como aumentar o col\u00e1geno naturalmente com a alimenta\u00e7\u00e3o - Cr\u00e9ditos: depositphotos.com \/ Sofia_Zhuravets"},{"@type":"BreadcrumbList","@id":"https:\/\/www.correiobraziliense.com.br\/cbradar\/o-tratamento-mais-eficaz-para-estimular-colageno-na-pele\/#breadcrumb","itemListElement":[{"@type":"ListItem","position":1,"name":"In\u00edcio","item":"https:\/\/www.correiobraziliense.com.br\/cbradar\/"},{"@type":"ListItem","position":2,"name":"O tratamento mais eficaz para estimular col\u00e1geno na pele"}]},{"@type":"WebSite","@id":"https:\/\/www.correiobraziliense.com.br\/cbradar\/#website","url":"https:\/\/www.correiobraziliense.com.br\/cbradar\/","name":"Correio Braziliense - Radar","description":"Acompanhe as \u00faltimas not\u00edcias e fique bem informado sobre tudo o que acontece no Brasil e no mundo.","potentialAction":[{"@type":"SearchAction","target":{"@type":"EntryPoint","urlTemplate":"https:\/\/www.correiobraziliense.com.br\/cbradar\/?s={search_term_string}"},"query-input":{"@type":"PropertyValueSpecification","valueRequired":true,"valueName":"search_term_string"}}],"inLanguage":"pt-BR"},{"@type":"Person","@id":"https:\/\/www.correiobraziliense.com.br\/cbradar\/#\/schema\/person\/5aa4bf3c8fa699c267933611de12978b","name":"guilherme_saude","image":{"@type":"ImageObject","inLanguage":"pt-BR","@id":"https:\/\/www.correiobraziliense.com.br\/cbradar\/#\/schema\/person\/image\/","url":"https:\/\/secure.gravatar.com\/avatar\/df9adfb835d344bc0af109d41756253f?s=96&d=mm&r=g","contentUrl":"https:\/\/secure.gravatar.com\/avatar\/df9adfb835d344bc0af109d41756253f?s=96&d=mm&r=g","caption":"guilherme_saude"},"url":"https:\/\/www.correiobraziliense.com.br\/cbradar\/author\/guilherme_saude\/"}]}},"_links":{"self":[{"href":"https:\/\/www.correiobraziliense.com.br\/cbradar\/wp-json\/wp\/v2\/posts\/177972","targetHints":{"allow":["GET"]}}],"collection":[{"href":"https:\/\/www.correiobraziliense.com.br\/cbradar\/wp-json\/wp\/v2\/posts"}],"about":[{"href":"https:\/\/www.correiobraziliense.com.br\/cbradar\/wp-json\/wp\/v2\/types\/post"}],"author":[{"embeddable":true,"href":"https:\/\/www.correiobraziliense.com.br\/cbradar\/wp-json\/wp\/v2\/users\/14"}],"replies":[{"embeddable":true,"href":"https:\/\/www.correiobraziliense.com.br\/cbradar\/wp-json\/wp\/v2\/comments?post=177972"}],"version-history":[{"count":1,"href":"https:\/\/www.correiobraziliense.com.br\/cbradar\/wp-json\/wp\/v2\/posts\/177972\/revisions"}],"predecessor-version":[{"id":177973,"href":"https:\/\/www.correiobraziliense.com.br\/cbradar\/wp-json\/wp\/v2\/posts\/177972\/revisions\/177973"}],"wp:featuredmedia":[{"embeddable":true,"href":"https:\/\/www.correiobraziliense.com.br\/cbradar\/wp-json\/wp\/v2\/media\/135371"}],"wp:attachment":[{"href":"https:\/\/www.correiobraziliense.com.br\/cbradar\/wp-json\/wp\/v2\/media?parent=177972"}],"wp:term":[{"taxonomy":"category","embeddable":true,"href":"https:\/\/www.correiobraziliense.com.br\/cbradar\/wp-json\/wp\/v2\/categories?post=177972"},{"taxonomy":"post_tag","embeddable":true,"href":"https:\/\/www.correiobraziliense.com.br\/cbradar\/wp-json\/wp\/v2\/tags?post=177972"}],"curies":[{"name":"wp","href":"https:\/\/api.w.org\/{rel}","templated":true}]}}