{"id":177982,"date":"2026-01-19T21:35:00","date_gmt":"2026-01-20T00:35:00","guid":{"rendered":"https:\/\/www.correiobraziliense.com.br\/cbradar\/?p=177982"},"modified":"2026-01-18T20:46:09","modified_gmt":"2026-01-18T23:46:09","slug":"a-privacao-de-sono-afeta-o-corpo-de-formas-surpreendentes","status":"publish","type":"post","link":"https:\/\/www.correiobraziliense.com.br\/cbradar\/a-privacao-de-sono-afeta-o-corpo-de-formas-surpreendentes\/","title":{"rendered":"A priva\u00e7\u00e3o de sono afeta o corpo de formas surpreendentes"},"content":{"rendered":"\n<p>A priva\u00e7\u00e3o de sono \u00e9 um problema crescente nos dias atuais, com muitas pessoas n\u00e3o conseguindo atingir as horas de sono recomendadas pelos especialistas. Dormir menos de sete horas por noite pode resultar em uma variedade de sintomas desconfort\u00e1veis, incluindo cansa\u00e7o excessivo, dificuldades de concentra\u00e7\u00e3o e altera\u00e7\u00f5es de humor. Al\u00e9m desses efeitos imediatos, o sono insuficiente e cr\u00f4nico pode ter impactos significativos e duradouros na sa\u00fade f\u00edsica e mental de um indiv\u00edduo.<\/p>\n\n\n\n<p>A sa\u00fade cardiovascular pode ser diretamente afetada pela priva\u00e7\u00e3o de sono. Estudos apontam que a falta de descanso suficiente est\u00e1 associada a um risco aumentado de doen\u00e7as card\u00edacas, incluindo hipertens\u00e3o e acidentes vasculares cerebrais. Essa rela\u00e7\u00e3o se deve, em parte, \u00e0 maneira como o sono inadequado interfere na regula\u00e7\u00e3o do sistema nervoso e na press\u00e3o arterial.<\/p>\n\n\n\n<h2 class=\"wp-block-heading\">Quais s\u00e3o os efeitos metab\u00f3licos da priva\u00e7\u00e3o de sono?<\/h2>\n\n\n\n<p>A priva\u00e7\u00e3o de sono n\u00e3o afeta apenas a <a href=\"https:\/\/www.correiobraziliense.com.br\/cbradar\/dr-cesar-cimonari-neurocirurgiao-cefaleia-secundaria-pode-indicar-doenca-grave\/\" target=\"_blank\" rel=\"noreferrer noopener\">sa\u00fade <\/a>do cora\u00e7\u00e3o. Ela tamb\u00e9m est\u00e1 ligada a dist\u00farbios metab\u00f3licos, como obesidade e diabetes tipo 2. A falta de sono tende a desregular horm\u00f4nios como a grelina e a leptina, que controlam a fome e a saciedade, respectivamente. Isso pode resultar em um aumento do apetite e, consequentemente, do consumo de alimentos de alta caloria. Al\u00e9m disso, o repouso insuficiente prejudica o metabolismo da glicose, o que favorece a resist\u00eancia \u00e0 insulina.<\/p>\n\n\n\n<h2 class=\"wp-block-heading\">Como a priva\u00e7\u00e3o de sono afeta a sa\u00fade mental?<\/h2>\n\n\n<div class=\"wp-block-image\">\n<figure class=\"aligncenter size-large\"><img decoding=\"async\" width=\"1024\" height=\"576\" src=\"https:\/\/www.correiobraziliense.com.br\/cbradar\/wp-content\/uploads\/2025\/06\/sleepy_1749654758640-1024x576.jpg\" alt=\"\" class=\"wp-image-51923\" srcset=\"https:\/\/www.correiobraziliense.com.br\/cbradar\/wp-content\/uploads\/2025\/06\/sleepy_1749654758640-1024x576.jpg 1024w, https:\/\/www.correiobraziliense.com.br\/cbradar\/wp-content\/uploads\/2025\/06\/sleepy_1749654758640-300x169.jpg 300w, https:\/\/www.correiobraziliense.com.br\/cbradar\/wp-content\/uploads\/2025\/06\/sleepy_1749654758640-768x432.jpg 768w, https:\/\/www.correiobraziliense.com.br\/cbradar\/wp-content\/uploads\/2025\/06\/sleepy_1749654758640-750x422.jpg 750w, https:\/\/www.correiobraziliense.com.br\/cbradar\/wp-content\/uploads\/2025\/06\/sleepy_1749654758640-1140x641.jpg 1140w, https:\/\/www.correiobraziliense.com.br\/cbradar\/wp-content\/uploads\/2025\/06\/sleepy_1749654758640.jpg 1280w\" sizes=\"(max-width: 1024px) 100vw, 1024px\" \/><figcaption class=\"wp-element-caption\">Sono &#8211; Cr\u00e9ditos: depositphotos.com \/ VGeorgiev<\/figcaption><\/figure><\/div>\n\n\n<p>Do ponto de vista psicol\u00f3gico, a priva\u00e7\u00e3o de sono est\u00e1 fortemente associada ao aumento da ansiedade, depress\u00e3o e irritabilidade. A falta cr\u00f4nica de descanso leva a maiores n\u00edveis de estresse e conflito interpessoal, impactando negativamente as rela\u00e7\u00f5es sociais e o bem-estar emocional. Em casos extremos, a priva\u00e7\u00e3o aguda de sono pode at\u00e9 mesmo causar alucina\u00e7\u00f5es e del\u00edrios.<\/p>\n\n\n\n<h2 class=\"wp-block-heading\">H\u00e1 uma queda na imunidade devido ao sono insuficiente?<\/h2>\n\n\n\n<p>O sistema imunol\u00f3gico tamb\u00e9m sofre com a falta de sono. A priva\u00e7\u00e3o prolongada provoca uma inflama\u00e7\u00e3o cr\u00f4nica que compromete a produ\u00e7\u00e3o de c\u00e9lulas de defesa, tornando o corpo mais suscet\u00edvel a infec\u00e7\u00f5es, como resfriados e gripes. Essa redu\u00e7\u00e3o na imunidade aumenta o tempo de recupera\u00e7\u00e3o de doen\u00e7as e eleva o risco geral de adoecimento.<\/p>\n\n\n\n<h2 class=\"wp-block-heading\">Quais s\u00e3o as causas comuns da priva\u00e7\u00e3o de sono?<\/h2>\n\n\n\n<p>Muitos fatores podem contribuir para a priva\u00e7\u00e3o de sono. Maus h\u00e1bitos, como o uso excessivo de eletr\u00f4nicos antes de dormir, hor\u00e1rios de sono irregulares e consumo de cafe\u00edna tarde da noite, s\u00e3o alguns dos mais frequentes. Al\u00e9m disso, condi\u00e7\u00f5es m\u00e9dicas e dist\u00farbios do sono, como ins\u00f4nia e apneia do sono, podem desempenhar um papel significativo na dificuldade de adormecer ou manter o sono.<\/p>\n\n\n\n<p>Para mitigar os efeitos da priva\u00e7\u00e3o de sono, \u00e9 essencial adotar pr\u00e1ticas que promovam uma melhor higiene do sono. Criar um ambiente prop\u00edcio para o descanso, controlar o estresse e manter uma rotina regular de hor\u00e1rio de dormir e acordar s\u00e3o passos fundamentais para garantir um sono reparador. Caso os problemas persistam, consultar um m\u00e9dico \u00e9 crucial para identificar causas subjacentes e receber o tratamento adequado.<\/p>\n\n\n<a href=\"https:\/\/www.instagram.com\/dra.annaluisabf\/\" target=\"_blank\" rel=\"noopener\" style=\"text-decoration: none; color: inherit;\">\n    <span style=\"display: inline-block; border: 1px solid #ccc; border-radius: 10px; padding: 15px; max-width: 550px; font-family: sans-serif; box-shadow: 0 2px 5px rgba(0,0,0,0.1); width: 100%;\">\n\n      <!-- T\u00edtulo -->\n      <span style=\"display: block; margin: 0 0 15px 0; font-weight: bold; color: #2c3e50; text-align: center;\">\n        Entre em contato:\n      <\/span>\n\n      <!-- Linha do perfil -->\n      <span style=\"display: flex; align-items: center; gap: 15px;\">\n        <img decoding=\"async\"\n          src=\"https:\/\/www.correiobraziliense.com.br\/cbradar\/wp-content\/uploads\/2025\/08\/dra_anna_luisa.jpeg\"\n          alt=\"Foto da Dra. Anna Lu\u00edsa\"\n          style=\"border-radius: 50%; width: 80px; height: 80px; object-fit: cover;\"\n        \/>\n        <span style=\"display: flex; flex-direction: column;\">\n          <span style=\"font-size: 18px; font-weight: 700; color: #2c3e50;\">Dra. Anna Lu\u00edsa Barbosa Fernandes<\/span>\n          <span style=\"color: #555;\">CRM-GO 33.271<\/span>\n        <\/span>\n      <\/span>\n\n      <!-- Redes -->\n      <span style=\"display: flex; align-items: center; gap: 10px; margin-top: 12px;\">\n        <img decoding=\"async\" src=\"https:\/\/cdn-icons-png.flaticon.com\/24\/1384\/1384063.png\" alt=\"Instagram\" width=\"24\" height=\"24\" \/>\n        <span style=\"text-decoration: underline; color: #2c3e50;\">@dra.annaluisabf<\/span>\n      <\/span>\n\n    <\/span>\n  <\/a>","protected":false},"excerpt":{"rendered":"<p>A priva\u00e7\u00e3o de sono \u00e9 um problema crescente nos dias atuais, com muitas pessoas n\u00e3o conseguindo atingir as horas de sono recomendadas pelos especialistas. Dormir menos de sete horas por noite pode resultar em uma variedade de sintomas desconfort\u00e1veis, incluindo cansa\u00e7o excessivo, dificuldades de concentra\u00e7\u00e3o e altera\u00e7\u00f5es de humor. Al\u00e9m desses efeitos imediatos, o sono [&hellip;]<\/p>\n","protected":false},"author":14,"featured_media":83023,"comment_status":"open","ping_status":"open","sticky":false,"template":"","format":"standard","meta":{"_yoast_wpseo_focuskw":"priva\u00e7\u00e3o de sono","_yoast_wpseo_title":"","_yoast_wpseo_metadesc":"A priva\u00e7\u00e3o de sono pode afetar cora\u00e7\u00e3o, mente e imunidade de formas silenciosas que s\u00f3 aparecem com o tempo.","jnews-multi-image_gallery":[],"jnews_single_post":{"format":"standard"},"jnews_primary_category":[],"jnews_social_meta":[],"jnews_override_counter":[],"footnotes":""},"categories":[4404],"tags":[120,1318,1313],"class_list":["post-177982","post","type-post","status-publish","format-standard","has-post-thumbnail","hentry","category-saude","tag-bem-estar","tag-saude-2","tag-sono"],"yoast_head":"<!-- This site is optimized with the Yoast SEO plugin v24.6 - https:\/\/yoast.com\/wordpress\/plugins\/seo\/ -->\n<title>A priva\u00e7\u00e3o de sono afeta o corpo de formas surpreendentes - Correio Braziliense - Radar<\/title>\n<meta name=\"description\" content=\"A priva\u00e7\u00e3o de sono pode afetar cora\u00e7\u00e3o, mente e imunidade de formas silenciosas que s\u00f3 aparecem com o tempo.\" \/>\n<meta name=\"robots\" content=\"index, follow, max-snippet:-1, max-image-preview:large, max-video-preview:-1\" \/>\n<link rel=\"canonical\" href=\"https:\/\/www.correiobraziliense.com.br\/cbradar\/a-privacao-de-sono-afeta-o-corpo-de-formas-surpreendentes\/\" \/>\n<meta property=\"og:locale\" content=\"pt_BR\" \/>\n<meta property=\"og:type\" content=\"article\" \/>\n<meta property=\"og:title\" content=\"A priva\u00e7\u00e3o de sono afeta o corpo de formas surpreendentes - Correio Braziliense - Radar\" \/>\n<meta property=\"og:description\" content=\"A priva\u00e7\u00e3o de sono pode afetar cora\u00e7\u00e3o, mente e imunidade de formas silenciosas que s\u00f3 aparecem com o tempo.\" \/>\n<meta property=\"og:url\" content=\"https:\/\/www.correiobraziliense.com.br\/cbradar\/a-privacao-de-sono-afeta-o-corpo-de-formas-surpreendentes\/\" \/>\n<meta property=\"og:site_name\" content=\"Correio Braziliense - Radar\" \/>\n<meta property=\"article:published_time\" content=\"2026-01-20T00:35:00+00:00\" \/>\n<meta property=\"og:image\" content=\"https:\/\/www.correiobraziliense.com.br\/cbradar\/wp-content\/uploads\/2025\/08\/sonolencia_1754668726249.jpg\" \/>\n\t<meta property=\"og:image:width\" content=\"1280\" \/>\n\t<meta property=\"og:image:height\" content=\"720\" \/>\n\t<meta property=\"og:image:type\" content=\"image\/jpeg\" \/>\n<meta name=\"author\" content=\"guilherme_saude\" \/>\n<meta name=\"twitter:card\" content=\"summary_large_image\" \/>\n<meta name=\"twitter:label1\" content=\"Escrito por\" \/>\n\t<meta name=\"twitter:data1\" content=\"guilherme_saude\" \/>\n\t<meta name=\"twitter:label2\" content=\"Est. tempo de leitura\" \/>\n\t<meta name=\"twitter:data2\" content=\"4 minutos\" \/>\n<!-- \/ Yoast SEO plugin. -->","yoast_head_json":{"title":"A priva\u00e7\u00e3o de sono afeta o corpo de formas surpreendentes - Correio Braziliense - Radar","description":"A priva\u00e7\u00e3o de sono pode afetar cora\u00e7\u00e3o, mente e imunidade de formas silenciosas que s\u00f3 aparecem com o tempo.","robots":{"index":"index","follow":"follow","max-snippet":"max-snippet:-1","max-image-preview":"max-image-preview:large","max-video-preview":"max-video-preview:-1"},"canonical":"https:\/\/www.correiobraziliense.com.br\/cbradar\/a-privacao-de-sono-afeta-o-corpo-de-formas-surpreendentes\/","og_locale":"pt_BR","og_type":"article","og_title":"A priva\u00e7\u00e3o de sono afeta o corpo de formas surpreendentes - Correio Braziliense - Radar","og_description":"A priva\u00e7\u00e3o de sono pode afetar cora\u00e7\u00e3o, mente e imunidade de formas silenciosas que s\u00f3 aparecem com o tempo.","og_url":"https:\/\/www.correiobraziliense.com.br\/cbradar\/a-privacao-de-sono-afeta-o-corpo-de-formas-surpreendentes\/","og_site_name":"Correio Braziliense - Radar","article_published_time":"2026-01-20T00:35:00+00:00","og_image":[{"width":1280,"height":720,"url":"https:\/\/www.correiobraziliense.com.br\/cbradar\/wp-content\/uploads\/2025\/08\/sonolencia_1754668726249.jpg","type":"image\/jpeg"}],"author":"guilherme_saude","twitter_card":"summary_large_image","twitter_misc":{"Escrito por":"guilherme_saude","Est. tempo de leitura":"4 minutos"},"schema":{"@context":"https:\/\/schema.org","@graph":[{"@type":"WebPage","@id":"https:\/\/www.correiobraziliense.com.br\/cbradar\/a-privacao-de-sono-afeta-o-corpo-de-formas-surpreendentes\/","url":"https:\/\/www.correiobraziliense.com.br\/cbradar\/a-privacao-de-sono-afeta-o-corpo-de-formas-surpreendentes\/","name":"A priva\u00e7\u00e3o de sono afeta o corpo de formas surpreendentes - Correio Braziliense - Radar","isPartOf":{"@id":"https:\/\/www.correiobraziliense.com.br\/cbradar\/#website"},"primaryImageOfPage":{"@id":"https:\/\/www.correiobraziliense.com.br\/cbradar\/a-privacao-de-sono-afeta-o-corpo-de-formas-surpreendentes\/#primaryimage"},"image":{"@id":"https:\/\/www.correiobraziliense.com.br\/cbradar\/a-privacao-de-sono-afeta-o-corpo-de-formas-surpreendentes\/#primaryimage"},"thumbnailUrl":"https:\/\/www.correiobraziliense.com.br\/cbradar\/wp-content\/uploads\/2025\/08\/sonolencia_1754668726249.jpg","datePublished":"2026-01-20T00:35:00+00:00","author":{"@id":"https:\/\/www.correiobraziliense.com.br\/cbradar\/#\/schema\/person\/5aa4bf3c8fa699c267933611de12978b"},"description":"A priva\u00e7\u00e3o de sono pode afetar cora\u00e7\u00e3o, mente e imunidade de formas silenciosas que s\u00f3 aparecem com o tempo.","breadcrumb":{"@id":"https:\/\/www.correiobraziliense.com.br\/cbradar\/a-privacao-de-sono-afeta-o-corpo-de-formas-surpreendentes\/#breadcrumb"},"inLanguage":"pt-BR","potentialAction":[{"@type":"ReadAction","target":["https:\/\/www.correiobraziliense.com.br\/cbradar\/a-privacao-de-sono-afeta-o-corpo-de-formas-surpreendentes\/"]}]},{"@type":"ImageObject","inLanguage":"pt-BR","@id":"https:\/\/www.correiobraziliense.com.br\/cbradar\/a-privacao-de-sono-afeta-o-corpo-de-formas-surpreendentes\/#primaryimage","url":"https:\/\/www.correiobraziliense.com.br\/cbradar\/wp-content\/uploads\/2025\/08\/sonolencia_1754668726249.jpg","contentUrl":"https:\/\/www.correiobraziliense.com.br\/cbradar\/wp-content\/uploads\/2025\/08\/sonolencia_1754668726249.jpg","width":1280,"height":720,"caption":"A estrat\u00e9gia mais eficaz para acalmar a mente e dormir melhor - Cr\u00e9ditos: depositphotos.com \/ kolapatha@outlook.co.th"},{"@type":"BreadcrumbList","@id":"https:\/\/www.correiobraziliense.com.br\/cbradar\/a-privacao-de-sono-afeta-o-corpo-de-formas-surpreendentes\/#breadcrumb","itemListElement":[{"@type":"ListItem","position":1,"name":"In\u00edcio","item":"https:\/\/www.correiobraziliense.com.br\/cbradar\/"},{"@type":"ListItem","position":2,"name":"A priva\u00e7\u00e3o de sono afeta o corpo de formas surpreendentes"}]},{"@type":"WebSite","@id":"https:\/\/www.correiobraziliense.com.br\/cbradar\/#website","url":"https:\/\/www.correiobraziliense.com.br\/cbradar\/","name":"Correio Braziliense - Radar","description":"Acompanhe as \u00faltimas not\u00edcias e fique bem informado sobre tudo o que acontece no Brasil e no mundo.","potentialAction":[{"@type":"SearchAction","target":{"@type":"EntryPoint","urlTemplate":"https:\/\/www.correiobraziliense.com.br\/cbradar\/?s={search_term_string}"},"query-input":{"@type":"PropertyValueSpecification","valueRequired":true,"valueName":"search_term_string"}}],"inLanguage":"pt-BR"},{"@type":"Person","@id":"https:\/\/www.correiobraziliense.com.br\/cbradar\/#\/schema\/person\/5aa4bf3c8fa699c267933611de12978b","name":"guilherme_saude","image":{"@type":"ImageObject","inLanguage":"pt-BR","@id":"https:\/\/www.correiobraziliense.com.br\/cbradar\/#\/schema\/person\/image\/","url":"https:\/\/secure.gravatar.com\/avatar\/df9adfb835d344bc0af109d41756253f?s=96&d=mm&r=g","contentUrl":"https:\/\/secure.gravatar.com\/avatar\/df9adfb835d344bc0af109d41756253f?s=96&d=mm&r=g","caption":"guilherme_saude"},"url":"https:\/\/www.correiobraziliense.com.br\/cbradar\/author\/guilherme_saude\/"}]}},"_links":{"self":[{"href":"https:\/\/www.correiobraziliense.com.br\/cbradar\/wp-json\/wp\/v2\/posts\/177982","targetHints":{"allow":["GET"]}}],"collection":[{"href":"https:\/\/www.correiobraziliense.com.br\/cbradar\/wp-json\/wp\/v2\/posts"}],"about":[{"href":"https:\/\/www.correiobraziliense.com.br\/cbradar\/wp-json\/wp\/v2\/types\/post"}],"author":[{"embeddable":true,"href":"https:\/\/www.correiobraziliense.com.br\/cbradar\/wp-json\/wp\/v2\/users\/14"}],"replies":[{"embeddable":true,"href":"https:\/\/www.correiobraziliense.com.br\/cbradar\/wp-json\/wp\/v2\/comments?post=177982"}],"version-history":[{"count":1,"href":"https:\/\/www.correiobraziliense.com.br\/cbradar\/wp-json\/wp\/v2\/posts\/177982\/revisions"}],"predecessor-version":[{"id":177983,"href":"https:\/\/www.correiobraziliense.com.br\/cbradar\/wp-json\/wp\/v2\/posts\/177982\/revisions\/177983"}],"wp:featuredmedia":[{"embeddable":true,"href":"https:\/\/www.correiobraziliense.com.br\/cbradar\/wp-json\/wp\/v2\/media\/83023"}],"wp:attachment":[{"href":"https:\/\/www.correiobraziliense.com.br\/cbradar\/wp-json\/wp\/v2\/media?parent=177982"}],"wp:term":[{"taxonomy":"category","embeddable":true,"href":"https:\/\/www.correiobraziliense.com.br\/cbradar\/wp-json\/wp\/v2\/categories?post=177982"},{"taxonomy":"post_tag","embeddable":true,"href":"https:\/\/www.correiobraziliense.com.br\/cbradar\/wp-json\/wp\/v2\/tags?post=177982"}],"curies":[{"name":"wp","href":"https:\/\/api.w.org\/{rel}","templated":true}]}}