{"id":177987,"date":"2026-01-20T07:45:00","date_gmt":"2026-01-20T10:45:00","guid":{"rendered":"https:\/\/www.correiobraziliense.com.br\/cbradar\/?p=177987"},"modified":"2026-01-18T20:50:58","modified_gmt":"2026-01-18T23:50:58","slug":"as-melhores-tecnicas-de-respiracao-para-reduzir-o-estresse","status":"publish","type":"post","link":"https:\/\/www.correiobraziliense.com.br\/cbradar\/as-melhores-tecnicas-de-respiracao-para-reduzir-o-estresse\/","title":{"rendered":"As melhores t\u00e9cnicas de respira\u00e7\u00e3o para reduzir o estresse"},"content":{"rendered":"\n<p>A <strong>Respira\u00e7\u00e3o <\/strong>\u00e9 um processo vital que, quando realizado corretamente, pode trazer uma s\u00e9rie de benef\u00edcios para a sa\u00fade geral do organismo. T\u00e9cnicas de respira\u00e7\u00e3o, como a respira\u00e7\u00e3o diafragm\u00e1tica e a respira\u00e7\u00e3o quadrada, s\u00e3o pr\u00e1ticas que podem melhorar significativamente a qualidade de vida. Enquanto a respira\u00e7\u00e3o \u00e9 muitas vezes autom\u00e1tica, aprender a control\u00e1-la conscientemente pode ajudar a reduzir o estresse e aumentar a concentra\u00e7\u00e3o.<\/p>\n\n\n\n<p>\u00c9 importante reconhecer a influ\u00eancia que a respira\u00e7\u00e3o correta tem sobre diferentes aspectos da sa\u00fade. Isso inclui a queda na ansiedade, melhorias na qualidade do sono, e uma contribui\u00e7\u00e3o significativa para a sa\u00fade respirat\u00f3ria. T\u00e9cnicas espec\u00edficas, como a respira\u00e7\u00e3o 4-7-8 e a respira\u00e7\u00e3o frenolabial, t\u00eam fun\u00e7\u00f5es espec\u00edficas que promovem o relaxamento e reduzem a sensa\u00e7\u00e3o de falta de ar.<\/p>\n\n\n\n<h2 class=\"wp-block-heading\">Quais s\u00e3o as principais t\u00e9cnicas de respira\u00e7\u00e3o?<\/h2>\n\n\n\n<p>Existem v\u00e1rias t\u00e9cnicas que se destacam na promo\u00e7\u00e3o de uma respira\u00e7\u00e3o eficiente e ben\u00e9fica. A&nbsp;<strong>respira\u00e7\u00e3o diafragm\u00e1tica<\/strong>, por exemplo, foca no uso do diafragma, um m\u00fasculo essencial para respira\u00e7\u00f5es profundas e completas. Para pratic\u00e1-la, a pessoa deve se deitar em uma superf\u00edcie plana, respirar pelo nariz, expandindo a barriga, e expirar lentamente pela boca.<\/p>\n\n\n\n<p>Outra t\u00e9cnica popular \u00e9 a&nbsp;<strong>respira\u00e7\u00e3o quadrada<\/strong>&nbsp;ou&nbsp;<em>box breathing<\/em>. Este m\u00e9todo divide a respira\u00e7\u00e3o em quatro contagens iguais, promovendo relaxamento e foco. Ideal para momentos de estresse, ela envolve inspirar e expirar em quatro tempos iguais enquanto se mant\u00e9m a contagem respirat\u00f3ria constante.<\/p>\n\n\n<div class=\"wp-block-image\">\n<figure class=\"aligncenter size-large\"><img decoding=\"async\" width=\"1024\" height=\"576\" src=\"https:\/\/www.correiobraziliense.com.br\/cbradar\/wp-content\/uploads\/2025\/06\/respiracao_1750858279026-1024x576.jpg\" alt=\"\" class=\"wp-image-59249\" srcset=\"https:\/\/www.correiobraziliense.com.br\/cbradar\/wp-content\/uploads\/2025\/06\/respiracao_1750858279026-1024x576.jpg 1024w, https:\/\/www.correiobraziliense.com.br\/cbradar\/wp-content\/uploads\/2025\/06\/respiracao_1750858279026-300x169.jpg 300w, https:\/\/www.correiobraziliense.com.br\/cbradar\/wp-content\/uploads\/2025\/06\/respiracao_1750858279026-768x432.jpg 768w, https:\/\/www.correiobraziliense.com.br\/cbradar\/wp-content\/uploads\/2025\/06\/respiracao_1750858279026-750x422.jpg 750w, https:\/\/www.correiobraziliense.com.br\/cbradar\/wp-content\/uploads\/2025\/06\/respiracao_1750858279026-1140x641.jpg 1140w, https:\/\/www.correiobraziliense.com.br\/cbradar\/wp-content\/uploads\/2025\/06\/respiracao_1750858279026.jpg 1280w\" sizes=\"(max-width: 1024px) 100vw, 1024px\" \/><figcaption class=\"wp-element-caption\">Respira\u00e7\u00e3o &#8211; Cr\u00e9ditos: depositphotos.com \/ VitalikRadko<\/figcaption><\/figure><\/div>\n\n\n<h2 class=\"wp-block-heading\">Como a t\u00e9cnica 4-7-8 ajuda no gerenciamento do estresse?<\/h2>\n\n\n\n<p>A&nbsp;<strong>t\u00e9cnica de respira\u00e7\u00e3o 4-7-8<\/strong>&nbsp;\u00e9 utilizada em v\u00e1rias pr\u00e1ticas de medita\u00e7\u00e3o e yoga para ajudar a controlar a tens\u00e3o e melhorar o sono. Ela segue um padr\u00e3o onde a pessoa inspira pelo nariz em quatro segundos, mant\u00e9m a respira\u00e7\u00e3o por sete segundos e expira lentamente pela boca contando at\u00e9 oito. Esta t\u00e9cnica n\u00e3o s\u00f3 acalma a mente como tamb\u00e9m estimula o sistema nervoso parassimp\u00e1tico, proporcionando tranquilidade.<\/p>\n\n\n\n<h2 class=\"wp-block-heading\">Quando usar a respira\u00e7\u00e3o frenolabial?<\/h2>\n\n\n\n<p>A&nbsp;<strong>respira\u00e7\u00e3o frenolabial<\/strong>&nbsp;\u00e9 particularmente recomendada para indiv\u00edduos que lidam com problemas respirat\u00f3rios, como a asma ou a DPOC. Esta t\u00e9cnica reduz a falta de ar e melhora a efici\u00eancia respirat\u00f3ria, sendo praticada ao se inspirar pelo nariz e expirar atrav\u00e9s de l\u00e1bios franzidos. Essa pr\u00e1tica cria uma resist\u00eancia que mant\u00e9m as vias a\u00e9reas abertas por mais tempo.<\/p>\n\n\n\n<h2 class=\"wp-block-heading\">Os benef\u00edcios de respirar corretamente<\/h2>\n\n\n\n<p>Dentre os principais benef\u00edcios das t\u00e9cnicas de respira\u00e7\u00e3o correta est\u00e3o a redu\u00e7\u00e3o de&nbsp;<strong>estresse<\/strong>&nbsp;e&nbsp;<strong>ansiedade<\/strong>, a estabiliza\u00e7\u00e3o da press\u00e3o arterial e o fortalecimento dos pulm\u00f5es. Esses m\u00e9todos tamb\u00e9m t\u00eam efeitos positivos na qualidade do sono e na concentra\u00e7\u00e3o, al\u00e9m de auxiliar na gest\u00e3o de problemas digestivos. Muitas pessoas s\u00e3o incentivadas a incorporarem essas t\u00e9cnicas em suas rotinas di\u00e1rias para melhorar seu bem-estar geral.<\/p>\n\n\n\n<p>No entanto, \u00e9 importante lembrar que pessoas com condi\u00e7\u00f5es m\u00e9dicas espec\u00edficas, tais como doen\u00e7as card\u00edacas ou respirat\u00f3rias graves, devem consultar um profissional de <a href=\"https:\/\/www.correiobraziliense.com.br\/cbradar\/dr-cesar-cimonari-neurocirurgiao-cefaleia-secundaria-pode-indicar-doenca-grave\/\" target=\"_blank\" rel=\"noreferrer noopener\">sa\u00fade <\/a>antes de iniciar qualquer novo regime de respira\u00e7\u00e3o. Gestantes tamb\u00e9m devem buscar orienta\u00e7\u00e3o m\u00e9dica para garantir que as pr\u00e1ticas sejam seguras para a m\u00e3e e o beb\u00ea.<\/p>\n\n\n<a href=\"https:\/\/www.instagram.com\/dra.annaluisabf\/\" target=\"_blank\" rel=\"noopener\" style=\"text-decoration: none; color: inherit;\">\n    <span style=\"display: inline-block; border: 1px solid #ccc; border-radius: 10px; padding: 15px; max-width: 550px; font-family: sans-serif; box-shadow: 0 2px 5px rgba(0,0,0,0.1); width: 100%;\">\n\n      <!-- T\u00edtulo -->\n      <span style=\"display: block; margin: 0 0 15px 0; font-weight: bold; color: #2c3e50; text-align: center;\">\n        Entre em contato:\n      <\/span>\n\n      <!-- Linha do perfil -->\n      <span style=\"display: flex; align-items: center; gap: 15px;\">\n        <img decoding=\"async\"\n          src=\"https:\/\/www.correiobraziliense.com.br\/cbradar\/wp-content\/uploads\/2025\/08\/dra_anna_luisa.jpeg\"\n          alt=\"Foto da Dra. Anna Lu\u00edsa\"\n          style=\"border-radius: 50%; width: 80px; height: 80px; object-fit: cover;\"\n        \/>\n        <span style=\"display: flex; flex-direction: column;\">\n          <span style=\"font-size: 18px; font-weight: 700; color: #2c3e50;\">Dra. Anna Lu\u00edsa Barbosa Fernandes<\/span>\n          <span style=\"color: #555;\">CRM-GO 33.271<\/span>\n        <\/span>\n      <\/span>\n\n      <!-- Redes -->\n      <span style=\"display: flex; align-items: center; gap: 10px; margin-top: 12px;\">\n        <img decoding=\"async\" src=\"https:\/\/cdn-icons-png.flaticon.com\/24\/1384\/1384063.png\" alt=\"Instagram\" width=\"24\" height=\"24\" \/>\n        <span style=\"text-decoration: underline; color: #2c3e50;\">@dra.annaluisabf<\/span>\n      <\/span>\n\n    <\/span>\n  <\/a>","protected":false},"excerpt":{"rendered":"<p>A Respira\u00e7\u00e3o \u00e9 um processo vital que, quando realizado corretamente, pode trazer uma s\u00e9rie de benef\u00edcios para a sa\u00fade geral do organismo. T\u00e9cnicas de respira\u00e7\u00e3o, como a respira\u00e7\u00e3o diafragm\u00e1tica e a respira\u00e7\u00e3o quadrada, s\u00e3o pr\u00e1ticas que podem melhorar significativamente a qualidade de vida. Enquanto a respira\u00e7\u00e3o \u00e9 muitas vezes autom\u00e1tica, aprender a control\u00e1-la conscientemente pode [&hellip;]<\/p>\n","protected":false},"author":14,"featured_media":59250,"comment_status":"open","ping_status":"open","sticky":false,"template":"","format":"standard","meta":{"_yoast_wpseo_focuskw":"t\u00e9cnicas de respira\u00e7\u00e3o","_yoast_wpseo_title":"","_yoast_wpseo_metadesc":"As t\u00e9cnicas de respira\u00e7\u00e3o corretas podem reduzir estresse, melhorar o sono e trazer mais equil\u00edbrio ao corpo e \u00e0 mente.","jnews-multi-image_gallery":[],"jnews_single_post":{"format":"standard"},"jnews_primary_category":[],"jnews_social_meta":[],"jnews_override_counter":[],"footnotes":""},"categories":[4404],"tags":[120,247,1318],"class_list":["post-177987","post","type-post","status-publish","format-standard","has-post-thumbnail","hentry","category-saude","tag-bem-estar","tag-qualidade-de-vida","tag-saude-2"],"yoast_head":"<!-- This site is optimized with the Yoast SEO plugin v24.6 - https:\/\/yoast.com\/wordpress\/plugins\/seo\/ -->\n<title>As melhores t\u00e9cnicas de respira\u00e7\u00e3o para reduzir o estresse - Correio Braziliense - Radar<\/title>\n<meta name=\"description\" content=\"As t\u00e9cnicas de respira\u00e7\u00e3o corretas podem reduzir estresse, melhorar o sono e trazer mais equil\u00edbrio ao corpo e \u00e0 mente.\" \/>\n<meta name=\"robots\" content=\"index, follow, max-snippet:-1, max-image-preview:large, max-video-preview:-1\" \/>\n<link rel=\"canonical\" href=\"https:\/\/www.correiobraziliense.com.br\/cbradar\/as-melhores-tecnicas-de-respiracao-para-reduzir-o-estresse\/\" \/>\n<meta property=\"og:locale\" content=\"pt_BR\" \/>\n<meta property=\"og:type\" content=\"article\" \/>\n<meta property=\"og:title\" content=\"As melhores t\u00e9cnicas de respira\u00e7\u00e3o para reduzir o estresse - Correio Braziliense - Radar\" \/>\n<meta property=\"og:description\" content=\"As t\u00e9cnicas de respira\u00e7\u00e3o corretas podem reduzir estresse, melhorar o sono e trazer mais equil\u00edbrio ao corpo e \u00e0 mente.\" \/>\n<meta property=\"og:url\" content=\"https:\/\/www.correiobraziliense.com.br\/cbradar\/as-melhores-tecnicas-de-respiracao-para-reduzir-o-estresse\/\" \/>\n<meta property=\"og:site_name\" content=\"Correio Braziliense - Radar\" \/>\n<meta property=\"article:published_time\" content=\"2026-01-20T10:45:00+00:00\" \/>\n<meta property=\"og:image\" content=\"https:\/\/www.correiobraziliense.com.br\/cbradar\/wp-content\/uploads\/2025\/06\/respiracao_1750858314466.jpg\" \/>\n\t<meta property=\"og:image:width\" content=\"1280\" \/>\n\t<meta property=\"og:image:height\" content=\"720\" \/>\n\t<meta property=\"og:image:type\" content=\"image\/jpeg\" \/>\n<meta name=\"author\" content=\"guilherme_saude\" \/>\n<meta name=\"twitter:card\" content=\"summary_large_image\" \/>\n<meta name=\"twitter:label1\" content=\"Escrito por\" \/>\n\t<meta name=\"twitter:data1\" content=\"guilherme_saude\" \/>\n\t<meta name=\"twitter:label2\" content=\"Est. tempo de leitura\" \/>\n\t<meta name=\"twitter:data2\" content=\"4 minutos\" \/>\n<!-- \/ Yoast SEO plugin. -->","yoast_head_json":{"title":"As melhores t\u00e9cnicas de respira\u00e7\u00e3o para reduzir o estresse - Correio Braziliense - Radar","description":"As t\u00e9cnicas de respira\u00e7\u00e3o corretas podem reduzir estresse, melhorar o sono e trazer mais equil\u00edbrio ao corpo e \u00e0 mente.","robots":{"index":"index","follow":"follow","max-snippet":"max-snippet:-1","max-image-preview":"max-image-preview:large","max-video-preview":"max-video-preview:-1"},"canonical":"https:\/\/www.correiobraziliense.com.br\/cbradar\/as-melhores-tecnicas-de-respiracao-para-reduzir-o-estresse\/","og_locale":"pt_BR","og_type":"article","og_title":"As melhores t\u00e9cnicas de respira\u00e7\u00e3o para reduzir o estresse - Correio Braziliense - Radar","og_description":"As t\u00e9cnicas de respira\u00e7\u00e3o corretas podem reduzir estresse, melhorar o sono e trazer mais equil\u00edbrio ao corpo e \u00e0 mente.","og_url":"https:\/\/www.correiobraziliense.com.br\/cbradar\/as-melhores-tecnicas-de-respiracao-para-reduzir-o-estresse\/","og_site_name":"Correio Braziliense - Radar","article_published_time":"2026-01-20T10:45:00+00:00","og_image":[{"width":1280,"height":720,"url":"https:\/\/www.correiobraziliense.com.br\/cbradar\/wp-content\/uploads\/2025\/06\/respiracao_1750858314466.jpg","type":"image\/jpeg"}],"author":"guilherme_saude","twitter_card":"summary_large_image","twitter_misc":{"Escrito por":"guilherme_saude","Est. tempo de leitura":"4 minutos"},"schema":{"@context":"https:\/\/schema.org","@graph":[{"@type":"WebPage","@id":"https:\/\/www.correiobraziliense.com.br\/cbradar\/as-melhores-tecnicas-de-respiracao-para-reduzir-o-estresse\/","url":"https:\/\/www.correiobraziliense.com.br\/cbradar\/as-melhores-tecnicas-de-respiracao-para-reduzir-o-estresse\/","name":"As melhores t\u00e9cnicas de respira\u00e7\u00e3o para reduzir o estresse - Correio Braziliense - Radar","isPartOf":{"@id":"https:\/\/www.correiobraziliense.com.br\/cbradar\/#website"},"primaryImageOfPage":{"@id":"https:\/\/www.correiobraziliense.com.br\/cbradar\/as-melhores-tecnicas-de-respiracao-para-reduzir-o-estresse\/#primaryimage"},"image":{"@id":"https:\/\/www.correiobraziliense.com.br\/cbradar\/as-melhores-tecnicas-de-respiracao-para-reduzir-o-estresse\/#primaryimage"},"thumbnailUrl":"https:\/\/www.correiobraziliense.com.br\/cbradar\/wp-content\/uploads\/2025\/06\/respiracao_1750858314466.jpg","datePublished":"2026-01-20T10:45:00+00:00","author":{"@id":"https:\/\/www.correiobraziliense.com.br\/cbradar\/#\/schema\/person\/5aa4bf3c8fa699c267933611de12978b"},"description":"As t\u00e9cnicas de respira\u00e7\u00e3o corretas podem reduzir estresse, melhorar o sono e trazer mais equil\u00edbrio ao corpo e \u00e0 mente.","breadcrumb":{"@id":"https:\/\/www.correiobraziliense.com.br\/cbradar\/as-melhores-tecnicas-de-respiracao-para-reduzir-o-estresse\/#breadcrumb"},"inLanguage":"pt-BR","potentialAction":[{"@type":"ReadAction","target":["https:\/\/www.correiobraziliense.com.br\/cbradar\/as-melhores-tecnicas-de-respiracao-para-reduzir-o-estresse\/"]}]},{"@type":"ImageObject","inLanguage":"pt-BR","@id":"https:\/\/www.correiobraziliense.com.br\/cbradar\/as-melhores-tecnicas-de-respiracao-para-reduzir-o-estresse\/#primaryimage","url":"https:\/\/www.correiobraziliense.com.br\/cbradar\/wp-content\/uploads\/2025\/06\/respiracao_1750858314466.jpg","contentUrl":"https:\/\/www.correiobraziliense.com.br\/cbradar\/wp-content\/uploads\/2025\/06\/respiracao_1750858314466.jpg","width":1280,"height":720,"caption":"Respira\u00e7\u00e3o - Cr\u00e9ditos: depositphotos.com \/ AndrewLozovyi"},{"@type":"BreadcrumbList","@id":"https:\/\/www.correiobraziliense.com.br\/cbradar\/as-melhores-tecnicas-de-respiracao-para-reduzir-o-estresse\/#breadcrumb","itemListElement":[{"@type":"ListItem","position":1,"name":"In\u00edcio","item":"https:\/\/www.correiobraziliense.com.br\/cbradar\/"},{"@type":"ListItem","position":2,"name":"As melhores t\u00e9cnicas de respira\u00e7\u00e3o para reduzir o estresse"}]},{"@type":"WebSite","@id":"https:\/\/www.correiobraziliense.com.br\/cbradar\/#website","url":"https:\/\/www.correiobraziliense.com.br\/cbradar\/","name":"Correio Braziliense - Radar","description":"Acompanhe as \u00faltimas not\u00edcias e fique bem informado sobre tudo o que acontece no Brasil e no mundo.","potentialAction":[{"@type":"SearchAction","target":{"@type":"EntryPoint","urlTemplate":"https:\/\/www.correiobraziliense.com.br\/cbradar\/?s={search_term_string}"},"query-input":{"@type":"PropertyValueSpecification","valueRequired":true,"valueName":"search_term_string"}}],"inLanguage":"pt-BR"},{"@type":"Person","@id":"https:\/\/www.correiobraziliense.com.br\/cbradar\/#\/schema\/person\/5aa4bf3c8fa699c267933611de12978b","name":"guilherme_saude","image":{"@type":"ImageObject","inLanguage":"pt-BR","@id":"https:\/\/www.correiobraziliense.com.br\/cbradar\/#\/schema\/person\/image\/","url":"https:\/\/secure.gravatar.com\/avatar\/df9adfb835d344bc0af109d41756253f?s=96&d=mm&r=g","contentUrl":"https:\/\/secure.gravatar.com\/avatar\/df9adfb835d344bc0af109d41756253f?s=96&d=mm&r=g","caption":"guilherme_saude"},"url":"https:\/\/www.correiobraziliense.com.br\/cbradar\/author\/guilherme_saude\/"}]}},"_links":{"self":[{"href":"https:\/\/www.correiobraziliense.com.br\/cbradar\/wp-json\/wp\/v2\/posts\/177987","targetHints":{"allow":["GET"]}}],"collection":[{"href":"https:\/\/www.correiobraziliense.com.br\/cbradar\/wp-json\/wp\/v2\/posts"}],"about":[{"href":"https:\/\/www.correiobraziliense.com.br\/cbradar\/wp-json\/wp\/v2\/types\/post"}],"author":[{"embeddable":true,"href":"https:\/\/www.correiobraziliense.com.br\/cbradar\/wp-json\/wp\/v2\/users\/14"}],"replies":[{"embeddable":true,"href":"https:\/\/www.correiobraziliense.com.br\/cbradar\/wp-json\/wp\/v2\/comments?post=177987"}],"version-history":[{"count":1,"href":"https:\/\/www.correiobraziliense.com.br\/cbradar\/wp-json\/wp\/v2\/posts\/177987\/revisions"}],"predecessor-version":[{"id":177988,"href":"https:\/\/www.correiobraziliense.com.br\/cbradar\/wp-json\/wp\/v2\/posts\/177987\/revisions\/177988"}],"wp:featuredmedia":[{"embeddable":true,"href":"https:\/\/www.correiobraziliense.com.br\/cbradar\/wp-json\/wp\/v2\/media\/59250"}],"wp:attachment":[{"href":"https:\/\/www.correiobraziliense.com.br\/cbradar\/wp-json\/wp\/v2\/media?parent=177987"}],"wp:term":[{"taxonomy":"category","embeddable":true,"href":"https:\/\/www.correiobraziliense.com.br\/cbradar\/wp-json\/wp\/v2\/categories?post=177987"},{"taxonomy":"post_tag","embeddable":true,"href":"https:\/\/www.correiobraziliense.com.br\/cbradar\/wp-json\/wp\/v2\/tags?post=177987"}],"curies":[{"name":"wp","href":"https:\/\/api.w.org\/{rel}","templated":true}]}}