{"id":177989,"date":"2026-01-20T09:35:00","date_gmt":"2026-01-20T12:35:00","guid":{"rendered":"https:\/\/www.correiobraziliense.com.br\/cbradar\/?p=177989"},"modified":"2026-01-18T20:52:33","modified_gmt":"2026-01-18T23:52:33","slug":"insolacao-pode-virar-emergencia-e-muita-gente-ignora","status":"publish","type":"post","link":"https:\/\/www.correiobraziliense.com.br\/cbradar\/insolacao-pode-virar-emergencia-e-muita-gente-ignora\/","title":{"rendered":"Insola\u00e7\u00e3o pode virar emerg\u00eancia e muita gente ignora"},"content":{"rendered":"\n<p>A <strong>Insola\u00e7\u00e3o <\/strong>\u00e9 uma condi\u00e7\u00e3o cr\u00edtica causada pela exposi\u00e7\u00e3o prolongada e excessiva ao calor intenso, principalmente ao sol, o que leva a um superaquecimento do corpo. Esta condi\u00e7\u00e3o \u00e9 mais comum em crian\u00e7as e idosos devido \u00e0 sua menor capacidade de regula\u00e7\u00e3o t\u00e9rmica. Durante os meses mais quentes, a incid\u00eancia de casos de Insola\u00e7\u00e3o tende a aumentar, especialmente entre aqueles que permanecem ao ar livre sem prote\u00e7\u00e3o adequada.<\/p>\n\n\n\n<p>Nas crian\u00e7as, o cuidado deve ser redobrado, pois elas costumam manifestar sintomas mais agudos, como l\u00e1bios rachados, choro sem l\u00e1grimas e perda de energia para atividades l\u00fadicas. A vulnerabilidade de crian\u00e7as e idosos se deve \u00e0 menor capacidade de adapta\u00e7\u00e3o \u00e0s mudan\u00e7as dr\u00e1sticas de temperatura, tornando-os grupos de risco.<\/p>\n\n\n\n<h2 class=\"wp-block-heading\">Quais S\u00e3o os Sintomas da Insola\u00e7\u00e3o?<\/h2>\n\n\n\n<p>Os sinais de insola\u00e7\u00e3o podem se manifestar de v\u00e1rias formas, sendo alguns dos mais comuns: pele avermelhada e quente, dor de cabe\u00e7a intensa, febre, respira\u00e7\u00e3o acelerada e batimentos card\u00edacos elevados. Em casos mais graves, pode-se observar n\u00e1useas, v\u00f4mitos, confus\u00e3o mental e at\u00e9 desmaios. \u00c9 essencial reconhecer esses sintomas rapidamente para buscar assist\u00eancia m\u00e9dica adequada.<\/p>\n\n\n\n<p>Em situa\u00e7\u00f5es onde os sintomas persistem ou se agravam, como desmaios frequentes ou inconsci\u00eancia, \u00e9 crucial procurar imediatamente atendimento m\u00e9dico de emerg\u00eancia. Acompanhamento m\u00e9dico \u00e9 vital para prevenir complica\u00e7\u00f5es graves, que podem incluir falhas m\u00faltiplas de \u00f3rg\u00e3os ou at\u00e9 mesmo risco de vida.<\/p>\n\n\n<div class=\"wp-block-image\">\n<figure class=\"aligncenter size-large\"><img decoding=\"async\" width=\"1024\" height=\"576\" src=\"https:\/\/www.correiobraziliense.com.br\/cbradar\/wp-content\/uploads\/2025\/12\/Insolacao_1765206486864-1024x576.jpg\" alt=\"\" class=\"wp-image-152601\" srcset=\"https:\/\/www.correiobraziliense.com.br\/cbradar\/wp-content\/uploads\/2025\/12\/Insolacao_1765206486864-1024x576.jpg 1024w, https:\/\/www.correiobraziliense.com.br\/cbradar\/wp-content\/uploads\/2025\/12\/Insolacao_1765206486864-300x169.jpg 300w, https:\/\/www.correiobraziliense.com.br\/cbradar\/wp-content\/uploads\/2025\/12\/Insolacao_1765206486864-768x432.jpg 768w, https:\/\/www.correiobraziliense.com.br\/cbradar\/wp-content\/uploads\/2025\/12\/Insolacao_1765206486864-750x422.jpg 750w, https:\/\/www.correiobraziliense.com.br\/cbradar\/wp-content\/uploads\/2025\/12\/Insolacao_1765206486864-1140x641.jpg 1140w, https:\/\/www.correiobraziliense.com.br\/cbradar\/wp-content\/uploads\/2025\/12\/Insolacao_1765206486864.jpg 1280w\" sizes=\"(max-width: 1024px) 100vw, 1024px\" \/><figcaption class=\"wp-element-caption\">Insola\u00e7\u00e3o &#8211; Cr\u00e9ditos: depositphotos.com \/ sergio_pulp<\/figcaption><\/figure><\/div>\n\n\n<h2 class=\"wp-block-heading\">Como Atuar em Caso de Suspeita de Insola\u00e7\u00e3o?<\/h2>\n\n\n\n<p>Em caso de suspeita, \u00e9 importante implementar algumas medidas de primeiros socorros enquanto se busca aux\u00edlio m\u00e9dico. Levar a pessoa para um lugar fresco e ventilado \u00e9 o primeiro passo. Deve-se permitir que ela beba l\u00edquidos em abund\u00e2ncia, preferencialmente \u00e1gua, evitando bebidas alco\u00f3licas ou cafeinadas. Caso a pessoa apresente v\u00f4mitos ou esteja inconsciente, deit\u00e1-la de lado para evitar asfixia \u00e9 essencial.<\/p>\n\n\n\n<p>Medidas como aplicar compressas frias na pele podem ajudar a reduzir a temperatura corporal, mas \u00e9 crucial evitar o uso de \u00e1gua gelada, que pode causar choque t\u00e9rmico. Manter a pessoa confort\u00e1vel, removendo roupas apertadas, pode aliviar o desconforto e melhorar o estado geral at\u00e9 que a assist\u00eancia m\u00e9dica <a href=\"https:\/\/www.correiobraziliense.com.br\/cbradar\/dr-cesar-cimonari-neurocirurgiao-cefaleia-secundaria-pode-indicar-doenca-grave\/\" target=\"_blank\" rel=\"noreferrer noopener\">chegue<\/a>.<\/p>\n\n\n\n<h2 class=\"wp-block-heading\">Quando Procurar Ajuda M\u00e9dica?<\/h2>\n\n\n\n<p>Nem todos os casos de insola\u00e7\u00e3o requerem hospitaliza\u00e7\u00e3o imediata, mas aten\u00e7\u00e3o m\u00e9dica se torna crucial quando os sintomas s\u00e3o intensos ou n\u00e3o melhoram com medidas b\u00e1sicas de resfriamento. Casos onde a pessoa experimenta dificuldade extrema em manter-se consciente ou desmaios recorrentes requerem interven\u00e7\u00e3o m\u00e9dica urgente para administrar reposi\u00e7\u00e3o de fluidos por via intravenosa.<\/p>\n\n\n\n<p>A preven\u00e7\u00e3o, contudo, ainda \u00e9 a melhor abordagem. Evitar a exposi\u00e7\u00e3o prolongada ao sol nos hor\u00e1rios mais quentes do dia, usar roupas leves, hidratar-se adequadamente e procurar sombreamento podem reduzir significativamente as chances de insola\u00e7\u00e3o. A educa\u00e7\u00e3o sobre os riscos associados \u00e0 exposi\u00e7\u00e3o extrema ao calor pode salvar vidas, especialmente em um clima que se torna cada vez mais imprevis\u00edvel e extremo.<\/p>\n\n\n<a href=\"https:\/\/www.instagram.com\/dra.annaluisabf\/\" target=\"_blank\" rel=\"noopener\" style=\"text-decoration: none; color: inherit;\">\n    <span style=\"display: inline-block; border: 1px solid #ccc; border-radius: 10px; padding: 15px; max-width: 550px; font-family: sans-serif; box-shadow: 0 2px 5px rgba(0,0,0,0.1); width: 100%;\">\n\n      <!-- T\u00edtulo -->\n      <span style=\"display: block; margin: 0 0 15px 0; font-weight: bold; color: #2c3e50; text-align: center;\">\n        Entre em contato:\n      <\/span>\n\n      <!-- Linha do perfil -->\n      <span style=\"display: flex; align-items: center; gap: 15px;\">\n        <img decoding=\"async\"\n          src=\"https:\/\/www.correiobraziliense.com.br\/cbradar\/wp-content\/uploads\/2025\/08\/dra_anna_luisa.jpeg\"\n          alt=\"Foto da Dra. Anna Lu\u00edsa\"\n          style=\"border-radius: 50%; width: 80px; height: 80px; object-fit: cover;\"\n        \/>\n        <span style=\"display: flex; flex-direction: column;\">\n          <span style=\"font-size: 18px; font-weight: 700; color: #2c3e50;\">Dra. Anna Lu\u00edsa Barbosa Fernandes<\/span>\n          <span style=\"color: #555;\">CRM-GO 33.271<\/span>\n        <\/span>\n      <\/span>\n\n      <!-- Redes -->\n      <span style=\"display: flex; align-items: center; gap: 10px; margin-top: 12px;\">\n        <img decoding=\"async\" src=\"https:\/\/cdn-icons-png.flaticon.com\/24\/1384\/1384063.png\" alt=\"Instagram\" width=\"24\" height=\"24\" \/>\n        <span style=\"text-decoration: underline; color: #2c3e50;\">@dra.annaluisabf<\/span>\n      <\/span>\n\n    <\/span>\n  <\/a>","protected":false},"excerpt":{"rendered":"<p>A Insola\u00e7\u00e3o \u00e9 uma condi\u00e7\u00e3o cr\u00edtica causada pela exposi\u00e7\u00e3o prolongada e excessiva ao calor intenso, principalmente ao sol, o que leva a um superaquecimento do corpo. Esta condi\u00e7\u00e3o \u00e9 mais comum em crian\u00e7as e idosos devido \u00e0 sua menor capacidade de regula\u00e7\u00e3o t\u00e9rmica. Durante os meses mais quentes, a incid\u00eancia de casos de Insola\u00e7\u00e3o tende [&hellip;]<\/p>\n","protected":false},"author":14,"featured_media":152600,"comment_status":"open","ping_status":"open","sticky":false,"template":"","format":"standard","meta":{"_yoast_wpseo_focuskw":"Insola\u00e7\u00e3o","_yoast_wpseo_title":"","_yoast_wpseo_metadesc":"A insola\u00e7\u00e3o pode causar sintomas graves e reconhecer os sinais cedo faz toda diferen\u00e7a para evitar complica\u00e7\u00f5es s\u00e9rias.","jnews-multi-image_gallery":[],"jnews_single_post":{"format":"standard"},"jnews_primary_category":[],"jnews_social_meta":[],"jnews_override_counter":[],"footnotes":""},"categories":[4404],"tags":[120,12467,1318],"class_list":["post-177989","post","type-post","status-publish","format-standard","has-post-thumbnail","hentry","category-saude","tag-bem-estar","tag-insolacao","tag-saude-2"],"yoast_head":"<!-- This site is optimized with the Yoast SEO plugin v24.6 - https:\/\/yoast.com\/wordpress\/plugins\/seo\/ -->\n<title>Insola\u00e7\u00e3o pode virar emerg\u00eancia e muita gente ignora - Correio Braziliense - Radar<\/title>\n<meta name=\"description\" content=\"A insola\u00e7\u00e3o pode causar sintomas graves e reconhecer os sinais cedo faz toda diferen\u00e7a para evitar complica\u00e7\u00f5es s\u00e9rias.\" \/>\n<meta name=\"robots\" content=\"index, follow, max-snippet:-1, max-image-preview:large, max-video-preview:-1\" \/>\n<link rel=\"canonical\" href=\"https:\/\/www.correiobraziliense.com.br\/cbradar\/insolacao-pode-virar-emergencia-e-muita-gente-ignora\/\" \/>\n<meta property=\"og:locale\" content=\"pt_BR\" \/>\n<meta property=\"og:type\" content=\"article\" \/>\n<meta property=\"og:title\" content=\"Insola\u00e7\u00e3o pode virar emerg\u00eancia e muita gente ignora - Correio Braziliense - Radar\" \/>\n<meta property=\"og:description\" content=\"A insola\u00e7\u00e3o pode causar sintomas graves e reconhecer os sinais cedo faz toda diferen\u00e7a para evitar complica\u00e7\u00f5es s\u00e9rias.\" \/>\n<meta property=\"og:url\" content=\"https:\/\/www.correiobraziliense.com.br\/cbradar\/insolacao-pode-virar-emergencia-e-muita-gente-ignora\/\" \/>\n<meta property=\"og:site_name\" content=\"Correio Braziliense - Radar\" \/>\n<meta property=\"article:published_time\" content=\"2026-01-20T12:35:00+00:00\" \/>\n<meta property=\"og:image\" content=\"https:\/\/www.correiobraziliense.com.br\/cbradar\/wp-content\/uploads\/2025\/12\/Insolacao_1765206352541.jpg\" \/>\n\t<meta property=\"og:image:width\" content=\"1280\" \/>\n\t<meta property=\"og:image:height\" content=\"720\" \/>\n\t<meta property=\"og:image:type\" content=\"image\/jpeg\" \/>\n<meta name=\"author\" content=\"guilherme_saude\" \/>\n<meta name=\"twitter:card\" content=\"summary_large_image\" \/>\n<meta name=\"twitter:label1\" content=\"Escrito por\" \/>\n\t<meta name=\"twitter:data1\" content=\"guilherme_saude\" \/>\n\t<meta name=\"twitter:label2\" content=\"Est. tempo de leitura\" \/>\n\t<meta name=\"twitter:data2\" content=\"4 minutos\" \/>\n<!-- \/ Yoast SEO plugin. -->","yoast_head_json":{"title":"Insola\u00e7\u00e3o pode virar emerg\u00eancia e muita gente ignora - Correio Braziliense - Radar","description":"A insola\u00e7\u00e3o pode causar sintomas graves e reconhecer os sinais cedo faz toda diferen\u00e7a para evitar complica\u00e7\u00f5es s\u00e9rias.","robots":{"index":"index","follow":"follow","max-snippet":"max-snippet:-1","max-image-preview":"max-image-preview:large","max-video-preview":"max-video-preview:-1"},"canonical":"https:\/\/www.correiobraziliense.com.br\/cbradar\/insolacao-pode-virar-emergencia-e-muita-gente-ignora\/","og_locale":"pt_BR","og_type":"article","og_title":"Insola\u00e7\u00e3o pode virar emerg\u00eancia e muita gente ignora - Correio Braziliense - Radar","og_description":"A insola\u00e7\u00e3o pode causar sintomas graves e reconhecer os sinais cedo faz toda diferen\u00e7a para evitar complica\u00e7\u00f5es s\u00e9rias.","og_url":"https:\/\/www.correiobraziliense.com.br\/cbradar\/insolacao-pode-virar-emergencia-e-muita-gente-ignora\/","og_site_name":"Correio Braziliense - Radar","article_published_time":"2026-01-20T12:35:00+00:00","og_image":[{"width":1280,"height":720,"url":"https:\/\/www.correiobraziliense.com.br\/cbradar\/wp-content\/uploads\/2025\/12\/Insolacao_1765206352541.jpg","type":"image\/jpeg"}],"author":"guilherme_saude","twitter_card":"summary_large_image","twitter_misc":{"Escrito por":"guilherme_saude","Est. tempo de leitura":"4 minutos"},"schema":{"@context":"https:\/\/schema.org","@graph":[{"@type":"WebPage","@id":"https:\/\/www.correiobraziliense.com.br\/cbradar\/insolacao-pode-virar-emergencia-e-muita-gente-ignora\/","url":"https:\/\/www.correiobraziliense.com.br\/cbradar\/insolacao-pode-virar-emergencia-e-muita-gente-ignora\/","name":"Insola\u00e7\u00e3o pode virar emerg\u00eancia e muita gente ignora - Correio Braziliense - Radar","isPartOf":{"@id":"https:\/\/www.correiobraziliense.com.br\/cbradar\/#website"},"primaryImageOfPage":{"@id":"https:\/\/www.correiobraziliense.com.br\/cbradar\/insolacao-pode-virar-emergencia-e-muita-gente-ignora\/#primaryimage"},"image":{"@id":"https:\/\/www.correiobraziliense.com.br\/cbradar\/insolacao-pode-virar-emergencia-e-muita-gente-ignora\/#primaryimage"},"thumbnailUrl":"https:\/\/www.correiobraziliense.com.br\/cbradar\/wp-content\/uploads\/2025\/12\/Insolacao_1765206352541.jpg","datePublished":"2026-01-20T12:35:00+00:00","author":{"@id":"https:\/\/www.correiobraziliense.com.br\/cbradar\/#\/schema\/person\/5aa4bf3c8fa699c267933611de12978b"},"description":"A insola\u00e7\u00e3o pode causar sintomas graves e reconhecer os sinais cedo faz toda diferen\u00e7a para evitar complica\u00e7\u00f5es s\u00e9rias.","breadcrumb":{"@id":"https:\/\/www.correiobraziliense.com.br\/cbradar\/insolacao-pode-virar-emergencia-e-muita-gente-ignora\/#breadcrumb"},"inLanguage":"pt-BR","potentialAction":[{"@type":"ReadAction","target":["https:\/\/www.correiobraziliense.com.br\/cbradar\/insolacao-pode-virar-emergencia-e-muita-gente-ignora\/"]}]},{"@type":"ImageObject","inLanguage":"pt-BR","@id":"https:\/\/www.correiobraziliense.com.br\/cbradar\/insolacao-pode-virar-emergencia-e-muita-gente-ignora\/#primaryimage","url":"https:\/\/www.correiobraziliense.com.br\/cbradar\/wp-content\/uploads\/2025\/12\/Insolacao_1765206352541.jpg","contentUrl":"https:\/\/www.correiobraziliense.com.br\/cbradar\/wp-content\/uploads\/2025\/12\/Insolacao_1765206352541.jpg","width":1280,"height":720,"caption":"Insola\u00e7\u00e3o - Cr\u00e9ditos: depositphotos.com \/ rdrgraphe"},{"@type":"BreadcrumbList","@id":"https:\/\/www.correiobraziliense.com.br\/cbradar\/insolacao-pode-virar-emergencia-e-muita-gente-ignora\/#breadcrumb","itemListElement":[{"@type":"ListItem","position":1,"name":"In\u00edcio","item":"https:\/\/www.correiobraziliense.com.br\/cbradar\/"},{"@type":"ListItem","position":2,"name":"Insola\u00e7\u00e3o pode virar emerg\u00eancia e muita gente ignora"}]},{"@type":"WebSite","@id":"https:\/\/www.correiobraziliense.com.br\/cbradar\/#website","url":"https:\/\/www.correiobraziliense.com.br\/cbradar\/","name":"Correio Braziliense - Radar","description":"Acompanhe as \u00faltimas not\u00edcias e fique bem informado sobre tudo o que acontece no Brasil e no mundo.","potentialAction":[{"@type":"SearchAction","target":{"@type":"EntryPoint","urlTemplate":"https:\/\/www.correiobraziliense.com.br\/cbradar\/?s={search_term_string}"},"query-input":{"@type":"PropertyValueSpecification","valueRequired":true,"valueName":"search_term_string"}}],"inLanguage":"pt-BR"},{"@type":"Person","@id":"https:\/\/www.correiobraziliense.com.br\/cbradar\/#\/schema\/person\/5aa4bf3c8fa699c267933611de12978b","name":"guilherme_saude","image":{"@type":"ImageObject","inLanguage":"pt-BR","@id":"https:\/\/www.correiobraziliense.com.br\/cbradar\/#\/schema\/person\/image\/","url":"https:\/\/secure.gravatar.com\/avatar\/df9adfb835d344bc0af109d41756253f?s=96&d=mm&r=g","contentUrl":"https:\/\/secure.gravatar.com\/avatar\/df9adfb835d344bc0af109d41756253f?s=96&d=mm&r=g","caption":"guilherme_saude"},"url":"https:\/\/www.correiobraziliense.com.br\/cbradar\/author\/guilherme_saude\/"}]}},"_links":{"self":[{"href":"https:\/\/www.correiobraziliense.com.br\/cbradar\/wp-json\/wp\/v2\/posts\/177989","targetHints":{"allow":["GET"]}}],"collection":[{"href":"https:\/\/www.correiobraziliense.com.br\/cbradar\/wp-json\/wp\/v2\/posts"}],"about":[{"href":"https:\/\/www.correiobraziliense.com.br\/cbradar\/wp-json\/wp\/v2\/types\/post"}],"author":[{"embeddable":true,"href":"https:\/\/www.correiobraziliense.com.br\/cbradar\/wp-json\/wp\/v2\/users\/14"}],"replies":[{"embeddable":true,"href":"https:\/\/www.correiobraziliense.com.br\/cbradar\/wp-json\/wp\/v2\/comments?post=177989"}],"version-history":[{"count":1,"href":"https:\/\/www.correiobraziliense.com.br\/cbradar\/wp-json\/wp\/v2\/posts\/177989\/revisions"}],"predecessor-version":[{"id":177990,"href":"https:\/\/www.correiobraziliense.com.br\/cbradar\/wp-json\/wp\/v2\/posts\/177989\/revisions\/177990"}],"wp:featuredmedia":[{"embeddable":true,"href":"https:\/\/www.correiobraziliense.com.br\/cbradar\/wp-json\/wp\/v2\/media\/152600"}],"wp:attachment":[{"href":"https:\/\/www.correiobraziliense.com.br\/cbradar\/wp-json\/wp\/v2\/media?parent=177989"}],"wp:term":[{"taxonomy":"category","embeddable":true,"href":"https:\/\/www.correiobraziliense.com.br\/cbradar\/wp-json\/wp\/v2\/categories?post=177989"},{"taxonomy":"post_tag","embeddable":true,"href":"https:\/\/www.correiobraziliense.com.br\/cbradar\/wp-json\/wp\/v2\/tags?post=177989"}],"curies":[{"name":"wp","href":"https:\/\/api.w.org\/{rel}","templated":true}]}}